{"id":4200,"date":"2020-04-28T16:48:00","date_gmt":"2020-04-28T15:48:00","guid":{"rendered":"https:\/\/altavia-group.com\/news\/how-to-rethink-the-in-store-experience-after-the-pandemic\/"},"modified":"2025-03-16T16:43:51","modified_gmt":"2025-03-16T15:43:51","slug":"comment-repenser-lexperience-magasin-apres-la-pandemie","status":"publish","type":"news","link":"https:\/\/altavia-group.com\/fr\/news\/comment-repenser-lexperience-magasin-apres-la-pandemie\/","title":{"rendered":"Comment (re)penser l\u2019exp\u00e9rience magasin apr\u00e8s la pand\u00e9mie ?"},"content":{"rendered":"\n<figure class=\"wp-block-image aligncenter size-full\"><img decoding=\"async\" width=\"1024\" height=\"598\" loading=\"lazy\" src=\"http:\/\/altavia-group.com\/wp-content\/uploads\/2025\/03\/comment-repenser-lexperience-magasin-apres-la-pandemie.jpg\" alt=\"\" class=\"wp-image-2688\" srcset=\"https:\/\/altavia-group.com\/wp-content\/uploads\/2025\/03\/comment-repenser-lexperience-magasin-apres-la-pandemie.jpg 1024w, https:\/\/altavia-group.com\/wp-content\/uploads\/2025\/03\/comment-repenser-lexperience-magasin-apres-la-pandemie-300x175.jpg 300w, https:\/\/altavia-group.com\/wp-content\/uploads\/2025\/03\/comment-repenser-lexperience-magasin-apres-la-pandemie-768x449.jpg 768w\" sizes=\"auto, (max-width: 1024px) 100vw, 1024px\" \/><\/figure>\n\n\n<div id=\"block_cba662a2c5dbffaccecb37e2d7f17461\" class=\"block-textminor\">\n    <div class=\"row\">\n              <div class=\"col-lg-10 col-12\">\n        <div class=\"block-textminor-main\">\n                          <h2 class=\"block-textminor-title h3\">\n                  Safety first              <\/h2>\n                                      <div class=\"block-textminor-text\">\n                  <p>Hormis en Chine, o\u00f9 la majeure partie du pays semble avoir fait l\u2019exp\u00e9rience de la sortie de crise \u00e0 fin avril, l\u2019ensemble des pays contamin\u00e9s ayant pris des mesures de confinement de la population ont \u00e9galement mis en place des mesures de s\u00e9curit\u00e9 citoyenne, qui ont aussi cours dans les commerces autoris\u00e9s.<br \/>\nSur le site du gouvernement fran\u00e7ais, on peut m\u00eame retrouver des \u201cfiches pratiques\u201d indiquant les mesures \u00e0 mettre en place, m\u00e9tier par m\u00e9tier.<br \/>\nParmi les d\u00e9nominateurs communs, hormis les gestes barri\u00e8res applicables \u00e0 tous, on notera l\u2019\u00e9pineuse question du port du masque et de gants, l\u2019\u00e9tablissement de distances de s\u00e9curit\u00e9 mat\u00e9rialis\u00e9es par des marquages au sol, la r\u00e9duction du nombre de personnes dans les magasins, la mise \u00e0 disposition de gel hydroalcoolique, la d\u00e9sinfection du mat\u00e9riel (caddies, tapis de caisse..), la mise en place d\u2019une vitrine en plexiglas et d\u2019un hygiaphone au niveau des caisses, le r\u00e9agencement de certains rayons \u201cnon covid-compatibles\u201d \u2013 vrac, fruits et l\u00e9gumes, d\u00e9coupe.<\/p>\n<p>Ce qui vaut pour les commerces ouverts est \u00e0 envisager pour les commerces qui rouvriront, si leur tr\u00e9sorerie le leur permet. Comment imaginer, dans un monde o\u00f9 nous devons \u201capprendre \u00e0 vivre avec le virus\u201d, conserver un niveau de s\u00e9curit\u00e9 acceptable dans les magasins de v\u00eatements (essayage..?), dans les instituts de beaut\u00e9, dans les salons de coiffure, sans m\u00eame parler des divers lieux de divertissement et de convivialit\u00e9 (cin\u00e9mas, restaurants, th\u00e9\u00e2tres..) ?<\/p>\n<p>Une fois la vague de sid\u00e9ration pass\u00e9e, vient le temps de la pr\u00e9paration de l\u2019apr\u00e8s : les commer\u00e7ants rivalisent d\u2019inventivit\u00e9 pour am\u00e9nager leurs espaces, voire leur mod\u00e8le (un magasin de v\u00eatement \u201ccondamne\u201d une cabine d\u2019essayage sur deux mais de ce fait op\u00e8re une mont\u00e9e en gamme en se positionnant davantage comme un showroom..) et accueillir de nouvelles fa\u00e7ons de fr\u00e9quenter les magasins, ou m\u00eame de consommer. On citera, par exemple, le milieu des comp\u00e9titions sportives, o\u00f9 de nombreux acteurs du techno-gaming r\u00e9fl\u00e9chissent \u00e0 des initiatives permettant \u00e0 un \u201cvrai public\u201d de se connecter virtuellement \u00e0 un stade o\u00f9 se d\u00e9roule un match en temps r\u00e9el.<\/p>\n<p>Si tout reste \u00e0 \u00e9crire en la mati\u00e8re, on ne peut que constater que la pand\u00e9mie a conduit \u00e0 l\u2019acc\u00e9l\u00e9ration de la transformation des enseignes, dont le relais digital est souvent le premier vecteur de survie.<\/p>\n              <\/div>\n            \n                    <\/div>\n      <\/div>\n  <\/div>\n<\/div>\n\n\n<div id=\"block_db298559af1d44993c9a9a2271ab119d\" class=\"block-textminor\">\n    <div class=\"row\">\n              <div class=\"col-lg-10 col-12\">\n        <div class=\"block-textminor-main\">\n                          <h2 class=\"block-textminor-title h3\">\n                  Digital or die              <\/h2>\n                                      <div class=\"block-textminor-text\">\n                  <p>Les acteurs majeurs de la GSA ont d\u00e9j\u00e0 entam\u00e9 depuis bien longtemps leur virage omnicanal : le COVID sonne \u201cl\u2019heure de v\u00e9rit\u00e9\u201d. Il r\u00e9v\u00e8le que si certaines sont au point tout le long de la cha\u00eene, d\u2019autres ne le sont que sous certaines conditions.<\/p>\n<p>Sans m\u00eame parler de l\u2019exp\u00e9rience offerte au consommateur via la digitalisation, parlons simplement d\u2019une \u201cautre fa\u00e7on de consommer le magasin\u201d dont la pand\u00e9mie a fait cro\u00eetre exponentiellement les volumes : le drive et le click &amp; collect. Les entreprises ont d\u00fb s\u2019adapter : meilleure gestion des stocks, logistique efficiente, fiches de postes optimis\u00e9es\u2026 Dans les faits, de nombreux ex-vendeurs ont pu \u00eatre mobilis\u00e9s sur de la pr\u00e9paration de commandes, notamment.<\/p>\n<p>Avec un peu de recul, nous sommes tent\u00e9s de dire que ce mouvement a \u201cpr\u00e9cipit\u00e9\u201d l\u2019urgence de penser un commerce unifi\u00e9, quelle que soit, d\u2019ailleurs, la taille de l\u2019entreprise. Diff\u00e9rentes applications sont n\u00e9es pour permettre \u00e0 de petits commer\u00e7ants non digitaux de vendre \u00e9galement en ligne.<\/p>\n<p>Les commerces \u201cautoris\u00e9s\u201d ont aussi pu accueillir des prestataires qui op\u00e9raient uniquement sur les march\u00e9s, par exemple.<\/p>\n<p>De cette \u201cpremi\u00e8re vague\u201d, nous retenons, notamment en France, un \u00e9lan de solidarit\u00e9 : \u201cpr\u00eat\u201d d\u2019employ\u00e9s, mutualisation des strat\u00e9gies de livraison, d\u00e9tournement de services.. Reste \u00e0 envisager quels changements survivront \u00e0 la crise et quels enseignements en tirer.<\/p>\n              <\/div>\n            \n                    <\/div>\n      <\/div>\n  <\/div>\n<\/div>\n\n\n<div id=\"block_c24b24db79caffac63c25c188349cb9e\" class=\"block-textminor\">\n    <div class=\"row\">\n              <div class=\"col-lg-10 col-12\">\n        <div class=\"block-textminor-main\">\n                          <h2 class=\"block-textminor-title h3\">\n                  Recr\u00e9er du lien : pourquoi, comment ?              <\/h2>\n                                      <div class=\"block-textminor-text\">\n                  <p>In fine, les strat\u00e9gies de confinement ont oblig\u00e9 une grande majorit\u00e9 de la population \u00e0 favoriser la proximit\u00e9 comme premier crit\u00e8re de choix d\u2019une enseigne.<\/p>\n<p>Les strat\u00e9gies de fid\u00e9lisation classiques ne fonctionnent plus en p\u00e9riode de confinement.<\/p>\n<p>La solution livraison est \u00e9galement souvent pr\u00e9f\u00e9r\u00e9e. Une question se posera : comment cr\u00e9er la pr\u00e9f\u00e9rence qui permettra d\u2019ouvrir, ou plut\u00f4t de r\u00e9ouvrir, sa zone de chalandise, afin que (re)viennent les clients les plus \u00e9loign\u00e9s ?<\/p>\n<p>Certaines entreprises, entre autres dans les domaines de la GSB ou de l\u2019automobile, ont favoris\u00e9 la mise en place de \u201cservices rapides\u201d permettant aux clients d\u2019obtenir tr\u00e8s vite une r\u00e9ponse, une r\u00e9paration. Ce service additionnel, plus fluide qu\u2019en temps normal, peut faire la diff\u00e9rence.<\/p>\n<p>Les diff\u00e9rentes mesures prises pour s\u2019adapter au client sont elles aussi pl\u00e9biscit\u00e9es : s\u00e9curit\u00e9, horaires r\u00e9serv\u00e9s.<\/p>\n<p>Les entreprises se servent en outre massivement de la production et de la diffusion de contenus pour garder le lien et rivalisent d\u2019inventivit\u00e9 en termes de brand content, pour conserver leur top of mind.<\/p>\n<p>Ces strat\u00e9gies seront-elles payantes ? Ou l\u2019\u00e8re sera-t-elle r\u00e9solument \u00e0 la \u201cconvenience\u201d dans \u201cle monde d\u2019apr\u00e8s\u201d ?<\/p>\n<p>Nous pouvons sans risque penser que, du moins en France, l\u2019attrait des Fran\u00e7ais pour le magasin, le contact avec le vendeur, le go\u00fbt de pouvoir discuter avec un \u201cvrai humain\u201d fait encore la valeur diff\u00e9renciante de l\u2019exp\u00e9rience, versus le tout digital. Il conviendra pour ces enseignes d\u2019imaginer comment concilier convivialit\u00e9 et s\u00e9curit\u00e9 dans le cadre d\u2019une reprise progressive.<\/p>\n<p>&nbsp;<\/p>\n<p>&nbsp;<\/p>\n<p><em>Laure Barillon, Altavia Nativ, et Thierry Strickler, Altavia Watch<\/em><\/p>\n<p>&nbsp;<\/p>\n<p><a href=\"https:\/\/fashionunited.fr\/actualite\/retail\/commerces-non-essentiels-le-casse-tete-de-la-reouverture-le-11-mai\/2020042123675\" target=\"_blank\" rel=\"noopener\">https:\/\/fashionunited.fr\/actualite\/retail\/commerces-non-essentiels-le-casse-tete-de-la-reouverture-le-11-mai\/2020042123675<\/a><\/p>\n              <\/div>\n            \n                    <\/div>\n      <\/div>\n  <\/div>\n<\/div>\n\n\n\n<blockquote class=\"wp-embedded-content\" data-secret=\"f9lFRQWAEw\"><a href=\"https:\/\/retail-insider.com\/retail-insider\/2020\/04\/what-can-we-learn-from-china-as-we-prepare-to-open-up-the-retail-sector-in-canada\/\">What Can be Learned From China as we Prepare to Open Up the Retail Sector in Canada?<\/a><\/blockquote><iframe loading=\"lazy\" sandbox=\"allow-scripts\" security=\"restricted\" src=\"https:\/\/retail-insider.com\/retail-insider\/2020\/04\/what-can-we-learn-from-china-as-we-prepare-to-open-up-the-retail-sector-in-canada\/embed\/#?secret=f9lFRQWAEw\" width=\"600\" height=\"400\" title=\"&#8220;What Can be Learned From China as we Prepare to Open Up the Retail Sector in Canada?&#8221; &#8212; Retail Insider\" data-secret=\"f9lFRQWAEw\" frameborder=\"0\" marginwidth=\"0\" marginheight=\"0\" scrolling=\"no\" class=\"wp-embedded-content\"><\/iframe><script type=\"text\/javascript\">\n\/* <![CDATA[ *\/\n\/*! This file is auto-generated *\/\n!function(d,l){\"use strict\";l.querySelector&#038;&#038;d.addEventListener&#038;&#038;\"undefined\"!=typeof URL&#038;&#038;(d.wp=d.wp||{},d.wp.receiveEmbedMessage||(d.wp.receiveEmbedMessage=function(e){var t=e.data;if((t||t.secret||t.message||t.value)&#038;&#038;!\/[^a-zA-Z0-9]\/.test(t.secret)){for(var s,r,n,a=l.querySelectorAll('iframe[data-secret=\"'+t.secret+'\"]'),o=l.querySelectorAll('blockquote[data-secret=\"'+t.secret+'\"]'),c=new RegExp(\"^https?:$\",\"i\"),i=0;i<o.length;i++)o[i].style.display=\"none\";for(i=0;i<a.length;i++)s=a[i],e.source===s.contentWindow&#038;&#038;(s.removeAttribute(\"style\"),\"height\"===t.message?(1e3<(r=parseInt(t.value,10))?r=1e3:~~r<200&#038;&#038;(r=200),s.height=r):\"link\"===t.message&#038;&#038;(r=new URL(s.getAttribute(\"src\")),n=new URL(t.value),c.test(n.protocol))&#038;&#038;n.host===r.host&#038;&#038;l.activeElement===s&#038;&#038;(d.top.location.href=t.value))}},d.addEventListener(\"message\",d.wp.receiveEmbedMessage,!1),l.addEventListener(\"DOMContentLoaded\",function(){for(var e,t,s=l.querySelectorAll(\"iframe.wp-embedded-content\"),r=0;r<s.length;r++)(t=(e=s[r]).getAttribute(\"data-secret\"))||(t=Math.random().toString(36).substring(2,12),e.src+=\"#?secret=\"+t,e.setAttribute(\"data-secret\",t)),e.contentWindow.postMessage({message:\"ready\",secret:t},\"*\")},!1)))}(window,document);\n\/* ]]> *\/\n<\/script>\n\n\n\n<p><a href=\"https:\/\/www.businessinsider.fr\/us\/dark-stores-could-spread-as-nonessential-restrictions-ease-2020-4\" target=\"_blank\" rel=\"noreferrer noopener\">https:\/\/www.businessinsider.fr\/us\/dark-stores-could-spread-as-nonessential-restrictions-ease-2020-4<\/a><br><a href=\"https:\/\/www.businessinsider.fr\/us\/costco-walmart-target-save-lives-restricting-nonessential-items-expert-2020-4\" target=\"_blank\" rel=\"noreferrer noopener\">https:\/\/www.businessinsider.fr\/us\/costco-walmart-target-save-lives-restricting-nonessential-items-expert-2020-4<\/a><br><a href=\"https:\/\/www.pymnts.com\/restaurant-innovation\/2020\/how-covid-19-is-accelerating-drive-thru-upgrades\/\" target=\"_blank\" rel=\"noreferrer noopener\">https:\/\/www.pymnts.com\/restaurant-innovation\/2020\/how-covid-19-is-accelerating-drive-thru-upgrades\/<\/a><\/p>\n","protected":false},"excerpt":{"rendered":"<p>En France comme partout dans le monde, le commerce physique a \u00e9t\u00e9 d\u00e9vast\u00e9 par la pand\u00e9mie, du fait des diff\u00e9rentes mesures de confinement et de fermeture prises par les gouvernements en r\u00e9ponse aux alertes sanitaires. Les commerces r\u00e9pondant aux \u201cbesoins essentiels \u201c (alimentaire, proximit\u00e9..) sont pour la majorit\u00e9 rest\u00e9s ouverts, mais l\u2019exp\u00e9rience y est radicalement diff\u00e9rente, que l\u2019on se place du point de vue des clients ou de celui des collaborateurs. De nombreuses initiatives ont vu le jour pour apporter un relais de survie, voire de croissance, \u00e0 ces organisations ab\u00eem\u00e9es, tout en gardant au premier plan les mesures de s\u00e9curit\u00e9. Faisons un tour d\u2019horizon de ce qui aura probablement chang\u00e9 demain.<\/p>\n","protected":false},"author":10,"featured_media":3337,"menu_order":0,"comment_status":"closed","ping_status":"closed","template":"","meta":{"_acf_changed":false,"color_menu":"","footer_color_background":"","featured_image_url":"","footnotes":""},"categories":[],"tags":[],"news-type-taxonomy":[187],"news-topic-taxonomy":[197],"class_list":["post-4200","news","type-news","status-publish","has-post-thumbnail","hentry"],"acf":[],"yoast_head":"<!-- This site is optimized with the Yoast SEO plugin v27.5 - https:\/\/yoast.com\/product\/yoast-seo-wordpress\/ -->\n<title>Magasin Post-COVID - Repenser l\u2019Exp\u00e9rience - Altavia<\/title>\n<meta name=\"description\" content=\"L\u2019exp\u00e9rience magasin \u00e9volue apr\u00e8s la crise. Altavia accompagne les marques dans cette transformation pour recr\u00e9er du lien humain.\" \/>\n<meta name=\"robots\" content=\"index, follow, max-snippet:-1, max-image-preview:large, max-video-preview:-1\" \/>\n<meta property=\"og:locale\" content=\"fr_FR\" \/>\n<meta property=\"og:type\" content=\"article\" \/>\n<meta property=\"og:title\" content=\"Magasin Post-COVID - Repenser l\u2019Exp\u00e9rience - Altavia\" \/>\n<meta property=\"og:description\" content=\"L\u2019exp\u00e9rience magasin \u00e9volue apr\u00e8s la crise. Altavia accompagne les marques dans cette transformation pour recr\u00e9er du lien humain.\" \/>\n<meta property=\"og:url\" content=\"https:\/\/altavia-group.com\/fr\/news\/comment-repenser-lexperience-magasin-apres-la-pandemie\/\" \/>\n<meta property=\"og:site_name\" content=\"Altavia\" \/>\n<meta property=\"article:modified_time\" content=\"2025-03-16T15:43:51+00:00\" \/>\n<meta property=\"og:image\" content=\"https:\/\/altavia-group.com\/wp-content\/uploads\/2025\/03\/comment-repenser-lexperience-magasin-apres-la-pandemie.jpg\" \/>\n\t<meta property=\"og:image:width\" content=\"1024\" \/>\n\t<meta property=\"og:image:height\" content=\"598\" \/>\n\t<meta property=\"og:image:type\" content=\"image\/jpeg\" \/>\n<meta name=\"twitter:card\" content=\"summary_large_image\" \/>\n<meta name=\"twitter:label1\" content=\"Est. reading time\" \/>\n\t<meta name=\"twitter:data1\" content=\"1 minute\" \/>\n<script type=\"application\/ld+json\" class=\"yoast-schema-graph\">{\"@context\":\"https:\\\/\\\/schema.org\",\"@graph\":[{\"@type\":\"WebPage\",\"@id\":\"https:\\\/\\\/altavia-group.com\\\/fr\\\/news\\\/comment-repenser-lexperience-magasin-apres-la-pandemie\\\/\",\"url\":\"https:\\\/\\\/altavia-group.com\\\/fr\\\/news\\\/comment-repenser-lexperience-magasin-apres-la-pandemie\\\/\",\"name\":\"Magasin Post-COVID - Repenser l\u2019Exp\u00e9rience - Altavia\",\"isPartOf\":{\"@id\":\"https:\\\/\\\/altavia-group.com\\\/#website\"},\"primaryImageOfPage\":{\"@id\":\"https:\\\/\\\/altavia-group.com\\\/fr\\\/news\\\/comment-repenser-lexperience-magasin-apres-la-pandemie\\\/#primaryimage\"},\"image\":{\"@id\":\"https:\\\/\\\/altavia-group.com\\\/fr\\\/news\\\/comment-repenser-lexperience-magasin-apres-la-pandemie\\\/#primaryimage\"},\"thumbnailUrl\":\"https:\\\/\\\/altavia-group.com\\\/wp-content\\\/uploads\\\/2025\\\/03\\\/comment-repenser-lexperience-magasin-apres-la-pandemie.jpg\",\"datePublished\":\"2020-04-28T15:48:00+00:00\",\"dateModified\":\"2025-03-16T15:43:51+00:00\",\"description\":\"L\u2019exp\u00e9rience magasin \u00e9volue apr\u00e8s la crise. Altavia accompagne les marques dans cette transformation pour recr\u00e9er du lien humain.\",\"breadcrumb\":{\"@id\":\"https:\\\/\\\/altavia-group.com\\\/fr\\\/news\\\/comment-repenser-lexperience-magasin-apres-la-pandemie\\\/#breadcrumb\"},\"inLanguage\":\"fr-FR\",\"potentialAction\":[{\"@type\":\"ReadAction\",\"target\":[\"https:\\\/\\\/altavia-group.com\\\/fr\\\/news\\\/comment-repenser-lexperience-magasin-apres-la-pandemie\\\/\"]}]},{\"@type\":\"ImageObject\",\"inLanguage\":\"fr-FR\",\"@id\":\"https:\\\/\\\/altavia-group.com\\\/fr\\\/news\\\/comment-repenser-lexperience-magasin-apres-la-pandemie\\\/#primaryimage\",\"url\":\"https:\\\/\\\/altavia-group.com\\\/wp-content\\\/uploads\\\/2025\\\/03\\\/comment-repenser-lexperience-magasin-apres-la-pandemie.jpg\",\"contentUrl\":\"https:\\\/\\\/altavia-group.com\\\/wp-content\\\/uploads\\\/2025\\\/03\\\/comment-repenser-lexperience-magasin-apres-la-pandemie.jpg\",\"width\":1024,\"height\":598},{\"@type\":\"BreadcrumbList\",\"@id\":\"https:\\\/\\\/altavia-group.com\\\/fr\\\/news\\\/comment-repenser-lexperience-magasin-apres-la-pandemie\\\/#breadcrumb\",\"itemListElement\":[{\"@type\":\"ListItem\",\"position\":1,\"name\":\"Home\",\"item\":\"https:\\\/\\\/altavia-group.com\\\/fr\\\/\"},{\"@type\":\"ListItem\",\"position\":2,\"name\":\"News\",\"item\":\"https:\\\/\\\/altavia-group.com\\\/fr\\\/news\\\/\"},{\"@type\":\"ListItem\",\"position\":3,\"name\":\"Comment (re)penser l\u2019exp\u00e9rience magasin apr\u00e8s la pand\u00e9mie ?\"}]},{\"@type\":\"WebSite\",\"@id\":\"https:\\\/\\\/altavia-group.com\\\/#website\",\"url\":\"https:\\\/\\\/altavia-group.com\\\/\",\"name\":\"Altavia\",\"description\":\"Let\u2019s unlock our imagination.\",\"publisher\":{\"@id\":\"https:\\\/\\\/altavia-group.com\\\/#organization\"},\"potentialAction\":[{\"@type\":\"SearchAction\",\"target\":{\"@type\":\"EntryPoint\",\"urlTemplate\":\"https:\\\/\\\/altavia-group.com\\\/?s={search_term_string}\"},\"query-input\":{\"@type\":\"PropertyValueSpecification\",\"valueRequired\":true,\"valueName\":\"search_term_string\"}}],\"inLanguage\":\"fr-FR\"},{\"@type\":\"Organization\",\"@id\":\"https:\\\/\\\/altavia-group.com\\\/#organization\",\"name\":\"Altavia\",\"url\":\"https:\\\/\\\/altavia-group.com\\\/\",\"logo\":{\"@type\":\"ImageObject\",\"inLanguage\":\"fr-FR\",\"@id\":\"https:\\\/\\\/altavia-group.com\\\/#\\\/schema\\\/logo\\\/image\\\/\",\"url\":\"http:\\\/\\\/altavia-group.com\\\/wp-content\\\/uploads\\\/2024\\\/12\\\/cropped-favicon-altavia.png\",\"contentUrl\":\"http:\\\/\\\/altavia-group.com\\\/wp-content\\\/uploads\\\/2024\\\/12\\\/cropped-favicon-altavia.png\",\"width\":512,\"height\":512,\"caption\":\"Altavia\"},\"image\":{\"@id\":\"https:\\\/\\\/altavia-group.com\\\/#\\\/schema\\\/logo\\\/image\\\/\"}}]}<\/script>\n<!-- \/ Yoast SEO plugin. -->","yoast_head_json":{"title":"Magasin Post-COVID - Repenser l\u2019Exp\u00e9rience - Altavia","description":"L\u2019exp\u00e9rience magasin \u00e9volue apr\u00e8s la crise. Altavia accompagne les marques dans cette transformation pour recr\u00e9er du lien humain.","robots":{"index":"index","follow":"follow","max-snippet":"max-snippet:-1","max-image-preview":"max-image-preview:large","max-video-preview":"max-video-preview:-1"},"og_locale":"fr_FR","og_type":"article","og_title":"Magasin Post-COVID - Repenser l\u2019Exp\u00e9rience - Altavia","og_description":"L\u2019exp\u00e9rience magasin \u00e9volue apr\u00e8s la crise. Altavia accompagne les marques dans cette transformation pour recr\u00e9er du lien humain.","og_url":"https:\/\/altavia-group.com\/fr\/news\/comment-repenser-lexperience-magasin-apres-la-pandemie\/","og_site_name":"Altavia","article_modified_time":"2025-03-16T15:43:51+00:00","og_image":[{"width":1024,"height":598,"url":"https:\/\/altavia-group.com\/wp-content\/uploads\/2025\/03\/comment-repenser-lexperience-magasin-apres-la-pandemie.jpg","type":"image\/jpeg"}],"twitter_card":"summary_large_image","twitter_misc":{"Est. reading time":"1 minute"},"schema":{"@context":"https:\/\/schema.org","@graph":[{"@type":"WebPage","@id":"https:\/\/altavia-group.com\/fr\/news\/comment-repenser-lexperience-magasin-apres-la-pandemie\/","url":"https:\/\/altavia-group.com\/fr\/news\/comment-repenser-lexperience-magasin-apres-la-pandemie\/","name":"Magasin Post-COVID - Repenser l\u2019Exp\u00e9rience - Altavia","isPartOf":{"@id":"https:\/\/altavia-group.com\/#website"},"primaryImageOfPage":{"@id":"https:\/\/altavia-group.com\/fr\/news\/comment-repenser-lexperience-magasin-apres-la-pandemie\/#primaryimage"},"image":{"@id":"https:\/\/altavia-group.com\/fr\/news\/comment-repenser-lexperience-magasin-apres-la-pandemie\/#primaryimage"},"thumbnailUrl":"https:\/\/altavia-group.com\/wp-content\/uploads\/2025\/03\/comment-repenser-lexperience-magasin-apres-la-pandemie.jpg","datePublished":"2020-04-28T15:48:00+00:00","dateModified":"2025-03-16T15:43:51+00:00","description":"L\u2019exp\u00e9rience magasin \u00e9volue apr\u00e8s la crise. Altavia accompagne les marques dans cette transformation pour recr\u00e9er du lien humain.","breadcrumb":{"@id":"https:\/\/altavia-group.com\/fr\/news\/comment-repenser-lexperience-magasin-apres-la-pandemie\/#breadcrumb"},"inLanguage":"fr-FR","potentialAction":[{"@type":"ReadAction","target":["https:\/\/altavia-group.com\/fr\/news\/comment-repenser-lexperience-magasin-apres-la-pandemie\/"]}]},{"@type":"ImageObject","inLanguage":"fr-FR","@id":"https:\/\/altavia-group.com\/fr\/news\/comment-repenser-lexperience-magasin-apres-la-pandemie\/#primaryimage","url":"https:\/\/altavia-group.com\/wp-content\/uploads\/2025\/03\/comment-repenser-lexperience-magasin-apres-la-pandemie.jpg","contentUrl":"https:\/\/altavia-group.com\/wp-content\/uploads\/2025\/03\/comment-repenser-lexperience-magasin-apres-la-pandemie.jpg","width":1024,"height":598},{"@type":"BreadcrumbList","@id":"https:\/\/altavia-group.com\/fr\/news\/comment-repenser-lexperience-magasin-apres-la-pandemie\/#breadcrumb","itemListElement":[{"@type":"ListItem","position":1,"name":"Home","item":"https:\/\/altavia-group.com\/fr\/"},{"@type":"ListItem","position":2,"name":"News","item":"https:\/\/altavia-group.com\/fr\/news\/"},{"@type":"ListItem","position":3,"name":"Comment (re)penser l\u2019exp\u00e9rience magasin apr\u00e8s la pand\u00e9mie ?"}]},{"@type":"WebSite","@id":"https:\/\/altavia-group.com\/#website","url":"https:\/\/altavia-group.com\/","name":"Altavia","description":"Let\u2019s unlock our imagination.","publisher":{"@id":"https:\/\/altavia-group.com\/#organization"},"potentialAction":[{"@type":"SearchAction","target":{"@type":"EntryPoint","urlTemplate":"https:\/\/altavia-group.com\/?s={search_term_string}"},"query-input":{"@type":"PropertyValueSpecification","valueRequired":true,"valueName":"search_term_string"}}],"inLanguage":"fr-FR"},{"@type":"Organization","@id":"https:\/\/altavia-group.com\/#organization","name":"Altavia","url":"https:\/\/altavia-group.com\/","logo":{"@type":"ImageObject","inLanguage":"fr-FR","@id":"https:\/\/altavia-group.com\/#\/schema\/logo\/image\/","url":"http:\/\/altavia-group.com\/wp-content\/uploads\/2024\/12\/cropped-favicon-altavia.png","contentUrl":"http:\/\/altavia-group.com\/wp-content\/uploads\/2024\/12\/cropped-favicon-altavia.png","width":512,"height":512,"caption":"Altavia"},"image":{"@id":"https:\/\/altavia-group.com\/#\/schema\/logo\/image\/"}}]}},"_links":{"self":[{"href":"https:\/\/altavia-group.com\/fr\/wp-json\/wp\/v2\/news\/4200","targetHints":{"allow":["GET"]}}],"collection":[{"href":"https:\/\/altavia-group.com\/fr\/wp-json\/wp\/v2\/news"}],"about":[{"href":"https:\/\/altavia-group.com\/fr\/wp-json\/wp\/v2\/types\/news"}],"author":[{"embeddable":true,"href":"https:\/\/altavia-group.com\/fr\/wp-json\/wp\/v2\/users\/10"}],"replies":[{"embeddable":true,"href":"https:\/\/altavia-group.com\/fr\/wp-json\/wp\/v2\/comments?post=4200"}],"version-history":[{"count":0,"href":"https:\/\/altavia-group.com\/fr\/wp-json\/wp\/v2\/news\/4200\/revisions"}],"wp:featuredmedia":[{"embeddable":true,"href":"https:\/\/altavia-group.com\/fr\/wp-json\/wp\/v2\/media\/3337"}],"wp:attachment":[{"href":"https:\/\/altavia-group.com\/fr\/wp-json\/wp\/v2\/media?parent=4200"}],"wp:term":[{"taxonomy":"category","embeddable":true,"href":"https:\/\/altavia-group.com\/fr\/wp-json\/wp\/v2\/categories?post=4200"},{"taxonomy":"post_tag","embeddable":true,"href":"https:\/\/altavia-group.com\/fr\/wp-json\/wp\/v2\/tags?post=4200"},{"taxonomy":"news-type-taxonomy","embeddable":true,"href":"https:\/\/altavia-group.com\/fr\/wp-json\/wp\/v2\/news-type-taxonomy?post=4200"},{"taxonomy":"news-topic-taxonomy","embeddable":true,"href":"https:\/\/altavia-group.com\/fr\/wp-json\/wp\/v2\/news-topic-taxonomy?post=4200"}],"curies":[{"name":"wp","href":"https:\/\/api.w.org\/{rel}","templated":true}]}}