{"id":4206,"date":"2020-04-16T17:01:00","date_gmt":"2020-04-16T16:01:00","guid":{"rendered":"https:\/\/altavia-group.com\/news\/the-garden-industry-on-pins-and-needles\/"},"modified":"2025-03-16T16:49:13","modified_gmt":"2025-03-16T15:49:13","slug":"la-filiere-de-la-jardinerie-sur-des-charbons-ardents","status":"publish","type":"news","link":"https:\/\/altavia-group.com\/fr\/news\/la-filiere-de-la-jardinerie-sur-des-charbons-ardents\/","title":{"rendered":"\u200b\u200bLa fili\u00e8re de la jardinerie sur des charbons ardents"},"content":{"rendered":"\n<figure class=\"wp-block-image aligncenter size-full\"><img decoding=\"async\" width=\"1024\" height=\"683\" loading=\"lazy\" src=\"http:\/\/altavia-group.com\/wp-content\/uploads\/2025\/03\/la-filiere-de-la-jardinerie-sur-des-charbons-ardents.jpg\" alt=\"The love that French have for gardening is no secret and the numbers prove it: nine out of ten French people have a small corner to cultivate, seven of whom own a full garden. More than one million acres of garden is planted. While each amateur gardener spends on average 290\u20ac per year.\" class=\"wp-image-2700\" srcset=\"https:\/\/altavia-group.com\/wp-content\/uploads\/2025\/03\/la-filiere-de-la-jardinerie-sur-des-charbons-ardents.jpg 1024w, https:\/\/altavia-group.com\/wp-content\/uploads\/2025\/03\/la-filiere-de-la-jardinerie-sur-des-charbons-ardents-300x200.jpg 300w, https:\/\/altavia-group.com\/wp-content\/uploads\/2025\/03\/la-filiere-de-la-jardinerie-sur-des-charbons-ardents-768x512.jpg 768w\" sizes=\"auto, (max-width: 1024px) 100vw, 1024px\" \/><\/figure>\n\n\n<div id=\"block_484e55be2be35e7cbef475477d8b05c9\" class=\"block-textminor\">\n    <div class=\"row\">\n              <div class=\"col-lg-10 col-12\">\n        <div class=\"block-textminor-main\">\n                                      <div class=\"block-textminor-text\">\n                  <p>Cette passion est port\u00e9e par un impressionnant \u00e9cosyst\u00e8me de production et de distribution : 1 700 jardineries, 1 733 magasins agricoles en libre-service et 15 104 fleuristes. Sans oublier les 3 611 entreprises horticoles fran\u00e7aises, premiers fournisseurs des distributeurs de produits de jardin. (source : FNMJ).<\/p>\n<p>En 2018, les distributeurs de la fili\u00e8re jardinerie et animalerie repr\u00e9sentaient pr\u00e8s de 3 milliards d\u2019euros de chiffre d\u2019affaires. Il faut cependant noter que le secteur a connu un exercice 2018 compliqu\u00e9. La F\u00e9d\u00e9ration nationale de l\u2019industrie du jardin (FNMJ) a fait \u00e9tat d\u2019un bilan n\u00e9gatif pour le secteur cette m\u00eame ann\u00e9e : \u201cles jardineries ont enregistr\u00e9 une baisse globale de 1,5% de leur chiffre d\u2019affaires, annulant la hausse de 1,6% en 2017\u2033.<\/p>\n              <\/div>\n            \n                    <\/div>\n      <\/div>\n  <\/div>\n<\/div>\n\n\n<div id=\"block_ba68075be2fd355c2af5873d32fc0fd5\" class=\"block-textminor\">\n    <div class=\"row\">\n              <div class=\"col-lg-10 col-12\">\n        <div class=\"block-textminor-main\">\n                          <h2 class=\"block-textminor-title h3\">\n                  Covid-19 : Un coup d\u2019arr\u00eat au pire moment de la saison              <\/h2>\n                                      <div class=\"block-textminor-text\">\n                  <p>Pour endiguer la pand\u00e9mie, des mesures drastiques ont d\u00fb \u00eatre mises en place et des sacrifices, de la part de tous, ont \u00e9t\u00e9 n\u00e9cessaires. Dans un premier temps, les pouvoirs publics (\u00e0 partir du 14 mars 2020) ont ordonn\u00e9 la fermeture de la plupart des lieux publics, dont une grande partie des entreprises fran\u00e7aises. Les jardineries (hors animaleries) ont \u00e9t\u00e9 contraintes de fermer leurs portes. Cette fermeture intervient au pire moment, le printemps repr\u00e9sentant 80 % du chiffre d\u2019affaires annuel du secteur du jardinage.<\/p>\n              <\/div>\n            \n                    <\/div>\n      <\/div>\n  <\/div>\n<\/div>\n\n\n<div id=\"block_5c4451b38433c041ecb8d3fd80c6f920\" class=\"block-textminor\">\n    <div class=\"row\">\n              <div class=\"col-lg-10 col-12\">\n        <div class=\"block-textminor-main\">\n                          <h2 class=\"block-textminor-title h3\">\n                  Les enjeux              <\/h2>\n                                      <div class=\"block-textminor-text\">\n                  <p>Cette d\u00e9cision a suscit\u00e9 plusieurs inqui\u00e9tudes et a \u00e9branl\u00e9 l\u2019ensemble de la fili\u00e8re, ainsi que de nombreux passionn\u00e9s de jardinage.<\/p>\n<p>\u201cLe bien manger \u00bb, \u00ab la bio \u00bb, \u00ab la tra\u00e7abilit\u00e9 des produits \u00bb, \u00ab la consommation responsable et durable \u00bb : chacun de ces termes a une r\u00e9sonance toute particuli\u00e8re pour les jardiniers amateurs qui cultivent leur potager. Cette dynamique est une tendance de fond sur laquelle s\u2019appuient les strat\u00e9gies des grandes enseignes de la distribution alimentaire. Planter, cultiver, r\u00e9colter et surveiller sa propre production de fruits et l\u00e9gumes, c\u2019est savoir exactement ce qui va se retrouver dans son assiette.<\/p>\n<p>Ces nombreuses \u201cpetites mains\u201d repr\u00e9sentent aussi un v\u00e9ritable gisement de produits frais et sains. Le 4 avril 2020, face au Covid-19, l\u2019OMC, l\u2019OMS et la FAO ont mis en garde contre le risque d\u2019une crise alimentaire mondiale caus\u00e9e par le manque de main d\u2019\u0153uvre agricole, les difficult\u00e9s logistiques et le manque de protection des employ\u00e9s dans la cha\u00eene alimentaire. M\u00eame si la France semble \u00e0 l\u2019abri d\u2019une p\u00e9nurie alimentaire, il n\u2019est pas d\u00e9raisonnable d\u2019anticiper le pire en imaginant que nous allons nous retrouver sans ressources. Il est \u00e9galement dommage de se priver de cette manne que repr\u00e9sentent les cultivateurs amateurs : les jardiniers contribuent, ind\u00e9niablement, \u00e0 la s\u00e9curit\u00e9 alimentaire.<\/p>\n<p>Les mesures de confinement sont extr\u00eamement contraignantes. Interdire de facto \u00e0 la \u201ctribu\u201d des jardiniers de vivre leur passion est, sans nul doute, une source d\u2019immense frustration en cette p\u00e9riode cruciale pour les semences de toutes sortes et, par cons\u00e9quent, les r\u00e9coltes futures. Par ailleurs, le jardinage repr\u00e9sente, pour certains d\u2019entre eux, des revenus d\u2019appoint non n\u00e9gligeables et l\u2019opportunit\u00e9 d\u2019entretenir, en temps ordinaire, un lien social avec leur communaut\u00e9.<\/p>\n              <\/div>\n            \n                    <\/div>\n      <\/div>\n  <\/div>\n<\/div>\n\n\n<div id=\"block_b665d19159d01db90d3a06eac9121c43\" class=\"block-textminor\">\n    <div class=\"row\">\n              <div class=\"col-lg-10 col-12\">\n        <div class=\"block-textminor-main\">\n                          <h2 class=\"block-textminor-title h3\">\n                  Une bouff\u00e9e d\u2019oxyg\u00e8ne              <\/h2>\n                                      <div class=\"block-textminor-text\">\n                  <p>Le mercredi 1er avril, la secr\u00e9taire d\u2019\u00c9tat au minist\u00e8re de l\u2019\u00e9conomie et des finances, Agn\u00e8s Pannier-Runacher, a autoris\u00e9 \u00ab la vente de semences et de plants de l\u00e9gumes, consid\u00e9r\u00e9s comme produits de premi\u00e8re n\u00e9cessit\u00e9 \u00bb. Toutefois, seuls les points de vente pourvus de rayons animalerie et alimentation g\u00e9n\u00e9rale, sont autoris\u00e9s \u00e0 vendre semences et plants. D\u00e9sormais, les distributeurs s\u2019adaptent pour accueillir leurs clients, revoient leur organisation pour respecter les gestes barri\u00e8res, et favorisent les commandes et livraisons \u00e0 distance.<\/p>\n<p>Il est \u00e9galement remarquable de voir comment les pays voisins ont abord\u00e9 de mani\u00e8res diff\u00e9rentes les contraintes li\u00e9es \u00e0 la pand\u00e9mie. En ce qui concerne les jardineries, nos voisins allemands, belges et n\u00e9erlandais ont imm\u00e9diatement consid\u00e9r\u00e9 ce secteur comme essentiel.<\/p>\n<p>&nbsp;<\/p>\n<p><em>Thierry Strickler, Altavia Watch, et Laure Barillon, Altavia nativ<\/em><\/p>\n              <\/div>\n            \n                    <\/div>\n      <\/div>\n  <\/div>\n<\/div>\n","protected":false},"excerpt":{"rendered":"<p>Le \u201ccrush\u201d des Fran\u00e7ais pour le jardinage n\u2019est pas un secret et les chiffres le prouvent : neuf Fran\u00e7ais sur dix ont un petit coin \u00e0 cultiver, dont 7 poss\u00e8dent un jardin. Plus d\u2019un million d\u2019hectares de jardin sont plant\u00e9s, alors que chaque jardinier amateur d\u00e9pense en moyenne 290\u20ac par an.<\/p>\n","protected":false},"author":10,"featured_media":3340,"menu_order":0,"comment_status":"closed","ping_status":"closed","template":"","meta":{"_acf_changed":false,"color_menu":"","footer_color_background":"","featured_image_url":"","footnotes":""},"categories":[],"tags":[],"news-type-taxonomy":[187],"news-topic-taxonomy":[191],"class_list":["post-4206","news","type-news","status-publish","has-post-thumbnail","hentry"],"acf":[],"yoast_head":"<!-- This site is optimized with the Yoast SEO plugin v27.5 - https:\/\/yoast.com\/product\/yoast-seo-wordpress\/ -->\n<title>Jardinerie - Secteur Sous Pression en France - Altavia<\/title>\n<meta name=\"description\" content=\"P\u00e9nurie, inflation, nouvelles attentes : le secteur de la jardinerie traverse une zone de turbulences. D\u00e9cryptage des enjeux actuels.\" \/>\n<meta name=\"robots\" content=\"index, follow, max-snippet:-1, max-image-preview:large, max-video-preview:-1\" \/>\n<meta property=\"og:locale\" content=\"fr_FR\" \/>\n<meta property=\"og:type\" content=\"article\" \/>\n<meta property=\"og:title\" content=\"Jardinerie - Secteur Sous Pression en France - Altavia\" \/>\n<meta property=\"og:description\" content=\"P\u00e9nurie, inflation, nouvelles attentes : le secteur de la jardinerie traverse une zone de turbulences. D\u00e9cryptage des enjeux actuels.\" \/>\n<meta property=\"og:url\" content=\"https:\/\/altavia-group.com\/fr\/news\/la-filiere-de-la-jardinerie-sur-des-charbons-ardents\/\" \/>\n<meta property=\"og:site_name\" content=\"Altavia\" \/>\n<meta property=\"article:modified_time\" content=\"2025-03-16T15:49:13+00:00\" \/>\n<meta property=\"og:image\" content=\"https:\/\/altavia-group.com\/wp-content\/uploads\/2025\/03\/la-filiere-de-la-jardinerie-sur-des-charbons-ardents.jpg\" \/>\n\t<meta property=\"og:image:width\" content=\"1024\" \/>\n\t<meta property=\"og:image:height\" content=\"683\" \/>\n\t<meta property=\"og:image:type\" content=\"image\/jpeg\" \/>\n<meta name=\"twitter:card\" content=\"summary_large_image\" \/>\n<meta name=\"twitter:label1\" content=\"Est. reading time\" \/>\n\t<meta name=\"twitter:data1\" content=\"1 minute\" \/>\n<script type=\"application\/ld+json\" class=\"yoast-schema-graph\">{\"@context\":\"https:\\\/\\\/schema.org\",\"@graph\":[{\"@type\":\"WebPage\",\"@id\":\"https:\\\/\\\/altavia-group.com\\\/fr\\\/news\\\/la-filiere-de-la-jardinerie-sur-des-charbons-ardents\\\/\",\"url\":\"https:\\\/\\\/altavia-group.com\\\/fr\\\/news\\\/la-filiere-de-la-jardinerie-sur-des-charbons-ardents\\\/\",\"name\":\"Jardinerie - Secteur Sous Pression en France - Altavia\",\"isPartOf\":{\"@id\":\"https:\\\/\\\/altavia-group.com\\\/#website\"},\"primaryImageOfPage\":{\"@id\":\"https:\\\/\\\/altavia-group.com\\\/fr\\\/news\\\/la-filiere-de-la-jardinerie-sur-des-charbons-ardents\\\/#primaryimage\"},\"image\":{\"@id\":\"https:\\\/\\\/altavia-group.com\\\/fr\\\/news\\\/la-filiere-de-la-jardinerie-sur-des-charbons-ardents\\\/#primaryimage\"},\"thumbnailUrl\":\"https:\\\/\\\/altavia-group.com\\\/wp-content\\\/uploads\\\/2025\\\/03\\\/la-filiere-de-la-jardinerie-sur-des-charbons-ardents.jpg\",\"datePublished\":\"2020-04-16T16:01:00+00:00\",\"dateModified\":\"2025-03-16T15:49:13+00:00\",\"description\":\"P\u00e9nurie, inflation, nouvelles attentes : le secteur de la jardinerie traverse une zone de turbulences. D\u00e9cryptage des enjeux actuels.\",\"breadcrumb\":{\"@id\":\"https:\\\/\\\/altavia-group.com\\\/fr\\\/news\\\/la-filiere-de-la-jardinerie-sur-des-charbons-ardents\\\/#breadcrumb\"},\"inLanguage\":\"fr-FR\",\"potentialAction\":[{\"@type\":\"ReadAction\",\"target\":[\"https:\\\/\\\/altavia-group.com\\\/fr\\\/news\\\/la-filiere-de-la-jardinerie-sur-des-charbons-ardents\\\/\"]}]},{\"@type\":\"ImageObject\",\"inLanguage\":\"fr-FR\",\"@id\":\"https:\\\/\\\/altavia-group.com\\\/fr\\\/news\\\/la-filiere-de-la-jardinerie-sur-des-charbons-ardents\\\/#primaryimage\",\"url\":\"https:\\\/\\\/altavia-group.com\\\/wp-content\\\/uploads\\\/2025\\\/03\\\/la-filiere-de-la-jardinerie-sur-des-charbons-ardents.jpg\",\"contentUrl\":\"https:\\\/\\\/altavia-group.com\\\/wp-content\\\/uploads\\\/2025\\\/03\\\/la-filiere-de-la-jardinerie-sur-des-charbons-ardents.jpg\",\"width\":1024,\"height\":683},{\"@type\":\"BreadcrumbList\",\"@id\":\"https:\\\/\\\/altavia-group.com\\\/fr\\\/news\\\/la-filiere-de-la-jardinerie-sur-des-charbons-ardents\\\/#breadcrumb\",\"itemListElement\":[{\"@type\":\"ListItem\",\"position\":1,\"name\":\"Home\",\"item\":\"https:\\\/\\\/altavia-group.com\\\/fr\\\/\"},{\"@type\":\"ListItem\",\"position\":2,\"name\":\"News\",\"item\":\"https:\\\/\\\/altavia-group.com\\\/fr\\\/news\\\/\"},{\"@type\":\"ListItem\",\"position\":3,\"name\":\"\u200b\u200bLa fili\u00e8re de la jardinerie sur des charbons ardents\"}]},{\"@type\":\"WebSite\",\"@id\":\"https:\\\/\\\/altavia-group.com\\\/#website\",\"url\":\"https:\\\/\\\/altavia-group.com\\\/\",\"name\":\"Altavia\",\"description\":\"Let\u2019s unlock our imagination.\",\"publisher\":{\"@id\":\"https:\\\/\\\/altavia-group.com\\\/#organization\"},\"potentialAction\":[{\"@type\":\"SearchAction\",\"target\":{\"@type\":\"EntryPoint\",\"urlTemplate\":\"https:\\\/\\\/altavia-group.com\\\/?s={search_term_string}\"},\"query-input\":{\"@type\":\"PropertyValueSpecification\",\"valueRequired\":true,\"valueName\":\"search_term_string\"}}],\"inLanguage\":\"fr-FR\"},{\"@type\":\"Organization\",\"@id\":\"https:\\\/\\\/altavia-group.com\\\/#organization\",\"name\":\"Altavia\",\"url\":\"https:\\\/\\\/altavia-group.com\\\/\",\"logo\":{\"@type\":\"ImageObject\",\"inLanguage\":\"fr-FR\",\"@id\":\"https:\\\/\\\/altavia-group.com\\\/#\\\/schema\\\/logo\\\/image\\\/\",\"url\":\"http:\\\/\\\/altavia-group.com\\\/wp-content\\\/uploads\\\/2024\\\/12\\\/cropped-favicon-altavia.png\",\"contentUrl\":\"http:\\\/\\\/altavia-group.com\\\/wp-content\\\/uploads\\\/2024\\\/12\\\/cropped-favicon-altavia.png\",\"width\":512,\"height\":512,\"caption\":\"Altavia\"},\"image\":{\"@id\":\"https:\\\/\\\/altavia-group.com\\\/#\\\/schema\\\/logo\\\/image\\\/\"}}]}<\/script>\n<!-- \/ Yoast SEO plugin. -->","yoast_head_json":{"title":"Jardinerie - Secteur Sous Pression en France - Altavia","description":"P\u00e9nurie, inflation, nouvelles attentes : le secteur de la jardinerie traverse une zone de turbulences. D\u00e9cryptage des enjeux actuels.","robots":{"index":"index","follow":"follow","max-snippet":"max-snippet:-1","max-image-preview":"max-image-preview:large","max-video-preview":"max-video-preview:-1"},"og_locale":"fr_FR","og_type":"article","og_title":"Jardinerie - Secteur Sous Pression en France - Altavia","og_description":"P\u00e9nurie, inflation, nouvelles attentes : le secteur de la jardinerie traverse une zone de turbulences. D\u00e9cryptage des enjeux actuels.","og_url":"https:\/\/altavia-group.com\/fr\/news\/la-filiere-de-la-jardinerie-sur-des-charbons-ardents\/","og_site_name":"Altavia","article_modified_time":"2025-03-16T15:49:13+00:00","og_image":[{"width":1024,"height":683,"url":"https:\/\/altavia-group.com\/wp-content\/uploads\/2025\/03\/la-filiere-de-la-jardinerie-sur-des-charbons-ardents.jpg","type":"image\/jpeg"}],"twitter_card":"summary_large_image","twitter_misc":{"Est. reading time":"1 minute"},"schema":{"@context":"https:\/\/schema.org","@graph":[{"@type":"WebPage","@id":"https:\/\/altavia-group.com\/fr\/news\/la-filiere-de-la-jardinerie-sur-des-charbons-ardents\/","url":"https:\/\/altavia-group.com\/fr\/news\/la-filiere-de-la-jardinerie-sur-des-charbons-ardents\/","name":"Jardinerie - Secteur Sous Pression en France - Altavia","isPartOf":{"@id":"https:\/\/altavia-group.com\/#website"},"primaryImageOfPage":{"@id":"https:\/\/altavia-group.com\/fr\/news\/la-filiere-de-la-jardinerie-sur-des-charbons-ardents\/#primaryimage"},"image":{"@id":"https:\/\/altavia-group.com\/fr\/news\/la-filiere-de-la-jardinerie-sur-des-charbons-ardents\/#primaryimage"},"thumbnailUrl":"https:\/\/altavia-group.com\/wp-content\/uploads\/2025\/03\/la-filiere-de-la-jardinerie-sur-des-charbons-ardents.jpg","datePublished":"2020-04-16T16:01:00+00:00","dateModified":"2025-03-16T15:49:13+00:00","description":"P\u00e9nurie, inflation, nouvelles attentes : le secteur de la jardinerie traverse une zone de turbulences. D\u00e9cryptage des enjeux actuels.","breadcrumb":{"@id":"https:\/\/altavia-group.com\/fr\/news\/la-filiere-de-la-jardinerie-sur-des-charbons-ardents\/#breadcrumb"},"inLanguage":"fr-FR","potentialAction":[{"@type":"ReadAction","target":["https:\/\/altavia-group.com\/fr\/news\/la-filiere-de-la-jardinerie-sur-des-charbons-ardents\/"]}]},{"@type":"ImageObject","inLanguage":"fr-FR","@id":"https:\/\/altavia-group.com\/fr\/news\/la-filiere-de-la-jardinerie-sur-des-charbons-ardents\/#primaryimage","url":"https:\/\/altavia-group.com\/wp-content\/uploads\/2025\/03\/la-filiere-de-la-jardinerie-sur-des-charbons-ardents.jpg","contentUrl":"https:\/\/altavia-group.com\/wp-content\/uploads\/2025\/03\/la-filiere-de-la-jardinerie-sur-des-charbons-ardents.jpg","width":1024,"height":683},{"@type":"BreadcrumbList","@id":"https:\/\/altavia-group.com\/fr\/news\/la-filiere-de-la-jardinerie-sur-des-charbons-ardents\/#breadcrumb","itemListElement":[{"@type":"ListItem","position":1,"name":"Home","item":"https:\/\/altavia-group.com\/fr\/"},{"@type":"ListItem","position":2,"name":"News","item":"https:\/\/altavia-group.com\/fr\/news\/"},{"@type":"ListItem","position":3,"name":"\u200b\u200bLa fili\u00e8re de la jardinerie sur des charbons ardents"}]},{"@type":"WebSite","@id":"https:\/\/altavia-group.com\/#website","url":"https:\/\/altavia-group.com\/","name":"Altavia","description":"Let\u2019s unlock our imagination.","publisher":{"@id":"https:\/\/altavia-group.com\/#organization"},"potentialAction":[{"@type":"SearchAction","target":{"@type":"EntryPoint","urlTemplate":"https:\/\/altavia-group.com\/?s={search_term_string}"},"query-input":{"@type":"PropertyValueSpecification","valueRequired":true,"valueName":"search_term_string"}}],"inLanguage":"fr-FR"},{"@type":"Organization","@id":"https:\/\/altavia-group.com\/#organization","name":"Altavia","url":"https:\/\/altavia-group.com\/","logo":{"@type":"ImageObject","inLanguage":"fr-FR","@id":"https:\/\/altavia-group.com\/#\/schema\/logo\/image\/","url":"http:\/\/altavia-group.com\/wp-content\/uploads\/2024\/12\/cropped-favicon-altavia.png","contentUrl":"http:\/\/altavia-group.com\/wp-content\/uploads\/2024\/12\/cropped-favicon-altavia.png","width":512,"height":512,"caption":"Altavia"},"image":{"@id":"https:\/\/altavia-group.com\/#\/schema\/logo\/image\/"}}]}},"_links":{"self":[{"href":"https:\/\/altavia-group.com\/fr\/wp-json\/wp\/v2\/news\/4206","targetHints":{"allow":["GET"]}}],"collection":[{"href":"https:\/\/altavia-group.com\/fr\/wp-json\/wp\/v2\/news"}],"about":[{"href":"https:\/\/altavia-group.com\/fr\/wp-json\/wp\/v2\/types\/news"}],"author":[{"embeddable":true,"href":"https:\/\/altavia-group.com\/fr\/wp-json\/wp\/v2\/users\/10"}],"replies":[{"embeddable":true,"href":"https:\/\/altavia-group.com\/fr\/wp-json\/wp\/v2\/comments?post=4206"}],"version-history":[{"count":0,"href":"https:\/\/altavia-group.com\/fr\/wp-json\/wp\/v2\/news\/4206\/revisions"}],"wp:featuredmedia":[{"embeddable":true,"href":"https:\/\/altavia-group.com\/fr\/wp-json\/wp\/v2\/media\/3340"}],"wp:attachment":[{"href":"https:\/\/altavia-group.com\/fr\/wp-json\/wp\/v2\/media?parent=4206"}],"wp:term":[{"taxonomy":"category","embeddable":true,"href":"https:\/\/altavia-group.com\/fr\/wp-json\/wp\/v2\/categories?post=4206"},{"taxonomy":"post_tag","embeddable":true,"href":"https:\/\/altavia-group.com\/fr\/wp-json\/wp\/v2\/tags?post=4206"},{"taxonomy":"news-type-taxonomy","embeddable":true,"href":"https:\/\/altavia-group.com\/fr\/wp-json\/wp\/v2\/news-type-taxonomy?post=4206"},{"taxonomy":"news-topic-taxonomy","embeddable":true,"href":"https:\/\/altavia-group.com\/fr\/wp-json\/wp\/v2\/news-topic-taxonomy?post=4206"}],"curies":[{"name":"wp","href":"https:\/\/api.w.org\/{rel}","templated":true}]}}