{"id":4209,"date":"2020-04-09T16:55:00","date_gmt":"2020-04-09T15:55:00","guid":{"rendered":"https:\/\/altavia-group.com\/news\/local-initiatives-combating-food-shortages\/"},"modified":"2025-03-16T16:50:44","modified_gmt":"2025-03-16T15:50:44","slug":"des-initiatives-locales-pour-repondre-aux-tensions-alimentaires","status":"publish","type":"news","link":"https:\/\/altavia-group.com\/fr\/news\/des-initiatives-locales-pour-repondre-aux-tensions-alimentaires\/","title":{"rendered":"Des initiatives locales pour r\u00e9pondre aux tensions alimentaires"},"content":{"rendered":"\n<figure class=\"wp-block-image aligncenter size-full\"><img decoding=\"async\" width=\"1024\" height=\"683\" loading=\"lazy\" src=\"http:\/\/altavia-group.com\/wp-content\/uploads\/2025\/03\/des-initiatives-locales-pour-repondre-aux-tensions-alimentaires.jpg\" alt=\"\" class=\"wp-image-2697\" srcset=\"https:\/\/altavia-group.com\/wp-content\/uploads\/2025\/03\/des-initiatives-locales-pour-repondre-aux-tensions-alimentaires.jpg 1024w, https:\/\/altavia-group.com\/wp-content\/uploads\/2025\/03\/des-initiatives-locales-pour-repondre-aux-tensions-alimentaires-300x200.jpg 300w, https:\/\/altavia-group.com\/wp-content\/uploads\/2025\/03\/des-initiatives-locales-pour-repondre-aux-tensions-alimentaires-768x512.jpg 768w\" sizes=\"auto, (max-width: 1024px) 100vw, 1024px\" \/><\/figure>\n\n\n<div id=\"block_f3f5ef0eadaa7b81d73744cd560b822e\" class=\"block-textminor\">\n    <div class=\"row\">\n              <div class=\"col-lg-10 col-12\">\n        <div class=\"block-textminor-main\">\n                                      <div class=\"block-textminor-text\">\n                  <p>Le march\u00e9 fran\u00e7ais semble pour l\u2019instant \u00e0 l\u2019abri d\u2019une telle catastrophe. La grande distribution est au rendez-vous et les magasins \u201cfood\u201d sont approvisionn\u00e9s. Cependant, la fili\u00e8re agroalimentaire est ind\u00e9niablement sous tension. La p\u00e9nurie de main-d\u2019\u0153uvre agricole et le risque de perdre les r\u00e9coltes saisonni\u00e8res sont av\u00e9r\u00e9s. La fermeture des restaurants, des cantines scolaires et des march\u00e9s ouverts ont d\u00e9s\u00e9quilibr\u00e9 de mani\u00e8re notable l\u2019offre et la demande. Le Minist\u00e8re fran\u00e7ais de l\u2019agriculture et de l\u2019alimentation souligne par ailleurs que \u00abcette crise nous d\u00e9montre la n\u00e9cessit\u00e9 d\u2019acc\u00e9l\u00e9rer la transition \u00e9cologique et de relocaliser les productions pour garantir la s\u00e9curit\u00e9 alimentaire europ\u00e9enne\u00bb.<\/p>\n<p>Un mod\u00e8le exprime toute sa r\u00e9silience, celui des circuits courts de distribution de produits alimentaires frais. La qualit\u00e9 du lien entre les clients engag\u00e9s et leurs producteurs de fruits et l\u00e9gumes est robuste et r\u00e9sistante. Les acteurs historiques des circuits courts connaissent une activit\u00e9 en nette croissance. Nombre d\u2019initiatives ont d\u2019ailleurs vu le jour ces derni\u00e8res semaines.<\/p>\n              <\/div>\n            \n                    <\/div>\n      <\/div>\n  <\/div>\n<\/div>\n\n\n<div id=\"block_ab0f317d9c786cc21e1e757d4d96fdb1\" class=\"block-textminor\">\n    <div class=\"row\">\n              <div class=\"col-lg-10 col-12\">\n        <div class=\"block-textminor-main\">\n                          <h2 class=\"block-textminor-title h3\">\n                  Quelques exemples pour illustrer cette nouvelle dynamique              <\/h2>\n                                      <div class=\"block-textminor-text\">\n                  <p>Gr\u00e9goire de Tilly, CEO de la Ruche qui dit Oui!, a d\u00e9clar\u00e9 au journal Lib\u00e9ration : \u201cDepuis un mois, nous avons enregistr\u00e9 une hausse de 70% de notre chiffre d\u2019affaires, associ\u00e9e \u00e0 une augmentation de taille de 30% du panier moyen\u00bb. Acheter en circuit court des produits locaux et sains est une v\u00e9ritable r\u00e9ponse des clients en cette p\u00e9riode de pand\u00e9mie.<\/p>\n<p>Dans le nord du Finist\u00e8re (29), les Voisins Bio proposent chaque semaine des paniers de l\u00e9gumes bio de saison qui, apr\u00e8s r\u00e9servation, peuvent \u00eatre retir\u00e9s dans un point relais. L\u2019\u00e9quipe dirigeante des Voisins Bio est t\u00e9moin d\u2019une v\u00e9ritable explosion de la demande. \u201cBeaucoup ont pris peur d\u2019aller en grandes surfaces, et avec la fermeture de nombreux march\u00e9s, notre activit\u00e9 a encore d\u00e9cupl\u00e9 !\u201d<\/p>\n<p>La semaine derni\u00e8re, le c\u00e9l\u00e8bre march\u00e9 de Rungis a lanc\u00e9 une plateforme num\u00e9rique de livraison aux particuliers baptis\u00e9e \u00ab Rungis livr\u00e9 chez vous \u00bb, en partenariat avec la R\u00e9gion \u00cele-de-France et la startup de livraison Epicery. Epicery regroupe des commer\u00e7ants alimentaires ainsi que de nombreux primeurs franciliens.<\/p>\n              <\/div>\n            \n                    <\/div>\n      <\/div>\n  <\/div>\n<\/div>\n\n\n<div id=\"block_58d7ee09181d5569cb49cee3bdecb48c\" class=\"block-textminor\">\n    <div class=\"row\">\n              <div class=\"col-lg-10 col-12\">\n        <div class=\"block-textminor-main\">\n                          <h2 class=\"block-textminor-title h3\">\n                  Associer les acteurs de la Grande Distribution              <\/h2>\n                                      <div class=\"block-textminor-text\">\n                  <p>En Centre-Val de Loire, les pouvoirs publics et la chambre r\u00e9gionale d\u2019agriculture viennent de lancer l\u2019initiative Produits frais locaux en Centre-Val de Loire. Il s\u2019agit de mettre en lien des producteurs, des consommateurs et des distributeurs. Le pr\u00e9fet de r\u00e9gion, Pierre Pou\u00ebssel, pose comme objectif de \u201cmanger frais et local\u201d. Des ventes directes aux consommateurs s\u2019organisent au sein de \u201cDrive alimentaire\u201d sur les parkings d\u2019hypermarch\u00e9s.<\/p>\n<p>Dans une approche BtoB, Approlocal propose aux professionnels de rejoindre sa plateforme (soutien du conseil d\u00e9partemental du Loiret) pour \u201cparticiper au bien manger et contribuer \u00e0 l\u2019\u00e9conomie locale\u201d. Durant deux mois, les frais d\u2019inscription sont gratuits pour la grande et moyenne distribution. D\u00e9j\u00e0, une quinzaine de magasins ont rejoint la boucle.<\/p>\n<p>L\u2019Intermarch\u00e9 de Cahors lance un appel aux producteurs locaux en proposant un partenariat \u201cwin-win\u201d in\u00e9dit. Un distributeur qui rencontre des probl\u00e8mes d\u2019approvisionnement de fruits et l\u00e9gumes et des producteurs qui peinent \u00e0 \u00e9couler leur production ont nou\u00e9 un partenariat in\u00e9dit. Cr\u00e9er et tisser des liens forts, c\u2019est une v\u00e9ritable opportunit\u00e9 pour l\u2019enseigne de s\u2019implanter dans la vie locale. A n\u2019en pas douter, cela r\u00e9pond aussi et avant tout \u00e0 un besoin client clairement exprim\u00e9. Les Fran\u00e7ais ont envie de manger local. C\u2019est la conclusion d\u2019une \u00e9tude du cabinet Natural Marketing Institute, selon laquelle 71% des consommateurs pr\u00e9f\u00e8rent acheter des produits locaux.<\/p>\n<p>Des produits dont on conna\u00eet l\u2019origine, dont on est capable de situer physiquement l\u2019exploitation, l\u2019envie de participer \u00e0 la vie quotidienne et \u00e9conomique de sa communaut\u00e9, contribuent \u00e0 cr\u00e9er du lien entre les gens et sont les b\u00e9n\u00e9fices d\u2019une consommation locale.<\/p>\n<p>La crise que nous traversons bouleverse nos habitudes de consommation alimentaire. Cette crise offre un miroir sans concession sur l\u2019organisation de nos fili\u00e8res agro-alimentaires. L\u2019app\u00e9tence de certaines \u201ctribus\u201d de consommateur pour les circuits courts n\u2019est pas nouvelle. Cependant, force est de constater que dans une logique de s\u00e9curit\u00e9 alimentaire, ils proposent une solution vers laquelle les Fran\u00e7ais se tournent en cette p\u00e9riode de fortes tensions. Cette p\u00e9riode nous d\u00e9montre aussi la n\u00e9cessit\u00e9 d\u2019associer l\u2019ensemble des parties prenantes (clients, producteurs, pouvoirs publics, distributeurs, acteurs de la logistique et du digital) pour valoriser cette fili\u00e8re de circuits courts. De nouvelles propositions de valeur ont \u00e9merg\u00e9 (Rungis par exemple) : il est fort probable qu\u2019elles s\u2019inscrivent demain et apr\u00e8s-demain dans la continuit\u00e9.<\/p>\n<p>&nbsp;<\/p>\n<p><em>Thierry Strickler, Altavia Watch &amp; Laure Barillon, Altavia Nativ<\/em><\/p>\n<p><strong>References: <\/strong><a href=\"https:\/\/www.liberation.fr\/terre\/2020\/04\/02\/alimentation-le-boom-des-reseaux-de-circuits-courts_1783577?xtor=EREC-25&amp;actId=ebwp0YMB8s1_OGEGSsDRkNUcvuQDVN7a57ET3fWtrS9yGYo5Z3Mqekee5yRh2buo&amp;actCampaignType=CAMPAIGN_MAIL&amp;actSource=501950https:\/\/actu.fr\/occitanie\/cahors_46042\/coronavirus-dans-lot-lintermarche-cahors-lance-appel-producteurs-locaux_32515612.html?utm_content=bufferc7cc7&amp;utm_medium=social&amp;utm_source=twitter.com&amp;utm_campaign=bufferhttps:\/\/paper.li\/e-1484125222#\/https:\/\/www.lanouvellerepublique.fr\/loiret\/coronavirus-produits-locaux-circuits-courts-vers-un-cercle-plus-vertueux\" target=\"_blank\" rel=\"noopener\">Alimentation : le boom des r\u00e9seaux de circuits courts<\/a><\/p>\n              <\/div>\n            \n                    <\/div>\n      <\/div>\n  <\/div>\n<\/div>\n\n\n\n<p><\/p>\n","protected":false},"excerpt":{"rendered":"<p>Le spectre d\u2019une crise alimentaire gagne le monde. Les incertitudes li\u00e9es \u00e0 la disponibilit\u00e9 de nourriture peuvent d\u00e9clencher une vague de restrictions \u00e0 l\u2019exportation, \u201csusceptible d\u2019entra\u00eener une p\u00e9nurie sur le march\u00e9 mondial\u201d, comme l\u2019ont alert\u00e9 mercredi 1er avril, dans un communiqu\u00e9 commun, l\u2019organisation des Nations Unies pour l\u2019alimentation et l\u2019agriculture (FAO), les organisations mondiales du commerce (OMC) et de la sant\u00e9 (OMS).<\/p>\n","protected":false},"author":10,"featured_media":3339,"menu_order":0,"comment_status":"closed","ping_status":"closed","template":"","meta":{"_acf_changed":false,"color_menu":"","footer_color_background":"","featured_image_url":"","footnotes":""},"categories":[],"tags":[],"news-type-taxonomy":[187],"news-topic-taxonomy":[191],"class_list":["post-4209","news","type-news","status-publish","has-post-thumbnail","hentry"],"acf":[],"yoast_head":"<!-- This site is optimized with the Yoast SEO plugin v27.5 - https:\/\/yoast.com\/product\/yoast-seo-wordpress\/ -->\n<title>Tensions Alimentaires - R\u00e9ponses Locales - Altavia<\/title>\n<meta name=\"description\" content=\"Des solutions locales \u00e9mergent face aux d\u00e9fis alimentaires. Altavia met en lumi\u00e8re des initiatives concr\u00e8tes de terrain et de solidarit\u00e9.\" \/>\n<meta name=\"robots\" content=\"index, follow, max-snippet:-1, max-image-preview:large, max-video-preview:-1\" \/>\n<meta property=\"og:locale\" content=\"fr_FR\" \/>\n<meta property=\"og:type\" content=\"article\" \/>\n<meta property=\"og:title\" content=\"Tensions Alimentaires - R\u00e9ponses Locales - Altavia\" \/>\n<meta property=\"og:description\" content=\"Des solutions locales \u00e9mergent face aux d\u00e9fis alimentaires. Altavia met en lumi\u00e8re des initiatives concr\u00e8tes de terrain et de solidarit\u00e9.\" \/>\n<meta property=\"og:url\" content=\"http:\/\/altavia-group.com\/fr\/news\/des-initiatives-locales-pour-repondre-aux-tensions-alimentaires\/\" \/>\n<meta property=\"og:site_name\" content=\"Altavia\" \/>\n<meta property=\"article:modified_time\" content=\"2025-03-16T15:50:44+00:00\" \/>\n<meta property=\"og:image\" content=\"http:\/\/altavia-group.com\/wp-content\/uploads\/2025\/03\/des-initiatives-locales-pour-repondre-aux-tensions-alimentaires.jpg\" \/>\n\t<meta property=\"og:image:width\" content=\"1024\" \/>\n\t<meta property=\"og:image:height\" content=\"683\" \/>\n\t<meta property=\"og:image:type\" content=\"image\/jpeg\" \/>\n<meta name=\"twitter:card\" content=\"summary_large_image\" \/>\n<meta name=\"twitter:label1\" content=\"Est. reading time\" \/>\n\t<meta name=\"twitter:data1\" content=\"1 minute\" \/>\n<script type=\"application\/ld+json\" class=\"yoast-schema-graph\">{\"@context\":\"https:\\\/\\\/schema.org\",\"@graph\":[{\"@type\":\"WebPage\",\"@id\":\"http:\\\/\\\/altavia-group.com\\\/fr\\\/news\\\/des-initiatives-locales-pour-repondre-aux-tensions-alimentaires\\\/\",\"url\":\"http:\\\/\\\/altavia-group.com\\\/fr\\\/news\\\/des-initiatives-locales-pour-repondre-aux-tensions-alimentaires\\\/\",\"name\":\"Tensions Alimentaires - R\u00e9ponses Locales - Altavia\",\"isPartOf\":{\"@id\":\"https:\\\/\\\/altavia-group.com\\\/#website\"},\"primaryImageOfPage\":{\"@id\":\"http:\\\/\\\/altavia-group.com\\\/fr\\\/news\\\/des-initiatives-locales-pour-repondre-aux-tensions-alimentaires\\\/#primaryimage\"},\"image\":{\"@id\":\"http:\\\/\\\/altavia-group.com\\\/fr\\\/news\\\/des-initiatives-locales-pour-repondre-aux-tensions-alimentaires\\\/#primaryimage\"},\"thumbnailUrl\":\"https:\\\/\\\/altavia-group.com\\\/wp-content\\\/uploads\\\/2025\\\/03\\\/des-initiatives-locales-pour-repondre-aux-tensions-alimentaires.jpg\",\"datePublished\":\"2020-04-09T15:55:00+00:00\",\"dateModified\":\"2025-03-16T15:50:44+00:00\",\"description\":\"Des solutions locales \u00e9mergent face aux d\u00e9fis alimentaires. Altavia met en lumi\u00e8re des initiatives concr\u00e8tes de terrain et de solidarit\u00e9.\",\"breadcrumb\":{\"@id\":\"http:\\\/\\\/altavia-group.com\\\/fr\\\/news\\\/des-initiatives-locales-pour-repondre-aux-tensions-alimentaires\\\/#breadcrumb\"},\"inLanguage\":\"fr-FR\",\"potentialAction\":[{\"@type\":\"ReadAction\",\"target\":[\"http:\\\/\\\/altavia-group.com\\\/fr\\\/news\\\/des-initiatives-locales-pour-repondre-aux-tensions-alimentaires\\\/\"]}]},{\"@type\":\"ImageObject\",\"inLanguage\":\"fr-FR\",\"@id\":\"http:\\\/\\\/altavia-group.com\\\/fr\\\/news\\\/des-initiatives-locales-pour-repondre-aux-tensions-alimentaires\\\/#primaryimage\",\"url\":\"https:\\\/\\\/altavia-group.com\\\/wp-content\\\/uploads\\\/2025\\\/03\\\/des-initiatives-locales-pour-repondre-aux-tensions-alimentaires.jpg\",\"contentUrl\":\"https:\\\/\\\/altavia-group.com\\\/wp-content\\\/uploads\\\/2025\\\/03\\\/des-initiatives-locales-pour-repondre-aux-tensions-alimentaires.jpg\",\"width\":1024,\"height\":683},{\"@type\":\"BreadcrumbList\",\"@id\":\"http:\\\/\\\/altavia-group.com\\\/fr\\\/news\\\/des-initiatives-locales-pour-repondre-aux-tensions-alimentaires\\\/#breadcrumb\",\"itemListElement\":[{\"@type\":\"ListItem\",\"position\":1,\"name\":\"Home\",\"item\":\"https:\\\/\\\/altavia-group.com\\\/fr\\\/\"},{\"@type\":\"ListItem\",\"position\":2,\"name\":\"News\",\"item\":\"https:\\\/\\\/altavia-group.com\\\/fr\\\/news\\\/\"},{\"@type\":\"ListItem\",\"position\":3,\"name\":\"Des initiatives locales pour r\u00e9pondre aux tensions alimentaires\"}]},{\"@type\":\"WebSite\",\"@id\":\"https:\\\/\\\/altavia-group.com\\\/#website\",\"url\":\"https:\\\/\\\/altavia-group.com\\\/\",\"name\":\"Altavia\",\"description\":\"Let\u2019s unlock our imagination.\",\"publisher\":{\"@id\":\"https:\\\/\\\/altavia-group.com\\\/#organization\"},\"potentialAction\":[{\"@type\":\"SearchAction\",\"target\":{\"@type\":\"EntryPoint\",\"urlTemplate\":\"https:\\\/\\\/altavia-group.com\\\/?s={search_term_string}\"},\"query-input\":{\"@type\":\"PropertyValueSpecification\",\"valueRequired\":true,\"valueName\":\"search_term_string\"}}],\"inLanguage\":\"fr-FR\"},{\"@type\":\"Organization\",\"@id\":\"https:\\\/\\\/altavia-group.com\\\/#organization\",\"name\":\"Altavia\",\"url\":\"https:\\\/\\\/altavia-group.com\\\/\",\"logo\":{\"@type\":\"ImageObject\",\"inLanguage\":\"fr-FR\",\"@id\":\"https:\\\/\\\/altavia-group.com\\\/#\\\/schema\\\/logo\\\/image\\\/\",\"url\":\"http:\\\/\\\/altavia-group.com\\\/wp-content\\\/uploads\\\/2024\\\/12\\\/cropped-favicon-altavia.png\",\"contentUrl\":\"http:\\\/\\\/altavia-group.com\\\/wp-content\\\/uploads\\\/2024\\\/12\\\/cropped-favicon-altavia.png\",\"width\":512,\"height\":512,\"caption\":\"Altavia\"},\"image\":{\"@id\":\"https:\\\/\\\/altavia-group.com\\\/#\\\/schema\\\/logo\\\/image\\\/\"}}]}<\/script>\n<!-- \/ Yoast SEO plugin. -->","yoast_head_json":{"title":"Tensions Alimentaires - R\u00e9ponses Locales - Altavia","description":"Des solutions locales \u00e9mergent face aux d\u00e9fis alimentaires. Altavia met en lumi\u00e8re des initiatives concr\u00e8tes de terrain et de solidarit\u00e9.","robots":{"index":"index","follow":"follow","max-snippet":"max-snippet:-1","max-image-preview":"max-image-preview:large","max-video-preview":"max-video-preview:-1"},"og_locale":"fr_FR","og_type":"article","og_title":"Tensions Alimentaires - R\u00e9ponses Locales - Altavia","og_description":"Des solutions locales \u00e9mergent face aux d\u00e9fis alimentaires. Altavia met en lumi\u00e8re des initiatives concr\u00e8tes de terrain et de solidarit\u00e9.","og_url":"http:\/\/altavia-group.com\/fr\/news\/des-initiatives-locales-pour-repondre-aux-tensions-alimentaires\/","og_site_name":"Altavia","article_modified_time":"2025-03-16T15:50:44+00:00","og_image":[{"width":1024,"height":683,"url":"http:\/\/altavia-group.com\/wp-content\/uploads\/2025\/03\/des-initiatives-locales-pour-repondre-aux-tensions-alimentaires.jpg","type":"image\/jpeg"}],"twitter_card":"summary_large_image","twitter_misc":{"Est. reading time":"1 minute"},"schema":{"@context":"https:\/\/schema.org","@graph":[{"@type":"WebPage","@id":"http:\/\/altavia-group.com\/fr\/news\/des-initiatives-locales-pour-repondre-aux-tensions-alimentaires\/","url":"http:\/\/altavia-group.com\/fr\/news\/des-initiatives-locales-pour-repondre-aux-tensions-alimentaires\/","name":"Tensions Alimentaires - R\u00e9ponses Locales - Altavia","isPartOf":{"@id":"https:\/\/altavia-group.com\/#website"},"primaryImageOfPage":{"@id":"http:\/\/altavia-group.com\/fr\/news\/des-initiatives-locales-pour-repondre-aux-tensions-alimentaires\/#primaryimage"},"image":{"@id":"http:\/\/altavia-group.com\/fr\/news\/des-initiatives-locales-pour-repondre-aux-tensions-alimentaires\/#primaryimage"},"thumbnailUrl":"https:\/\/altavia-group.com\/wp-content\/uploads\/2025\/03\/des-initiatives-locales-pour-repondre-aux-tensions-alimentaires.jpg","datePublished":"2020-04-09T15:55:00+00:00","dateModified":"2025-03-16T15:50:44+00:00","description":"Des solutions locales \u00e9mergent face aux d\u00e9fis alimentaires. Altavia met en lumi\u00e8re des initiatives concr\u00e8tes de terrain et de solidarit\u00e9.","breadcrumb":{"@id":"http:\/\/altavia-group.com\/fr\/news\/des-initiatives-locales-pour-repondre-aux-tensions-alimentaires\/#breadcrumb"},"inLanguage":"fr-FR","potentialAction":[{"@type":"ReadAction","target":["http:\/\/altavia-group.com\/fr\/news\/des-initiatives-locales-pour-repondre-aux-tensions-alimentaires\/"]}]},{"@type":"ImageObject","inLanguage":"fr-FR","@id":"http:\/\/altavia-group.com\/fr\/news\/des-initiatives-locales-pour-repondre-aux-tensions-alimentaires\/#primaryimage","url":"https:\/\/altavia-group.com\/wp-content\/uploads\/2025\/03\/des-initiatives-locales-pour-repondre-aux-tensions-alimentaires.jpg","contentUrl":"https:\/\/altavia-group.com\/wp-content\/uploads\/2025\/03\/des-initiatives-locales-pour-repondre-aux-tensions-alimentaires.jpg","width":1024,"height":683},{"@type":"BreadcrumbList","@id":"http:\/\/altavia-group.com\/fr\/news\/des-initiatives-locales-pour-repondre-aux-tensions-alimentaires\/#breadcrumb","itemListElement":[{"@type":"ListItem","position":1,"name":"Home","item":"https:\/\/altavia-group.com\/fr\/"},{"@type":"ListItem","position":2,"name":"News","item":"https:\/\/altavia-group.com\/fr\/news\/"},{"@type":"ListItem","position":3,"name":"Des initiatives locales pour r\u00e9pondre aux tensions alimentaires"}]},{"@type":"WebSite","@id":"https:\/\/altavia-group.com\/#website","url":"https:\/\/altavia-group.com\/","name":"Altavia","description":"Let\u2019s unlock our imagination.","publisher":{"@id":"https:\/\/altavia-group.com\/#organization"},"potentialAction":[{"@type":"SearchAction","target":{"@type":"EntryPoint","urlTemplate":"https:\/\/altavia-group.com\/?s={search_term_string}"},"query-input":{"@type":"PropertyValueSpecification","valueRequired":true,"valueName":"search_term_string"}}],"inLanguage":"fr-FR"},{"@type":"Organization","@id":"https:\/\/altavia-group.com\/#organization","name":"Altavia","url":"https:\/\/altavia-group.com\/","logo":{"@type":"ImageObject","inLanguage":"fr-FR","@id":"https:\/\/altavia-group.com\/#\/schema\/logo\/image\/","url":"http:\/\/altavia-group.com\/wp-content\/uploads\/2024\/12\/cropped-favicon-altavia.png","contentUrl":"http:\/\/altavia-group.com\/wp-content\/uploads\/2024\/12\/cropped-favicon-altavia.png","width":512,"height":512,"caption":"Altavia"},"image":{"@id":"https:\/\/altavia-group.com\/#\/schema\/logo\/image\/"}}]}},"_links":{"self":[{"href":"https:\/\/altavia-group.com\/fr\/wp-json\/wp\/v2\/news\/4209","targetHints":{"allow":["GET"]}}],"collection":[{"href":"https:\/\/altavia-group.com\/fr\/wp-json\/wp\/v2\/news"}],"about":[{"href":"https:\/\/altavia-group.com\/fr\/wp-json\/wp\/v2\/types\/news"}],"author":[{"embeddable":true,"href":"https:\/\/altavia-group.com\/fr\/wp-json\/wp\/v2\/users\/10"}],"replies":[{"embeddable":true,"href":"https:\/\/altavia-group.com\/fr\/wp-json\/wp\/v2\/comments?post=4209"}],"version-history":[{"count":0,"href":"https:\/\/altavia-group.com\/fr\/wp-json\/wp\/v2\/news\/4209\/revisions"}],"wp:featuredmedia":[{"embeddable":true,"href":"https:\/\/altavia-group.com\/fr\/wp-json\/wp\/v2\/media\/3339"}],"wp:attachment":[{"href":"https:\/\/altavia-group.com\/fr\/wp-json\/wp\/v2\/media?parent=4209"}],"wp:term":[{"taxonomy":"category","embeddable":true,"href":"https:\/\/altavia-group.com\/fr\/wp-json\/wp\/v2\/categories?post=4209"},{"taxonomy":"post_tag","embeddable":true,"href":"https:\/\/altavia-group.com\/fr\/wp-json\/wp\/v2\/tags?post=4209"},{"taxonomy":"news-type-taxonomy","embeddable":true,"href":"https:\/\/altavia-group.com\/fr\/wp-json\/wp\/v2\/news-type-taxonomy?post=4209"},{"taxonomy":"news-topic-taxonomy","embeddable":true,"href":"https:\/\/altavia-group.com\/fr\/wp-json\/wp\/v2\/news-topic-taxonomy?post=4209"}],"curies":[{"name":"wp","href":"https:\/\/api.w.org\/{rel}","templated":true}]}}