{"id":4211,"date":"2020-04-06T17:19:00","date_gmt":"2020-04-06T16:19:00","guid":{"rendered":"https:\/\/altavia-group.com\/news\/covid-19-unprecedented-collaborations-in-the-retail-sector\/"},"modified":"2025-03-16T16:53:33","modified_gmt":"2025-03-16T15:53:33","slug":"covid-19-des-collaborations-inedites-dans-le-secteur-du-retail","status":"publish","type":"news","link":"https:\/\/altavia-group.com\/fr\/news\/covid-19-des-collaborations-inedites-dans-le-secteur-du-retail\/","title":{"rendered":"Covid-19 : des collaborations in\u00e9dites dans le secteur du retail"},"content":{"rendered":"\n<figure class=\"wp-block-image aligncenter size-full\"><img decoding=\"async\" width=\"1024\" height=\"391\" loading=\"lazy\" src=\"http:\/\/altavia-group.com\/wp-content\/uploads\/2025\/03\/COVID-19-collaborations-inedites-dans-le-secteur-du-retail.jpg\" alt=\"\" class=\"wp-image-2715\" srcset=\"https:\/\/altavia-group.com\/wp-content\/uploads\/2025\/03\/COVID-19-collaborations-inedites-dans-le-secteur-du-retail.jpg 1024w, https:\/\/altavia-group.com\/wp-content\/uploads\/2025\/03\/COVID-19-collaborations-inedites-dans-le-secteur-du-retail-300x115.jpg 300w, https:\/\/altavia-group.com\/wp-content\/uploads\/2025\/03\/COVID-19-collaborations-inedites-dans-le-secteur-du-retail-768x293.jpg 768w\" sizes=\"auto, (max-width: 1024px) 100vw, 1024px\" \/><\/figure>\n\n\n<div id=\"block_6607054ea4afada408827621d40cec26\" class=\"block-textminor\">\n    <div class=\"row\">\n              <div class=\"col-lg-10 col-12\">\n        <div class=\"block-textminor-main\">\n                          <h2 class=\"block-textminor-title h3\">\n                  UN CONTEXTE EN TENSION              <\/h2>\n                                      <div class=\"block-textminor-text\">\n                  <p>Dans le contexte de la crise sanitaire, sociale, mondiale li\u00e9e au COVID-19, le monde du retail alimentaire est soumis \u00e0 une tension in\u00e9dite : plus mobilis\u00e9 que jamais, il est le principal vecteur du produits de premi\u00e8re n\u00e9cessit\u00e9 et le restera, mais par ailleurs, l\u2019h\u00e9t\u00e9rog\u00e9n\u00e9it\u00e9 des mesures de protection mises en oeuvre au profit des salari\u00e9s exerce une tension sur le milieu (menace au droit de retrait, appel \u00e0 l\u2019embauche pour des actions \u00e0 faible valeur ajout\u00e9e \u2013 pr\u00e9paration de commandes..). Aux USA, le personnel d\u2019Amazon dans l\u2019entrep\u00f4t de NY pr\u00e9voit de se mettre en gr\u00e8ve pour contraindre son employeur \u00e0 mettre en \u0153uvre des mesures de protection sanitaire idoines.<\/p>\n              <\/div>\n            \n                    <\/div>\n      <\/div>\n  <\/div>\n<\/div>\n\n\n<div id=\"block_966862f3f0114a470418018d307ac3b5\" class=\"block-textminor\">\n    <div class=\"row\">\n              <div class=\"col-lg-10 col-12\">\n        <div class=\"block-textminor-main\">\n                          <h2 class=\"block-textminor-title h3\">\n                  UN APPEL A LA SOLIDARIT\u00c9              <\/h2>\n                                      <div class=\"block-textminor-text\">\n                  <p>Dans ce contexte dont les diff\u00e9rentes dimensions de l\u2019issue sont pour le moment inconnues, que ce soit \u00e0 l\u2019\u00e9chelle nationale ou locale, nous voyons \u00e9merger diff\u00e9rentes initiatives de collaboration in\u00e9dite entre enseignes parfois m\u00eame concurrentes, que ce soit pour rendre service aux personnes les plus expos\u00e9es, ou bien pour limiter les risques.<\/p>\n<p>Les initiatives visant \u00e0 aider la vie des soignants en leur facilitant l\u2019acc\u00e8s aux courses font par ailleurs l\u2019objet de plusieurs initiatives prioritaires \u2013 \u00e0 l\u2019image de Carrefour qui permet aux personnels hospitaliers de ne pas faire la queue en caisse sur pr\u00e9sentation de leur badge professionnel.<\/p>\n<p>Nous avons choisi plusieurs exemples probants :<\/p>\n              <\/div>\n            \n                    <\/div>\n      <\/div>\n  <\/div>\n<\/div>\n\n\n<div id=\"block_bc9afb8fb4fa1c2fe3893d6e2d4ceaeb\" class=\"block-textminor\">\n    <div class=\"row\">\n              <div class=\"col-lg-10 col-12\">\n        <div class=\"block-textminor-main\">\n                          <h2 class=\"block-textminor-title h3\">\n                  Delhaize &#038; Colruyt associ\u00e9s pour livrer les h\u00f4pitaux              <\/h2>\n                                      <div class=\"block-textminor-text\">\n                  <p>Id\u00e9e s\u00e9duisante dans cette p\u00e9riode troubl\u00e9e de conclure un partenariat in\u00e9dit entre deux concurrents historiques de distribution belge. Delhaize et Colryut s\u2019associent pour permettre aux personnels soignants des h\u00f4pitaux de se faire livrer leurs courses pr\u00e8s de leur lieu de travail. Qui dit id\u00e9e s\u00e9duisante dit n\u00e9anmoins mise en \u0153uvre complexe : une organisation logistique robuste est n\u00e9cessaire pour \u00eatre au rendez-vous.<\/p>\n<p>Un lancement a \u00e9t\u00e9 effectu\u00e9 pr\u00e8s de l\u2019H\u00f4pital Universitaire d\u2019Anvers : il suffit aux soignants d\u2019avoir pr\u00e9c\u00e9demment r\u00e9serv\u00e9 sur le site internet de delhaize. Leurs courses leur sont livr\u00e9es gratuitement \u00e0 proximit\u00e9.<\/p>\n<p>La prestation est r\u00e9alis\u00e9e gr\u00e2ce \u00e0 la solution Solucious \u2013 sp\u00e9cialiste de foodservice du groupe, qui fournit des produits alimentaires aux clients professionnels- sur la base de l\u2019assortiment propos\u00e9 par le groupe Colruyt. Une centralisation est faite en lien avec les services logistiques des h\u00f4pitaux pour gagner en efficacit\u00e9 de temps de traitement et garantir les pr\u00e9cautions n\u00e9cessaires.<\/p>\n              <\/div>\n            \n                    <\/div>\n      <\/div>\n  <\/div>\n<\/div>\n\n\n<div id=\"block_8ca68e73c6a0393711bdb56c55fb4be2\" class=\"block-textminor\">\n    <div class=\"row\">\n              <div class=\"col-lg-10 col-12\">\n        <div class=\"block-textminor-main\">\n                          <h2 class=\"block-textminor-title h3\">\n                  Mc Do &#038; Aldi mutualisent leur personnel pour une dur\u00e9e limit\u00e9e              <\/h2>\n                                      <div class=\"block-textminor-text\">\n                  <p>Tandis que l\u2019enseigne Aldi est particuli\u00e8rement sollicit\u00e9e, le personnel des magasins Mcdonald\u2019s est r\u00e9duit aux seuls responsables des commandes en ligne et en drive.<\/p>\n<p>Un effort national a \u00e9t\u00e9 mis en place via un \u201cpacte de personnel\u201d permettant aux salari\u00e9s de Mc Do de pr\u00eater main forte aux \u00e9quipes d\u2019Aldi, en sous-effectifs.<\/p>\n<p>Les contrats sont \u00e0 dur\u00e9e temporaire et permettent un retour \u00e0 l\u2019enseigne initiale une fois la crise pass\u00e9e; l\u2019enjeu \u00e9tant de trouver des solutions rapides pour garantir un approvisionnement en nourriture de toutes les succursales Aldi, \u00e0 l\u2019\u00e9chelle nationale.<\/p>\n<p>Le salaire propos\u00e9 par les discounters, ainsi que le travail du dimanche, pourraient rapporter de l\u2019argent suppl\u00e9mentaire aux salari\u00e9s. Le PDG de McDonald\u2019s Allemagne d\u00e9fend donc l\u2019id\u00e9e d\u2019une \u201csolution win-win\u201d face \u00e0 la crise.<\/p>\n              <\/div>\n            \n                    <\/div>\n      <\/div>\n  <\/div>\n<\/div>\n\n\n<div id=\"block_b35efea234d9565f0980af72ef3b128e\" class=\"block-textminor\">\n    <div class=\"row\">\n              <div class=\"col-lg-10 col-12\">\n        <div class=\"block-textminor-main\">\n                          <h2 class=\"block-textminor-title h3\">\n                  Amazon &#038; Lyft : ensemble pour l\u2019emploi              <\/h2>\n                                      <div class=\"block-textminor-text\">\n                  <p>Les salari\u00e9s de Lyft, entreprise de distribution sp\u00e9cialis\u00e9e dans le non-alimentaire, en difficult\u00e9 du fait des mesures de confinement, se sont vus ouvertes les portes d\u2019Amazon pour se joindre aux diff\u00e9rentes forces vives de l\u2019enseigne, que ce soit en rejoignant les personnels de livraison, notamment sur l\u2019alimentaire, mais \u00e9galement pour travailler dans les entrep\u00f4ts et \u00e0 la pr\u00e9paration des commandes.<\/p>\n<p>Une manne humaine de surcro\u00eet importante \u00e0 un moment o\u00f9 Amazon est accus\u00e9 de ne pas garantir des conditions de protection id\u00e9ales \u00e0 ses salari\u00e9s.<\/p>\n<p>Les salari\u00e9s de Lyft peuvent d\u00e9sormais postuler directement sur une rubrique du site Amazon qui leur est d\u00e9di\u00e9e, et b\u00e9n\u00e9ficient de salaires avantageux.<\/p>\n<p>L\u2019enseigne pr\u00e9cise qu\u2019aucune exp\u00e9rience tr\u00e8s sp\u00e9cifique ou CV n\u2019est n\u00e9cessaire pour pouvoir postuler : ouverture totale ou opportunit\u00e9 d\u00e9plac\u00e9e ?<\/p>\n              <\/div>\n            \n                    <\/div>\n      <\/div>\n  <\/div>\n<\/div>\n\n\n<div id=\"block_9508d73b662a45088484f5d69a82c4b6\" class=\"block-textminor\">\n    <div class=\"row\">\n              <div class=\"col-lg-10 col-12\">\n        <div class=\"block-textminor-main\">\n                          <h2 class=\"block-textminor-title h3\">\n                  Carrefour et Uber Eats s\u2019associent pour livrer \u00e0 domicile les consommateurs en p\u00e9riode de confinement              <\/h2>\n                                      <div class=\"block-textminor-text\">\n                  <p>D\u00e8s le 6 avril, les deux enseignes s\u2019associent pour la livraison \u00e0 grande \u00e9chelle, d\u2019abord \u00e0 Paris et r\u00e9gion parisienne, puis \u00e0 l\u2019\u00e9chelle nationale.<\/p>\n<p>Ce qui pourrait ressembler \u00e0 un partenariat \u201cclassique\u201d \u2013 prenons par exemple celui de Carrefour avec Gloco \u2013 pour une livraison facilit\u00e9e, semble l\u00e0 \u00eatre un changement d\u2019\u00e9chelle presque \u201cobligatoire\u201d du fait des mesures exceptionnelles auxquelles le pays est soumis.<\/p>\n<p>Les commandes sortiront bien de Carrefour, mais les livraisons seront assur\u00e9es par Uber Eats : l\u2019objectif \u00e9tant bien de \u201ccombiner la force des magasins pr\u00e9parateurs Carrefour et l\u2019agilit\u00e9 de l\u2019application Uber Eats\u201d, d\u00e9clare la directrice digitale et e-commerce de l\u2019enseigne.<\/p>\n<p>On peut imaginer un mod\u00e8le \u00e9conomique partag\u00e9 sous-jacent.<\/p>\n              <\/div>\n            \n                    <\/div>\n      <\/div>\n  <\/div>\n<\/div>\n\n\n<div id=\"block_f63f59e74a17634c3a79d264a016fef1\" class=\"block-textminor\">\n    <div class=\"row\">\n              <div class=\"col-lg-10 col-12\">\n        <div class=\"block-textminor-main\">\n                          <h2 class=\"block-textminor-title h3\">\n                  Avec le Covid-19, la Chine invente la \u201cmain-d\u2019\u0153uvre en libre-service\u201d              <\/h2>\n                                      <div class=\"block-textminor-text\">\n                  <p>Initiative similaire en Chine o\u00f9 les \u201cg\u00e9ants\u201d de la distribution invitent les salari\u00e9s des commerces traditionnels (restaurateurs..) \u00e0 rejoindre l\u2019effort sur des m\u00e9tiers potentiellement \u00e0 moindre valeur ajout\u00e9e, demandant un grand renfort de main d\u2019oeuvre (pr\u00e9paration de commandes, livraison\u2026).<br \/>\nAlibaba et JD.com, par exemple, empruntent des salari\u00e9\u00b7es \u00e0 la restauration, ou \u00e0 d\u2019autres m\u00e9tiers qui risquent de se trouver en difficult\u00e9 (commerces de proximit\u00e9 , karaok\u00e9s..)<br \/>\nEn Chine, le ph\u00e9nom\u00e8ne prend une ampleur massive : peut-on pour autant parler de \u201cmain d\u2019\u0153uvre de libre-service\u201d comme on parlait de l\u2019uberisation ? R\u00e9ponse une fois le retour \u00e0 la normale\u2026. Ou au jour d\u2019apr\u00e8s.<\/p>\n<p>D\u2019un point de vue r\u00e9glementaire, en Chine, ces initiatives se disent \u201cencadr\u00e9es\u201d par des programmes visant \u00e0 prot\u00e9ger les salaires et les prestations d\u2019assurance sociale \u2013 de la part de l\u2019employeur principal : c\u2019est ce \u00e0 quoi s\u2019est engag\u00e9 le minist\u00e8re chinois des ressources humaines et de la s\u00e9curit\u00e9 sociale.<\/p>\n<p>Exemple : l\u2019entreprise Freshippo, propri\u00e9t\u00e9 du g\u00e9ant Alibaba sp\u00e9cialis\u00e9e dans l\u2019alimentation, a employ\u00e9 des anciens employ\u00e9s de restaurants ou des bars karaok\u00e9 \u00e0 Shanghai, P\u00e9kin et dans d\u2019autres villes \u2013 m\u00eame chose du c\u00f4t\u00e9 de 7Fresh, succursale du groupe JD.com.<\/p>\n<p>Ces programmes de \u00abpartage\u00bb autorisent officiellement les employ\u00e9\u00b7es \u00e0 appartenir \u00e0 deux entreprises \u00e0 la fois. Freshippo paye ainsi les personnes pr\u00eat\u00e9es, qui sont toujours sous contrat avec leur employeur initial.<\/p>\n              <\/div>\n            \n                    <\/div>\n      <\/div>\n  <\/div>\n<\/div>\n\n\n<div id=\"block_b37cc133f4db4d753e7a54e2a4b7b89c\" class=\"block-textminor\">\n    <div class=\"row\">\n              <div class=\"col-lg-10 col-12\">\n        <div class=\"block-textminor-main\">\n                          <h2 class=\"block-textminor-title h3\">\n                  En conclusion,              <\/h2>\n                                      <div class=\"block-textminor-text\">\n                  <p>Manque de main-d\u2019\u0153uvre, bouleversement de la logistique et de la distribution, d\u00e9ficit d\u2019importations\u2026 La crise du Covid-19 provoque des ruptures de produits frais, m\u00eame si le spectre de la p\u00e9nurie ne plane pas encore sur la France.<\/p>\n<p>La seconde menace est celle du manque de personnel n\u00e9cessaire \u00e0 l\u2019approvisionnement de produits frais. La transformation alimentaire (abattoirs, emballage, conservation\u2026) est une industrie exigeant des effectifs nombreux; le risque de contamination entre employ\u00e9\u00b7es est donc important. Il est primordial que tout soit mis en \u0153uvre pour prot\u00e9ger les personnes travaillant dans ce secteur.<\/p>\n<p>En p\u00e9riode de r\u00e9colte, les champs europ\u00e9ens d\u00e9pendent \u00e9galement d\u2019une main-d\u2019\u0153uvre massive, mobile et bon march\u00e9. Ces saisonnier\u00b7es arrivent pour la plupart d\u2019Europe de l\u2019Est et d\u2019Afrique du Nord. Mais avec la fermeture de ses fronti\u00e8res, l\u2019Union europ\u00e9enne risque de devoir se passer de cette arm\u00e9e de l\u2019ombre, pourtant indispensable \u00e0 son agriculture.<\/p>\n<p>La p\u00e9riode voit na\u00eetre des partenariats in\u00e9dits, vertueux.. Mais reste \u00e0 \u00e9crire dans quelles conditions ces changements contractuels risquent de bousculer les logiques de l\u2019emploi en vigueur dans les pays.<\/p>\n<p>&nbsp;<\/p>\n<p><em>Laure Barillon, Altavia Nativ &amp; Thierry Strickler, Altavia Watch.d<\/em><\/p>\n<p>&nbsp;<\/p>\n<p><strong>References:<\/strong><\/p>\n<ul>\n<li><a href=\"https:\/\/www.chargedretail.co.uk\/2020\/03\/30\/amazon-staff-to-strike-until-the-building-gets-sanitized-after-another-employee-contracts-virus\/\" target=\"_blank\" rel=\"noopener\">Amazon staff to strike until the building gets sanitized after another employee contracts virus<\/a><\/li>\n<li><a href=\"https:\/\/www.chip.de\/news\/McDonalds-und-Aldi-arbeiten-zusammen-Das-hat-sich-jetzt-in-den-Filialen-geaendert_182574920.html\" target=\"_blank\" rel=\"noopener\">McDonalds und Aldi arbeiten zusammen Das hat sich jetzt in den Filialen geaendert<\/a><\/li>\n<li><a href=\"https:\/\/www.chip.de\/news\/Damit-Supermaerkte-geoeffnet-bleiben-McDonalds-und-Aldi-machen-gemeinsame-Sache_182563577.html\" target=\"_blank\" rel=\"noopener\">Damit Supermaerkte geoeffnet bleiben McDonalds und Aldi machen gemeinsame<\/a><\/li>\n<li><a href=\"https:\/\/www.theverge.com\/2020\/3\/27\/21197699\/lyft-amazon-coronavirus-ridership-decline-job-referral-warehouse-grocery-delivery\" target=\"_blank\" rel=\"noopener\">lyft amazon coronavirus ridership decline job referral warehouse grocery delivery<\/a><\/li>\n<li><a href=\"https:\/\/www.bloomberg.com\/news\/articles\/2020-03-27\/amazon-teams-up-with-lyft-to-recruit-drivers-for-deliveries\" target=\"_blank\" rel=\"noopener\">Amazon teams up with lyft to recruit drivers for deliveries<\/a><\/li>\n<li><a href=\"https:\/\/www.ecommercemag.fr\/Thematique\/retail-1220\/Breves\/Covid-Carrefour-associe-Uber-Eats-livrer-consommateurs-348428.htm?&amp;utm_source=ecv_01_04_2020&amp;utm_medium=email&amp;utm_campaign=newsletter\">Covid Carrefour associe Uber Eats livrer consommateurs<\/a><\/li>\n<li><a href=\"https:\/\/korii.slate.fr\/biz\/chine-entreprises-covid-19-partage-main-oeuvre-flottes-travailleurs-location-libre-service?utm_source=La+kotiidienne&amp;utm_campaign=848f55fc77-EMAIL_CAMPAIGN_2020_03_30_09_16&amp;utm_medium=email&amp;utm_term=0_bcc0e283b6-848f55fc77-131863525\" target=\"_blank\" rel=\"noopener\">Chine entreprises covid-19 partage main oeuvre flottes travailleurs location libre service<\/a><\/li>\n<\/ul>\n              <\/div>\n            \n                    <\/div>\n      <\/div>\n  <\/div>\n<\/div>\n","protected":false},"excerpt":{"rendered":"","protected":false},"author":10,"featured_media":3344,"menu_order":0,"comment_status":"closed","ping_status":"closed","template":"","meta":{"_acf_changed":false,"color_menu":"","footer_color_background":"","featured_image_url":"","footnotes":""},"categories":[],"tags":[],"news-type-taxonomy":[187],"news-topic-taxonomy":[195],"class_list":["post-4211","news","type-news","status-publish","has-post-thumbnail","hentry"],"acf":[],"yoast_head":"<!-- This site is optimized with the Yoast SEO plugin v27.5 - https:\/\/yoast.com\/product\/yoast-seo-wordpress\/ -->\n<title>Retail &amp; COVID - Alliances In\u00e9dites en Crise - Altavia<\/title>\n<meta name=\"description\" content=\"Durant la pand\u00e9mie, Altavia a observ\u00e9 des partenariats novateurs entre marques et distributeurs pour faire face aux bouleversements.\" \/>\n<meta name=\"robots\" content=\"index, follow, max-snippet:-1, max-image-preview:large, max-video-preview:-1\" \/>\n<meta property=\"og:locale\" content=\"fr_FR\" \/>\n<meta property=\"og:type\" content=\"article\" \/>\n<meta property=\"og:title\" content=\"Retail &amp; COVID - Alliances In\u00e9dites en Crise - Altavia\" \/>\n<meta property=\"og:description\" content=\"Durant la pand\u00e9mie, Altavia a observ\u00e9 des partenariats novateurs entre marques et distributeurs pour faire face aux bouleversements.\" \/>\n<meta property=\"og:url\" content=\"https:\/\/altavia-group.com\/fr\/news\/covid-19-des-collaborations-inedites-dans-le-secteur-du-retail\/\" \/>\n<meta property=\"og:site_name\" content=\"Altavia\" \/>\n<meta property=\"article:modified_time\" content=\"2025-03-16T15:53:33+00:00\" \/>\n<meta property=\"og:image\" content=\"https:\/\/altavia-group.com\/wp-content\/uploads\/2025\/03\/COVID-19-collaborations-inedites-dans-le-secteur-du-retail.jpg\" \/>\n\t<meta property=\"og:image:width\" content=\"1024\" \/>\n\t<meta property=\"og:image:height\" content=\"391\" \/>\n\t<meta property=\"og:image:type\" content=\"image\/jpeg\" \/>\n<meta name=\"twitter:card\" content=\"summary_large_image\" \/>\n<meta name=\"twitter:label1\" content=\"Est. reading time\" \/>\n\t<meta name=\"twitter:data1\" content=\"1 minute\" \/>\n<script type=\"application\/ld+json\" class=\"yoast-schema-graph\">{\"@context\":\"https:\\\/\\\/schema.org\",\"@graph\":[{\"@type\":\"WebPage\",\"@id\":\"https:\\\/\\\/altavia-group.com\\\/fr\\\/news\\\/covid-19-des-collaborations-inedites-dans-le-secteur-du-retail\\\/\",\"url\":\"https:\\\/\\\/altavia-group.com\\\/fr\\\/news\\\/covid-19-des-collaborations-inedites-dans-le-secteur-du-retail\\\/\",\"name\":\"Retail & COVID - Alliances In\u00e9dites en Crise - Altavia\",\"isPartOf\":{\"@id\":\"https:\\\/\\\/altavia-group.com\\\/#website\"},\"primaryImageOfPage\":{\"@id\":\"https:\\\/\\\/altavia-group.com\\\/fr\\\/news\\\/covid-19-des-collaborations-inedites-dans-le-secteur-du-retail\\\/#primaryimage\"},\"image\":{\"@id\":\"https:\\\/\\\/altavia-group.com\\\/fr\\\/news\\\/covid-19-des-collaborations-inedites-dans-le-secteur-du-retail\\\/#primaryimage\"},\"thumbnailUrl\":\"https:\\\/\\\/altavia-group.com\\\/wp-content\\\/uploads\\\/2025\\\/03\\\/COVID-19-collaborations-inedites-dans-le-secteur-du-retail.jpg\",\"datePublished\":\"2020-04-06T16:19:00+00:00\",\"dateModified\":\"2025-03-16T15:53:33+00:00\",\"description\":\"Durant la pand\u00e9mie, Altavia a observ\u00e9 des partenariats novateurs entre marques et distributeurs pour faire face aux bouleversements.\",\"breadcrumb\":{\"@id\":\"https:\\\/\\\/altavia-group.com\\\/fr\\\/news\\\/covid-19-des-collaborations-inedites-dans-le-secteur-du-retail\\\/#breadcrumb\"},\"inLanguage\":\"fr-FR\",\"potentialAction\":[{\"@type\":\"ReadAction\",\"target\":[\"https:\\\/\\\/altavia-group.com\\\/fr\\\/news\\\/covid-19-des-collaborations-inedites-dans-le-secteur-du-retail\\\/\"]}]},{\"@type\":\"ImageObject\",\"inLanguage\":\"fr-FR\",\"@id\":\"https:\\\/\\\/altavia-group.com\\\/fr\\\/news\\\/covid-19-des-collaborations-inedites-dans-le-secteur-du-retail\\\/#primaryimage\",\"url\":\"https:\\\/\\\/altavia-group.com\\\/wp-content\\\/uploads\\\/2025\\\/03\\\/COVID-19-collaborations-inedites-dans-le-secteur-du-retail.jpg\",\"contentUrl\":\"https:\\\/\\\/altavia-group.com\\\/wp-content\\\/uploads\\\/2025\\\/03\\\/COVID-19-collaborations-inedites-dans-le-secteur-du-retail.jpg\",\"width\":1024,\"height\":391},{\"@type\":\"BreadcrumbList\",\"@id\":\"https:\\\/\\\/altavia-group.com\\\/fr\\\/news\\\/covid-19-des-collaborations-inedites-dans-le-secteur-du-retail\\\/#breadcrumb\",\"itemListElement\":[{\"@type\":\"ListItem\",\"position\":1,\"name\":\"Home\",\"item\":\"https:\\\/\\\/altavia-group.com\\\/fr\\\/\"},{\"@type\":\"ListItem\",\"position\":2,\"name\":\"News\",\"item\":\"https:\\\/\\\/altavia-group.com\\\/fr\\\/news\\\/\"},{\"@type\":\"ListItem\",\"position\":3,\"name\":\"Covid-19 : des collaborations in\u00e9dites dans le secteur du retail\"}]},{\"@type\":\"WebSite\",\"@id\":\"https:\\\/\\\/altavia-group.com\\\/#website\",\"url\":\"https:\\\/\\\/altavia-group.com\\\/\",\"name\":\"Altavia\",\"description\":\"Let\u2019s unlock our imagination.\",\"publisher\":{\"@id\":\"https:\\\/\\\/altavia-group.com\\\/#organization\"},\"potentialAction\":[{\"@type\":\"SearchAction\",\"target\":{\"@type\":\"EntryPoint\",\"urlTemplate\":\"https:\\\/\\\/altavia-group.com\\\/?s={search_term_string}\"},\"query-input\":{\"@type\":\"PropertyValueSpecification\",\"valueRequired\":true,\"valueName\":\"search_term_string\"}}],\"inLanguage\":\"fr-FR\"},{\"@type\":\"Organization\",\"@id\":\"https:\\\/\\\/altavia-group.com\\\/#organization\",\"name\":\"Altavia\",\"url\":\"https:\\\/\\\/altavia-group.com\\\/\",\"logo\":{\"@type\":\"ImageObject\",\"inLanguage\":\"fr-FR\",\"@id\":\"https:\\\/\\\/altavia-group.com\\\/#\\\/schema\\\/logo\\\/image\\\/\",\"url\":\"http:\\\/\\\/altavia-group.com\\\/wp-content\\\/uploads\\\/2024\\\/12\\\/cropped-favicon-altavia.png\",\"contentUrl\":\"http:\\\/\\\/altavia-group.com\\\/wp-content\\\/uploads\\\/2024\\\/12\\\/cropped-favicon-altavia.png\",\"width\":512,\"height\":512,\"caption\":\"Altavia\"},\"image\":{\"@id\":\"https:\\\/\\\/altavia-group.com\\\/#\\\/schema\\\/logo\\\/image\\\/\"}}]}<\/script>\n<!-- \/ Yoast SEO plugin. -->","yoast_head_json":{"title":"Retail & COVID - Alliances In\u00e9dites en Crise - Altavia","description":"Durant la pand\u00e9mie, Altavia a observ\u00e9 des partenariats novateurs entre marques et distributeurs pour faire face aux bouleversements.","robots":{"index":"index","follow":"follow","max-snippet":"max-snippet:-1","max-image-preview":"max-image-preview:large","max-video-preview":"max-video-preview:-1"},"og_locale":"fr_FR","og_type":"article","og_title":"Retail & COVID - Alliances In\u00e9dites en Crise - Altavia","og_description":"Durant la pand\u00e9mie, Altavia a observ\u00e9 des partenariats novateurs entre marques et distributeurs pour faire face aux bouleversements.","og_url":"https:\/\/altavia-group.com\/fr\/news\/covid-19-des-collaborations-inedites-dans-le-secteur-du-retail\/","og_site_name":"Altavia","article_modified_time":"2025-03-16T15:53:33+00:00","og_image":[{"width":1024,"height":391,"url":"https:\/\/altavia-group.com\/wp-content\/uploads\/2025\/03\/COVID-19-collaborations-inedites-dans-le-secteur-du-retail.jpg","type":"image\/jpeg"}],"twitter_card":"summary_large_image","twitter_misc":{"Est. reading time":"1 minute"},"schema":{"@context":"https:\/\/schema.org","@graph":[{"@type":"WebPage","@id":"https:\/\/altavia-group.com\/fr\/news\/covid-19-des-collaborations-inedites-dans-le-secteur-du-retail\/","url":"https:\/\/altavia-group.com\/fr\/news\/covid-19-des-collaborations-inedites-dans-le-secteur-du-retail\/","name":"Retail & COVID - Alliances In\u00e9dites en Crise - Altavia","isPartOf":{"@id":"https:\/\/altavia-group.com\/#website"},"primaryImageOfPage":{"@id":"https:\/\/altavia-group.com\/fr\/news\/covid-19-des-collaborations-inedites-dans-le-secteur-du-retail\/#primaryimage"},"image":{"@id":"https:\/\/altavia-group.com\/fr\/news\/covid-19-des-collaborations-inedites-dans-le-secteur-du-retail\/#primaryimage"},"thumbnailUrl":"https:\/\/altavia-group.com\/wp-content\/uploads\/2025\/03\/COVID-19-collaborations-inedites-dans-le-secteur-du-retail.jpg","datePublished":"2020-04-06T16:19:00+00:00","dateModified":"2025-03-16T15:53:33+00:00","description":"Durant la pand\u00e9mie, Altavia a observ\u00e9 des partenariats novateurs entre marques et distributeurs pour faire face aux bouleversements.","breadcrumb":{"@id":"https:\/\/altavia-group.com\/fr\/news\/covid-19-des-collaborations-inedites-dans-le-secteur-du-retail\/#breadcrumb"},"inLanguage":"fr-FR","potentialAction":[{"@type":"ReadAction","target":["https:\/\/altavia-group.com\/fr\/news\/covid-19-des-collaborations-inedites-dans-le-secteur-du-retail\/"]}]},{"@type":"ImageObject","inLanguage":"fr-FR","@id":"https:\/\/altavia-group.com\/fr\/news\/covid-19-des-collaborations-inedites-dans-le-secteur-du-retail\/#primaryimage","url":"https:\/\/altavia-group.com\/wp-content\/uploads\/2025\/03\/COVID-19-collaborations-inedites-dans-le-secteur-du-retail.jpg","contentUrl":"https:\/\/altavia-group.com\/wp-content\/uploads\/2025\/03\/COVID-19-collaborations-inedites-dans-le-secteur-du-retail.jpg","width":1024,"height":391},{"@type":"BreadcrumbList","@id":"https:\/\/altavia-group.com\/fr\/news\/covid-19-des-collaborations-inedites-dans-le-secteur-du-retail\/#breadcrumb","itemListElement":[{"@type":"ListItem","position":1,"name":"Home","item":"https:\/\/altavia-group.com\/fr\/"},{"@type":"ListItem","position":2,"name":"News","item":"https:\/\/altavia-group.com\/fr\/news\/"},{"@type":"ListItem","position":3,"name":"Covid-19 : des collaborations in\u00e9dites dans le secteur du retail"}]},{"@type":"WebSite","@id":"https:\/\/altavia-group.com\/#website","url":"https:\/\/altavia-group.com\/","name":"Altavia","description":"Let\u2019s unlock our imagination.","publisher":{"@id":"https:\/\/altavia-group.com\/#organization"},"potentialAction":[{"@type":"SearchAction","target":{"@type":"EntryPoint","urlTemplate":"https:\/\/altavia-group.com\/?s={search_term_string}"},"query-input":{"@type":"PropertyValueSpecification","valueRequired":true,"valueName":"search_term_string"}}],"inLanguage":"fr-FR"},{"@type":"Organization","@id":"https:\/\/altavia-group.com\/#organization","name":"Altavia","url":"https:\/\/altavia-group.com\/","logo":{"@type":"ImageObject","inLanguage":"fr-FR","@id":"https:\/\/altavia-group.com\/#\/schema\/logo\/image\/","url":"http:\/\/altavia-group.com\/wp-content\/uploads\/2024\/12\/cropped-favicon-altavia.png","contentUrl":"http:\/\/altavia-group.com\/wp-content\/uploads\/2024\/12\/cropped-favicon-altavia.png","width":512,"height":512,"caption":"Altavia"},"image":{"@id":"https:\/\/altavia-group.com\/#\/schema\/logo\/image\/"}}]}},"_links":{"self":[{"href":"https:\/\/altavia-group.com\/fr\/wp-json\/wp\/v2\/news\/4211","targetHints":{"allow":["GET"]}}],"collection":[{"href":"https:\/\/altavia-group.com\/fr\/wp-json\/wp\/v2\/news"}],"about":[{"href":"https:\/\/altavia-group.com\/fr\/wp-json\/wp\/v2\/types\/news"}],"author":[{"embeddable":true,"href":"https:\/\/altavia-group.com\/fr\/wp-json\/wp\/v2\/users\/10"}],"replies":[{"embeddable":true,"href":"https:\/\/altavia-group.com\/fr\/wp-json\/wp\/v2\/comments?post=4211"}],"version-history":[{"count":0,"href":"https:\/\/altavia-group.com\/fr\/wp-json\/wp\/v2\/news\/4211\/revisions"}],"wp:featuredmedia":[{"embeddable":true,"href":"https:\/\/altavia-group.com\/fr\/wp-json\/wp\/v2\/media\/3344"}],"wp:attachment":[{"href":"https:\/\/altavia-group.com\/fr\/wp-json\/wp\/v2\/media?parent=4211"}],"wp:term":[{"taxonomy":"category","embeddable":true,"href":"https:\/\/altavia-group.com\/fr\/wp-json\/wp\/v2\/categories?post=4211"},{"taxonomy":"post_tag","embeddable":true,"href":"https:\/\/altavia-group.com\/fr\/wp-json\/wp\/v2\/tags?post=4211"},{"taxonomy":"news-type-taxonomy","embeddable":true,"href":"https:\/\/altavia-group.com\/fr\/wp-json\/wp\/v2\/news-type-taxonomy?post=4211"},{"taxonomy":"news-topic-taxonomy","embeddable":true,"href":"https:\/\/altavia-group.com\/fr\/wp-json\/wp\/v2\/news-topic-taxonomy?post=4211"}],"curies":[{"name":"wp","href":"https:\/\/api.w.org\/{rel}","templated":true}]}}