{"id":4303,"date":"2023-07-06T18:05:00","date_gmt":"2023-07-06T17:05:00","guid":{"rendered":"https:\/\/altavia-group.com\/?post_type=news&#038;p=4303"},"modified":"2025-03-25T15:13:23","modified_gmt":"2025-03-25T14:13:23","slug":"les-grands-prix-focus-retail-sont-de-retour","status":"publish","type":"news","link":"https:\/\/altavia-group.com\/fr\/news\/les-grands-prix-focus-retail-sont-de-retour\/","title":{"rendered":"Les Grands Prix Focus Retail sont de retour !"},"content":{"rendered":"<div id=\"block_0fdc1d652e4e46e0b9271118a0b090e2\" class=\"block-textminor\">\n    <div class=\"row\">\n              <div class=\"col-lg-10 col-12\">\n        <div class=\"block-textminor-main\">\n                                      <div class=\"block-textminor-text\">\n                  <div class=\"grve-element grve-text grve-animated-item grve-fade-in-up grve-duration-normal grve-animated\" data-delay=\"200\">\n<p>Vous souhaitez y participer ?<\/p>\n<p>D\u00e9posez d\u00e8s \u00e0 pr\u00e9sent votre candidature pour l\u2019une des 5 cat\u00e9gories :<\/p>\n<ul>\n<li>Exp\u00e9rience Client en magasin de l\u2019ann\u00e9e<\/li>\n<li>Innovation Retail de l\u2019ann\u00e9e<\/li>\n<li>Retail Tech de l\u2019ann\u00e9e<\/li>\n<li>Initiative Responsable de l\u2019ann\u00e9e<\/li>\n<li>Transformation Retail de l\u2019ann\u00e9e<\/li>\n<\/ul>\n<\/div>\n<div class=\"grve-empty-space grve-height-1x\"><span style=\"background-color: var(--bs-body-bg); color: var(--bs-body-color); font-family: var(--bs-body-font-family); font-size: var(--bs-body-font-size); font-weight: var(--bs-body-font-weight); text-align: var(--bs-body-text-align);\">? Le palmar\u00e8s sera d\u00e9voil\u00e9 <\/span><strong style=\"background-color: var(--bs-body-bg); color: var(--bs-body-color); font-family: var(--bs-body-font-family); font-size: var(--bs-body-font-size); text-align: var(--bs-body-text-align);\">le 16 Octobre 2023 \u00e0 21h30<\/strong><span style=\"background-color: var(--bs-body-bg); color: var(--bs-body-color); font-family: var(--bs-body-font-family); font-size: var(--bs-body-font-size); font-weight: var(--bs-body-font-weight); text-align: var(--bs-body-text-align);\">\u00a0sur BFM Business lors d\u2019une \u00e9mission sp\u00e9ciale anim\u00e9e par No\u00e9mie Wira et Stephane Pedrazzi !<\/span><\/div>\n<div class=\"grve-element grve-text grve-animated-item grve-fade-in-up grve-duration-normal grve-animated\" data-delay=\"200\">\n<p>? Cl\u00f4ture des inscriptions : <strong>Mardi 5 Septembre 2023 !<\/strong><\/p>\n<\/div>\n              <\/div>\n            \n                          <div class=\"block-textminor-ctas\">\n                                                        <div class=\"block-textminor-link\">\n                      <a target=\"_blank\"\n                         href=\"https:\/\/www.lesgrandsprixfocusretail.com\/\"\n                         class=\"simple-link\">\n                        <i class=\"icon icon-arrow-right\"><\/i>\n                          Vous souhaitez d\u00e9poser votre candidature ?                      <\/a>\n                    <\/div>\n                                <\/div>\n                    <\/div>\n      <\/div>\n  <\/div>\n<\/div>\n\n\n<div id=\"block_35d364633cbdb4bea79441d8a31aa41f\"\n     class=\"block-mediafull js-mediafull  cursor-video \">\n                      <div class=\"block-mediafull-oembed  js-mediafull-video cursor-video\">\n                    <div class=\"fluid-width-video js-mediafull-youtube\">\n                        <iframe loading=\"lazy\" title=\"BA GRANDS PRIX FOCUS RETAIL 2023\" width=\"640\" height=\"360\" src=\"https:\/\/www.youtube.com\/embed\/7pU2iPaqjS8?feature=oembed&#038;autoplay=0&#038;rel=0&#038;iv_load_policy=3&#038;controls=0&#038;disablekb=1&#038;showinfo=0&#038;loop=1&#038;mute=0\" frameborder=\"0\" allow=\"accelerometer; autoplay; clipboard-write; encrypted-media; gyroscope; picture-in-picture; web-share\" referrerpolicy=\"strict-origin-when-cross-origin\" allowfullscreen frameborder=\"0\"><\/iframe>                    <\/div>\n                  <\/div>\n                    <\/div>\n","protected":false},"excerpt":{"rendered":"<p>Cette ann\u00e9e encore, BFM Business et ALTAVIA s\u2019associent pour promouvoir les acteurs du retail qui innovent et transforment le commerce.<br \/>\nL\u2019occasion id\u00e9ale pour valoriser vos initiatives !<\/p>\n","protected":false},"author":10,"featured_media":4304,"menu_order":0,"comment_status":"closed","ping_status":"closed","template":"","meta":{"_acf_changed":false,"color_menu":"","footer_color_background":"","featured_image_url":"","footnotes":""},"categories":[],"tags":[],"news-type-taxonomy":[136],"news-topic-taxonomy":[],"class_list":["post-4303","news","type-news","status-publish","has-post-thumbnail","hentry"],"acf":[],"yoast_head":"<!-- This site is optimized with the Yoast SEO plugin v27.5 - https:\/\/yoast.com\/product\/yoast-seo-wordpress\/ -->\n<title>Grands Prix Focus Retail \u00c9dition 2024 - Altavia<\/title>\n<meta name=\"description\" content=\"Les Grands Prix Focus Retail r\u00e9compensent les meilleures innovations commerciales. D\u00e9couvrez les laur\u00e9ats et tendances de l\u2019ann\u00e9e.\" \/>\n<meta name=\"robots\" content=\"index, follow, max-snippet:-1, max-image-preview:large, max-video-preview:-1\" \/>\n<meta property=\"og:locale\" content=\"fr_FR\" \/>\n<meta property=\"og:type\" content=\"article\" \/>\n<meta property=\"og:title\" content=\"Grands Prix Focus Retail \u00c9dition 2024 - Altavia\" \/>\n<meta property=\"og:description\" content=\"Les Grands Prix Focus Retail r\u00e9compensent les meilleures innovations commerciales. D\u00e9couvrez les laur\u00e9ats et tendances de l\u2019ann\u00e9e.\" \/>\n<meta property=\"og:url\" content=\"https:\/\/altavia-group.com\/fr\/news\/les-grands-prix-focus-retail-sont-de-retour\/\" \/>\n<meta property=\"og:site_name\" content=\"Altavia\" \/>\n<meta property=\"article:modified_time\" content=\"2025-03-25T14:13:23+00:00\" \/>\n<meta property=\"og:image\" content=\"https:\/\/altavia-group.com\/wp-content\/uploads\/2025\/03\/photo-grand-prix-focus-retail-2023.jpg\" \/>\n\t<meta property=\"og:image:width\" content=\"600\" \/>\n\t<meta property=\"og:image:height\" content=\"315\" \/>\n\t<meta property=\"og:image:type\" content=\"image\/jpeg\" \/>\n<meta name=\"twitter:card\" content=\"summary_large_image\" \/>\n<meta name=\"twitter:label1\" content=\"Est. reading time\" \/>\n\t<meta name=\"twitter:data1\" content=\"1 minute\" \/>\n<script type=\"application\/ld+json\" class=\"yoast-schema-graph\">{\"@context\":\"https:\\\/\\\/schema.org\",\"@graph\":[{\"@type\":\"WebPage\",\"@id\":\"https:\\\/\\\/altavia-group.com\\\/fr\\\/news\\\/les-grands-prix-focus-retail-sont-de-retour\\\/\",\"url\":\"https:\\\/\\\/altavia-group.com\\\/fr\\\/news\\\/les-grands-prix-focus-retail-sont-de-retour\\\/\",\"name\":\"Grands Prix Focus Retail \u00c9dition 2024 - Altavia\",\"isPartOf\":{\"@id\":\"https:\\\/\\\/altavia-group.com\\\/#website\"},\"primaryImageOfPage\":{\"@id\":\"https:\\\/\\\/altavia-group.com\\\/fr\\\/news\\\/les-grands-prix-focus-retail-sont-de-retour\\\/#primaryimage\"},\"image\":{\"@id\":\"https:\\\/\\\/altavia-group.com\\\/fr\\\/news\\\/les-grands-prix-focus-retail-sont-de-retour\\\/#primaryimage\"},\"thumbnailUrl\":\"https:\\\/\\\/altavia-group.com\\\/wp-content\\\/uploads\\\/2025\\\/03\\\/photo-grand-prix-focus-retail-2023.jpg\",\"datePublished\":\"2023-07-06T17:05:00+00:00\",\"dateModified\":\"2025-03-25T14:13:23+00:00\",\"description\":\"Les Grands Prix Focus Retail r\u00e9compensent les meilleures innovations commerciales. D\u00e9couvrez les laur\u00e9ats et tendances de l\u2019ann\u00e9e.\",\"breadcrumb\":{\"@id\":\"https:\\\/\\\/altavia-group.com\\\/fr\\\/news\\\/les-grands-prix-focus-retail-sont-de-retour\\\/#breadcrumb\"},\"inLanguage\":\"fr-FR\",\"potentialAction\":[{\"@type\":\"ReadAction\",\"target\":[\"https:\\\/\\\/altavia-group.com\\\/fr\\\/news\\\/les-grands-prix-focus-retail-sont-de-retour\\\/\"]}]},{\"@type\":\"ImageObject\",\"inLanguage\":\"fr-FR\",\"@id\":\"https:\\\/\\\/altavia-group.com\\\/fr\\\/news\\\/les-grands-prix-focus-retail-sont-de-retour\\\/#primaryimage\",\"url\":\"https:\\\/\\\/altavia-group.com\\\/wp-content\\\/uploads\\\/2025\\\/03\\\/photo-grand-prix-focus-retail-2023.jpg\",\"contentUrl\":\"https:\\\/\\\/altavia-group.com\\\/wp-content\\\/uploads\\\/2025\\\/03\\\/photo-grand-prix-focus-retail-2023.jpg\",\"width\":600,\"height\":315},{\"@type\":\"BreadcrumbList\",\"@id\":\"https:\\\/\\\/altavia-group.com\\\/fr\\\/news\\\/les-grands-prix-focus-retail-sont-de-retour\\\/#breadcrumb\",\"itemListElement\":[{\"@type\":\"ListItem\",\"position\":1,\"name\":\"Home\",\"item\":\"https:\\\/\\\/altavia-group.com\\\/fr\\\/\"},{\"@type\":\"ListItem\",\"position\":2,\"name\":\"News\",\"item\":\"https:\\\/\\\/altavia-group.com\\\/fr\\\/news\\\/\"},{\"@type\":\"ListItem\",\"position\":3,\"name\":\"Les Grands Prix Focus Retail sont de retour !\"}]},{\"@type\":\"WebSite\",\"@id\":\"https:\\\/\\\/altavia-group.com\\\/#website\",\"url\":\"https:\\\/\\\/altavia-group.com\\\/\",\"name\":\"Altavia\",\"description\":\"Let\u2019s unlock our imagination.\",\"publisher\":{\"@id\":\"https:\\\/\\\/altavia-group.com\\\/#organization\"},\"potentialAction\":[{\"@type\":\"SearchAction\",\"target\":{\"@type\":\"EntryPoint\",\"urlTemplate\":\"https:\\\/\\\/altavia-group.com\\\/?s={search_term_string}\"},\"query-input\":{\"@type\":\"PropertyValueSpecification\",\"valueRequired\":true,\"valueName\":\"search_term_string\"}}],\"inLanguage\":\"fr-FR\"},{\"@type\":\"Organization\",\"@id\":\"https:\\\/\\\/altavia-group.com\\\/#organization\",\"name\":\"Altavia\",\"url\":\"https:\\\/\\\/altavia-group.com\\\/\",\"logo\":{\"@type\":\"ImageObject\",\"inLanguage\":\"fr-FR\",\"@id\":\"https:\\\/\\\/altavia-group.com\\\/#\\\/schema\\\/logo\\\/image\\\/\",\"url\":\"http:\\\/\\\/altavia-group.com\\\/wp-content\\\/uploads\\\/2024\\\/12\\\/cropped-favicon-altavia.png\",\"contentUrl\":\"http:\\\/\\\/altavia-group.com\\\/wp-content\\\/uploads\\\/2024\\\/12\\\/cropped-favicon-altavia.png\",\"width\":512,\"height\":512,\"caption\":\"Altavia\"},\"image\":{\"@id\":\"https:\\\/\\\/altavia-group.com\\\/#\\\/schema\\\/logo\\\/image\\\/\"}}]}<\/script>\n<!-- \/ Yoast SEO plugin. -->","yoast_head_json":{"title":"Grands Prix Focus Retail \u00c9dition 2024 - Altavia","description":"Les Grands Prix Focus Retail r\u00e9compensent les meilleures innovations commerciales. D\u00e9couvrez les laur\u00e9ats et tendances de l\u2019ann\u00e9e.","robots":{"index":"index","follow":"follow","max-snippet":"max-snippet:-1","max-image-preview":"max-image-preview:large","max-video-preview":"max-video-preview:-1"},"og_locale":"fr_FR","og_type":"article","og_title":"Grands Prix Focus Retail \u00c9dition 2024 - Altavia","og_description":"Les Grands Prix Focus Retail r\u00e9compensent les meilleures innovations commerciales. D\u00e9couvrez les laur\u00e9ats et tendances de l\u2019ann\u00e9e.","og_url":"https:\/\/altavia-group.com\/fr\/news\/les-grands-prix-focus-retail-sont-de-retour\/","og_site_name":"Altavia","article_modified_time":"2025-03-25T14:13:23+00:00","og_image":[{"width":600,"height":315,"url":"https:\/\/altavia-group.com\/wp-content\/uploads\/2025\/03\/photo-grand-prix-focus-retail-2023.jpg","type":"image\/jpeg"}],"twitter_card":"summary_large_image","twitter_misc":{"Est. reading time":"1 minute"},"schema":{"@context":"https:\/\/schema.org","@graph":[{"@type":"WebPage","@id":"https:\/\/altavia-group.com\/fr\/news\/les-grands-prix-focus-retail-sont-de-retour\/","url":"https:\/\/altavia-group.com\/fr\/news\/les-grands-prix-focus-retail-sont-de-retour\/","name":"Grands Prix Focus Retail \u00c9dition 2024 - Altavia","isPartOf":{"@id":"https:\/\/altavia-group.com\/#website"},"primaryImageOfPage":{"@id":"https:\/\/altavia-group.com\/fr\/news\/les-grands-prix-focus-retail-sont-de-retour\/#primaryimage"},"image":{"@id":"https:\/\/altavia-group.com\/fr\/news\/les-grands-prix-focus-retail-sont-de-retour\/#primaryimage"},"thumbnailUrl":"https:\/\/altavia-group.com\/wp-content\/uploads\/2025\/03\/photo-grand-prix-focus-retail-2023.jpg","datePublished":"2023-07-06T17:05:00+00:00","dateModified":"2025-03-25T14:13:23+00:00","description":"Les Grands Prix Focus Retail r\u00e9compensent les meilleures innovations commerciales. D\u00e9couvrez les laur\u00e9ats et tendances de l\u2019ann\u00e9e.","breadcrumb":{"@id":"https:\/\/altavia-group.com\/fr\/news\/les-grands-prix-focus-retail-sont-de-retour\/#breadcrumb"},"inLanguage":"fr-FR","potentialAction":[{"@type":"ReadAction","target":["https:\/\/altavia-group.com\/fr\/news\/les-grands-prix-focus-retail-sont-de-retour\/"]}]},{"@type":"ImageObject","inLanguage":"fr-FR","@id":"https:\/\/altavia-group.com\/fr\/news\/les-grands-prix-focus-retail-sont-de-retour\/#primaryimage","url":"https:\/\/altavia-group.com\/wp-content\/uploads\/2025\/03\/photo-grand-prix-focus-retail-2023.jpg","contentUrl":"https:\/\/altavia-group.com\/wp-content\/uploads\/2025\/03\/photo-grand-prix-focus-retail-2023.jpg","width":600,"height":315},{"@type":"BreadcrumbList","@id":"https:\/\/altavia-group.com\/fr\/news\/les-grands-prix-focus-retail-sont-de-retour\/#breadcrumb","itemListElement":[{"@type":"ListItem","position":1,"name":"Home","item":"https:\/\/altavia-group.com\/fr\/"},{"@type":"ListItem","position":2,"name":"News","item":"https:\/\/altavia-group.com\/fr\/news\/"},{"@type":"ListItem","position":3,"name":"Les Grands Prix Focus Retail sont de retour !"}]},{"@type":"WebSite","@id":"https:\/\/altavia-group.com\/#website","url":"https:\/\/altavia-group.com\/","name":"Altavia","description":"Let\u2019s unlock our imagination.","publisher":{"@id":"https:\/\/altavia-group.com\/#organization"},"potentialAction":[{"@type":"SearchAction","target":{"@type":"EntryPoint","urlTemplate":"https:\/\/altavia-group.com\/?s={search_term_string}"},"query-input":{"@type":"PropertyValueSpecification","valueRequired":true,"valueName":"search_term_string"}}],"inLanguage":"fr-FR"},{"@type":"Organization","@id":"https:\/\/altavia-group.com\/#organization","name":"Altavia","url":"https:\/\/altavia-group.com\/","logo":{"@type":"ImageObject","inLanguage":"fr-FR","@id":"https:\/\/altavia-group.com\/#\/schema\/logo\/image\/","url":"http:\/\/altavia-group.com\/wp-content\/uploads\/2024\/12\/cropped-favicon-altavia.png","contentUrl":"http:\/\/altavia-group.com\/wp-content\/uploads\/2024\/12\/cropped-favicon-altavia.png","width":512,"height":512,"caption":"Altavia"},"image":{"@id":"https:\/\/altavia-group.com\/#\/schema\/logo\/image\/"}}]}},"_links":{"self":[{"href":"https:\/\/altavia-group.com\/fr\/wp-json\/wp\/v2\/news\/4303","targetHints":{"allow":["GET"]}}],"collection":[{"href":"https:\/\/altavia-group.com\/fr\/wp-json\/wp\/v2\/news"}],"about":[{"href":"https:\/\/altavia-group.com\/fr\/wp-json\/wp\/v2\/types\/news"}],"author":[{"embeddable":true,"href":"https:\/\/altavia-group.com\/fr\/wp-json\/wp\/v2\/users\/10"}],"replies":[{"embeddable":true,"href":"https:\/\/altavia-group.com\/fr\/wp-json\/wp\/v2\/comments?post=4303"}],"version-history":[{"count":0,"href":"https:\/\/altavia-group.com\/fr\/wp-json\/wp\/v2\/news\/4303\/revisions"}],"wp:featuredmedia":[{"embeddable":true,"href":"https:\/\/altavia-group.com\/fr\/wp-json\/wp\/v2\/media\/4304"}],"wp:attachment":[{"href":"https:\/\/altavia-group.com\/fr\/wp-json\/wp\/v2\/media?parent=4303"}],"wp:term":[{"taxonomy":"category","embeddable":true,"href":"https:\/\/altavia-group.com\/fr\/wp-json\/wp\/v2\/categories?post=4303"},{"taxonomy":"post_tag","embeddable":true,"href":"https:\/\/altavia-group.com\/fr\/wp-json\/wp\/v2\/tags?post=4303"},{"taxonomy":"news-type-taxonomy","embeddable":true,"href":"https:\/\/altavia-group.com\/fr\/wp-json\/wp\/v2\/news-type-taxonomy?post=4303"},{"taxonomy":"news-topic-taxonomy","embeddable":true,"href":"https:\/\/altavia-group.com\/fr\/wp-json\/wp\/v2\/news-topic-taxonomy?post=4303"}],"curies":[{"name":"wp","href":"https:\/\/api.w.org\/{rel}","templated":true}]}}