{"id":5934,"date":"2025-07-01T14:37:14","date_gmt":"2025-07-01T13:37:14","guid":{"rendered":"https:\/\/altavia-group.com\/?post_type=news&#038;p=5934"},"modified":"2026-03-18T09:56:45","modified_gmt":"2026-03-18T08:56:45","slug":"5-ans-de-rencontres-humaines-et-dimpact-positif-pour-altavia-foundation","status":"publish","type":"news","link":"https:\/\/altavia-group.com\/fr\/news\/5-ans-de-rencontres-humaines-et-dimpact-positif-pour-altavia-foundation\/","title":{"rendered":"5 ans de \u201crencontres humaines et d\u2019impact positif\u201d pour Altavia Foundation"},"content":{"rendered":"<div id=\"block_c55b2351177b409af92c4aab23d0e259\" class=\"block-textminor\">\n    <div class=\"row\">\n              <div class=\"col-lg-10 col-12\">\n        <div class=\"block-textminor-main\">\n                                      <div class=\"block-textminor-text\">\n                  <p><b>Altavia Foundation f\u00eate ses 5 ans cette ann\u00e9e. Peux-tu nous raconter comment l\u2019aventure a commenc\u00e9 ?<\/b><\/p>\n<p><span style=\"font-weight: 400;\">Il y a cinq ans, Rapha\u00ebl Palti et moi avons d\u00e9cid\u00e9 de cr\u00e9er Altavia Foundation, une structure \u00e0 but non lucratif au sein du groupe. Pourquoi ? L\u2019id\u00e9e \u00e9tait de structurer notre m\u00e9c\u00e9nat d\u2019entreprise, qui existait d\u00e9j\u00e0 de mani\u00e8re informelle. Mais surtout, de le renforcer en poursuivant une mission claire et nouvelle : soutenir le micro-commerce. Par \u00ab\u00a0micro-commerce\u00a0\u00bb, nous entendons toute activit\u00e9 ind\u00e9pendante de petite taille, qu\u2019elle rel\u00e8ve du commerce, de l\u2019artisanat ou de la prestation de services.<\/span><\/p>\n<p>&nbsp;<\/p>\n<p><b>Quelles sont aujourd\u2019hui ses principales missions et initiatives, comme \u201cSmall is Big\u201d ?<\/b><\/p>\n<p><span style=\"font-weight: 400;\">Altavia Foundation a tr\u00e8s vite grandi \u2013 comme une start-up \u2013 avec la volont\u00e9 d\u2019agir directement. D\u2019abord, nous enrichissons r\u00e9guli\u00e8rement notre plateforme<\/span><a href=\"https:\/\/www.microco.com\"> <span style=\"font-weight: 400;\">microco.com<\/span><\/a><span style=\"font-weight: 400;\"> avec de nouvelles ressources : podcasts, masterclass, articles et tutoriels pour accompagner les entrepreneurs ou futurs entrepreneurs. Nous avons aussi am\u00e9lior\u00e9 la navigation du site du point de vue de l\u2019exp\u00e9rience utilisateur.\u00a0<\/span><\/p>\n<p><span style=\"font-weight: 400;\">Ensuite, nous continuons \u00e0 organiser chaque ann\u00e9e notre festival \u201cSmall is Big\u201d. Chaque \u00e9dition est plus ambitieuse que la pr\u00e9c\u00e9dente. La derni\u00e8re fois, nous avons accueilli plus de 40 micro-commer\u00e7ants dans notre village, et nous avons lanc\u00e9 une nouvelle offre : les sessions de speed coaching. Nous accompagnons \u00e9galement chaque ann\u00e9e une vingtaine d\u2019entrepreneurs, dont les laur\u00e9ats de \u201cSmall is Big\u201d, \u00e0 travers des missions de pro bono. Ce sont tous des entrepreneurs ind\u00e9pendants \u2013 commer\u00e7ants, artisans, TPE \u2013 qui ont besoin de conseils en strat\u00e9gie, branding, community management, pr\u00e9media, marketing digital, etc. Mon \u00e9quipe et moi jouons un r\u00f4le d\u2019interm\u00e9diaire pour mettre en relation les besoins des entrepreneurs avec les bons experts. Tous les experts sont des collaborateurs du groupe Altavia.<\/span><\/p>\n<p><span style=\"font-weight: 400;\">Enfin, avec plusieurs partenaires, nous avons contribu\u00e9 \u00e0 faire \u00e9merger une \u00e9tude majeure : <\/span><b>\u201cAu-del\u00e0 du commerce\u201d<\/b><span style=\"font-weight: 400;\">. Gr\u00e2ce \u00e0 une m\u00e9thodologie innovante, cette \u00e9tude met en lumi\u00e8re la valeur non marchande cr\u00e9\u00e9e par les commer\u00e7ants de proximit\u00e9. Les conclusions sont claires : les micro-entreprises et les commerces ind\u00e9pendants sont des piliers essentiels de nos villes \u2014 pour le lien social, la solidarit\u00e9 locale, la vie de quartier, la sant\u00e9, la s\u00e9curit\u00e9, l\u2019environnement et l\u2019espace public.<\/span><\/p>\n<p>&nbsp;<\/p>\n<p><b>En cinq ans, Altavia Foundation a d\u00e9j\u00e0 pos\u00e9 des bases solides. Quels sont selon toi les temps forts ou les plus belles r\u00e9ussites de cette aventure collective ?<\/b><\/p>\n<p><span style=\"font-weight: 400;\">Je suis fi\u00e8re des avanc\u00e9es sur chacun de nos projets. Mais ce qui me marque le plus, ce sont les rencontres humaines et l\u2019impact positif que nous avons pu avoir sur le parcours de certains entrepreneurs.<\/span><\/p>\n<p><span style=\"font-weight: 400;\">Je profite de l\u2019occasion pour remercier tous les Altaviens engag\u00e9s dans les missions de pro bono. Leur engagement \u2013 un b\u00e9n\u00e9volat bas\u00e9 sur leurs comp\u00e9tences \u2013 a permis d\u2019am\u00e9liorer et d\u2019acc\u00e9l\u00e9rer les activit\u00e9s des entrepreneurs accompagn\u00e9s.<\/span><\/p>\n<p>&nbsp;<\/p>\n<p><b>Et pour la suite : quelles sont les prochaines \u00e9tapes pour Altavia Foundation ?<\/b><\/p>\n<p><span style=\"font-weight: 400;\">Nous avons de grandes ambitions ! Nous allons ouvrir une boutique \u00e0 Saint-Ouen (France), pour permettre \u00e0 des entrepreneurs de tester leur mod\u00e8le et leur offre. Fid\u00e8le \u00e0 l\u2019esprit \u201cSmall is Big\u201d, 10 entrepreneurs seront s\u00e9lectionn\u00e9s tous les 3 mois pour b\u00e9n\u00e9ficier de ce dispositif. Le loyer sera tr\u00e8s faible, afin de rendre ce tremplin accessible \u00e0 ceux qui ne peuvent pas encore assumer le co\u00fbt d\u2019un local. Nous allons aussi amener \u201cSmall is Big\u201d dans les centres commerciaux ! Oui, c\u2019est bien vrai : notre id\u00e9e est d\u2019y cr\u00e9er une exp\u00e9rience unique, de faire d\u00e9couvrir l\u2019artisanat au grand public, et de promouvoir l\u2019achat local.<\/span><\/p>\n<p>&nbsp;<\/p>\n<p><b>Ne ratez aucun des futurs projets d\u2019Altavia Foundation !<\/b><b><br \/>\n<\/b><span style=\"font-weight: 400;\">Restez connect\u00e9s :<\/span><span style=\"font-weight: 400;\"><br \/>\n<\/span><span style=\"font-weight: 400;\">Instagram :<\/span><a href=\"https:\/\/www.instagram.com\/microco_\/\"> <span style=\"font-weight: 400;\">@microco_<\/span><span style=\"font-weight: 400;\"><br \/>\n<\/span><\/a><span style=\"font-weight: 400;\">LinkedIn :<\/span><a href=\"https:\/\/www.linkedin.com\/company\/altavia-foundation\/?viewAsMember=true\"> <span style=\"font-weight: 400;\">Altavia Foundation<\/span><span style=\"font-weight: 400;\"><br \/>\n<\/span><\/a><span style=\"font-weight: 400;\">Podcast :<\/span> <a href=\"http:\/\/microco.com\/podcast\"><span style=\"font-weight: 400;\">microco.com\/podcast<\/span><\/a><\/p>\n              <\/div>\n            \n                    <\/div>\n      <\/div>\n  <\/div>\n<\/div>\n","protected":false},"excerpt":{"rendered":"<p>\u00c0 l\u2019occasion des 5 ans d\u2019Altavia Foundation, Coralie Abram-Palti prend la parole dans nos colonnes. De la structuration du m\u00e9c\u00e9nat d\u2019entreprise au soutien actif des micro-entrepreneurs, elle revient sur les temps forts de cette aventure humaine et collective, et l\u00e8ve le voile sur les projets ambitieux \u00e0 venir.<\/p>\n","protected":false},"author":10,"featured_media":5979,"menu_order":0,"comment_status":"closed","ping_status":"closed","template":"","meta":{"_acf_changed":true,"color_menu":"","footer_color_background":"","featured_image_url":"","footnotes":""},"categories":[],"tags":[],"news-type-taxonomy":[],"news-topic-taxonomy":[],"class_list":["post-5934","news","type-news","status-publish","has-post-thumbnail","hentry"],"acf":[],"yoast_head":"<!-- This site is optimized with the Yoast SEO plugin v27.5 - https:\/\/yoast.com\/product\/yoast-seo-wordpress\/ -->\n<title>Altavia Foundation : 5 ans d&#039;impact social et humain<\/title>\n<meta name=\"description\" content=\"\u00c0 l&#039;occasion de ses 5 ans, Altavia Foundation dresse le bilan de ses actions. D\u00e9couvrez nos initiatives pour le micro-commerce et l&#039;inclusion sociale.\" \/>\n<meta name=\"robots\" content=\"index, follow, max-snippet:-1, max-image-preview:large, max-video-preview:-1\" \/>\n<meta property=\"og:locale\" content=\"fr_FR\" \/>\n<meta property=\"og:type\" content=\"article\" \/>\n<meta property=\"og:title\" content=\"Altavia Foundation : 5 ans d&#039;impact social et humain\" \/>\n<meta property=\"og:description\" content=\"\u00c0 l&#039;occasion de ses 5 ans, Altavia Foundation dresse le bilan de ses actions. D\u00e9couvrez nos initiatives pour le micro-commerce et l&#039;inclusion sociale.\" \/>\n<meta property=\"og:url\" content=\"https:\/\/altavia-group.com\/fr\/news\/5-ans-de-rencontres-humaines-et-dimpact-positif-pour-altavia-foundation\/\" \/>\n<meta property=\"og:site_name\" content=\"Altavia\" \/>\n<meta property=\"article:modified_time\" content=\"2026-03-18T08:56:45+00:00\" \/>\n<meta property=\"og:image\" content=\"https:\/\/altavia-group.com\/wp-content\/uploads\/2025\/07\/Equipe-Foundation.png\" \/>\n\t<meta property=\"og:image:width\" content=\"720\" \/>\n\t<meta property=\"og:image:height\" content=\"540\" \/>\n\t<meta property=\"og:image:type\" content=\"image\/png\" \/>\n<meta name=\"twitter:card\" content=\"summary_large_image\" \/>\n<meta name=\"twitter:label1\" content=\"Est. reading time\" \/>\n\t<meta name=\"twitter:data1\" content=\"1 minute\" \/>\n<script type=\"application\/ld+json\" class=\"yoast-schema-graph\">{\"@context\":\"https:\\\/\\\/schema.org\",\"@graph\":[{\"@type\":\"WebPage\",\"@id\":\"https:\\\/\\\/altavia-group.com\\\/fr\\\/news\\\/5-ans-de-rencontres-humaines-et-dimpact-positif-pour-altavia-foundation\\\/\",\"url\":\"https:\\\/\\\/altavia-group.com\\\/fr\\\/news\\\/5-ans-de-rencontres-humaines-et-dimpact-positif-pour-altavia-foundation\\\/\",\"name\":\"Altavia Foundation : 5 ans d'impact social et humain\",\"isPartOf\":{\"@id\":\"https:\\\/\\\/altavia-group.com\\\/#website\"},\"primaryImageOfPage\":{\"@id\":\"https:\\\/\\\/altavia-group.com\\\/fr\\\/news\\\/5-ans-de-rencontres-humaines-et-dimpact-positif-pour-altavia-foundation\\\/#primaryimage\"},\"image\":{\"@id\":\"https:\\\/\\\/altavia-group.com\\\/fr\\\/news\\\/5-ans-de-rencontres-humaines-et-dimpact-positif-pour-altavia-foundation\\\/#primaryimage\"},\"thumbnailUrl\":\"https:\\\/\\\/altavia-group.com\\\/wp-content\\\/uploads\\\/2025\\\/07\\\/Equipe-Foundation.png\",\"datePublished\":\"2025-07-01T13:37:14+00:00\",\"dateModified\":\"2026-03-18T08:56:45+00:00\",\"description\":\"\u00c0 l'occasion de ses 5 ans, Altavia Foundation dresse le bilan de ses actions. D\u00e9couvrez nos initiatives pour le micro-commerce et l'inclusion sociale.\",\"breadcrumb\":{\"@id\":\"https:\\\/\\\/altavia-group.com\\\/fr\\\/news\\\/5-ans-de-rencontres-humaines-et-dimpact-positif-pour-altavia-foundation\\\/#breadcrumb\"},\"inLanguage\":\"fr-FR\",\"potentialAction\":[{\"@type\":\"ReadAction\",\"target\":[\"https:\\\/\\\/altavia-group.com\\\/fr\\\/news\\\/5-ans-de-rencontres-humaines-et-dimpact-positif-pour-altavia-foundation\\\/\"]}]},{\"@type\":\"ImageObject\",\"inLanguage\":\"fr-FR\",\"@id\":\"https:\\\/\\\/altavia-group.com\\\/fr\\\/news\\\/5-ans-de-rencontres-humaines-et-dimpact-positif-pour-altavia-foundation\\\/#primaryimage\",\"url\":\"https:\\\/\\\/altavia-group.com\\\/wp-content\\\/uploads\\\/2025\\\/07\\\/Equipe-Foundation.png\",\"contentUrl\":\"https:\\\/\\\/altavia-group.com\\\/wp-content\\\/uploads\\\/2025\\\/07\\\/Equipe-Foundation.png\",\"width\":720,\"height\":540},{\"@type\":\"BreadcrumbList\",\"@id\":\"https:\\\/\\\/altavia-group.com\\\/fr\\\/news\\\/5-ans-de-rencontres-humaines-et-dimpact-positif-pour-altavia-foundation\\\/#breadcrumb\",\"itemListElement\":[{\"@type\":\"ListItem\",\"position\":1,\"name\":\"Home\",\"item\":\"https:\\\/\\\/altavia-group.com\\\/fr\\\/\"},{\"@type\":\"ListItem\",\"position\":2,\"name\":\"News\",\"item\":\"https:\\\/\\\/altavia-group.com\\\/fr\\\/news\\\/\"},{\"@type\":\"ListItem\",\"position\":3,\"name\":\"5 ans de \u201crencontres humaines et d\u2019impact positif\u201d pour Altavia Foundation\"}]},{\"@type\":\"WebSite\",\"@id\":\"https:\\\/\\\/altavia-group.com\\\/#website\",\"url\":\"https:\\\/\\\/altavia-group.com\\\/\",\"name\":\"Altavia\",\"description\":\"Let\u2019s unlock our imagination.\",\"publisher\":{\"@id\":\"https:\\\/\\\/altavia-group.com\\\/#organization\"},\"potentialAction\":[{\"@type\":\"SearchAction\",\"target\":{\"@type\":\"EntryPoint\",\"urlTemplate\":\"https:\\\/\\\/altavia-group.com\\\/?s={search_term_string}\"},\"query-input\":{\"@type\":\"PropertyValueSpecification\",\"valueRequired\":true,\"valueName\":\"search_term_string\"}}],\"inLanguage\":\"fr-FR\"},{\"@type\":\"Organization\",\"@id\":\"https:\\\/\\\/altavia-group.com\\\/#organization\",\"name\":\"Altavia\",\"url\":\"https:\\\/\\\/altavia-group.com\\\/\",\"logo\":{\"@type\":\"ImageObject\",\"inLanguage\":\"fr-FR\",\"@id\":\"https:\\\/\\\/altavia-group.com\\\/#\\\/schema\\\/logo\\\/image\\\/\",\"url\":\"http:\\\/\\\/altavia-group.com\\\/wp-content\\\/uploads\\\/2024\\\/12\\\/cropped-favicon-altavia.png\",\"contentUrl\":\"http:\\\/\\\/altavia-group.com\\\/wp-content\\\/uploads\\\/2024\\\/12\\\/cropped-favicon-altavia.png\",\"width\":512,\"height\":512,\"caption\":\"Altavia\"},\"image\":{\"@id\":\"https:\\\/\\\/altavia-group.com\\\/#\\\/schema\\\/logo\\\/image\\\/\"}}]}<\/script>\n<!-- \/ Yoast SEO plugin. -->","yoast_head_json":{"title":"Altavia Foundation : 5 ans d'impact social et humain","description":"\u00c0 l'occasion de ses 5 ans, Altavia Foundation dresse le bilan de ses actions. D\u00e9couvrez nos initiatives pour le micro-commerce et l'inclusion sociale.","robots":{"index":"index","follow":"follow","max-snippet":"max-snippet:-1","max-image-preview":"max-image-preview:large","max-video-preview":"max-video-preview:-1"},"og_locale":"fr_FR","og_type":"article","og_title":"Altavia Foundation : 5 ans d'impact social et humain","og_description":"\u00c0 l'occasion de ses 5 ans, Altavia Foundation dresse le bilan de ses actions. D\u00e9couvrez nos initiatives pour le micro-commerce et l'inclusion sociale.","og_url":"https:\/\/altavia-group.com\/fr\/news\/5-ans-de-rencontres-humaines-et-dimpact-positif-pour-altavia-foundation\/","og_site_name":"Altavia","article_modified_time":"2026-03-18T08:56:45+00:00","og_image":[{"width":720,"height":540,"url":"https:\/\/altavia-group.com\/wp-content\/uploads\/2025\/07\/Equipe-Foundation.png","type":"image\/png"}],"twitter_card":"summary_large_image","twitter_misc":{"Est. reading time":"1 minute"},"schema":{"@context":"https:\/\/schema.org","@graph":[{"@type":"WebPage","@id":"https:\/\/altavia-group.com\/fr\/news\/5-ans-de-rencontres-humaines-et-dimpact-positif-pour-altavia-foundation\/","url":"https:\/\/altavia-group.com\/fr\/news\/5-ans-de-rencontres-humaines-et-dimpact-positif-pour-altavia-foundation\/","name":"Altavia Foundation : 5 ans d'impact social et humain","isPartOf":{"@id":"https:\/\/altavia-group.com\/#website"},"primaryImageOfPage":{"@id":"https:\/\/altavia-group.com\/fr\/news\/5-ans-de-rencontres-humaines-et-dimpact-positif-pour-altavia-foundation\/#primaryimage"},"image":{"@id":"https:\/\/altavia-group.com\/fr\/news\/5-ans-de-rencontres-humaines-et-dimpact-positif-pour-altavia-foundation\/#primaryimage"},"thumbnailUrl":"https:\/\/altavia-group.com\/wp-content\/uploads\/2025\/07\/Equipe-Foundation.png","datePublished":"2025-07-01T13:37:14+00:00","dateModified":"2026-03-18T08:56:45+00:00","description":"\u00c0 l'occasion de ses 5 ans, Altavia Foundation dresse le bilan de ses actions. D\u00e9couvrez nos initiatives pour le micro-commerce et l'inclusion sociale.","breadcrumb":{"@id":"https:\/\/altavia-group.com\/fr\/news\/5-ans-de-rencontres-humaines-et-dimpact-positif-pour-altavia-foundation\/#breadcrumb"},"inLanguage":"fr-FR","potentialAction":[{"@type":"ReadAction","target":["https:\/\/altavia-group.com\/fr\/news\/5-ans-de-rencontres-humaines-et-dimpact-positif-pour-altavia-foundation\/"]}]},{"@type":"ImageObject","inLanguage":"fr-FR","@id":"https:\/\/altavia-group.com\/fr\/news\/5-ans-de-rencontres-humaines-et-dimpact-positif-pour-altavia-foundation\/#primaryimage","url":"https:\/\/altavia-group.com\/wp-content\/uploads\/2025\/07\/Equipe-Foundation.png","contentUrl":"https:\/\/altavia-group.com\/wp-content\/uploads\/2025\/07\/Equipe-Foundation.png","width":720,"height":540},{"@type":"BreadcrumbList","@id":"https:\/\/altavia-group.com\/fr\/news\/5-ans-de-rencontres-humaines-et-dimpact-positif-pour-altavia-foundation\/#breadcrumb","itemListElement":[{"@type":"ListItem","position":1,"name":"Home","item":"https:\/\/altavia-group.com\/fr\/"},{"@type":"ListItem","position":2,"name":"News","item":"https:\/\/altavia-group.com\/fr\/news\/"},{"@type":"ListItem","position":3,"name":"5 ans de \u201crencontres humaines et d\u2019impact positif\u201d pour Altavia Foundation"}]},{"@type":"WebSite","@id":"https:\/\/altavia-group.com\/#website","url":"https:\/\/altavia-group.com\/","name":"Altavia","description":"Let\u2019s unlock our imagination.","publisher":{"@id":"https:\/\/altavia-group.com\/#organization"},"potentialAction":[{"@type":"SearchAction","target":{"@type":"EntryPoint","urlTemplate":"https:\/\/altavia-group.com\/?s={search_term_string}"},"query-input":{"@type":"PropertyValueSpecification","valueRequired":true,"valueName":"search_term_string"}}],"inLanguage":"fr-FR"},{"@type":"Organization","@id":"https:\/\/altavia-group.com\/#organization","name":"Altavia","url":"https:\/\/altavia-group.com\/","logo":{"@type":"ImageObject","inLanguage":"fr-FR","@id":"https:\/\/altavia-group.com\/#\/schema\/logo\/image\/","url":"http:\/\/altavia-group.com\/wp-content\/uploads\/2024\/12\/cropped-favicon-altavia.png","contentUrl":"http:\/\/altavia-group.com\/wp-content\/uploads\/2024\/12\/cropped-favicon-altavia.png","width":512,"height":512,"caption":"Altavia"},"image":{"@id":"https:\/\/altavia-group.com\/#\/schema\/logo\/image\/"}}]}},"_links":{"self":[{"href":"https:\/\/altavia-group.com\/fr\/wp-json\/wp\/v2\/news\/5934","targetHints":{"allow":["GET"]}}],"collection":[{"href":"https:\/\/altavia-group.com\/fr\/wp-json\/wp\/v2\/news"}],"about":[{"href":"https:\/\/altavia-group.com\/fr\/wp-json\/wp\/v2\/types\/news"}],"author":[{"embeddable":true,"href":"https:\/\/altavia-group.com\/fr\/wp-json\/wp\/v2\/users\/10"}],"replies":[{"embeddable":true,"href":"https:\/\/altavia-group.com\/fr\/wp-json\/wp\/v2\/comments?post=5934"}],"version-history":[{"count":0,"href":"https:\/\/altavia-group.com\/fr\/wp-json\/wp\/v2\/news\/5934\/revisions"}],"wp:featuredmedia":[{"embeddable":true,"href":"https:\/\/altavia-group.com\/fr\/wp-json\/wp\/v2\/media\/5979"}],"wp:attachment":[{"href":"https:\/\/altavia-group.com\/fr\/wp-json\/wp\/v2\/media?parent=5934"}],"wp:term":[{"taxonomy":"category","embeddable":true,"href":"https:\/\/altavia-group.com\/fr\/wp-json\/wp\/v2\/categories?post=5934"},{"taxonomy":"post_tag","embeddable":true,"href":"https:\/\/altavia-group.com\/fr\/wp-json\/wp\/v2\/tags?post=5934"},{"taxonomy":"news-type-taxonomy","embeddable":true,"href":"https:\/\/altavia-group.com\/fr\/wp-json\/wp\/v2\/news-type-taxonomy?post=5934"},{"taxonomy":"news-topic-taxonomy","embeddable":true,"href":"https:\/\/altavia-group.com\/fr\/wp-json\/wp\/v2\/news-topic-taxonomy?post=5934"}],"curies":[{"name":"wp","href":"https:\/\/api.w.org\/{rel}","templated":true}]}}