{"id":6892,"date":"2024-01-03T17:34:18","date_gmt":"2024-01-03T16:34:18","guid":{"rendered":"https:\/\/altaviagroudev.wpenginepowered.com\/news\/la-gen-z-et-la-mode-en-2023\/"},"modified":"2026-02-09T12:11:14","modified_gmt":"2026-02-09T11:11:14","slug":"la-gen-z-et-la-mode-en-2023","status":"publish","type":"news","link":"https:\/\/altavia-group.com\/fr\/news\/la-gen-z-et-la-mode-en-2023\/","title":{"rendered":"La Gen Z et la mode en 2023."},"content":{"rendered":"<section class=\"wpb-content-wrapper\"><p>[vc_row css=\u00a0\u00bb.vc_custom_1519392503248{padding-top: 18px !important;}\u00a0\u00bb][vc_column]<div class=\"edgtf-single-image-holder   edgtf-image-behavior-lightbox\">\n    <div class=\"edgtf-si-inner\" >\n                    <a itemprop=\"image\" href=\"https:\/\/altavia-group.com\/wp-content\/uploads\/2026\/02\/DALL\u00b7E-2024-01-03-17.32.01-A-group-of-Generation-Z-individuals-showcasing-a-variety-of-fashion-trends.-The-image-includes-four-young-adults-of-different-descents_-Caucasian-Bla-1.jpg\" data-rel=\"prettyPhoto[si_pretty_photo]\" title=\"Mode\">\n                                    <img decoding=\"async\" src=\"https:\/\/altavia-group.com\/wp-content\/uploads\/2026\/02\/DALL\u00b7E-2024-01-03-17.32.01-A-group-of-Generation-Z-individuals-showcasing-a-variety-of-fashion-trends.-The-image-includes-four-young-adults-of-different-descents_-Caucasian-Bla-1.jpg\" class=\"attachment-full size-full\" alt=\"Mode\" \/>                                <\/a>\n            <\/div>\n<\/div>[vc_empty_space height=\u00a0\u00bb37px\u00a0\u00bb]<div class=\"edgtf-elements-holder   edgtf-one-column  edgtf-responsive-mode-768 \" ><div class=\"edgtf-eh-item    \"  data-item-class=\"edgtf-eh-custom-5012\" data-1280-1600=\"0 0\" data-1024-1280=\"0 0\" data-768-1024=\"0 30px 0 0\" data-680-768=\"0 20px 0 0\" data-680=\"0 0\">\n\t<div class=\"edgtf-eh-item-inner\">\n\t\t<div class=\"edgtf-eh-item-content edgtf-eh-custom-5012\" style=\"padding: 0 50px 0 0\">\n\t\t\t[vc_column_text]<span class=\"edgtf-dropcaps edgtf-normal\" style=\"color: #1b1c21\">L<\/span>a g\u00e9n\u00e9ration Z, qui repr\u00e9sente environ 30% de la population mondiale, montre un penchant marqu\u00e9 pour la mode, influenc\u00e9e par le num\u00e9rique et les r\u00e9seaux sociaux. Aux \u00c9tats-Unis, leur pouvoir d'achat s&rsquo;\u00e9l\u00e8ve \u00e0 pr\u00e8s de 360 millions de dollars, se focalisant principalement sur le secteur de la mode. Cette pr\u00e9f\u00e9rence se traduit par une domination de marques comme Nike, qui se positionne en t\u00eate pour les v\u00eatements (35%) et les chaussures (61%), suivie de pr\u00e8s par d&rsquo;autres marques comme Lululemon, American Eagle, et Shein.<\/p>\n<p>Cependant, un changement de comportement est observ\u00e9 chez les consommatrices, avec des d\u00e9penses en l\u00e9g\u00e8re baisse pour les v\u00eatements et chaussures et en hausse pour les accessoires.. Ce ph\u00e9nom\u00e8ne peut refl\u00e9ter une r\u00e9orientation des priorit\u00e9s ou une r\u00e9ponse \u00e0 des tendances de mode changeantes.<\/p>\n<p>Parall\u00e8lement, les marques de luxe ne perdent pas pied. Des maisons telles que Louis Vuitton et Kate Spade maintiennent leur popularit\u00e9 aupr\u00e8s de la Gen Z gr\u00e2ce \u00e0 une forte pr\u00e9sence sur les r\u00e9seaux sociaux, s&rsquo;adaptant ainsi aux habitudes de consommation digitale de cette g\u00e9n\u00e9ration.<\/p>\n<p>Malgr\u00e9 ces tendances prometteuses, le rapport du cabinet d&rsquo;\u00e9tudes Piper Sandler met en lumi\u00e8re un ralentissement potentiel des d\u00e9penses chez les adolescents, une cons\u00e9quence possible de l&rsquo;inflation et des pr\u00e9occupations environnementales croissantes. Ce contexte sugg\u00e8re une prise de conscience et peut-\u00eatre un changement imminent dans les habitudes de consommation de la g\u00e9n\u00e9ration Z.[\/vc_column_text][vc_empty_space height=\u00a0\u00bb37px\u00a0\u00bb]<div class=\"edgtf-section-title-holder  edgtf-st-standard edgtf-st-title-left edgtf-st-normal-space \" >\n\t<div class=\"edgtf-st-inner\">\n\t\t\t\t\t<h4 class=\"edgtf-st-title\" >\n\t\t\t\tPlus de d\u00e9tails sur Fashion United :\t\t\t<\/h4>\n\t\t\t\t\t<\/div>\n<\/div>[vc_empty_space height=\u00a0\u00bb37px\u00a0\u00bb][vc_btn title=\u00a0\u00bbLire l&rsquo;article\u00a0\u00bb style=\u00a0\u00bboutline-custom\u00a0\u00bb outline_custom_color=\u00a0\u00bb#202125&Prime; outline_custom_hover_background=\u00a0\u00bb#202125&Prime; outline_custom_hover_text=\u00a0\u00bb#ffffff\u00a0\u00bb shape=\u00a0\u00bbsquare\u00a0\u00bb class=\u00a0\u00bbc-link\u00a0\u00bb href=\u00a0\u00bbhttp:\/\/2fforms.sbc32.com\/\u00a0\u00bb target=\u00a0\u00bb_blank\u00a0\u00bb rel=\u00a0\u00bbnoopener noreferrer\u00a0\u00bb data-stringify-link=\u00a0\u00bbhttp:\/\/2Fforms.sbc32.com\u00a0\u00bb link=\u00a0\u00bburl:https%3A%2F%2Ffashionunited.fr%2Factualite%2Fretail%2Fles-marques-de-mode-preferees-de-la-gen-z-en-2023%2F2024010233887|target:_blank\u00a0\u00bb][vc_empty_space height=\u00a0\u00bb54px\u00a0\u00bb]\t\t<\/div>\n\t<\/div>\n<\/div><\/div>[\/vc_column][\/vc_row][vc_row content_text_aligment=\u00a0\u00bbcenter\u00a0\u00bb][vc_column parallax=\u00a0\u00bbcontent-moving\u00a0\u00bb parallax_image=\u00a0\u00bb5672&Prime;]<div class=\"edgtf-section-title-holder  edgtf-st-standard edgtf-st-title-left edgtf-st-normal-space \" style=\"text-align: center\">\n\t<div class=\"edgtf-st-inner\">\n\t\t\t\t\t<h2 class=\"edgtf-st-title\" style=\"color: #00dd96\">\n\t\t\t\t.newsletter\t\t\t<\/h2>\n\t\t\t\t\t<\/div>\n<\/div>[vc_column_text]<span style=\"color: #ffffff;\">Recevez les actualit\u00e9s et tendances retail en exclusivit\u00e9 !<\/span>[\/vc_column_text][vc_empty_space][vc_btn title=\u00a0\u00bbJe m&rsquo;abonne\u00a0\u00bb style=\u00a0\u00bboutline-custom\u00a0\u00bb outline_custom_color=\u00a0\u00bb#ffffff\u00a0\u00bb outline_custom_hover_background=\u00a0\u00bb#666666&Prime; outline_custom_hover_text=\u00a0\u00bb#ffffff\u00a0\u00bb shape=\u00a0\u00bbsquare\u00a0\u00bb class=\u00a0\u00bbc-link\u00a0\u00bb href=\u00a0\u00bbhttp:\/\/2fforms.sbc32.com\/\u00a0\u00bb target=\u00a0\u00bb_blank\u00a0\u00bb rel=\u00a0\u00bbnoopener noreferrer\u00a0\u00bb data-stringify-link=\u00a0\u00bbhttp:\/\/2Fforms.sbc32.com\u00a0\u00bb link=\u00a0\u00bburl:https%3A%2F%2Fforms.sbc32.com%2F65046ef85fef6a5fa6e7a5c0%2FwU3RssckT3CNNqCwsRf6Jg%2Fform.html|target:_blank\u00a0\u00bb][vc_empty_space height=\u00a0\u00bb12px\u00a0\u00bb][\/vc_column][\/vc_row]<\/p>\n<\/section>","protected":false},"excerpt":{"rendered":"<p>La g\u00e9n\u00e9ration Z, qui repr\u00e9sente environ 30% de la population mondiale, montre un penchant marqu\u00e9 pour la mode, influenc\u00e9e par le num\u00e9rique et les r\u00e9seaux sociaux.<\/p>\n","protected":false},"author":17,"featured_media":6893,"menu_order":0,"comment_status":"closed","ping_status":"closed","template":"","meta":{"_acf_changed":false,"color_menu":"","footer_color_background":"","featured_image_url":"","footnotes":""},"categories":[266,271],"tags":[],"news-type-taxonomy":[],"news-topic-taxonomy":[],"class_list":["post-6892","news","type-news","status-publish","has-post-thumbnail","hentry","category-info-retailers","category-veille-retail"],"acf":[],"yoast_head":"<!-- This site is optimized with the Yoast SEO plugin v27.5 - https:\/\/yoast.com\/product\/yoast-seo-wordpress\/ -->\n<title>La Gen Z et la mode en 2023. - Altavia<\/title>\n<meta name=\"robots\" content=\"index, follow, max-snippet:-1, max-image-preview:large, max-video-preview:-1\" \/>\n<meta property=\"og:locale\" content=\"fr_FR\" \/>\n<meta property=\"og:type\" content=\"article\" \/>\n<meta property=\"og:title\" content=\"La Gen Z et la mode en 2023. - Altavia\" \/>\n<meta property=\"og:description\" content=\"La g\u00e9n\u00e9ration Z, qui repr\u00e9sente environ 30% de la population mondiale, montre un penchant marqu\u00e9 pour la mode, influenc\u00e9e par le num\u00e9rique et les r\u00e9seaux sociaux.\" \/>\n<meta property=\"og:url\" content=\"http:\/\/altavia-group.com\/fr\/news\/la-gen-z-et-la-mode-en-2023\/\" \/>\n<meta property=\"og:site_name\" content=\"Altavia\" \/>\n<meta property=\"article:modified_time\" content=\"2026-02-09T11:11:14+00:00\" \/>\n<meta property=\"og:image\" content=\"http:\/\/altavia-group.com\/wp-content\/uploads\/2026\/02\/DALL\u00b7E-2024-01-03-17.32.01-A-group-of-Generation-Z-individuals-showcasing-a-variety-of-fashion-trends.-The-image-includes-four-young-adults-of-different-descents_-Caucasian-Bla-1.jpg\" \/>\n\t<meta property=\"og:image:width\" content=\"1\" \/>\n\t<meta property=\"og:image:height\" content=\"1\" \/>\n\t<meta property=\"og:image:type\" content=\"image\/jpeg\" \/>\n<meta name=\"twitter:card\" content=\"summary_large_image\" \/>\n<meta name=\"twitter:label1\" content=\"Est. reading time\" \/>\n\t<meta name=\"twitter:data1\" content=\"3 minutes\" \/>\n<script type=\"application\/ld+json\" class=\"yoast-schema-graph\">{\"@context\":\"https:\\\/\\\/schema.org\",\"@graph\":[{\"@type\":\"WebPage\",\"@id\":\"http:\\\/\\\/altavia-group.com\\\/fr\\\/news\\\/la-gen-z-et-la-mode-en-2023\\\/\",\"url\":\"http:\\\/\\\/altavia-group.com\\\/fr\\\/news\\\/la-gen-z-et-la-mode-en-2023\\\/\",\"name\":\"La Gen Z et la mode en 2023. - Altavia\",\"isPartOf\":{\"@id\":\"https:\\\/\\\/altavia-group.com\\\/#website\"},\"primaryImageOfPage\":{\"@id\":\"http:\\\/\\\/altavia-group.com\\\/fr\\\/news\\\/la-gen-z-et-la-mode-en-2023\\\/#primaryimage\"},\"image\":{\"@id\":\"http:\\\/\\\/altavia-group.com\\\/fr\\\/news\\\/la-gen-z-et-la-mode-en-2023\\\/#primaryimage\"},\"thumbnailUrl\":\"https:\\\/\\\/altavia-group.com\\\/wp-content\\\/uploads\\\/2026\\\/02\\\/DALL\u00b7E-2024-01-03-17.32.01-A-group-of-Generation-Z-individuals-showcasing-a-variety-of-fashion-trends.-The-image-includes-four-young-adults-of-different-descents_-Caucasian-Bla-1.jpg\",\"datePublished\":\"2024-01-03T16:34:18+00:00\",\"dateModified\":\"2026-02-09T11:11:14+00:00\",\"breadcrumb\":{\"@id\":\"http:\\\/\\\/altavia-group.com\\\/fr\\\/news\\\/la-gen-z-et-la-mode-en-2023\\\/#breadcrumb\"},\"inLanguage\":\"fr-FR\",\"potentialAction\":[{\"@type\":\"ReadAction\",\"target\":[\"http:\\\/\\\/altavia-group.com\\\/fr\\\/news\\\/la-gen-z-et-la-mode-en-2023\\\/\"]}]},{\"@type\":\"ImageObject\",\"inLanguage\":\"fr-FR\",\"@id\":\"http:\\\/\\\/altavia-group.com\\\/fr\\\/news\\\/la-gen-z-et-la-mode-en-2023\\\/#primaryimage\",\"url\":\"https:\\\/\\\/altavia-group.com\\\/wp-content\\\/uploads\\\/2026\\\/02\\\/DALL\u00b7E-2024-01-03-17.32.01-A-group-of-Generation-Z-individuals-showcasing-a-variety-of-fashion-trends.-The-image-includes-four-young-adults-of-different-descents_-Caucasian-Bla-1.jpg\",\"contentUrl\":\"https:\\\/\\\/altavia-group.com\\\/wp-content\\\/uploads\\\/2026\\\/02\\\/DALL\u00b7E-2024-01-03-17.32.01-A-group-of-Generation-Z-individuals-showcasing-a-variety-of-fashion-trends.-The-image-includes-four-young-adults-of-different-descents_-Caucasian-Bla-1.jpg\",\"caption\":\"Mode\"},{\"@type\":\"BreadcrumbList\",\"@id\":\"http:\\\/\\\/altavia-group.com\\\/fr\\\/news\\\/la-gen-z-et-la-mode-en-2023\\\/#breadcrumb\",\"itemListElement\":[{\"@type\":\"ListItem\",\"position\":1,\"name\":\"Home\",\"item\":\"https:\\\/\\\/altavia-group.com\\\/fr\\\/\"},{\"@type\":\"ListItem\",\"position\":2,\"name\":\"News\",\"item\":\"https:\\\/\\\/altavia-group.com\\\/fr\\\/news\\\/\"},{\"@type\":\"ListItem\",\"position\":3,\"name\":\"La Gen Z et la mode en 2023.\"}]},{\"@type\":\"WebSite\",\"@id\":\"https:\\\/\\\/altavia-group.com\\\/#website\",\"url\":\"https:\\\/\\\/altavia-group.com\\\/\",\"name\":\"Altavia\",\"description\":\"Let\u2019s unlock our imagination.\",\"publisher\":{\"@id\":\"https:\\\/\\\/altavia-group.com\\\/#organization\"},\"potentialAction\":[{\"@type\":\"SearchAction\",\"target\":{\"@type\":\"EntryPoint\",\"urlTemplate\":\"https:\\\/\\\/altavia-group.com\\\/?s={search_term_string}\"},\"query-input\":{\"@type\":\"PropertyValueSpecification\",\"valueRequired\":true,\"valueName\":\"search_term_string\"}}],\"inLanguage\":\"fr-FR\"},{\"@type\":\"Organization\",\"@id\":\"https:\\\/\\\/altavia-group.com\\\/#organization\",\"name\":\"Altavia\",\"url\":\"https:\\\/\\\/altavia-group.com\\\/\",\"logo\":{\"@type\":\"ImageObject\",\"inLanguage\":\"fr-FR\",\"@id\":\"https:\\\/\\\/altavia-group.com\\\/#\\\/schema\\\/logo\\\/image\\\/\",\"url\":\"http:\\\/\\\/altavia-group.com\\\/wp-content\\\/uploads\\\/2024\\\/12\\\/cropped-favicon-altavia.png\",\"contentUrl\":\"http:\\\/\\\/altavia-group.com\\\/wp-content\\\/uploads\\\/2024\\\/12\\\/cropped-favicon-altavia.png\",\"width\":512,\"height\":512,\"caption\":\"Altavia\"},\"image\":{\"@id\":\"https:\\\/\\\/altavia-group.com\\\/#\\\/schema\\\/logo\\\/image\\\/\"}}]}<\/script>\n<!-- \/ Yoast SEO plugin. -->","yoast_head_json":{"title":"La Gen Z et la mode en 2023. - Altavia","robots":{"index":"index","follow":"follow","max-snippet":"max-snippet:-1","max-image-preview":"max-image-preview:large","max-video-preview":"max-video-preview:-1"},"og_locale":"fr_FR","og_type":"article","og_title":"La Gen Z et la mode en 2023. - Altavia","og_description":"La g\u00e9n\u00e9ration Z, qui repr\u00e9sente environ 30% de la population mondiale, montre un penchant marqu\u00e9 pour la mode, influenc\u00e9e par le num\u00e9rique et les r\u00e9seaux sociaux.","og_url":"http:\/\/altavia-group.com\/fr\/news\/la-gen-z-et-la-mode-en-2023\/","og_site_name":"Altavia","article_modified_time":"2026-02-09T11:11:14+00:00","og_image":[{"url":"http:\/\/altavia-group.com\/wp-content\/uploads\/2026\/02\/DALL\u00b7E-2024-01-03-17.32.01-A-group-of-Generation-Z-individuals-showcasing-a-variety-of-fashion-trends.-The-image-includes-four-young-adults-of-different-descents_-Caucasian-Bla-1.jpg","width":1,"height":1,"type":"image\/jpeg"}],"twitter_card":"summary_large_image","twitter_misc":{"Est. reading time":"3 minutes"},"schema":{"@context":"https:\/\/schema.org","@graph":[{"@type":"WebPage","@id":"http:\/\/altavia-group.com\/fr\/news\/la-gen-z-et-la-mode-en-2023\/","url":"http:\/\/altavia-group.com\/fr\/news\/la-gen-z-et-la-mode-en-2023\/","name":"La Gen Z et la mode en 2023. - Altavia","isPartOf":{"@id":"https:\/\/altavia-group.com\/#website"},"primaryImageOfPage":{"@id":"http:\/\/altavia-group.com\/fr\/news\/la-gen-z-et-la-mode-en-2023\/#primaryimage"},"image":{"@id":"http:\/\/altavia-group.com\/fr\/news\/la-gen-z-et-la-mode-en-2023\/#primaryimage"},"thumbnailUrl":"https:\/\/altavia-group.com\/wp-content\/uploads\/2026\/02\/DALL\u00b7E-2024-01-03-17.32.01-A-group-of-Generation-Z-individuals-showcasing-a-variety-of-fashion-trends.-The-image-includes-four-young-adults-of-different-descents_-Caucasian-Bla-1.jpg","datePublished":"2024-01-03T16:34:18+00:00","dateModified":"2026-02-09T11:11:14+00:00","breadcrumb":{"@id":"http:\/\/altavia-group.com\/fr\/news\/la-gen-z-et-la-mode-en-2023\/#breadcrumb"},"inLanguage":"fr-FR","potentialAction":[{"@type":"ReadAction","target":["http:\/\/altavia-group.com\/fr\/news\/la-gen-z-et-la-mode-en-2023\/"]}]},{"@type":"ImageObject","inLanguage":"fr-FR","@id":"http:\/\/altavia-group.com\/fr\/news\/la-gen-z-et-la-mode-en-2023\/#primaryimage","url":"https:\/\/altavia-group.com\/wp-content\/uploads\/2026\/02\/DALL\u00b7E-2024-01-03-17.32.01-A-group-of-Generation-Z-individuals-showcasing-a-variety-of-fashion-trends.-The-image-includes-four-young-adults-of-different-descents_-Caucasian-Bla-1.jpg","contentUrl":"https:\/\/altavia-group.com\/wp-content\/uploads\/2026\/02\/DALL\u00b7E-2024-01-03-17.32.01-A-group-of-Generation-Z-individuals-showcasing-a-variety-of-fashion-trends.-The-image-includes-four-young-adults-of-different-descents_-Caucasian-Bla-1.jpg","caption":"Mode"},{"@type":"BreadcrumbList","@id":"http:\/\/altavia-group.com\/fr\/news\/la-gen-z-et-la-mode-en-2023\/#breadcrumb","itemListElement":[{"@type":"ListItem","position":1,"name":"Home","item":"https:\/\/altavia-group.com\/fr\/"},{"@type":"ListItem","position":2,"name":"News","item":"https:\/\/altavia-group.com\/fr\/news\/"},{"@type":"ListItem","position":3,"name":"La Gen Z et la mode en 2023."}]},{"@type":"WebSite","@id":"https:\/\/altavia-group.com\/#website","url":"https:\/\/altavia-group.com\/","name":"Altavia","description":"Let\u2019s unlock our imagination.","publisher":{"@id":"https:\/\/altavia-group.com\/#organization"},"potentialAction":[{"@type":"SearchAction","target":{"@type":"EntryPoint","urlTemplate":"https:\/\/altavia-group.com\/?s={search_term_string}"},"query-input":{"@type":"PropertyValueSpecification","valueRequired":true,"valueName":"search_term_string"}}],"inLanguage":"fr-FR"},{"@type":"Organization","@id":"https:\/\/altavia-group.com\/#organization","name":"Altavia","url":"https:\/\/altavia-group.com\/","logo":{"@type":"ImageObject","inLanguage":"fr-FR","@id":"https:\/\/altavia-group.com\/#\/schema\/logo\/image\/","url":"http:\/\/altavia-group.com\/wp-content\/uploads\/2024\/12\/cropped-favicon-altavia.png","contentUrl":"http:\/\/altavia-group.com\/wp-content\/uploads\/2024\/12\/cropped-favicon-altavia.png","width":512,"height":512,"caption":"Altavia"},"image":{"@id":"https:\/\/altavia-group.com\/#\/schema\/logo\/image\/"}}]}},"_links":{"self":[{"href":"https:\/\/altavia-group.com\/fr\/wp-json\/wp\/v2\/news\/6892","targetHints":{"allow":["GET"]}}],"collection":[{"href":"https:\/\/altavia-group.com\/fr\/wp-json\/wp\/v2\/news"}],"about":[{"href":"https:\/\/altavia-group.com\/fr\/wp-json\/wp\/v2\/types\/news"}],"author":[{"embeddable":true,"href":"https:\/\/altavia-group.com\/fr\/wp-json\/wp\/v2\/users\/17"}],"replies":[{"embeddable":true,"href":"https:\/\/altavia-group.com\/fr\/wp-json\/wp\/v2\/comments?post=6892"}],"version-history":[{"count":0,"href":"https:\/\/altavia-group.com\/fr\/wp-json\/wp\/v2\/news\/6892\/revisions"}],"wp:featuredmedia":[{"embeddable":true,"href":"https:\/\/altavia-group.com\/fr\/wp-json\/wp\/v2\/media\/6893"}],"wp:attachment":[{"href":"https:\/\/altavia-group.com\/fr\/wp-json\/wp\/v2\/media?parent=6892"}],"wp:term":[{"taxonomy":"category","embeddable":true,"href":"https:\/\/altavia-group.com\/fr\/wp-json\/wp\/v2\/categories?post=6892"},{"taxonomy":"post_tag","embeddable":true,"href":"https:\/\/altavia-group.com\/fr\/wp-json\/wp\/v2\/tags?post=6892"},{"taxonomy":"news-type-taxonomy","embeddable":true,"href":"https:\/\/altavia-group.com\/fr\/wp-json\/wp\/v2\/news-type-taxonomy?post=6892"},{"taxonomy":"news-topic-taxonomy","embeddable":true,"href":"https:\/\/altavia-group.com\/fr\/wp-json\/wp\/v2\/news-topic-taxonomy?post=6892"}],"curies":[{"name":"wp","href":"https:\/\/api.w.org\/{rel}","templated":true}]}}