{"id":7000,"date":"2024-01-22T10:56:58","date_gmt":"2024-01-22T09:56:58","guid":{"rendered":"https:\/\/altaviagroudev.wpenginepowered.com\/news\/une-vision-prospective-du-retail-en-2050\/"},"modified":"2026-02-09T12:12:03","modified_gmt":"2026-02-09T11:12:03","slug":"une-vision-prospective-du-retail-en-2050","status":"publish","type":"news","link":"https:\/\/altavia-group.com\/fr\/news\/une-vision-prospective-du-retail-en-2050\/","title":{"rendered":"Une vision prospective du retail en 2050."},"content":{"rendered":"<section class=\"wpb-content-wrapper\"><p>[vc_row css=\u00a0\u00bb.vc_custom_1519392503248{padding-top: 18px !important;}\u00a0\u00bb][vc_column][vc_empty_space height=\u00a0\u00bb37px\u00a0\u00bb]<div class=\"edgtf-elements-holder   edgtf-one-column  edgtf-responsive-mode-768 \" ><div class=\"edgtf-eh-item    \"  data-item-class=\"edgtf-eh-custom-3195\" data-1280-1600=\"0 0\" data-1024-1280=\"0 0\" data-768-1024=\"0 30px 0 0\" data-680-768=\"0 20px 0 0\" data-680=\"0 0\">\n\t<div class=\"edgtf-eh-item-inner\">\n\t\t<div class=\"edgtf-eh-item-content edgtf-eh-custom-3195\" style=\"padding: 0 50px 0 0\">\n\t\t\t[vc_column_text]<\/p>\n<h4><span class=\"edgtf-dropcaps edgtf-normal\" style=\"color: #1b1c21\">A<\/span>u mi-temps du 21\u00e8me si\u00e8cle, plusieurs changements majeurs auront transform\u00e9 en profondeur le retail. Plus digitalis\u00e9, plus \u00e9cologique et plus r\u00e9silient, le commerce de demain sera tr\u00e8s diff\u00e9rent de celui que nous connaissons aujourd&rsquo;hui. Explications.<\/h4>\n<p><b>\u00a0<\/b><\/p>\n<p><span style=\"font-weight: 400;\">C&rsquo;est avec les d\u00e9fis que nous avons \u00e0 relever que nous construisons actuellement ce qui sera la fa\u00e7on de vendre et d&rsquo;acheter dans les prochaines d\u00e9cennies. Alors que les progr\u00e8s fulgurants du num\u00e9rique, et notamment ceux de l&rsquo;intelligence artificielle, ouvrent des perspectives toujours plus prometteuses pour les d\u00e9taillants, la n\u00e9cessit\u00e9 de repenser les mod\u00e8les \u00e9conomiques et les cha\u00eenes de valeur de fa\u00e7on durable pousse en avant une autre vision de l&rsquo;avenir.\u00a0<\/span><\/p>\n<p><span style=\"font-weight: 400;\">\u00a0<\/span><\/p>\n<p><span style=\"font-weight: 400;\">Demain, en m\u00eame temps que les retailers devront mieux tirer partie des nouvelles technologies, ils devront aussi accorder plus d&rsquo;importance au respect de l&rsquo;environnement et avoir consid\u00e9rablement r\u00e9duit l&rsquo;impact carbone de leurs activit\u00e9s. A l&rsquo;horizon des trente prochaines ann\u00e9es, quelles sont les grandes transformations qui auront reprogramm\u00e9 le commerce ? Comment le retail aura-t-il \u00e9volu\u00e9 ?\u00a0<\/span><\/p>\n<p><span style=\"font-weight: 400;\">\u00a0<\/span><\/p>\n<h3><b>Ultra-digitalisation.<\/b><\/h3>\n<p><span style=\"font-weight: 400;\">\u00a0<\/span><\/p>\n<p><span style=\"font-weight: 400;\">Il est assez complexe, pour ne pas dire hasardeux, d&rsquo;imaginer de fa\u00e7on pr\u00e9cise la fa\u00e7on dont internet aura \u00e9volu\u00e9 en 2050. Ce qui est certain, c&rsquo;est que l&rsquo;accroissement du volume de donn\u00e9es \u00e9mises, collect\u00e9es, analys\u00e9es et exploit\u00e9es semble in\u00e9vitable car le d\u00e9veloppement de l&rsquo;intelligence artificielle tire l&rsquo;innovation et la cr\u00e9ation de valeur dans cette direction, de m\u00eame que l&rsquo;augmentation de la puissance de calcul et des capacit\u00e9s de stockage des terminaux. Les nanotechnologies, l&rsquo;ordinateur quantique, les IA g\u00e9n\u00e9ratives, le cloud imposent peu \u00e0 peu de nouvelles r\u00e8gles qui sont en train d&rsquo;engendrer une acc\u00e9l\u00e9ration consid\u00e9rable de la digitalisation dans tous les secteurs d&rsquo;activit\u00e9.\u00a0<\/span><\/p>\n<p><span style=\"font-weight: 400;\">\u00a0<\/span><\/p>\n<p><span style=\"font-weight: 400;\">Par ricochet, il est assez ais\u00e9, et assez peu risqu\u00e9, de postuler que les d\u00e9taillants n&rsquo;auront pas d&rsquo;autre choix que de tirer partie des progr\u00e8s qui auront \u00e9t\u00e9 r\u00e9alis\u00e9s. Le retail sera davantage digitalis\u00e9 qu&rsquo;il ne l&rsquo;est aujourd&rsquo;hui car la soci\u00e9t\u00e9 dans son ensemble le sera elle-m\u00eame davantage. Pour les marques, cela signifie une int\u00e9gration nettement plus pouss\u00e9e des nouvelles technologies dans la totalit\u00e9 de leurs processus.<\/span><\/p>\n<p><span style=\"font-weight: 400;\">\u00a0<\/span><\/p>\n<p><span style=\"font-weight: 400;\">Concr\u00e8tement, cela veut dire que demain, les magasins physiques pourraient tous \u00eatre connect\u00e9s et syst\u00e9matiquement mis en r\u00e9seau pour former un \u00e9cosyst\u00e8me global de vente, gage d&rsquo;une plus grande efficacit\u00e9 commerciale et d&rsquo;une meilleure gestion des stocks. Les plateformes de e-commerce pourraient gagner en automatisation et en ergonomie, avec une navigation plus intuitive et plus efficiente, et la possibilit\u00e9 de traiter plus de commandes. La mise \u00e0 profit d&rsquo;un plus grand nombre de donn\u00e9es par des logiciels algorithmiques plus efficaces et plus pr\u00e9cis pourrait affiner \u00e0 des niveaux tr\u00e8s \u00e9lev\u00e9s la personnalisation des offres et individualiser \u00e0 l&rsquo;extr\u00eame les strat\u00e9gies marketing, afin de proposer des parcours d&rsquo;achat sur-mesure, plus exp\u00e9rientiels, plus spectaculaires et plus fluides. En l&rsquo;occurrence, c&rsquo;est une tendance actuelle qui a toutes les chances d&rsquo;\u00eatre acc\u00e9l\u00e9r\u00e9e par la digitalisation, comme l&rsquo;explique Val\u00e9rie Candeloro, directrice marketing France de Mood Media, leader mondial des solutions m\u00e9dia en magasin <\/span><i><span style=\"font-weight: 400;\">:\u00a0 \u00ab\u00a0Les enseignes sont en train de se r\u00e9inventer, et on voit clairement un nouveau type de commerce se profiler autour du sur-mesure, de l&rsquo;immersion, de la communaut\u00e9 et de la commodit\u00e9.&rsquo;<\/span><\/i><\/p>\n<p><span style=\"font-weight: 400;\">\u00a0<\/span><\/p>\n<p><span style=\"font-weight: 400;\">Cependant, au mi-temps du si\u00e8cle, \u00e0 une \u00e9poque ou la neutralit\u00e9 carbone ne devra plus seulement \u00eatre un objectif mais une r\u00e9alit\u00e9 concr\u00e8te, la fa\u00e7on dont les retailers utiliseront le digital pourrait avoir radicalement chang\u00e9. La n\u00e9cessaire r\u00e9duction de la pollution num\u00e9rique a toutes les chances d&rsquo;imposer l&rsquo;adoption de solutions vertueuses, \u00e0 moindre impact. Cela veut dire que les plateformes et les sites devront \u00eatre \u00e9co-con\u00e7us pour pouvoir fonctionner avec le moins de bande passantes possible et sans mise \u00e0 jour, et que les terminaux reconditionn\u00e9s deviendront la norme. Cela veut dire aussi que le recours \u00e0 l&rsquo;IA, particuli\u00e8rement gourmand en \u00e9nergie, devra \u00eatre optimis\u00e9 et strictement encadr\u00e9 pour \u00e9viter toute surconsommation. Un cran plus loin, les retailers pourraient avoir adopt\u00e9 une approche plus sobre de l&rsquo;IT en mutualisant leurs outils, logiciels, serveurs, appareils, comme cela se fait de plus en plus, afin d&rsquo;en r\u00e9duire le co\u00fbt environnemental. Plut\u00f4t que de multiplier les \u00e9quipements, il s&rsquo;agira alors de mettre en \u0153uvre une organisation collective, la m\u00eame application, le m\u00eame outil, pouvant servir dans plusieurs points de vente, plusieurs d\u00e9partements, plusieurs services.\u00a0<\/span><\/p>\n<p><span style=\"font-weight: 400;\">\u00a0<\/span><\/p>\n<p><span style=\"font-weight: 400;\">Ce new deal de la digitalisation du retail devra cependant composer avec une influence nettement plus n\u00e9faste du r\u00e9chauffement climatique sur l&rsquo;\u00e9conomie, ce qui bouleversera les fonctionnements \u00e9tablis.\u00a0<\/span><\/p>\n<p><span style=\"font-weight: 400;\">\u00a0<\/span><\/p>\n<h3><b>Une plus grande r\u00e9silience.<\/b><\/h3>\n<p><span style=\"font-weight: 400;\">\u00a0<\/span><\/p>\n<p><span style=\"font-weight: 400;\">\u00c0 mesure que les supply chain mondialis\u00e9es seront de plus en plus impact\u00e9es par l&rsquo;augmentation des temp\u00e9ratures et par la multiplication des ph\u00e9nom\u00e8nes m\u00e9t\u00e9orologiques extr\u00eames, au point de devenir inop\u00e9rantes, incapables d&rsquo;assurer la livraison des marchandises dans les temps impartis et au prix qui a \u00e9t\u00e9 fix\u00e9, rendant ainsi al\u00e9atoire toute strat\u00e9gie de commercialisation, \u00a0les retailers seront contraints de recourir \u00e0 des approvisionnements locaux, aupr\u00e8s de sous-traitants et de fournisseurs implant\u00e9s dans la m\u00eame zone g\u00e9ographique qu&rsquo;eux. A ce titre, l'Organisation M\u00e9t\u00e9orologique Mondiale (OMM) anticipe que les catastrophes naturelles, dont l&rsquo;occurrence a \u00e9t\u00e9 multipli\u00e9e par cinq depuis les ann\u00e9es 80, vont perturber avec toujours plus d&rsquo;intensit\u00e9 les axes de transports strat\u00e9giques, faisant baisser la capacit\u00e9 de chargement des porte-containers et d\u00e9stabilisant le fret. La logistique va n\u00e9cessairement devoir r\u00e9duire son champ d&rsquo;action.\u00a0<\/span><\/p>\n<p><span style=\"font-weight: 400;\">\u00a0<\/span><\/p>\n<p><span style=\"font-weight: 400;\">En 2050, ce resserrement des cha\u00eenes de valeur, dont l&rsquo; objectif est de garantir le fonctionnement op\u00e9rationnel des circuits de distribution et des points de vente, aura fait \u00e9merger un retail plus r\u00e9sistant face au choc climatique, avec des rouages enracin\u00e9s au coeur des territoires, mais \u00e9galement plus \u00e9cologique car plus \u00e9conome en ressources. La r\u00e9duction des distances d&rsquo;approvisionnement sera un puissant facteur de baisse des \u00e9missions de CO2.\u00a0<\/span><\/p>\n<p><span style=\"font-weight: 400;\">\u00a0<\/span><\/p>\n<p><span style=\"font-weight: 400;\">Par ailleurs, ce commerce d\u00e9sormais en grande partie d\u00e9mondialis\u00e9 devra avoir achev\u00e9 sa mue \u00e9nerg\u00e9tique. Au mi-temps du si\u00e8cle, dans le cadre de l&rsquo;Accord de Paris et des strat\u00e9gies bas carbone mises en place par les pays industrialis\u00e9s pour contenir l&rsquo;augmentation des temp\u00e9ratures, les retailers devront privil\u00e9gier les panneaux solaires pour alimenter en \u00e9lectricit\u00e9 leurs magasins, et le recours aux motorisations \u00e9lectriques pour \u00e9quiper leurs v\u00e9hicules de livraison. En compl\u00e9ment, et en fonction de la localisation de leurs points de vente, les d\u00e9taillants pourraient aussi mettre \u00e0 profit les autres sources d&rsquo;\u00e9nergies renouvelables, que ce soit la g\u00e9othermie, la biomasse, l&rsquo;\u00e9olien ou l&rsquo;hydro-\u00e9lectricit\u00e9.\u00a0<\/span><\/p>\n<p><span style=\"font-weight: 400;\">\u00a0<\/span><\/p>\n<p><span style=\"font-weight: 400;\">Ce retail relocalis\u00e9 et sobre en \u00e9missions de CO2 constituera un changement de paradigme, mais il manque encore une brique, et non des moindres, pour b\u00e2tir une vision prospective du commerce de demain.\u00a0<\/span><\/p>\n<p><span style=\"font-weight: 400;\">\u00a0<\/span><\/p>\n<h3><b>Moins de produits, plus de services.<\/b><\/h3>\n<p><b>\u00a0<\/b><\/p>\n<p><span style=\"font-weight: 400;\">Dans les d\u00e9cennies qui viennent, l&rsquo;\u00e9puisement continu des ressources en m\u00e9taux critiques, dont le minage deviendra au fil des ans de plus en plus compliqu\u00e9 et de plus en plus co\u00fbteux, aura r\u00e9duit m\u00e9caniquement les capacit\u00e9s industrielles, affectant la production des biens de consommation. En 2015, il y a presque dix ans, Ugo Bardi, chercheur et professeur de chimie \u00e0 l'Universit\u00e9 de Florence, commentait d\u00e9j\u00e0 cette tendance \u00e0 la baisse : <\/span><i><span style=\"font-weight: 400;\">\u00ab\u00a0Extraire les min\u00e9raux n\u00e9cessite d\u00e9sormais 10% de l'\u00e9nergie primaire mondiale, c'est \u00e9norme &#8211; trois fois la production nucl\u00e9aire mondiale ! &#8211; et \u00e7a ne cesse d'augmenter. L'\u00e2ge des min\u00e9raux bon march\u00e9 est fini, on ne peut plus se permettre de les gaspiller.\u00a0\u00bb <\/span><\/i><span style=\"font-weight: 400;\">Depuis, le situation a largement empir\u00e9 et les stocks techniquement et \u00e9conomiquement exploitables s&rsquo;amenuisent dangereusement. Demain, ils seront r\u00e9duits \u00e0 presque rien. En 2050, il devrait rester \u00e0 peine 10% de l&rsquo;aluminium, du cuivre, et du cobalt contenus sous terre. Moins de m\u00e9taux signifiera n\u00e9cessairement moins de produits neufs pouvant \u00eatre manufactur\u00e9s, assembl\u00e9s et vendus.\u00a0<\/span><\/p>\n<p><span style=\"font-weight: 400;\">\u00a0<\/span><\/p>\n<p><span style=\"font-weight: 400;\">\u00c0 cela, \u00a0il faut ajouter que l&rsquo;abandon progressif des hydrocarbures, aussi bien comme source d&rsquo;\u00e9nergie que comme intrant industriel, condition indispensable \u00e0 la d\u00e9carbonation, compliquera la commercialisation d&rsquo;un grand nombre de biens de consommation incluant du p\u00e9trole dans leur fabrication, et la liste est longue&#8230; Cela va des v\u00eatements aux produits de beaut\u00e9, du dentifrice aux adh\u00e9sifs, et des verres de lunettes aux appareils \u00e9lectrom\u00e9nagers.<\/span><\/p>\n<p><span style=\"font-weight: 400;\">\u00a0<\/span><\/p>\n<p><span style=\"font-weight: 400;\">En r\u00e9alit\u00e9, le tournant vers la seconde main que l&rsquo;on observe actuellement, avec une importante mont\u00e9e en puissance du r\u00e9usage chez de nombreuses enseignes, n&rsquo;a pas uniquement une vocation \u00e9cologique mais doit permettre aussi, tout comme le principe de durabilit\u00e9, de garantir la p\u00e9rennit\u00e9 du commerce dans un monde ou le produit neuf sera devenu rare, pour ne pas dire l&rsquo;exception. C&rsquo;est ce qui fait que demain, la principale activit\u00e9 des d\u00e9taillants pourrait \u00eatre de vendre des services. A mesure que l&rsquo;offre en nouveaut\u00e9s diminuera, le retail devra r\u00e9orienter une grande partie de ses propositions vers la r\u00e9paration, l&rsquo;entretien, le conseil et la maintenance.\u00a0<\/span><\/p>\n<p><span style=\"font-weight: 400;\">\u00a0<\/span><\/p>\n<p><span style=\"font-weight: 400;\">En 2050, dans un monde qui sera devenu climatiquement instable, le retail aura repens\u00e9 son organisation et fait \u00e9voluer son fonctionnement, sans v\u00e9ritablement avoir le choix de faire autrement. C&rsquo;est d\u00e8s \u00e0 pr\u00e9sent que les acteurs du secteur doivent op\u00e9rer les transformations qui s&rsquo;imposent, car si les diff\u00e9rents bouleversements \u00e0 venir sont connus, les diff\u00e9rentes solutions \u00e0 mettre en \u0153uvre le sont aussi.\u00a0<\/span>[\/vc_column_text]\t\t<\/div>\n\t<\/div>\n<\/div><\/div>[vc_empty_space][\/vc_column][\/vc_row][vc_row content_text_aligment=\u00a0\u00bbcenter\u00a0\u00bb][vc_column parallax=\u00a0\u00bbcontent-moving\u00a0\u00bb parallax_image=\u00a0\u00bb5672&Prime;]<div class=\"edgtf-section-title-holder  edgtf-st-standard edgtf-st-title-left edgtf-st-normal-space \" style=\"text-align: center\">\n\t<div class=\"edgtf-st-inner\">\n\t\t\t\t\t<h2 class=\"edgtf-st-title\" style=\"color: #00dd96\">\n\t\t\t\t.newsletter\t\t\t<\/h2>\n\t\t\t\t\t<\/div>\n<\/div>[vc_column_text]<span style=\"color: #ffffff;\">Recevez les actualit\u00e9s et tendances retail en exclusivit\u00e9 !<\/span>[\/vc_column_text][vc_empty_space][vc_btn title=\u00a0\u00bbJe m&rsquo;abonne\u00a0\u00bb style=\u00a0\u00bboutline-custom\u00a0\u00bb outline_custom_color=\u00a0\u00bb#ffffff\u00a0\u00bb outline_custom_hover_background=\u00a0\u00bb#666666&Prime; outline_custom_hover_text=\u00a0\u00bb#ffffff\u00a0\u00bb class=\u00a0\u00bbc-link\u00a0\u00bb href=\u00a0\u00bbhttp:\/\/2fforms.sbc32.com\/\u00a0\u00bb target=\u00a0\u00bb_blank\u00a0\u00bb rel=\u00a0\u00bbnoopener noreferrer\u00a0\u00bb data-stringify-link=\u00a0\u00bbhttp:\/\/2Fforms.sbc32.com\u00a0\u00bb link=\u00a0\u00bburl:https%3A%2F%2Fforms.sbc32.com%2F65046ef85fef6a5fa6e7a5c0%2FwU3RssckT3CNNqCwsRf6Jg%2Fform.html|target:_blank\u00a0\u00bb][vc_empty_space height=\u00a0\u00bb12px\u00a0\u00bb][\/vc_column][\/vc_row]<\/p>\n<\/section>","protected":false},"excerpt":{"rendered":"<p>Au mi-temps du 21\u00e8me si\u00e8cle, plusieurs changements majeurs auront transform\u00e9 en profondeur le retail.<\/p>\n","protected":false},"author":17,"featured_media":7001,"menu_order":0,"comment_status":"closed","ping_status":"closed","template":"","meta":{"_acf_changed":false,"color_menu":"","footer_color_background":"","featured_image_url":"","footnotes":""},"categories":[279],"tags":[],"news-type-taxonomy":[],"news-topic-taxonomy":[],"class_list":["post-7000","news","type-news","status-publish","has-post-thumbnail","hentry","category-utopie-ou-dystopie"],"acf":[],"yoast_head":"<!-- This site is optimized with the Yoast SEO plugin v27.5 - https:\/\/yoast.com\/product\/yoast-seo-wordpress\/ -->\n<title>Une vision prospective du retail en 2050. - Altavia<\/title>\n<meta name=\"robots\" content=\"index, follow, max-snippet:-1, max-image-preview:large, max-video-preview:-1\" \/>\n<meta property=\"og:locale\" content=\"fr_FR\" \/>\n<meta property=\"og:type\" content=\"article\" \/>\n<meta property=\"og:title\" content=\"Une vision prospective du retail en 2050. - Altavia\" \/>\n<meta property=\"og:description\" content=\"Au mi-temps du 21\u00e8me si\u00e8cle, plusieurs changements majeurs auront transform\u00e9 en profondeur le retail.\" \/>\n<meta property=\"og:url\" content=\"https:\/\/altavia-group.com\/fr\/news\/une-vision-prospective-du-retail-en-2050\/\" \/>\n<meta property=\"og:site_name\" content=\"Altavia\" \/>\n<meta property=\"article:modified_time\" content=\"2026-02-09T11:12:03+00:00\" \/>\n<meta property=\"og:image\" content=\"https:\/\/altavia-group.com\/wp-content\/uploads\/2026\/02\/DALL\u00b7E-2024-01-22-10.53.32-A-futuristic-retail-environment-in-2050-showcasing-a-combination-of-advanced-technologies-and-ecological-features.-The-scene-includes-a-high-tech-dig-1.jpg\" \/>\n\t<meta property=\"og:image:width\" content=\"1\" \/>\n\t<meta property=\"og:image:height\" content=\"1\" \/>\n\t<meta property=\"og:image:type\" content=\"image\/jpeg\" \/>\n<meta name=\"twitter:card\" content=\"summary_large_image\" \/>\n<meta name=\"twitter:label1\" content=\"Est. reading time\" \/>\n\t<meta name=\"twitter:data1\" content=\"9 minutes\" \/>\n<script type=\"application\/ld+json\" class=\"yoast-schema-graph\">{\"@context\":\"https:\\\/\\\/schema.org\",\"@graph\":[{\"@type\":\"WebPage\",\"@id\":\"https:\\\/\\\/altavia-group.com\\\/fr\\\/news\\\/une-vision-prospective-du-retail-en-2050\\\/\",\"url\":\"https:\\\/\\\/altavia-group.com\\\/fr\\\/news\\\/une-vision-prospective-du-retail-en-2050\\\/\",\"name\":\"Une vision prospective du retail en 2050. - Altavia\",\"isPartOf\":{\"@id\":\"https:\\\/\\\/altavia-group.com\\\/#website\"},\"primaryImageOfPage\":{\"@id\":\"https:\\\/\\\/altavia-group.com\\\/fr\\\/news\\\/une-vision-prospective-du-retail-en-2050\\\/#primaryimage\"},\"image\":{\"@id\":\"https:\\\/\\\/altavia-group.com\\\/fr\\\/news\\\/une-vision-prospective-du-retail-en-2050\\\/#primaryimage\"},\"thumbnailUrl\":\"https:\\\/\\\/altavia-group.com\\\/wp-content\\\/uploads\\\/2026\\\/02\\\/DALL\u00b7E-2024-01-22-10.53.32-A-futuristic-retail-environment-in-2050-showcasing-a-combination-of-advanced-technologies-and-ecological-features.-The-scene-includes-a-high-tech-dig-1.jpg\",\"datePublished\":\"2024-01-22T09:56:58+00:00\",\"dateModified\":\"2026-02-09T11:12:03+00:00\",\"breadcrumb\":{\"@id\":\"https:\\\/\\\/altavia-group.com\\\/fr\\\/news\\\/une-vision-prospective-du-retail-en-2050\\\/#breadcrumb\"},\"inLanguage\":\"fr-FR\",\"potentialAction\":[{\"@type\":\"ReadAction\",\"target\":[\"https:\\\/\\\/altavia-group.com\\\/fr\\\/news\\\/une-vision-prospective-du-retail-en-2050\\\/\"]}]},{\"@type\":\"ImageObject\",\"inLanguage\":\"fr-FR\",\"@id\":\"https:\\\/\\\/altavia-group.com\\\/fr\\\/news\\\/une-vision-prospective-du-retail-en-2050\\\/#primaryimage\",\"url\":\"https:\\\/\\\/altavia-group.com\\\/wp-content\\\/uploads\\\/2026\\\/02\\\/DALL\u00b7E-2024-01-22-10.53.32-A-futuristic-retail-environment-in-2050-showcasing-a-combination-of-advanced-technologies-and-ecological-features.-The-scene-includes-a-high-tech-dig-1.jpg\",\"contentUrl\":\"https:\\\/\\\/altavia-group.com\\\/wp-content\\\/uploads\\\/2026\\\/02\\\/DALL\u00b7E-2024-01-22-10.53.32-A-futuristic-retail-environment-in-2050-showcasing-a-combination-of-advanced-technologies-and-ecological-features.-The-scene-includes-a-high-tech-dig-1.jpg\",\"caption\":\"retail en 2050\"},{\"@type\":\"BreadcrumbList\",\"@id\":\"https:\\\/\\\/altavia-group.com\\\/fr\\\/news\\\/une-vision-prospective-du-retail-en-2050\\\/#breadcrumb\",\"itemListElement\":[{\"@type\":\"ListItem\",\"position\":1,\"name\":\"Home\",\"item\":\"https:\\\/\\\/altavia-group.com\\\/fr\\\/\"},{\"@type\":\"ListItem\",\"position\":2,\"name\":\"News\",\"item\":\"https:\\\/\\\/altavia-group.com\\\/fr\\\/news\\\/\"},{\"@type\":\"ListItem\",\"position\":3,\"name\":\"Une vision prospective du retail en 2050.\"}]},{\"@type\":\"WebSite\",\"@id\":\"https:\\\/\\\/altavia-group.com\\\/#website\",\"url\":\"https:\\\/\\\/altavia-group.com\\\/\",\"name\":\"Altavia\",\"description\":\"Let\u2019s unlock our imagination.\",\"publisher\":{\"@id\":\"https:\\\/\\\/altavia-group.com\\\/#organization\"},\"potentialAction\":[{\"@type\":\"SearchAction\",\"target\":{\"@type\":\"EntryPoint\",\"urlTemplate\":\"https:\\\/\\\/altavia-group.com\\\/?s={search_term_string}\"},\"query-input\":{\"@type\":\"PropertyValueSpecification\",\"valueRequired\":true,\"valueName\":\"search_term_string\"}}],\"inLanguage\":\"fr-FR\"},{\"@type\":\"Organization\",\"@id\":\"https:\\\/\\\/altavia-group.com\\\/#organization\",\"name\":\"Altavia\",\"url\":\"https:\\\/\\\/altavia-group.com\\\/\",\"logo\":{\"@type\":\"ImageObject\",\"inLanguage\":\"fr-FR\",\"@id\":\"https:\\\/\\\/altavia-group.com\\\/#\\\/schema\\\/logo\\\/image\\\/\",\"url\":\"http:\\\/\\\/altavia-group.com\\\/wp-content\\\/uploads\\\/2024\\\/12\\\/cropped-favicon-altavia.png\",\"contentUrl\":\"http:\\\/\\\/altavia-group.com\\\/wp-content\\\/uploads\\\/2024\\\/12\\\/cropped-favicon-altavia.png\",\"width\":512,\"height\":512,\"caption\":\"Altavia\"},\"image\":{\"@id\":\"https:\\\/\\\/altavia-group.com\\\/#\\\/schema\\\/logo\\\/image\\\/\"}}]}<\/script>\n<!-- \/ Yoast SEO plugin. -->","yoast_head_json":{"title":"Une vision prospective du retail en 2050. - Altavia","robots":{"index":"index","follow":"follow","max-snippet":"max-snippet:-1","max-image-preview":"max-image-preview:large","max-video-preview":"max-video-preview:-1"},"og_locale":"fr_FR","og_type":"article","og_title":"Une vision prospective du retail en 2050. - Altavia","og_description":"Au mi-temps du 21\u00e8me si\u00e8cle, plusieurs changements majeurs auront transform\u00e9 en profondeur le retail.","og_url":"https:\/\/altavia-group.com\/fr\/news\/une-vision-prospective-du-retail-en-2050\/","og_site_name":"Altavia","article_modified_time":"2026-02-09T11:12:03+00:00","og_image":[{"url":"https:\/\/altavia-group.com\/wp-content\/uploads\/2026\/02\/DALL\u00b7E-2024-01-22-10.53.32-A-futuristic-retail-environment-in-2050-showcasing-a-combination-of-advanced-technologies-and-ecological-features.-The-scene-includes-a-high-tech-dig-1.jpg","width":1,"height":1,"type":"image\/jpeg"}],"twitter_card":"summary_large_image","twitter_misc":{"Est. reading time":"9 minutes"},"schema":{"@context":"https:\/\/schema.org","@graph":[{"@type":"WebPage","@id":"https:\/\/altavia-group.com\/fr\/news\/une-vision-prospective-du-retail-en-2050\/","url":"https:\/\/altavia-group.com\/fr\/news\/une-vision-prospective-du-retail-en-2050\/","name":"Une vision prospective du retail en 2050. - Altavia","isPartOf":{"@id":"https:\/\/altavia-group.com\/#website"},"primaryImageOfPage":{"@id":"https:\/\/altavia-group.com\/fr\/news\/une-vision-prospective-du-retail-en-2050\/#primaryimage"},"image":{"@id":"https:\/\/altavia-group.com\/fr\/news\/une-vision-prospective-du-retail-en-2050\/#primaryimage"},"thumbnailUrl":"https:\/\/altavia-group.com\/wp-content\/uploads\/2026\/02\/DALL\u00b7E-2024-01-22-10.53.32-A-futuristic-retail-environment-in-2050-showcasing-a-combination-of-advanced-technologies-and-ecological-features.-The-scene-includes-a-high-tech-dig-1.jpg","datePublished":"2024-01-22T09:56:58+00:00","dateModified":"2026-02-09T11:12:03+00:00","breadcrumb":{"@id":"https:\/\/altavia-group.com\/fr\/news\/une-vision-prospective-du-retail-en-2050\/#breadcrumb"},"inLanguage":"fr-FR","potentialAction":[{"@type":"ReadAction","target":["https:\/\/altavia-group.com\/fr\/news\/une-vision-prospective-du-retail-en-2050\/"]}]},{"@type":"ImageObject","inLanguage":"fr-FR","@id":"https:\/\/altavia-group.com\/fr\/news\/une-vision-prospective-du-retail-en-2050\/#primaryimage","url":"https:\/\/altavia-group.com\/wp-content\/uploads\/2026\/02\/DALL\u00b7E-2024-01-22-10.53.32-A-futuristic-retail-environment-in-2050-showcasing-a-combination-of-advanced-technologies-and-ecological-features.-The-scene-includes-a-high-tech-dig-1.jpg","contentUrl":"https:\/\/altavia-group.com\/wp-content\/uploads\/2026\/02\/DALL\u00b7E-2024-01-22-10.53.32-A-futuristic-retail-environment-in-2050-showcasing-a-combination-of-advanced-technologies-and-ecological-features.-The-scene-includes-a-high-tech-dig-1.jpg","caption":"retail en 2050"},{"@type":"BreadcrumbList","@id":"https:\/\/altavia-group.com\/fr\/news\/une-vision-prospective-du-retail-en-2050\/#breadcrumb","itemListElement":[{"@type":"ListItem","position":1,"name":"Home","item":"https:\/\/altavia-group.com\/fr\/"},{"@type":"ListItem","position":2,"name":"News","item":"https:\/\/altavia-group.com\/fr\/news\/"},{"@type":"ListItem","position":3,"name":"Une vision prospective du retail en 2050."}]},{"@type":"WebSite","@id":"https:\/\/altavia-group.com\/#website","url":"https:\/\/altavia-group.com\/","name":"Altavia","description":"Let\u2019s unlock our imagination.","publisher":{"@id":"https:\/\/altavia-group.com\/#organization"},"potentialAction":[{"@type":"SearchAction","target":{"@type":"EntryPoint","urlTemplate":"https:\/\/altavia-group.com\/?s={search_term_string}"},"query-input":{"@type":"PropertyValueSpecification","valueRequired":true,"valueName":"search_term_string"}}],"inLanguage":"fr-FR"},{"@type":"Organization","@id":"https:\/\/altavia-group.com\/#organization","name":"Altavia","url":"https:\/\/altavia-group.com\/","logo":{"@type":"ImageObject","inLanguage":"fr-FR","@id":"https:\/\/altavia-group.com\/#\/schema\/logo\/image\/","url":"http:\/\/altavia-group.com\/wp-content\/uploads\/2024\/12\/cropped-favicon-altavia.png","contentUrl":"http:\/\/altavia-group.com\/wp-content\/uploads\/2024\/12\/cropped-favicon-altavia.png","width":512,"height":512,"caption":"Altavia"},"image":{"@id":"https:\/\/altavia-group.com\/#\/schema\/logo\/image\/"}}]}},"_links":{"self":[{"href":"https:\/\/altavia-group.com\/fr\/wp-json\/wp\/v2\/news\/7000","targetHints":{"allow":["GET"]}}],"collection":[{"href":"https:\/\/altavia-group.com\/fr\/wp-json\/wp\/v2\/news"}],"about":[{"href":"https:\/\/altavia-group.com\/fr\/wp-json\/wp\/v2\/types\/news"}],"author":[{"embeddable":true,"href":"https:\/\/altavia-group.com\/fr\/wp-json\/wp\/v2\/users\/17"}],"replies":[{"embeddable":true,"href":"https:\/\/altavia-group.com\/fr\/wp-json\/wp\/v2\/comments?post=7000"}],"version-history":[{"count":0,"href":"https:\/\/altavia-group.com\/fr\/wp-json\/wp\/v2\/news\/7000\/revisions"}],"wp:featuredmedia":[{"embeddable":true,"href":"https:\/\/altavia-group.com\/fr\/wp-json\/wp\/v2\/media\/7001"}],"wp:attachment":[{"href":"https:\/\/altavia-group.com\/fr\/wp-json\/wp\/v2\/media?parent=7000"}],"wp:term":[{"taxonomy":"category","embeddable":true,"href":"https:\/\/altavia-group.com\/fr\/wp-json\/wp\/v2\/categories?post=7000"},{"taxonomy":"post_tag","embeddable":true,"href":"https:\/\/altavia-group.com\/fr\/wp-json\/wp\/v2\/tags?post=7000"},{"taxonomy":"news-type-taxonomy","embeddable":true,"href":"https:\/\/altavia-group.com\/fr\/wp-json\/wp\/v2\/news-type-taxonomy?post=7000"},{"taxonomy":"news-topic-taxonomy","embeddable":true,"href":"https:\/\/altavia-group.com\/fr\/wp-json\/wp\/v2\/news-topic-taxonomy?post=7000"}],"curies":[{"name":"wp","href":"https:\/\/api.w.org\/{rel}","templated":true}]}}