{"id":7009,"date":"2024-01-22T18:36:17","date_gmt":"2024-01-22T17:36:17","guid":{"rendered":"https:\/\/altaviagroudev.wpenginepowered.com\/news\/carrefour-sassocie-a-netflix-pour-lancer-une-offre-dabonnement\/"},"modified":"2026-02-09T12:12:09","modified_gmt":"2026-02-09T11:12:09","slug":"carrefour-sassocie-a-netflix-pour-lancer-une-offre-dabonnement","status":"publish","type":"news","link":"https:\/\/altavia-group.com\/fr\/news\/carrefour-sassocie-a-netflix-pour-lancer-une-offre-dabonnement\/","title":{"rendered":"Carrefour s\u2019associe \u00e0 Netflix pour lancer une offre d\u2019abonnement."},"content":{"rendered":"<section class=\"wpb-content-wrapper\"><p>[vc_row css=\u00a0\u00bb.vc_custom_1519392503248{padding-top: 18px !important;}\u00a0\u00bb][vc_column]<div class=\"edgtf-single-image-holder   \">\n    <div class=\"edgtf-si-inner\" >\n                                    <img decoding=\"async\" src=\"https:\/\/altavia-group.com\/wp-content\/uploads\/2026\/02\/netflix-1.jpeg\" class=\"attachment-full size-full\" alt=\"Carrefour s'associe \u00e0 Netflix pour lancer une offre d'abonnement.\" \/>                        <\/div>\n<\/div>[vc_empty_space height=\u00a0\u00bb37px\u00a0\u00bb]<div class=\"edgtf-elements-holder   edgtf-one-column  edgtf-responsive-mode-768 \" ><div class=\"edgtf-eh-item    \"  data-item-class=\"edgtf-eh-custom-3408\" data-1280-1600=\"0 0\" data-1024-1280=\"0 0\" data-768-1024=\"0 30px 0 0\" data-680-768=\"0 20px 0 0\" data-680=\"0 0\">\n\t<div class=\"edgtf-eh-item-inner\">\n\t\t<div class=\"edgtf-eh-item-content edgtf-eh-custom-3408\" style=\"padding: 0 50px 0 0\">\n\t\t\t[vc_column_text]<span class=\"edgtf-dropcaps edgtf-normal\" style=\"color: #1b1c21\">C<\/span><span style=\"font-weight: 400;\">arrefour a r\u00e9cemment d\u00e9voil\u00e9 le lancement de sa nouvelle offre d&rsquo;abonnement Carrefour Plus, propos\u00e9e en partenariat avec Netflix. Actuellement disponible dans 108 magasins situ\u00e9s dans les agglom\u00e9rations de Rouen et Bordeaux, l'offre donne acc\u00e8s, pour 5,99 \u20ac par mois, au catalogue de s\u00e9ries, films et jeux de Netflix, en plus de b\u00e9n\u00e9ficier d&rsquo;une remise imm\u00e9diate de 10 % sur plus de 6 000 produits des marques Carrefour.\u00a0<\/span><\/p>\n<p><span style=\"font-weight: 400;\">Les adh\u00e9rents \u00e0 Carrefour Plus pourront \u00e9galement profiter d&rsquo;une livraison gratuite d\u00e8s 60 \u20ac d&rsquo;achat. Pour y souscrire, les clients ont deux options : l&rsquo;inscription directe sur le site de Carrefour ou l&rsquo;achat en magasin d&rsquo;une carte-cadeau contenant un flashcode. <\/span><span style=\"font-weight: 400;\">En outre, les clients ont la possibilit\u00e9 de souscrire \u00e0 l&rsquo;abonnement Standard de Netflix pour 7,50 \u20ac par mois, ou \u00e0 l&rsquo;abonnement Premium pour 14 \u20ac par mois.\u00a0<\/span><\/p>\n<p><span style=\"font-weight: 400;\">Un partenariat qui devrait permettre \u00e0 Netflix d'attirer de nouveaux clients et \u00e0 Carrefour de proposer, comme l'explique Caroline Dassi\u00e9, directrice ex\u00e9cutive, <\/span><i><span style=\"font-weight: 400;\">\"une offre de divertissement \u00e0 [ses] clients\"<\/span><\/i><span style=\"font-weight: 400;\">, alors qu'en ces temps d'inflation, les Fran\u00e7ais continuent de privil\u00e9gier leurs d\u00e9penses de loisirs au d\u00e9triment d'autres achats, notamment textiles.<\/span>[\/vc_column_text][vc_empty_space height=\u00a0\u00bb37px\u00a0\u00bb]<div class=\"edgtf-section-title-holder  edgtf-st-standard edgtf-st-title-left edgtf-st-normal-space \" >\n\t<div class=\"edgtf-st-inner\">\n\t\t\t\t\t<h4 class=\"edgtf-st-title\" >\n\t\t\t\tPlus de d\u00e9tails sur le Huffington Post :\t\t\t<\/h4>\n\t\t\t\t\t<\/div>\n<\/div>[vc_empty_space height=\u00a0\u00bb37px\u00a0\u00bb][vc_btn title=\u00a0\u00bbLire l&rsquo;article\u00a0\u00bb style=\u00a0\u00bboutline-custom\u00a0\u00bb outline_custom_color=\u00a0\u00bb#202125&Prime; outline_custom_hover_background=\u00a0\u00bb#202125&Prime; outline_custom_hover_text=\u00a0\u00bb#ffffff\u00a0\u00bb shape=\u00a0\u00bbsquare\u00a0\u00bb class=\u00a0\u00bbc-link\u00a0\u00bb href=\u00a0\u00bbhttp:\/\/2fforms.sbc32.com\/\u00a0\u00bb target=\u00a0\u00bb_blank\u00a0\u00bb rel=\u00a0\u00bbnoopener noreferrer\u00a0\u00bb data-stringify-link=\u00a0\u00bbhttp:\/\/2Fforms.sbc32.com\u00a0\u00bb link=\u00a0\u00bburl:https%3A%2F%2Fwww.huffingtonpost.fr%2Fculture%2Farticle%2Fnetflix-et-carrefour-s-allient-pour-une-nouvelle-formule-d-abonnement-avec-streaming-et-reduction-a-la-caisse_228397.html|target:_blank\u00a0\u00bb][vc_empty_space height=\u00a0\u00bb54px\u00a0\u00bb]\t\t<\/div>\n\t<\/div>\n<\/div><\/div>[\/vc_column][\/vc_row][vc_row content_text_aligment=\u00a0\u00bbcenter\u00a0\u00bb][vc_column parallax=\u00a0\u00bbcontent-moving\u00a0\u00bb parallax_image=\u00a0\u00bb5672&Prime;]<div class=\"edgtf-section-title-holder  edgtf-st-standard edgtf-st-title-left edgtf-st-normal-space \" style=\"text-align: center\">\n\t<div class=\"edgtf-st-inner\">\n\t\t\t\t\t<h2 class=\"edgtf-st-title\" style=\"color: #00dd96\">\n\t\t\t\t.newsletter\t\t\t<\/h2>\n\t\t\t\t\t<\/div>\n<\/div>[vc_column_text]<span style=\"color: #ffffff;\">Recevez les actualit\u00e9s et tendances retail en exclusivit\u00e9 !<\/span>[\/vc_column_text][vc_empty_space][vc_btn title=\u00a0\u00bbJe m&rsquo;abonne\u00a0\u00bb style=\u00a0\u00bboutline-custom\u00a0\u00bb outline_custom_color=\u00a0\u00bb#ffffff\u00a0\u00bb outline_custom_hover_background=\u00a0\u00bb#666666&Prime; outline_custom_hover_text=\u00a0\u00bb#ffffff\u00a0\u00bb shape=\u00a0\u00bbsquare\u00a0\u00bb class=\u00a0\u00bbc-link\u00a0\u00bb href=\u00a0\u00bbhttp:\/\/2fforms.sbc32.com\/\u00a0\u00bb target=\u00a0\u00bb_blank\u00a0\u00bb rel=\u00a0\u00bbnoopener noreferrer\u00a0\u00bb data-stringify-link=\u00a0\u00bbhttp:\/\/2Fforms.sbc32.com\u00a0\u00bb link=\u00a0\u00bburl:https%3A%2F%2Fforms.sbc32.com%2F65046ef85fef6a5fa6e7a5c0%2FwU3RssckT3CNNqCwsRf6Jg%2Fform.html|target:_blank\u00a0\u00bb][vc_empty_space height=\u00a0\u00bb12px\u00a0\u00bb][\/vc_column][\/vc_row]<\/p>\n<\/section>","protected":false},"excerpt":{"rendered":"<p>Carrefour a r\u00e9cemment d\u00e9voil\u00e9 le lancement de sa nouvelle offre d&rsquo;abonnement Carrefour Plus, propos\u00e9e en partenariat avec Netflix.<\/p>\n","protected":false},"author":17,"featured_media":7010,"menu_order":0,"comment_status":"closed","ping_status":"closed","template":"","meta":{"_acf_changed":false,"color_menu":"","footer_color_background":"","featured_image_url":"","footnotes":""},"categories":[266,271],"tags":[],"news-type-taxonomy":[],"news-topic-taxonomy":[],"class_list":["post-7009","news","type-news","status-publish","has-post-thumbnail","hentry","category-info-retailers","category-veille-retail"],"acf":[],"yoast_head":"<!-- This site is optimized with the Yoast SEO plugin v27.5 - https:\/\/yoast.com\/product\/yoast-seo-wordpress\/ -->\n<title>Carrefour s\u2019associe \u00e0 Netflix pour lancer une offre d\u2019abonnement. - Altavia<\/title>\n<meta name=\"robots\" content=\"index, follow, max-snippet:-1, max-image-preview:large, max-video-preview:-1\" \/>\n<meta property=\"og:locale\" content=\"fr_FR\" \/>\n<meta property=\"og:type\" content=\"article\" \/>\n<meta property=\"og:title\" content=\"Carrefour s\u2019associe \u00e0 Netflix pour lancer une offre d\u2019abonnement. - Altavia\" \/>\n<meta property=\"og:description\" content=\"Carrefour a r\u00e9cemment d\u00e9voil\u00e9 le lancement de sa nouvelle offre d&#039;abonnement Carrefour Plus, propos\u00e9e en partenariat avec Netflix.\" \/>\n<meta property=\"og:url\" content=\"https:\/\/altavia-group.com\/fr\/news\/carrefour-sassocie-a-netflix-pour-lancer-une-offre-dabonnement\/\" \/>\n<meta property=\"og:site_name\" content=\"Altavia\" \/>\n<meta property=\"article:modified_time\" content=\"2026-02-09T11:12:09+00:00\" \/>\n<meta property=\"og:image\" content=\"https:\/\/altavia-group.com\/wp-content\/uploads\/2026\/02\/netflix-1.jpeg\" \/>\n\t<meta property=\"og:image:width\" content=\"1\" \/>\n\t<meta property=\"og:image:height\" content=\"1\" \/>\n\t<meta property=\"og:image:type\" content=\"image\/jpeg\" \/>\n<meta name=\"twitter:card\" content=\"summary_large_image\" \/>\n<meta name=\"twitter:label1\" content=\"Est. reading time\" \/>\n\t<meta name=\"twitter:data1\" content=\"2 minutes\" \/>\n<script type=\"application\/ld+json\" class=\"yoast-schema-graph\">{\"@context\":\"https:\\\/\\\/schema.org\",\"@graph\":[{\"@type\":\"WebPage\",\"@id\":\"https:\\\/\\\/altavia-group.com\\\/fr\\\/news\\\/carrefour-sassocie-a-netflix-pour-lancer-une-offre-dabonnement\\\/\",\"url\":\"https:\\\/\\\/altavia-group.com\\\/fr\\\/news\\\/carrefour-sassocie-a-netflix-pour-lancer-une-offre-dabonnement\\\/\",\"name\":\"Carrefour s\u2019associe \u00e0 Netflix pour lancer une offre d\u2019abonnement. - Altavia\",\"isPartOf\":{\"@id\":\"https:\\\/\\\/altavia-group.com\\\/#website\"},\"primaryImageOfPage\":{\"@id\":\"https:\\\/\\\/altavia-group.com\\\/fr\\\/news\\\/carrefour-sassocie-a-netflix-pour-lancer-une-offre-dabonnement\\\/#primaryimage\"},\"image\":{\"@id\":\"https:\\\/\\\/altavia-group.com\\\/fr\\\/news\\\/carrefour-sassocie-a-netflix-pour-lancer-une-offre-dabonnement\\\/#primaryimage\"},\"thumbnailUrl\":\"https:\\\/\\\/altavia-group.com\\\/wp-content\\\/uploads\\\/2026\\\/02\\\/netflix-1.jpeg\",\"datePublished\":\"2024-01-22T17:36:17+00:00\",\"dateModified\":\"2026-02-09T11:12:09+00:00\",\"breadcrumb\":{\"@id\":\"https:\\\/\\\/altavia-group.com\\\/fr\\\/news\\\/carrefour-sassocie-a-netflix-pour-lancer-une-offre-dabonnement\\\/#breadcrumb\"},\"inLanguage\":\"fr-FR\",\"potentialAction\":[{\"@type\":\"ReadAction\",\"target\":[\"https:\\\/\\\/altavia-group.com\\\/fr\\\/news\\\/carrefour-sassocie-a-netflix-pour-lancer-une-offre-dabonnement\\\/\"]}]},{\"@type\":\"ImageObject\",\"inLanguage\":\"fr-FR\",\"@id\":\"https:\\\/\\\/altavia-group.com\\\/fr\\\/news\\\/carrefour-sassocie-a-netflix-pour-lancer-une-offre-dabonnement\\\/#primaryimage\",\"url\":\"https:\\\/\\\/altavia-group.com\\\/wp-content\\\/uploads\\\/2026\\\/02\\\/netflix-1.jpeg\",\"contentUrl\":\"https:\\\/\\\/altavia-group.com\\\/wp-content\\\/uploads\\\/2026\\\/02\\\/netflix-1.jpeg\",\"caption\":\"February 3, 2022, Brazil. In this photo illustration, the Netflix logo is displayed on a smartphone screen\"},{\"@type\":\"BreadcrumbList\",\"@id\":\"https:\\\/\\\/altavia-group.com\\\/fr\\\/news\\\/carrefour-sassocie-a-netflix-pour-lancer-une-offre-dabonnement\\\/#breadcrumb\",\"itemListElement\":[{\"@type\":\"ListItem\",\"position\":1,\"name\":\"Home\",\"item\":\"https:\\\/\\\/altavia-group.com\\\/fr\\\/\"},{\"@type\":\"ListItem\",\"position\":2,\"name\":\"News\",\"item\":\"https:\\\/\\\/altavia-group.com\\\/fr\\\/news\\\/\"},{\"@type\":\"ListItem\",\"position\":3,\"name\":\"Carrefour s\u2019associe \u00e0 Netflix pour lancer une offre d\u2019abonnement.\"}]},{\"@type\":\"WebSite\",\"@id\":\"https:\\\/\\\/altavia-group.com\\\/#website\",\"url\":\"https:\\\/\\\/altavia-group.com\\\/\",\"name\":\"Altavia\",\"description\":\"Let\u2019s unlock our imagination.\",\"publisher\":{\"@id\":\"https:\\\/\\\/altavia-group.com\\\/#organization\"},\"potentialAction\":[{\"@type\":\"SearchAction\",\"target\":{\"@type\":\"EntryPoint\",\"urlTemplate\":\"https:\\\/\\\/altavia-group.com\\\/?s={search_term_string}\"},\"query-input\":{\"@type\":\"PropertyValueSpecification\",\"valueRequired\":true,\"valueName\":\"search_term_string\"}}],\"inLanguage\":\"fr-FR\"},{\"@type\":\"Organization\",\"@id\":\"https:\\\/\\\/altavia-group.com\\\/#organization\",\"name\":\"Altavia\",\"url\":\"https:\\\/\\\/altavia-group.com\\\/\",\"logo\":{\"@type\":\"ImageObject\",\"inLanguage\":\"fr-FR\",\"@id\":\"https:\\\/\\\/altavia-group.com\\\/#\\\/schema\\\/logo\\\/image\\\/\",\"url\":\"http:\\\/\\\/altavia-group.com\\\/wp-content\\\/uploads\\\/2024\\\/12\\\/cropped-favicon-altavia.png\",\"contentUrl\":\"http:\\\/\\\/altavia-group.com\\\/wp-content\\\/uploads\\\/2024\\\/12\\\/cropped-favicon-altavia.png\",\"width\":512,\"height\":512,\"caption\":\"Altavia\"},\"image\":{\"@id\":\"https:\\\/\\\/altavia-group.com\\\/#\\\/schema\\\/logo\\\/image\\\/\"}}]}<\/script>\n<!-- \/ Yoast SEO plugin. -->","yoast_head_json":{"title":"Carrefour s\u2019associe \u00e0 Netflix pour lancer une offre d\u2019abonnement. - Altavia","robots":{"index":"index","follow":"follow","max-snippet":"max-snippet:-1","max-image-preview":"max-image-preview:large","max-video-preview":"max-video-preview:-1"},"og_locale":"fr_FR","og_type":"article","og_title":"Carrefour s\u2019associe \u00e0 Netflix pour lancer une offre d\u2019abonnement. - Altavia","og_description":"Carrefour a r\u00e9cemment d\u00e9voil\u00e9 le lancement de sa nouvelle offre d'abonnement Carrefour Plus, propos\u00e9e en partenariat avec Netflix.","og_url":"https:\/\/altavia-group.com\/fr\/news\/carrefour-sassocie-a-netflix-pour-lancer-une-offre-dabonnement\/","og_site_name":"Altavia","article_modified_time":"2026-02-09T11:12:09+00:00","og_image":[{"url":"https:\/\/altavia-group.com\/wp-content\/uploads\/2026\/02\/netflix-1.jpeg","width":1,"height":1,"type":"image\/jpeg"}],"twitter_card":"summary_large_image","twitter_misc":{"Est. reading time":"2 minutes"},"schema":{"@context":"https:\/\/schema.org","@graph":[{"@type":"WebPage","@id":"https:\/\/altavia-group.com\/fr\/news\/carrefour-sassocie-a-netflix-pour-lancer-une-offre-dabonnement\/","url":"https:\/\/altavia-group.com\/fr\/news\/carrefour-sassocie-a-netflix-pour-lancer-une-offre-dabonnement\/","name":"Carrefour s\u2019associe \u00e0 Netflix pour lancer une offre d\u2019abonnement. - Altavia","isPartOf":{"@id":"https:\/\/altavia-group.com\/#website"},"primaryImageOfPage":{"@id":"https:\/\/altavia-group.com\/fr\/news\/carrefour-sassocie-a-netflix-pour-lancer-une-offre-dabonnement\/#primaryimage"},"image":{"@id":"https:\/\/altavia-group.com\/fr\/news\/carrefour-sassocie-a-netflix-pour-lancer-une-offre-dabonnement\/#primaryimage"},"thumbnailUrl":"https:\/\/altavia-group.com\/wp-content\/uploads\/2026\/02\/netflix-1.jpeg","datePublished":"2024-01-22T17:36:17+00:00","dateModified":"2026-02-09T11:12:09+00:00","breadcrumb":{"@id":"https:\/\/altavia-group.com\/fr\/news\/carrefour-sassocie-a-netflix-pour-lancer-une-offre-dabonnement\/#breadcrumb"},"inLanguage":"fr-FR","potentialAction":[{"@type":"ReadAction","target":["https:\/\/altavia-group.com\/fr\/news\/carrefour-sassocie-a-netflix-pour-lancer-une-offre-dabonnement\/"]}]},{"@type":"ImageObject","inLanguage":"fr-FR","@id":"https:\/\/altavia-group.com\/fr\/news\/carrefour-sassocie-a-netflix-pour-lancer-une-offre-dabonnement\/#primaryimage","url":"https:\/\/altavia-group.com\/wp-content\/uploads\/2026\/02\/netflix-1.jpeg","contentUrl":"https:\/\/altavia-group.com\/wp-content\/uploads\/2026\/02\/netflix-1.jpeg","caption":"February 3, 2022, Brazil. In this photo illustration, the Netflix logo is displayed on a smartphone screen"},{"@type":"BreadcrumbList","@id":"https:\/\/altavia-group.com\/fr\/news\/carrefour-sassocie-a-netflix-pour-lancer-une-offre-dabonnement\/#breadcrumb","itemListElement":[{"@type":"ListItem","position":1,"name":"Home","item":"https:\/\/altavia-group.com\/fr\/"},{"@type":"ListItem","position":2,"name":"News","item":"https:\/\/altavia-group.com\/fr\/news\/"},{"@type":"ListItem","position":3,"name":"Carrefour s\u2019associe \u00e0 Netflix pour lancer une offre d\u2019abonnement."}]},{"@type":"WebSite","@id":"https:\/\/altavia-group.com\/#website","url":"https:\/\/altavia-group.com\/","name":"Altavia","description":"Let\u2019s unlock our imagination.","publisher":{"@id":"https:\/\/altavia-group.com\/#organization"},"potentialAction":[{"@type":"SearchAction","target":{"@type":"EntryPoint","urlTemplate":"https:\/\/altavia-group.com\/?s={search_term_string}"},"query-input":{"@type":"PropertyValueSpecification","valueRequired":true,"valueName":"search_term_string"}}],"inLanguage":"fr-FR"},{"@type":"Organization","@id":"https:\/\/altavia-group.com\/#organization","name":"Altavia","url":"https:\/\/altavia-group.com\/","logo":{"@type":"ImageObject","inLanguage":"fr-FR","@id":"https:\/\/altavia-group.com\/#\/schema\/logo\/image\/","url":"http:\/\/altavia-group.com\/wp-content\/uploads\/2024\/12\/cropped-favicon-altavia.png","contentUrl":"http:\/\/altavia-group.com\/wp-content\/uploads\/2024\/12\/cropped-favicon-altavia.png","width":512,"height":512,"caption":"Altavia"},"image":{"@id":"https:\/\/altavia-group.com\/#\/schema\/logo\/image\/"}}]}},"_links":{"self":[{"href":"https:\/\/altavia-group.com\/fr\/wp-json\/wp\/v2\/news\/7009","targetHints":{"allow":["GET"]}}],"collection":[{"href":"https:\/\/altavia-group.com\/fr\/wp-json\/wp\/v2\/news"}],"about":[{"href":"https:\/\/altavia-group.com\/fr\/wp-json\/wp\/v2\/types\/news"}],"author":[{"embeddable":true,"href":"https:\/\/altavia-group.com\/fr\/wp-json\/wp\/v2\/users\/17"}],"replies":[{"embeddable":true,"href":"https:\/\/altavia-group.com\/fr\/wp-json\/wp\/v2\/comments?post=7009"}],"version-history":[{"count":0,"href":"https:\/\/altavia-group.com\/fr\/wp-json\/wp\/v2\/news\/7009\/revisions"}],"wp:featuredmedia":[{"embeddable":true,"href":"https:\/\/altavia-group.com\/fr\/wp-json\/wp\/v2\/media\/7010"}],"wp:attachment":[{"href":"https:\/\/altavia-group.com\/fr\/wp-json\/wp\/v2\/media?parent=7009"}],"wp:term":[{"taxonomy":"category","embeddable":true,"href":"https:\/\/altavia-group.com\/fr\/wp-json\/wp\/v2\/categories?post=7009"},{"taxonomy":"post_tag","embeddable":true,"href":"https:\/\/altavia-group.com\/fr\/wp-json\/wp\/v2\/tags?post=7009"},{"taxonomy":"news-type-taxonomy","embeddable":true,"href":"https:\/\/altavia-group.com\/fr\/wp-json\/wp\/v2\/news-type-taxonomy?post=7009"},{"taxonomy":"news-topic-taxonomy","embeddable":true,"href":"https:\/\/altavia-group.com\/fr\/wp-json\/wp\/v2\/news-topic-taxonomy?post=7009"}],"curies":[{"name":"wp","href":"https:\/\/api.w.org\/{rel}","templated":true}]}}