{"id":7064,"date":"2024-01-30T12:43:58","date_gmt":"2024-01-30T11:43:58","guid":{"rendered":"https:\/\/altaviagroudev.wpenginepowered.com\/news\/franprix-se-lance-dans-la-location-dequipements-du-quotidien\/"},"modified":"2026-02-09T12:12:38","modified_gmt":"2026-02-09T11:12:38","slug":"franprix-se-lance-dans-la-location-dequipements-du-quotidien","status":"publish","type":"news","link":"https:\/\/altavia-group.com\/fr\/news\/franprix-se-lance-dans-la-location-dequipements-du-quotidien\/","title":{"rendered":"Franprix se lance dans la location d\u2019\u00e9quipements du quotidien."},"content":{"rendered":"<section class=\"wpb-content-wrapper\"><p>[vc_row css=\u00a0\u00bb.vc_custom_1519392503248{padding-top: 18px !important;}\u00a0\u00bb][vc_column]<div class=\"edgtf-single-image-holder   edgtf-image-behavior-lightbox\">\n    <div class=\"edgtf-si-inner\" >\n                    <a itemprop=\"image\" href=\"https:\/\/altavia-group.com\/wp-content\/uploads\/2026\/02\/210234484_m-1.jpg\" data-rel=\"prettyPhoto[si_pretty_photo]\" title=\"Franprix\">\n                                    <img decoding=\"async\" src=\"https:\/\/altavia-group.com\/wp-content\/uploads\/2026\/02\/210234484_m-1.jpg\" class=\"attachment-full size-full\" alt=\"Franprix\" \/>                                <\/a>\n            <\/div>\n<\/div>[vc_empty_space height=\u00a0\u00bb37px\u00a0\u00bb]<div class=\"edgtf-elements-holder   edgtf-one-column  edgtf-responsive-mode-768 \" ><div class=\"edgtf-eh-item    \"  data-item-class=\"edgtf-eh-custom-5797\" data-1280-1600=\"0 0\" data-1024-1280=\"0 0\" data-768-1024=\"0 30px 0 0\" data-680-768=\"0 20px 0 0\" data-680=\"0 0\">\n\t<div class=\"edgtf-eh-item-inner\">\n\t\t<div class=\"edgtf-eh-item-content edgtf-eh-custom-5797\" style=\"padding: 0 50px 0 0\">\n\t\t\t[vc_column_text]<span class=\"edgtf-dropcaps edgtf-normal\" style=\"color: #1b1c21\">F<\/span><span style=\"font-weight: 400;\">ranprix innove en offrant aux citadins la possibilit\u00e9 de louer des \u00e9quipements du quotidien, en partenariat avec l&rsquo;entreprise sociale et solidaire Les Biens en Commun. Cette initiative, lanc\u00e9e dans quatre magasins tests \u00e0 Paris et Lyon, propose des casiers connect\u00e9s pour la r\u00e9servation d&rsquo;articles \u00e0 usage occasionnel.<\/span><\/p>\n<p><span style=\"font-weight: 400;\">Des planchas, des perceuses ou des vid\u00e9oprojecteurs sont d\u00e9sormais accessibles \u00e0 la location, juste en bas de chez soi. Ce service vise \u00e0 encourager une consommation plus responsable et durable. En se positionnant en acteur cl\u00e9 de la vie de quartier, Franprix entend offrir les avantages de la propri\u00e9t\u00e9 sans les contraintes du stockage, de l&rsquo;entretien et de la r\u00e9paration.\u00a0<\/span><\/p>\n<p><span style=\"font-weight: 400;\">La s\u00e9lection vari\u00e9e de produits s&rsquo;adapte aux besoins sp\u00e9cifiques des clients, \u00e0 leur environnement et aux saisons \u2013 des appareils \u00e0 raclette en hiver aux jeux de p\u00e9tanque et de M\u00f6lkky en \u00e9t\u00e9. <\/span><i><span style=\"font-weight: 400;\">\"Nous proposons une alternative \u00e0 l'achat de produits peu utilis\u00e9s<\/span><\/i><span style=\"font-weight: 400;\">, explique\u00a0 Laurent Rapoport, Directeur ex\u00e9cutif de Franprix dans les colonnes du magazine Points de Vente. <\/span><i><span style=\"font-weight: 400;\">Ce nouveau service allie utilit\u00e9, \u00e9conomie et engagement responsable.\"<\/span><\/i><\/p>\n<p><span style=\"font-weight: 400;\">Les tarifs, attractifs, varient de 2\u20ac de l'heure \u00e0 30\u20ac la semaine, avec des dur\u00e9es de location flexibles et des tarifs d\u00e9gressifs. En cas de succ\u00e8s, Franprix et son partenaire envisagent d&rsquo;\u00e9tendre le service \u00e0 davantage de magasins.<\/span>[\/vc_column_text][vc_empty_space height=\u00a0\u00bb37px\u00a0\u00bb]<div class=\"edgtf-section-title-holder  edgtf-st-standard edgtf-st-title-left edgtf-st-normal-space \" >\n\t<div class=\"edgtf-st-inner\">\n\t\t\t\t\t<h4 class=\"edgtf-st-title\" >\n\t\t\t\tPlus de d\u00e9tails sur Points de Vente :\t\t\t<\/h4>\n\t\t\t\t\t<\/div>\n<\/div>[vc_empty_space height=\u00a0\u00bb37px\u00a0\u00bb][vc_btn title=\u00a0\u00bbLire l&rsquo;article\u00a0\u00bb style=\u00a0\u00bboutline-custom\u00a0\u00bb outline_custom_color=\u00a0\u00bb#202125&Prime; outline_custom_hover_background=\u00a0\u00bb#202125&Prime; outline_custom_hover_text=\u00a0\u00bb#ffffff\u00a0\u00bb shape=\u00a0\u00bbsquare\u00a0\u00bb class=\u00a0\u00bbc-link\u00a0\u00bb href=\u00a0\u00bbhttp:\/\/2fforms.sbc32.com\/\u00a0\u00bb target=\u00a0\u00bb_blank\u00a0\u00bb rel=\u00a0\u00bbnoopener noreferrer\u00a0\u00bb data-stringify-link=\u00a0\u00bbhttp:\/\/2Fforms.sbc32.com\u00a0\u00bb link=\u00a0\u00bburl:https%3A%2F%2Fpointsdevente.fr%2Ffil-info%2F2024-01-25-franprix-teste-un-nouveau-service-de-location-dequipement%2F|target:_blank\u00a0\u00bb][vc_empty_space height=\u00a0\u00bb54px\u00a0\u00bb]\t\t<\/div>\n\t<\/div>\n<\/div><\/div>[\/vc_column][\/vc_row][vc_row content_text_aligment=\u00a0\u00bbcenter\u00a0\u00bb][vc_column parallax=\u00a0\u00bbcontent-moving\u00a0\u00bb parallax_image=\u00a0\u00bb5672&Prime;]<div class=\"edgtf-section-title-holder  edgtf-st-standard edgtf-st-title-left edgtf-st-normal-space \" style=\"text-align: center\">\n\t<div class=\"edgtf-st-inner\">\n\t\t\t\t\t<h2 class=\"edgtf-st-title\" style=\"color: #00dd96\">\n\t\t\t\t.newsletter\t\t\t<\/h2>\n\t\t\t\t\t<\/div>\n<\/div>[vc_column_text]<span style=\"color: #ffffff;\">Recevez les actualit\u00e9s et tendances retail en exclusivit\u00e9 !<\/span>[\/vc_column_text][vc_empty_space][vc_btn title=\u00a0\u00bbJe m&rsquo;abonne\u00a0\u00bb style=\u00a0\u00bboutline-custom\u00a0\u00bb outline_custom_color=\u00a0\u00bb#ffffff\u00a0\u00bb outline_custom_hover_background=\u00a0\u00bb#666666&Prime; outline_custom_hover_text=\u00a0\u00bb#ffffff\u00a0\u00bb shape=\u00a0\u00bbsquare\u00a0\u00bb class=\u00a0\u00bbc-link\u00a0\u00bb href=\u00a0\u00bbhttp:\/\/2fforms.sbc32.com\/\u00a0\u00bb target=\u00a0\u00bb_blank\u00a0\u00bb rel=\u00a0\u00bbnoopener noreferrer\u00a0\u00bb data-stringify-link=\u00a0\u00bbhttp:\/\/2Fforms.sbc32.com\u00a0\u00bb link=\u00a0\u00bburl:https%3A%2F%2Fforms.sbc32.com%2F65046ef85fef6a5fa6e7a5c0%2FwU3RssckT3CNNqCwsRf6Jg%2Fform.html|target:_blank\u00a0\u00bb][vc_empty_space height=\u00a0\u00bb12px\u00a0\u00bb][\/vc_column][\/vc_row]<\/p>\n<\/section>","protected":false},"excerpt":{"rendered":"<p>Franprix innove en offrant aux citadins la possibilit\u00e9 de louer des \u00e9quipements du quotidien, en partenariat avec l&rsquo;entreprise sociale et solidaire Les Biens en Commun.<\/p>\n","protected":false},"author":17,"featured_media":7065,"menu_order":0,"comment_status":"closed","ping_status":"closed","template":"","meta":{"_acf_changed":false,"color_menu":"","footer_color_background":"","featured_image_url":"","footnotes":""},"categories":[277,271],"tags":[],"news-type-taxonomy":[],"news-topic-taxonomy":[],"class_list":["post-7064","news","type-news","status-publish","has-post-thumbnail","hentry","category-innovation-retail","category-veille-retail"],"acf":[],"yoast_head":"<!-- This site is optimized with the Yoast SEO plugin v27.5 - https:\/\/yoast.com\/product\/yoast-seo-wordpress\/ -->\n<title>Franprix se lance dans la location d\u2019\u00e9quipements du quotidien. - Altavia<\/title>\n<meta name=\"robots\" content=\"index, follow, max-snippet:-1, max-image-preview:large, max-video-preview:-1\" \/>\n<meta property=\"og:locale\" content=\"fr_FR\" \/>\n<meta property=\"og:type\" content=\"article\" \/>\n<meta property=\"og:title\" content=\"Franprix se lance dans la location d\u2019\u00e9quipements du quotidien. - Altavia\" \/>\n<meta property=\"og:description\" content=\"Franprix innove en offrant aux citadins la possibilit\u00e9 de louer des \u00e9quipements du quotidien, en partenariat avec l&#039;entreprise sociale et solidaire Les Biens en Commun.\" \/>\n<meta property=\"og:url\" content=\"http:\/\/altavia-group.com\/fr\/news\/franprix-se-lance-dans-la-location-dequipements-du-quotidien\/\" \/>\n<meta property=\"og:site_name\" content=\"Altavia\" \/>\n<meta property=\"article:modified_time\" content=\"2026-02-09T11:12:38+00:00\" \/>\n<meta property=\"og:image\" content=\"http:\/\/altavia-group.com\/wp-content\/uploads\/2026\/02\/210234484_m-1.jpg\" \/>\n\t<meta property=\"og:image:width\" content=\"1\" \/>\n\t<meta property=\"og:image:height\" content=\"1\" \/>\n\t<meta property=\"og:image:type\" content=\"image\/jpeg\" \/>\n<meta name=\"twitter:card\" content=\"summary_large_image\" \/>\n<meta name=\"twitter:label1\" content=\"Est. reading time\" \/>\n\t<meta name=\"twitter:data1\" content=\"3 minutes\" \/>\n<script type=\"application\/ld+json\" class=\"yoast-schema-graph\">{\"@context\":\"https:\\\/\\\/schema.org\",\"@graph\":[{\"@type\":\"WebPage\",\"@id\":\"http:\\\/\\\/altavia-group.com\\\/fr\\\/news\\\/franprix-se-lance-dans-la-location-dequipements-du-quotidien\\\/\",\"url\":\"http:\\\/\\\/altavia-group.com\\\/fr\\\/news\\\/franprix-se-lance-dans-la-location-dequipements-du-quotidien\\\/\",\"name\":\"Franprix se lance dans la location d\u2019\u00e9quipements du quotidien. - Altavia\",\"isPartOf\":{\"@id\":\"https:\\\/\\\/altavia-group.com\\\/#website\"},\"primaryImageOfPage\":{\"@id\":\"http:\\\/\\\/altavia-group.com\\\/fr\\\/news\\\/franprix-se-lance-dans-la-location-dequipements-du-quotidien\\\/#primaryimage\"},\"image\":{\"@id\":\"http:\\\/\\\/altavia-group.com\\\/fr\\\/news\\\/franprix-se-lance-dans-la-location-dequipements-du-quotidien\\\/#primaryimage\"},\"thumbnailUrl\":\"https:\\\/\\\/altavia-group.com\\\/wp-content\\\/uploads\\\/2026\\\/02\\\/210234484_m-1.jpg\",\"datePublished\":\"2024-01-30T11:43:58+00:00\",\"dateModified\":\"2026-02-09T11:12:38+00:00\",\"breadcrumb\":{\"@id\":\"http:\\\/\\\/altavia-group.com\\\/fr\\\/news\\\/franprix-se-lance-dans-la-location-dequipements-du-quotidien\\\/#breadcrumb\"},\"inLanguage\":\"fr-FR\",\"potentialAction\":[{\"@type\":\"ReadAction\",\"target\":[\"http:\\\/\\\/altavia-group.com\\\/fr\\\/news\\\/franprix-se-lance-dans-la-location-dequipements-du-quotidien\\\/\"]}]},{\"@type\":\"ImageObject\",\"inLanguage\":\"fr-FR\",\"@id\":\"http:\\\/\\\/altavia-group.com\\\/fr\\\/news\\\/franprix-se-lance-dans-la-location-dequipements-du-quotidien\\\/#primaryimage\",\"url\":\"https:\\\/\\\/altavia-group.com\\\/wp-content\\\/uploads\\\/2026\\\/02\\\/210234484_m-1.jpg\",\"contentUrl\":\"https:\\\/\\\/altavia-group.com\\\/wp-content\\\/uploads\\\/2026\\\/02\\\/210234484_m-1.jpg\",\"caption\":\"Bordeaux , Aquitaine France - 06 21 2023 : franprix supermarket logo brand and text sign entrance shop of food retail store in city center\"},{\"@type\":\"BreadcrumbList\",\"@id\":\"http:\\\/\\\/altavia-group.com\\\/fr\\\/news\\\/franprix-se-lance-dans-la-location-dequipements-du-quotidien\\\/#breadcrumb\",\"itemListElement\":[{\"@type\":\"ListItem\",\"position\":1,\"name\":\"Home\",\"item\":\"https:\\\/\\\/altavia-group.com\\\/fr\\\/\"},{\"@type\":\"ListItem\",\"position\":2,\"name\":\"News\",\"item\":\"https:\\\/\\\/altavia-group.com\\\/fr\\\/news\\\/\"},{\"@type\":\"ListItem\",\"position\":3,\"name\":\"Franprix se lance dans la location d\u2019\u00e9quipements du quotidien.\"}]},{\"@type\":\"WebSite\",\"@id\":\"https:\\\/\\\/altavia-group.com\\\/#website\",\"url\":\"https:\\\/\\\/altavia-group.com\\\/\",\"name\":\"Altavia\",\"description\":\"Let\u2019s unlock our imagination.\",\"publisher\":{\"@id\":\"https:\\\/\\\/altavia-group.com\\\/#organization\"},\"potentialAction\":[{\"@type\":\"SearchAction\",\"target\":{\"@type\":\"EntryPoint\",\"urlTemplate\":\"https:\\\/\\\/altavia-group.com\\\/?s={search_term_string}\"},\"query-input\":{\"@type\":\"PropertyValueSpecification\",\"valueRequired\":true,\"valueName\":\"search_term_string\"}}],\"inLanguage\":\"fr-FR\"},{\"@type\":\"Organization\",\"@id\":\"https:\\\/\\\/altavia-group.com\\\/#organization\",\"name\":\"Altavia\",\"url\":\"https:\\\/\\\/altavia-group.com\\\/\",\"logo\":{\"@type\":\"ImageObject\",\"inLanguage\":\"fr-FR\",\"@id\":\"https:\\\/\\\/altavia-group.com\\\/#\\\/schema\\\/logo\\\/image\\\/\",\"url\":\"http:\\\/\\\/altavia-group.com\\\/wp-content\\\/uploads\\\/2024\\\/12\\\/cropped-favicon-altavia.png\",\"contentUrl\":\"http:\\\/\\\/altavia-group.com\\\/wp-content\\\/uploads\\\/2024\\\/12\\\/cropped-favicon-altavia.png\",\"width\":512,\"height\":512,\"caption\":\"Altavia\"},\"image\":{\"@id\":\"https:\\\/\\\/altavia-group.com\\\/#\\\/schema\\\/logo\\\/image\\\/\"}}]}<\/script>\n<!-- \/ Yoast SEO plugin. -->","yoast_head_json":{"title":"Franprix se lance dans la location d\u2019\u00e9quipements du quotidien. - Altavia","robots":{"index":"index","follow":"follow","max-snippet":"max-snippet:-1","max-image-preview":"max-image-preview:large","max-video-preview":"max-video-preview:-1"},"og_locale":"fr_FR","og_type":"article","og_title":"Franprix se lance dans la location d\u2019\u00e9quipements du quotidien. - Altavia","og_description":"Franprix innove en offrant aux citadins la possibilit\u00e9 de louer des \u00e9quipements du quotidien, en partenariat avec l'entreprise sociale et solidaire Les Biens en Commun.","og_url":"http:\/\/altavia-group.com\/fr\/news\/franprix-se-lance-dans-la-location-dequipements-du-quotidien\/","og_site_name":"Altavia","article_modified_time":"2026-02-09T11:12:38+00:00","og_image":[{"url":"http:\/\/altavia-group.com\/wp-content\/uploads\/2026\/02\/210234484_m-1.jpg","width":1,"height":1,"type":"image\/jpeg"}],"twitter_card":"summary_large_image","twitter_misc":{"Est. reading time":"3 minutes"},"schema":{"@context":"https:\/\/schema.org","@graph":[{"@type":"WebPage","@id":"http:\/\/altavia-group.com\/fr\/news\/franprix-se-lance-dans-la-location-dequipements-du-quotidien\/","url":"http:\/\/altavia-group.com\/fr\/news\/franprix-se-lance-dans-la-location-dequipements-du-quotidien\/","name":"Franprix se lance dans la location d\u2019\u00e9quipements du quotidien. - Altavia","isPartOf":{"@id":"https:\/\/altavia-group.com\/#website"},"primaryImageOfPage":{"@id":"http:\/\/altavia-group.com\/fr\/news\/franprix-se-lance-dans-la-location-dequipements-du-quotidien\/#primaryimage"},"image":{"@id":"http:\/\/altavia-group.com\/fr\/news\/franprix-se-lance-dans-la-location-dequipements-du-quotidien\/#primaryimage"},"thumbnailUrl":"https:\/\/altavia-group.com\/wp-content\/uploads\/2026\/02\/210234484_m-1.jpg","datePublished":"2024-01-30T11:43:58+00:00","dateModified":"2026-02-09T11:12:38+00:00","breadcrumb":{"@id":"http:\/\/altavia-group.com\/fr\/news\/franprix-se-lance-dans-la-location-dequipements-du-quotidien\/#breadcrumb"},"inLanguage":"fr-FR","potentialAction":[{"@type":"ReadAction","target":["http:\/\/altavia-group.com\/fr\/news\/franprix-se-lance-dans-la-location-dequipements-du-quotidien\/"]}]},{"@type":"ImageObject","inLanguage":"fr-FR","@id":"http:\/\/altavia-group.com\/fr\/news\/franprix-se-lance-dans-la-location-dequipements-du-quotidien\/#primaryimage","url":"https:\/\/altavia-group.com\/wp-content\/uploads\/2026\/02\/210234484_m-1.jpg","contentUrl":"https:\/\/altavia-group.com\/wp-content\/uploads\/2026\/02\/210234484_m-1.jpg","caption":"Bordeaux , Aquitaine France - 06 21 2023 : franprix supermarket logo brand and text sign entrance shop of food retail store in city center"},{"@type":"BreadcrumbList","@id":"http:\/\/altavia-group.com\/fr\/news\/franprix-se-lance-dans-la-location-dequipements-du-quotidien\/#breadcrumb","itemListElement":[{"@type":"ListItem","position":1,"name":"Home","item":"https:\/\/altavia-group.com\/fr\/"},{"@type":"ListItem","position":2,"name":"News","item":"https:\/\/altavia-group.com\/fr\/news\/"},{"@type":"ListItem","position":3,"name":"Franprix se lance dans la location d\u2019\u00e9quipements du quotidien."}]},{"@type":"WebSite","@id":"https:\/\/altavia-group.com\/#website","url":"https:\/\/altavia-group.com\/","name":"Altavia","description":"Let\u2019s unlock our imagination.","publisher":{"@id":"https:\/\/altavia-group.com\/#organization"},"potentialAction":[{"@type":"SearchAction","target":{"@type":"EntryPoint","urlTemplate":"https:\/\/altavia-group.com\/?s={search_term_string}"},"query-input":{"@type":"PropertyValueSpecification","valueRequired":true,"valueName":"search_term_string"}}],"inLanguage":"fr-FR"},{"@type":"Organization","@id":"https:\/\/altavia-group.com\/#organization","name":"Altavia","url":"https:\/\/altavia-group.com\/","logo":{"@type":"ImageObject","inLanguage":"fr-FR","@id":"https:\/\/altavia-group.com\/#\/schema\/logo\/image\/","url":"http:\/\/altavia-group.com\/wp-content\/uploads\/2024\/12\/cropped-favicon-altavia.png","contentUrl":"http:\/\/altavia-group.com\/wp-content\/uploads\/2024\/12\/cropped-favicon-altavia.png","width":512,"height":512,"caption":"Altavia"},"image":{"@id":"https:\/\/altavia-group.com\/#\/schema\/logo\/image\/"}}]}},"_links":{"self":[{"href":"https:\/\/altavia-group.com\/fr\/wp-json\/wp\/v2\/news\/7064","targetHints":{"allow":["GET"]}}],"collection":[{"href":"https:\/\/altavia-group.com\/fr\/wp-json\/wp\/v2\/news"}],"about":[{"href":"https:\/\/altavia-group.com\/fr\/wp-json\/wp\/v2\/types\/news"}],"author":[{"embeddable":true,"href":"https:\/\/altavia-group.com\/fr\/wp-json\/wp\/v2\/users\/17"}],"replies":[{"embeddable":true,"href":"https:\/\/altavia-group.com\/fr\/wp-json\/wp\/v2\/comments?post=7064"}],"version-history":[{"count":0,"href":"https:\/\/altavia-group.com\/fr\/wp-json\/wp\/v2\/news\/7064\/revisions"}],"wp:featuredmedia":[{"embeddable":true,"href":"https:\/\/altavia-group.com\/fr\/wp-json\/wp\/v2\/media\/7065"}],"wp:attachment":[{"href":"https:\/\/altavia-group.com\/fr\/wp-json\/wp\/v2\/media?parent=7064"}],"wp:term":[{"taxonomy":"category","embeddable":true,"href":"https:\/\/altavia-group.com\/fr\/wp-json\/wp\/v2\/categories?post=7064"},{"taxonomy":"post_tag","embeddable":true,"href":"https:\/\/altavia-group.com\/fr\/wp-json\/wp\/v2\/tags?post=7064"},{"taxonomy":"news-type-taxonomy","embeddable":true,"href":"https:\/\/altavia-group.com\/fr\/wp-json\/wp\/v2\/news-type-taxonomy?post=7064"},{"taxonomy":"news-topic-taxonomy","embeddable":true,"href":"https:\/\/altavia-group.com\/fr\/wp-json\/wp\/v2\/news-topic-taxonomy?post=7064"}],"curies":[{"name":"wp","href":"https:\/\/api.w.org\/{rel}","templated":true}]}}