{"id":7200,"date":"2024-02-15T13:56:51","date_gmt":"2024-02-15T12:56:51","guid":{"rendered":"https:\/\/altaviagroudev.wpenginepowered.com\/news\/veja-ouvre-un-espace-reparation-a-paris\/"},"modified":"2026-02-09T12:14:19","modified_gmt":"2026-02-09T11:14:19","slug":"veja-ouvre-un-espace-reparation-a-paris","status":"publish","type":"news","link":"https:\/\/altavia-group.com\/fr\/news\/veja-ouvre-un-espace-reparation-a-paris\/","title":{"rendered":"Veja ouvre un espace r\u00e9paration \u00e0 Paris."},"content":{"rendered":"<section class=\"wpb-content-wrapper\"><p>[vc_row css=\u00a0\u00bb.vc_custom_1519392503248{padding-top: 18px !important;}\u00a0\u00bb][vc_column]<div class=\"edgtf-single-image-holder   \">\n    <div class=\"edgtf-si-inner\" >\n                                    <img decoding=\"async\" src=\"https:\/\/altavia-group.com\/wp-content\/uploads\/2026\/02\/veja-1.jpeg\" class=\"attachment-full size-full\" alt=\"Veja ouvre un espace r\u00e9paration \u00e0 Paris.\" \/>                        <\/div>\n<\/div>[vc_empty_space height=\u00a0\u00bb37px\u00a0\u00bb]<div class=\"edgtf-elements-holder   edgtf-one-column  edgtf-responsive-mode-768 \" ><div class=\"edgtf-eh-item    \"  data-item-class=\"edgtf-eh-custom-9125\" data-1280-1600=\"0 0\" data-1024-1280=\"0 0\" data-768-1024=\"0 30px 0 0\" data-680-768=\"0 20px 0 0\" data-680=\"0 0\">\n\t<div class=\"edgtf-eh-item-inner\">\n\t\t<div class=\"edgtf-eh-item-content edgtf-eh-custom-9125\" style=\"padding: 0 50px 0 0\">\n\t\t\t[vc_column_text]<span class=\"edgtf-dropcaps edgtf-normal\" style=\"color: #1b1c21\">D<\/span><span style=\"font-weight: 400;\">\u00e9j\u00e0 reconnue pour son <\/span><a href=\"\/?p=8078\" target=\"_blank\" rel=\"noopener\"><span style=\"font-weight: 400;\">engagement<\/span><\/a><span style=\"font-weight: 400;\"> en faveur d'un commerce plus responsable et \u00e9quitable, la marque de sneakers durables Veja\u00a0 innove une fois de plus avec l&rsquo;ouverture de son \u00ab\u00a0General Store\u00a0\u00bb \u00e0 Paris, un espace d\u00e9di\u00e9 non pas \u00e0 la vente, mais \u00e0 la r\u00e9paration de chaussures et de v\u00eatements. Situ\u00e9 rue de Marseille dans le 10\u00e8me arrondissement, ce lieu de 100m\u00b2 au design \u00e9pur\u00e9 propose un service de r\u00e9paration \u00e0 des prix accessibles.<\/span><\/p>\n<p><span style=\"font-weight: 400;\">Cette initiative, qui s&rsquo;inscrit dans la continuit\u00e9 des coins de r\u00e9paration d\u00e9j\u00e0 pr\u00e9sents dans les boutiques Veja de Bordeaux, Berlin et Madrid, vise \u00e0 prolonger la dur\u00e9e de vie des produits plut\u00f4t qu&rsquo;\u00e0 encourager l&rsquo;achat de nouveaux. Dans une interview accord\u00e9e \u00e0 LSA et relay\u00e9e cette semaine par RetailDetail, Daniel Schmitt, chef de projet chez Veja, a par ailleurs soulign\u00e9 l&rsquo;importance de tarifs abordables pour inciter les clients \u00e0 pr\u00e9f\u00e9rer la r\u00e9paration \u00e0 l&rsquo;achat, permettant \u00e0 l&rsquo;entreprise d&rsquo;atteindre un \u00e9quilibre financier sans pour autant g\u00e9n\u00e9rer de profit sur ces services.<\/span><\/p>\n<p><span style=\"font-weight: 400;\">Au-del\u00e0 des chaussures, le \u00ab\u00a0General Store\u00a0\u00bb offre \u00e9galement la possibilit\u00e9 de r\u00e9parer ou de personnaliser des v\u00eatements, et propose une gamme de produits d&rsquo;entretien pour chaussures, ainsi que divers articles tels que des chaussettes et des cahiers. <\/span>[\/vc_column_text][vc_empty_space height=\u00a0\u00bb37px\u00a0\u00bb]<div class=\"edgtf-section-title-holder  edgtf-st-standard edgtf-st-title-left edgtf-st-normal-space \" >\n\t<div class=\"edgtf-st-inner\">\n\t\t\t\t\t<h4 class=\"edgtf-st-title\" >\n\t\t\t\tPlus de d\u00e9tails en images sur RetailDetail : \t\t\t<\/h4>\n\t\t\t\t\t<\/div>\n<\/div>[vc_empty_space height=\u00a0\u00bb37px\u00a0\u00bb][vc_btn title=\u00a0\u00bbLire l&rsquo;article\u00a0\u00bb style=\u00a0\u00bboutline-custom\u00a0\u00bb outline_custom_color=\u00a0\u00bb#202125&Prime; outline_custom_hover_background=\u00a0\u00bb#202125&Prime; outline_custom_hover_text=\u00a0\u00bb#ffffff\u00a0\u00bb shape=\u00a0\u00bbsquare\u00a0\u00bb class=\u00a0\u00bbc-link\u00a0\u00bb href=\u00a0\u00bbhttp:\/\/2fforms.sbc32.com\/\u00a0\u00bb target=\u00a0\u00bb_blank\u00a0\u00bb rel=\u00a0\u00bbnoopener noreferrer\u00a0\u00bb data-stringify-link=\u00a0\u00bbhttp:\/\/2Fforms.sbc32.com\u00a0\u00bb link=\u00a0\u00bburl:https%3A%2F%2Fwww.retaildetail.be%2Ffr%2Fnews%2Fmode%2Fen-images-veja-ouvre-un-temple-de-la-reparation-a-paris%2F|target:_blank\u00a0\u00bb][vc_empty_space height=\u00a0\u00bb54px\u00a0\u00bb]\t\t<\/div>\n\t<\/div>\n<\/div><\/div>[\/vc_column][\/vc_row][vc_row content_text_aligment=\u00a0\u00bbcenter\u00a0\u00bb][vc_column parallax=\u00a0\u00bbcontent-moving\u00a0\u00bb parallax_image=\u00a0\u00bb5672&Prime;]<div class=\"edgtf-section-title-holder  edgtf-st-standard edgtf-st-title-left edgtf-st-normal-space \" style=\"text-align: center\">\n\t<div class=\"edgtf-st-inner\">\n\t\t\t\t\t<h2 class=\"edgtf-st-title\" style=\"color: #00dd96\">\n\t\t\t\t.newsletter\t\t\t<\/h2>\n\t\t\t\t\t<\/div>\n<\/div>[vc_column_text]<span style=\"color: #ffffff;\">Recevez les actualit\u00e9s et tendances retail en exclusivit\u00e9 !<\/span>[\/vc_column_text][vc_empty_space][vc_btn title=\u00a0\u00bbJe m&rsquo;abonne\u00a0\u00bb style=\u00a0\u00bboutline-custom\u00a0\u00bb outline_custom_color=\u00a0\u00bb#ffffff\u00a0\u00bb outline_custom_hover_background=\u00a0\u00bb#666666&Prime; outline_custom_hover_text=\u00a0\u00bb#ffffff\u00a0\u00bb shape=\u00a0\u00bbsquare\u00a0\u00bb class=\u00a0\u00bbc-link\u00a0\u00bb href=\u00a0\u00bbhttp:\/\/2fforms.sbc32.com\/\u00a0\u00bb target=\u00a0\u00bb_blank\u00a0\u00bb rel=\u00a0\u00bbnoopener noreferrer\u00a0\u00bb data-stringify-link=\u00a0\u00bbhttp:\/\/2Fforms.sbc32.com\u00a0\u00bb link=\u00a0\u00bburl:https%3A%2F%2Fforms.sbc32.com%2F65046ef85fef6a5fa6e7a5c0%2FwU3RssckT3CNNqCwsRf6Jg%2Fform.html|target:_blank\u00a0\u00bb][vc_empty_space height=\u00a0\u00bb12px\u00a0\u00bb][\/vc_column][\/vc_row]<\/p>\n<\/section>","protected":false},"excerpt":{"rendered":"<p>Veja  innove une fois de plus avec l&rsquo;ouverture de son \u00ab\u00a0General Store\u00a0\u00bb \u00e0 Paris, un espace d\u00e9di\u00e9 \u00e0 la r\u00e9paration de chaussures et de v\u00eatements.<\/p>\n","protected":false},"author":17,"featured_media":7201,"menu_order":0,"comment_status":"closed","ping_status":"closed","template":"","meta":{"_acf_changed":false,"color_menu":"","footer_color_background":"","featured_image_url":"","footnotes":""},"categories":[265,271],"tags":[],"news-type-taxonomy":[],"news-topic-taxonomy":[],"class_list":["post-7200","news","type-news","status-publish","has-post-thumbnail","hentry","category-shopper-experience","category-veille-retail"],"acf":[],"yoast_head":"<!-- This site is optimized with the Yoast SEO plugin v27.5 - https:\/\/yoast.com\/product\/yoast-seo-wordpress\/ -->\n<title>Veja ouvre un espace r\u00e9paration \u00e0 Paris. - Altavia<\/title>\n<meta name=\"robots\" content=\"index, follow, max-snippet:-1, max-image-preview:large, max-video-preview:-1\" \/>\n<meta property=\"og:locale\" content=\"fr_FR\" \/>\n<meta property=\"og:type\" content=\"article\" \/>\n<meta property=\"og:title\" content=\"Veja ouvre un espace r\u00e9paration \u00e0 Paris. - Altavia\" \/>\n<meta property=\"og:description\" content=\"Veja innove une fois de plus avec l&#039;ouverture de son &quot;General Store&quot; \u00e0 Paris, un espace d\u00e9di\u00e9 \u00e0 la r\u00e9paration de chaussures et de v\u00eatements.\" \/>\n<meta property=\"og:url\" content=\"https:\/\/altavia-group.com\/fr\/news\/veja-ouvre-un-espace-reparation-a-paris\/\" \/>\n<meta property=\"og:site_name\" content=\"Altavia\" \/>\n<meta property=\"article:modified_time\" content=\"2026-02-09T11:14:19+00:00\" \/>\n<meta property=\"og:image\" content=\"https:\/\/altavia-group.com\/wp-content\/uploads\/2026\/02\/veja-1.jpeg\" \/>\n\t<meta property=\"og:image:width\" content=\"1\" \/>\n\t<meta property=\"og:image:height\" content=\"1\" \/>\n\t<meta property=\"og:image:type\" content=\"image\/jpeg\" \/>\n<meta name=\"twitter:card\" content=\"summary_large_image\" \/>\n<meta name=\"twitter:label1\" content=\"Est. reading time\" \/>\n\t<meta name=\"twitter:data1\" content=\"3 minutes\" \/>\n<script type=\"application\/ld+json\" class=\"yoast-schema-graph\">{\"@context\":\"https:\\\/\\\/schema.org\",\"@graph\":[{\"@type\":\"WebPage\",\"@id\":\"https:\\\/\\\/altavia-group.com\\\/fr\\\/news\\\/veja-ouvre-un-espace-reparation-a-paris\\\/\",\"url\":\"https:\\\/\\\/altavia-group.com\\\/fr\\\/news\\\/veja-ouvre-un-espace-reparation-a-paris\\\/\",\"name\":\"Veja ouvre un espace r\u00e9paration \u00e0 Paris. - Altavia\",\"isPartOf\":{\"@id\":\"https:\\\/\\\/altavia-group.com\\\/#website\"},\"primaryImageOfPage\":{\"@id\":\"https:\\\/\\\/altavia-group.com\\\/fr\\\/news\\\/veja-ouvre-un-espace-reparation-a-paris\\\/#primaryimage\"},\"image\":{\"@id\":\"https:\\\/\\\/altavia-group.com\\\/fr\\\/news\\\/veja-ouvre-un-espace-reparation-a-paris\\\/#primaryimage\"},\"thumbnailUrl\":\"https:\\\/\\\/altavia-group.com\\\/wp-content\\\/uploads\\\/2026\\\/02\\\/veja-1.jpeg\",\"datePublished\":\"2024-02-15T12:56:51+00:00\",\"dateModified\":\"2026-02-09T11:14:19+00:00\",\"breadcrumb\":{\"@id\":\"https:\\\/\\\/altavia-group.com\\\/fr\\\/news\\\/veja-ouvre-un-espace-reparation-a-paris\\\/#breadcrumb\"},\"inLanguage\":\"fr-FR\",\"potentialAction\":[{\"@type\":\"ReadAction\",\"target\":[\"https:\\\/\\\/altavia-group.com\\\/fr\\\/news\\\/veja-ouvre-un-espace-reparation-a-paris\\\/\"]}]},{\"@type\":\"ImageObject\",\"inLanguage\":\"fr-FR\",\"@id\":\"https:\\\/\\\/altavia-group.com\\\/fr\\\/news\\\/veja-ouvre-un-espace-reparation-a-paris\\\/#primaryimage\",\"url\":\"https:\\\/\\\/altavia-group.com\\\/wp-content\\\/uploads\\\/2026\\\/02\\\/veja-1.jpeg\",\"contentUrl\":\"https:\\\/\\\/altavia-group.com\\\/wp-content\\\/uploads\\\/2026\\\/02\\\/veja-1.jpeg\",\"caption\":\"Bordeaux , Aquitaine \\\/ France - 08 10 2020 : VEJA sneakers show in store with differently infusing each stage of production with a positive impact for sell shoes in shop\"},{\"@type\":\"BreadcrumbList\",\"@id\":\"https:\\\/\\\/altavia-group.com\\\/fr\\\/news\\\/veja-ouvre-un-espace-reparation-a-paris\\\/#breadcrumb\",\"itemListElement\":[{\"@type\":\"ListItem\",\"position\":1,\"name\":\"Home\",\"item\":\"https:\\\/\\\/altavia-group.com\\\/fr\\\/\"},{\"@type\":\"ListItem\",\"position\":2,\"name\":\"News\",\"item\":\"https:\\\/\\\/altavia-group.com\\\/fr\\\/news\\\/\"},{\"@type\":\"ListItem\",\"position\":3,\"name\":\"Veja ouvre un espace r\u00e9paration \u00e0 Paris.\"}]},{\"@type\":\"WebSite\",\"@id\":\"https:\\\/\\\/altavia-group.com\\\/#website\",\"url\":\"https:\\\/\\\/altavia-group.com\\\/\",\"name\":\"Altavia\",\"description\":\"Let\u2019s unlock our imagination.\",\"publisher\":{\"@id\":\"https:\\\/\\\/altavia-group.com\\\/#organization\"},\"potentialAction\":[{\"@type\":\"SearchAction\",\"target\":{\"@type\":\"EntryPoint\",\"urlTemplate\":\"https:\\\/\\\/altavia-group.com\\\/?s={search_term_string}\"},\"query-input\":{\"@type\":\"PropertyValueSpecification\",\"valueRequired\":true,\"valueName\":\"search_term_string\"}}],\"inLanguage\":\"fr-FR\"},{\"@type\":\"Organization\",\"@id\":\"https:\\\/\\\/altavia-group.com\\\/#organization\",\"name\":\"Altavia\",\"url\":\"https:\\\/\\\/altavia-group.com\\\/\",\"logo\":{\"@type\":\"ImageObject\",\"inLanguage\":\"fr-FR\",\"@id\":\"https:\\\/\\\/altavia-group.com\\\/#\\\/schema\\\/logo\\\/image\\\/\",\"url\":\"http:\\\/\\\/altavia-group.com\\\/wp-content\\\/uploads\\\/2024\\\/12\\\/cropped-favicon-altavia.png\",\"contentUrl\":\"http:\\\/\\\/altavia-group.com\\\/wp-content\\\/uploads\\\/2024\\\/12\\\/cropped-favicon-altavia.png\",\"width\":512,\"height\":512,\"caption\":\"Altavia\"},\"image\":{\"@id\":\"https:\\\/\\\/altavia-group.com\\\/#\\\/schema\\\/logo\\\/image\\\/\"}}]}<\/script>\n<!-- \/ Yoast SEO plugin. -->","yoast_head_json":{"title":"Veja ouvre un espace r\u00e9paration \u00e0 Paris. - Altavia","robots":{"index":"index","follow":"follow","max-snippet":"max-snippet:-1","max-image-preview":"max-image-preview:large","max-video-preview":"max-video-preview:-1"},"og_locale":"fr_FR","og_type":"article","og_title":"Veja ouvre un espace r\u00e9paration \u00e0 Paris. - Altavia","og_description":"Veja innove une fois de plus avec l'ouverture de son \"General Store\" \u00e0 Paris, un espace d\u00e9di\u00e9 \u00e0 la r\u00e9paration de chaussures et de v\u00eatements.","og_url":"https:\/\/altavia-group.com\/fr\/news\/veja-ouvre-un-espace-reparation-a-paris\/","og_site_name":"Altavia","article_modified_time":"2026-02-09T11:14:19+00:00","og_image":[{"url":"https:\/\/altavia-group.com\/wp-content\/uploads\/2026\/02\/veja-1.jpeg","width":1,"height":1,"type":"image\/jpeg"}],"twitter_card":"summary_large_image","twitter_misc":{"Est. reading time":"3 minutes"},"schema":{"@context":"https:\/\/schema.org","@graph":[{"@type":"WebPage","@id":"https:\/\/altavia-group.com\/fr\/news\/veja-ouvre-un-espace-reparation-a-paris\/","url":"https:\/\/altavia-group.com\/fr\/news\/veja-ouvre-un-espace-reparation-a-paris\/","name":"Veja ouvre un espace r\u00e9paration \u00e0 Paris. - Altavia","isPartOf":{"@id":"https:\/\/altavia-group.com\/#website"},"primaryImageOfPage":{"@id":"https:\/\/altavia-group.com\/fr\/news\/veja-ouvre-un-espace-reparation-a-paris\/#primaryimage"},"image":{"@id":"https:\/\/altavia-group.com\/fr\/news\/veja-ouvre-un-espace-reparation-a-paris\/#primaryimage"},"thumbnailUrl":"https:\/\/altavia-group.com\/wp-content\/uploads\/2026\/02\/veja-1.jpeg","datePublished":"2024-02-15T12:56:51+00:00","dateModified":"2026-02-09T11:14:19+00:00","breadcrumb":{"@id":"https:\/\/altavia-group.com\/fr\/news\/veja-ouvre-un-espace-reparation-a-paris\/#breadcrumb"},"inLanguage":"fr-FR","potentialAction":[{"@type":"ReadAction","target":["https:\/\/altavia-group.com\/fr\/news\/veja-ouvre-un-espace-reparation-a-paris\/"]}]},{"@type":"ImageObject","inLanguage":"fr-FR","@id":"https:\/\/altavia-group.com\/fr\/news\/veja-ouvre-un-espace-reparation-a-paris\/#primaryimage","url":"https:\/\/altavia-group.com\/wp-content\/uploads\/2026\/02\/veja-1.jpeg","contentUrl":"https:\/\/altavia-group.com\/wp-content\/uploads\/2026\/02\/veja-1.jpeg","caption":"Bordeaux , Aquitaine \/ France - 08 10 2020 : VEJA sneakers show in store with differently infusing each stage of production with a positive impact for sell shoes in shop"},{"@type":"BreadcrumbList","@id":"https:\/\/altavia-group.com\/fr\/news\/veja-ouvre-un-espace-reparation-a-paris\/#breadcrumb","itemListElement":[{"@type":"ListItem","position":1,"name":"Home","item":"https:\/\/altavia-group.com\/fr\/"},{"@type":"ListItem","position":2,"name":"News","item":"https:\/\/altavia-group.com\/fr\/news\/"},{"@type":"ListItem","position":3,"name":"Veja ouvre un espace r\u00e9paration \u00e0 Paris."}]},{"@type":"WebSite","@id":"https:\/\/altavia-group.com\/#website","url":"https:\/\/altavia-group.com\/","name":"Altavia","description":"Let\u2019s unlock our imagination.","publisher":{"@id":"https:\/\/altavia-group.com\/#organization"},"potentialAction":[{"@type":"SearchAction","target":{"@type":"EntryPoint","urlTemplate":"https:\/\/altavia-group.com\/?s={search_term_string}"},"query-input":{"@type":"PropertyValueSpecification","valueRequired":true,"valueName":"search_term_string"}}],"inLanguage":"fr-FR"},{"@type":"Organization","@id":"https:\/\/altavia-group.com\/#organization","name":"Altavia","url":"https:\/\/altavia-group.com\/","logo":{"@type":"ImageObject","inLanguage":"fr-FR","@id":"https:\/\/altavia-group.com\/#\/schema\/logo\/image\/","url":"http:\/\/altavia-group.com\/wp-content\/uploads\/2024\/12\/cropped-favicon-altavia.png","contentUrl":"http:\/\/altavia-group.com\/wp-content\/uploads\/2024\/12\/cropped-favicon-altavia.png","width":512,"height":512,"caption":"Altavia"},"image":{"@id":"https:\/\/altavia-group.com\/#\/schema\/logo\/image\/"}}]}},"_links":{"self":[{"href":"https:\/\/altavia-group.com\/fr\/wp-json\/wp\/v2\/news\/7200","targetHints":{"allow":["GET"]}}],"collection":[{"href":"https:\/\/altavia-group.com\/fr\/wp-json\/wp\/v2\/news"}],"about":[{"href":"https:\/\/altavia-group.com\/fr\/wp-json\/wp\/v2\/types\/news"}],"author":[{"embeddable":true,"href":"https:\/\/altavia-group.com\/fr\/wp-json\/wp\/v2\/users\/17"}],"replies":[{"embeddable":true,"href":"https:\/\/altavia-group.com\/fr\/wp-json\/wp\/v2\/comments?post=7200"}],"version-history":[{"count":0,"href":"https:\/\/altavia-group.com\/fr\/wp-json\/wp\/v2\/news\/7200\/revisions"}],"wp:featuredmedia":[{"embeddable":true,"href":"https:\/\/altavia-group.com\/fr\/wp-json\/wp\/v2\/media\/7201"}],"wp:attachment":[{"href":"https:\/\/altavia-group.com\/fr\/wp-json\/wp\/v2\/media?parent=7200"}],"wp:term":[{"taxonomy":"category","embeddable":true,"href":"https:\/\/altavia-group.com\/fr\/wp-json\/wp\/v2\/categories?post=7200"},{"taxonomy":"post_tag","embeddable":true,"href":"https:\/\/altavia-group.com\/fr\/wp-json\/wp\/v2\/tags?post=7200"},{"taxonomy":"news-type-taxonomy","embeddable":true,"href":"https:\/\/altavia-group.com\/fr\/wp-json\/wp\/v2\/news-type-taxonomy?post=7200"},{"taxonomy":"news-topic-taxonomy","embeddable":true,"href":"https:\/\/altavia-group.com\/fr\/wp-json\/wp\/v2\/news-topic-taxonomy?post=7200"}],"curies":[{"name":"wp","href":"https:\/\/api.w.org\/{rel}","templated":true}]}}