{"id":7319,"date":"2024-03-05T12:53:39","date_gmt":"2024-03-05T11:53:39","guid":{"rendered":"https:\/\/altaviagroudev.wpenginepowered.com\/news\/shein-temu-le-gouvernement-francais-veut-freiner-lultra-fast-fashion\/"},"modified":"2026-02-09T12:15:22","modified_gmt":"2026-02-09T11:15:22","slug":"shein-temu-le-gouvernement-francais-veut-freiner-lultra-fast-fashion","status":"publish","type":"news","link":"https:\/\/altavia-group.com\/fr\/news\/shein-temu-le-gouvernement-francais-veut-freiner-lultra-fast-fashion\/","title":{"rendered":"Shein, Temu : Le gouvernement fran\u00e7ais veut freiner l\u2019ultra-fast fashion."},"content":{"rendered":"<section class=\"wpb-content-wrapper\"><p>[vc_row css=\u00a0\u00bb.vc_custom_1519392503248{padding-top: 18px !important;}\u00a0\u00bb][vc_column]<div class=\"edgtf-single-image-holder   \">\n    <div class=\"edgtf-si-inner\" >\n                                    <img decoding=\"async\" src=\"https:\/\/altavia-group.com\/wp-content\/uploads\/2026\/02\/shein-app-1.jpeg\" class=\"attachment-full size-full\" alt=\"\" \/>                        <\/div>\n<\/div>[vc_empty_space height=\u00a0\u00bb37px\u00a0\u00bb]<div class=\"edgtf-elements-holder   edgtf-one-column  edgtf-responsive-mode-768 \" ><div class=\"edgtf-eh-item    \"  data-item-class=\"edgtf-eh-custom-3225\" data-1280-1600=\"0 0\" data-1024-1280=\"0 0\" data-768-1024=\"0 30px 0 0\" data-680-768=\"0 20px 0 0\" data-680=\"0 0\">\n\t<div class=\"edgtf-eh-item-inner\">\n\t\t<div class=\"edgtf-eh-item-content edgtf-eh-custom-3225\" style=\"padding: 0 50px 0 0\">\n\t\t\t[vc_column_text]<span class=\"edgtf-dropcaps edgtf-normal\" style=\"color: #1b1c21\">L<\/span><span style=\"font-weight: 400;\">e gouvernement fran\u00e7ais s&rsquo;engage contre les m\u00e9faits environnementaux de la \u00ab\u00a0ultra fast fashion\u00a0\u00bb avec le soutien \u00e0 une nouvelle proposition de loi. Annonc\u00e9e par Christophe B\u00e9chu, ministre de la Transition \u00e9cologique, cette initiative r\u00e9pond \u00e0 l&rsquo;escalade de l&rsquo;achat de v\u00eatements neufs, atteignant 3,3 milliards d&rsquo;unit\u00e9s en 2023. Un engagement qui fait \u00e9cho \u00e0 l&rsquo;inqui\u00e9tude grandissante autour des pratiques de g\u00e9ants comme <\/span><span style=\"font-weight: 400;\">Shein<\/span><span style=\"font-weight: 400;\"> et <\/span><a href=\"\/?p=24747\" target=\"_blank\" rel=\"noopener\"><span style=\"font-weight: 400;\">Temu<\/span><\/a><span style=\"font-weight: 400;\">, dont <\/span><a href=\"\/?p=16059\" target=\"_blank\" rel=\"noopener\"><span style=\"font-weight: 400;\">l&rsquo;impact environnemental <\/span><\/a><span style=\"font-weight: 400;\">n'est plus \u00e0 d\u00e9montrer.<\/span><\/p>\n<p><span style=\"font-weight: 400;\">La loi, propos\u00e9e par la d\u00e9put\u00e9e Anne-C\u00e9cile Violland, vise trois axes principaux : am\u00e9liorer l&rsquo;information du consommateur sur l&rsquo;impact de ses achats, imposer des p\u00e9nalit\u00e9s aux entreprises fortement polluantes, et restreindre la publicit\u00e9 pour les acteurs de la fast fashion. Toutefois, des questions subsistent parmi les associations \u00e9cologistes concernant la d\u00e9finition du terme \u00ab\u00a0fast fashion\u00a0\u00bb et l&rsquo;ampleur des crit\u00e8res \u00e9valu\u00e9s.<\/span><\/p>\n<p><span style=\"font-weight: 400;\">Alors que le texte s&rsquo;appr\u00eate \u00e0 \u00eatre d\u00e9battu en commission puis en s\u00e9ance publique le 14 mars, le secteur et les observateurs attendent de pouvoir juger de l&rsquo;efficacit\u00e9 de ces mesures dans un contexte global.\u00a0<\/span><\/p>\n<p><span style=\"font-weight: 400;\">Parall\u00e8lement, le Minist\u00e8re de la Transition \u00e9cologique pr\u00e9voit l&rsquo;introduction d&rsquo;un \u00e9co-score pour les textiles et une campagne de communication sur la sobri\u00e9t\u00e9 des achats, initiatives salu\u00e9es mais aussi scrut\u00e9es quant \u00e0 leur mise en \u0153uvre future et leur impact r\u00e9el sur la consommation.<\/span>[\/vc_column_text][vc_empty_space height=\u00a0\u00bb37px\u00a0\u00bb]<div class=\"edgtf-section-title-holder  edgtf-st-standard edgtf-st-title-left edgtf-st-normal-space \" >\n\t<div class=\"edgtf-st-inner\">\n\t\t\t\t\t<h4 class=\"edgtf-st-title\" >\n\t\t\t\tPlus de d\u00e9tails sur Reporterre :\t\t\t<\/h4>\n\t\t\t\t\t<\/div>\n<\/div>[vc_empty_space height=\u00a0\u00bb37px\u00a0\u00bb][vc_btn title=\u00a0\u00bbLire l&rsquo;article\u00a0\u00bb style=\u00a0\u00bboutline-custom\u00a0\u00bb outline_custom_color=\u00a0\u00bb#202125&Prime; outline_custom_hover_background=\u00a0\u00bb#202125&Prime; outline_custom_hover_text=\u00a0\u00bb#ffffff\u00a0\u00bb shape=\u00a0\u00bbsquare\u00a0\u00bb class=\u00a0\u00bbc-link\u00a0\u00bb href=\u00a0\u00bbhttp:\/\/2fforms.sbc32.com\/\u00a0\u00bb target=\u00a0\u00bb_blank\u00a0\u00bb rel=\u00a0\u00bbnoopener noreferrer\u00a0\u00bb data-stringify-link=\u00a0\u00bbhttp:\/\/2Fforms.sbc32.com\u00a0\u00bb link=\u00a0\u00bburl:https%3A%2F%2Freporterre.net%2FShein-Temu-Le-gouvernement-veut-sanctionner-la-mode-jetable|target:_blank\u00a0\u00bb][vc_empty_space height=\u00a0\u00bb54px\u00a0\u00bb]\t\t<\/div>\n\t<\/div>\n<\/div><\/div>[\/vc_column][\/vc_row][vc_row content_text_aligment=\u00a0\u00bbcenter\u00a0\u00bb][vc_column parallax=\u00a0\u00bbcontent-moving\u00a0\u00bb parallax_image=\u00a0\u00bb5672&Prime;]<div class=\"edgtf-section-title-holder  edgtf-st-standard edgtf-st-title-left edgtf-st-normal-space \" style=\"text-align: center\">\n\t<div class=\"edgtf-st-inner\">\n\t\t\t\t\t<h2 class=\"edgtf-st-title\" style=\"color: #00dd96\">\n\t\t\t\t.newsletter\t\t\t<\/h2>\n\t\t\t\t\t<\/div>\n<\/div>[vc_column_text]<span style=\"color: #ffffff;\">Recevez les actualit\u00e9s et tendances retail en exclusivit\u00e9 !<\/span>[\/vc_column_text][vc_empty_space][vc_btn title=\u00a0\u00bbJe m&rsquo;abonne\u00a0\u00bb style=\u00a0\u00bboutline-custom\u00a0\u00bb outline_custom_color=\u00a0\u00bb#ffffff\u00a0\u00bb outline_custom_hover_background=\u00a0\u00bb#666666&Prime; outline_custom_hover_text=\u00a0\u00bb#ffffff\u00a0\u00bb shape=\u00a0\u00bbsquare\u00a0\u00bb class=\u00a0\u00bbc-link\u00a0\u00bb href=\u00a0\u00bbhttp:\/\/2fforms.sbc32.com\/\u00a0\u00bb target=\u00a0\u00bb_blank\u00a0\u00bb rel=\u00a0\u00bbnoopener noreferrer\u00a0\u00bb data-stringify-link=\u00a0\u00bbhttp:\/\/2Fforms.sbc32.com\u00a0\u00bb link=\u00a0\u00bburl:https%3A%2F%2Fforms.sbc32.com%2F65046ef85fef6a5fa6e7a5c0%2FwU3RssckT3CNNqCwsRf6Jg%2Fform.html|target:_blank\u00a0\u00bb][vc_empty_space height=\u00a0\u00bb12px\u00a0\u00bb][\/vc_column][\/vc_row]<\/p>\n<\/section>","protected":false},"excerpt":{"rendered":"<p>Le gouvernement s&rsquo;engage contre les m\u00e9faits environnementaux de la \u00ab\u00a0ultra fast fashion\u00a0\u00bb avec le soutien \u00e0 une nouvelle proposition de loi.<\/p>\n","protected":false},"author":17,"featured_media":7320,"menu_order":0,"comment_status":"closed","ping_status":"closed","template":"","meta":{"_acf_changed":false,"color_menu":"","footer_color_background":"","featured_image_url":"","footnotes":""},"categories":[266,271],"tags":[],"news-type-taxonomy":[],"news-topic-taxonomy":[],"class_list":["post-7319","news","type-news","status-publish","has-post-thumbnail","hentry","category-info-retailers","category-veille-retail"],"acf":[],"yoast_head":"<!-- This site is optimized with the Yoast SEO plugin v27.5 - https:\/\/yoast.com\/product\/yoast-seo-wordpress\/ -->\n<title>Shein, Temu : Le gouvernement fran\u00e7ais veut freiner l\u2019ultra-fast fashion. - Altavia<\/title>\n<meta name=\"robots\" content=\"index, follow, max-snippet:-1, max-image-preview:large, max-video-preview:-1\" \/>\n<meta property=\"og:locale\" content=\"fr_FR\" \/>\n<meta property=\"og:type\" content=\"article\" \/>\n<meta property=\"og:title\" content=\"Shein, Temu : Le gouvernement fran\u00e7ais veut freiner l\u2019ultra-fast fashion. - Altavia\" \/>\n<meta property=\"og:description\" content=\"Le gouvernement s&#039;engage contre les m\u00e9faits environnementaux de la &quot;ultra fast fashion&quot; avec le soutien \u00e0 une nouvelle proposition de loi.\" \/>\n<meta property=\"og:url\" content=\"https:\/\/altavia-group.com\/fr\/news\/shein-temu-le-gouvernement-francais-veut-freiner-lultra-fast-fashion\/\" \/>\n<meta property=\"og:site_name\" content=\"Altavia\" \/>\n<meta property=\"article:modified_time\" content=\"2026-02-09T11:15:22+00:00\" \/>\n<meta property=\"og:image\" content=\"https:\/\/altavia-group.com\/wp-content\/uploads\/2026\/02\/shein-app-1.jpeg\" \/>\n\t<meta property=\"og:image:width\" content=\"1\" \/>\n\t<meta property=\"og:image:height\" content=\"1\" \/>\n\t<meta property=\"og:image:type\" content=\"image\/jpeg\" \/>\n<meta name=\"twitter:card\" content=\"summary_large_image\" \/>\n<meta name=\"twitter:label1\" content=\"Est. reading time\" \/>\n\t<meta name=\"twitter:data1\" content=\"3 minutes\" \/>\n<script type=\"application\/ld+json\" class=\"yoast-schema-graph\">{\"@context\":\"https:\\\/\\\/schema.org\",\"@graph\":[{\"@type\":\"WebPage\",\"@id\":\"https:\\\/\\\/altavia-group.com\\\/fr\\\/news\\\/shein-temu-le-gouvernement-francais-veut-freiner-lultra-fast-fashion\\\/\",\"url\":\"https:\\\/\\\/altavia-group.com\\\/fr\\\/news\\\/shein-temu-le-gouvernement-francais-veut-freiner-lultra-fast-fashion\\\/\",\"name\":\"Shein, Temu : Le gouvernement fran\u00e7ais veut freiner l\u2019ultra-fast fashion. - Altavia\",\"isPartOf\":{\"@id\":\"https:\\\/\\\/altavia-group.com\\\/#website\"},\"primaryImageOfPage\":{\"@id\":\"https:\\\/\\\/altavia-group.com\\\/fr\\\/news\\\/shein-temu-le-gouvernement-francais-veut-freiner-lultra-fast-fashion\\\/#primaryimage\"},\"image\":{\"@id\":\"https:\\\/\\\/altavia-group.com\\\/fr\\\/news\\\/shein-temu-le-gouvernement-francais-veut-freiner-lultra-fast-fashion\\\/#primaryimage\"},\"thumbnailUrl\":\"https:\\\/\\\/altavia-group.com\\\/wp-content\\\/uploads\\\/2026\\\/02\\\/shein-app-1.jpeg\",\"datePublished\":\"2024-03-05T11:53:39+00:00\",\"dateModified\":\"2026-02-09T11:15:22+00:00\",\"breadcrumb\":{\"@id\":\"https:\\\/\\\/altavia-group.com\\\/fr\\\/news\\\/shein-temu-le-gouvernement-francais-veut-freiner-lultra-fast-fashion\\\/#breadcrumb\"},\"inLanguage\":\"fr-FR\",\"potentialAction\":[{\"@type\":\"ReadAction\",\"target\":[\"https:\\\/\\\/altavia-group.com\\\/fr\\\/news\\\/shein-temu-le-gouvernement-francais-veut-freiner-lultra-fast-fashion\\\/\"]}]},{\"@type\":\"ImageObject\",\"inLanguage\":\"fr-FR\",\"@id\":\"https:\\\/\\\/altavia-group.com\\\/fr\\\/news\\\/shein-temu-le-gouvernement-francais-veut-freiner-lultra-fast-fashion\\\/#primaryimage\",\"url\":\"https:\\\/\\\/altavia-group.com\\\/wp-content\\\/uploads\\\/2026\\\/02\\\/shein-app-1.jpeg\",\"contentUrl\":\"https:\\\/\\\/altavia-group.com\\\/wp-content\\\/uploads\\\/2026\\\/02\\\/shein-app-1.jpeg\",\"caption\":\"London, United Kingdom - September 30, 2018: Close-up shot of the SHEIN-Fashion Shopping Online mobile app from Shein Group Ltd.\"},{\"@type\":\"BreadcrumbList\",\"@id\":\"https:\\\/\\\/altavia-group.com\\\/fr\\\/news\\\/shein-temu-le-gouvernement-francais-veut-freiner-lultra-fast-fashion\\\/#breadcrumb\",\"itemListElement\":[{\"@type\":\"ListItem\",\"position\":1,\"name\":\"Home\",\"item\":\"https:\\\/\\\/altavia-group.com\\\/fr\\\/\"},{\"@type\":\"ListItem\",\"position\":2,\"name\":\"News\",\"item\":\"https:\\\/\\\/altavia-group.com\\\/fr\\\/news\\\/\"},{\"@type\":\"ListItem\",\"position\":3,\"name\":\"Shein, Temu : Le gouvernement fran\u00e7ais veut freiner l\u2019ultra-fast fashion.\"}]},{\"@type\":\"WebSite\",\"@id\":\"https:\\\/\\\/altavia-group.com\\\/#website\",\"url\":\"https:\\\/\\\/altavia-group.com\\\/\",\"name\":\"Altavia\",\"description\":\"Let\u2019s unlock our imagination.\",\"publisher\":{\"@id\":\"https:\\\/\\\/altavia-group.com\\\/#organization\"},\"potentialAction\":[{\"@type\":\"SearchAction\",\"target\":{\"@type\":\"EntryPoint\",\"urlTemplate\":\"https:\\\/\\\/altavia-group.com\\\/?s={search_term_string}\"},\"query-input\":{\"@type\":\"PropertyValueSpecification\",\"valueRequired\":true,\"valueName\":\"search_term_string\"}}],\"inLanguage\":\"fr-FR\"},{\"@type\":\"Organization\",\"@id\":\"https:\\\/\\\/altavia-group.com\\\/#organization\",\"name\":\"Altavia\",\"url\":\"https:\\\/\\\/altavia-group.com\\\/\",\"logo\":{\"@type\":\"ImageObject\",\"inLanguage\":\"fr-FR\",\"@id\":\"https:\\\/\\\/altavia-group.com\\\/#\\\/schema\\\/logo\\\/image\\\/\",\"url\":\"http:\\\/\\\/altavia-group.com\\\/wp-content\\\/uploads\\\/2024\\\/12\\\/cropped-favicon-altavia.png\",\"contentUrl\":\"http:\\\/\\\/altavia-group.com\\\/wp-content\\\/uploads\\\/2024\\\/12\\\/cropped-favicon-altavia.png\",\"width\":512,\"height\":512,\"caption\":\"Altavia\"},\"image\":{\"@id\":\"https:\\\/\\\/altavia-group.com\\\/#\\\/schema\\\/logo\\\/image\\\/\"}}]}<\/script>\n<!-- \/ Yoast SEO plugin. -->","yoast_head_json":{"title":"Shein, Temu : Le gouvernement fran\u00e7ais veut freiner l\u2019ultra-fast fashion. - Altavia","robots":{"index":"index","follow":"follow","max-snippet":"max-snippet:-1","max-image-preview":"max-image-preview:large","max-video-preview":"max-video-preview:-1"},"og_locale":"fr_FR","og_type":"article","og_title":"Shein, Temu : Le gouvernement fran\u00e7ais veut freiner l\u2019ultra-fast fashion. - Altavia","og_description":"Le gouvernement s'engage contre les m\u00e9faits environnementaux de la \"ultra fast fashion\" avec le soutien \u00e0 une nouvelle proposition de loi.","og_url":"https:\/\/altavia-group.com\/fr\/news\/shein-temu-le-gouvernement-francais-veut-freiner-lultra-fast-fashion\/","og_site_name":"Altavia","article_modified_time":"2026-02-09T11:15:22+00:00","og_image":[{"url":"https:\/\/altavia-group.com\/wp-content\/uploads\/2026\/02\/shein-app-1.jpeg","width":1,"height":1,"type":"image\/jpeg"}],"twitter_card":"summary_large_image","twitter_misc":{"Est. reading time":"3 minutes"},"schema":{"@context":"https:\/\/schema.org","@graph":[{"@type":"WebPage","@id":"https:\/\/altavia-group.com\/fr\/news\/shein-temu-le-gouvernement-francais-veut-freiner-lultra-fast-fashion\/","url":"https:\/\/altavia-group.com\/fr\/news\/shein-temu-le-gouvernement-francais-veut-freiner-lultra-fast-fashion\/","name":"Shein, Temu : Le gouvernement fran\u00e7ais veut freiner l\u2019ultra-fast fashion. - Altavia","isPartOf":{"@id":"https:\/\/altavia-group.com\/#website"},"primaryImageOfPage":{"@id":"https:\/\/altavia-group.com\/fr\/news\/shein-temu-le-gouvernement-francais-veut-freiner-lultra-fast-fashion\/#primaryimage"},"image":{"@id":"https:\/\/altavia-group.com\/fr\/news\/shein-temu-le-gouvernement-francais-veut-freiner-lultra-fast-fashion\/#primaryimage"},"thumbnailUrl":"https:\/\/altavia-group.com\/wp-content\/uploads\/2026\/02\/shein-app-1.jpeg","datePublished":"2024-03-05T11:53:39+00:00","dateModified":"2026-02-09T11:15:22+00:00","breadcrumb":{"@id":"https:\/\/altavia-group.com\/fr\/news\/shein-temu-le-gouvernement-francais-veut-freiner-lultra-fast-fashion\/#breadcrumb"},"inLanguage":"fr-FR","potentialAction":[{"@type":"ReadAction","target":["https:\/\/altavia-group.com\/fr\/news\/shein-temu-le-gouvernement-francais-veut-freiner-lultra-fast-fashion\/"]}]},{"@type":"ImageObject","inLanguage":"fr-FR","@id":"https:\/\/altavia-group.com\/fr\/news\/shein-temu-le-gouvernement-francais-veut-freiner-lultra-fast-fashion\/#primaryimage","url":"https:\/\/altavia-group.com\/wp-content\/uploads\/2026\/02\/shein-app-1.jpeg","contentUrl":"https:\/\/altavia-group.com\/wp-content\/uploads\/2026\/02\/shein-app-1.jpeg","caption":"London, United Kingdom - September 30, 2018: Close-up shot of the SHEIN-Fashion Shopping Online mobile app from Shein Group Ltd."},{"@type":"BreadcrumbList","@id":"https:\/\/altavia-group.com\/fr\/news\/shein-temu-le-gouvernement-francais-veut-freiner-lultra-fast-fashion\/#breadcrumb","itemListElement":[{"@type":"ListItem","position":1,"name":"Home","item":"https:\/\/altavia-group.com\/fr\/"},{"@type":"ListItem","position":2,"name":"News","item":"https:\/\/altavia-group.com\/fr\/news\/"},{"@type":"ListItem","position":3,"name":"Shein, Temu : Le gouvernement fran\u00e7ais veut freiner l\u2019ultra-fast fashion."}]},{"@type":"WebSite","@id":"https:\/\/altavia-group.com\/#website","url":"https:\/\/altavia-group.com\/","name":"Altavia","description":"Let\u2019s unlock our imagination.","publisher":{"@id":"https:\/\/altavia-group.com\/#organization"},"potentialAction":[{"@type":"SearchAction","target":{"@type":"EntryPoint","urlTemplate":"https:\/\/altavia-group.com\/?s={search_term_string}"},"query-input":{"@type":"PropertyValueSpecification","valueRequired":true,"valueName":"search_term_string"}}],"inLanguage":"fr-FR"},{"@type":"Organization","@id":"https:\/\/altavia-group.com\/#organization","name":"Altavia","url":"https:\/\/altavia-group.com\/","logo":{"@type":"ImageObject","inLanguage":"fr-FR","@id":"https:\/\/altavia-group.com\/#\/schema\/logo\/image\/","url":"http:\/\/altavia-group.com\/wp-content\/uploads\/2024\/12\/cropped-favicon-altavia.png","contentUrl":"http:\/\/altavia-group.com\/wp-content\/uploads\/2024\/12\/cropped-favicon-altavia.png","width":512,"height":512,"caption":"Altavia"},"image":{"@id":"https:\/\/altavia-group.com\/#\/schema\/logo\/image\/"}}]}},"_links":{"self":[{"href":"https:\/\/altavia-group.com\/fr\/wp-json\/wp\/v2\/news\/7319","targetHints":{"allow":["GET"]}}],"collection":[{"href":"https:\/\/altavia-group.com\/fr\/wp-json\/wp\/v2\/news"}],"about":[{"href":"https:\/\/altavia-group.com\/fr\/wp-json\/wp\/v2\/types\/news"}],"author":[{"embeddable":true,"href":"https:\/\/altavia-group.com\/fr\/wp-json\/wp\/v2\/users\/17"}],"replies":[{"embeddable":true,"href":"https:\/\/altavia-group.com\/fr\/wp-json\/wp\/v2\/comments?post=7319"}],"version-history":[{"count":0,"href":"https:\/\/altavia-group.com\/fr\/wp-json\/wp\/v2\/news\/7319\/revisions"}],"wp:featuredmedia":[{"embeddable":true,"href":"https:\/\/altavia-group.com\/fr\/wp-json\/wp\/v2\/media\/7320"}],"wp:attachment":[{"href":"https:\/\/altavia-group.com\/fr\/wp-json\/wp\/v2\/media?parent=7319"}],"wp:term":[{"taxonomy":"category","embeddable":true,"href":"https:\/\/altavia-group.com\/fr\/wp-json\/wp\/v2\/categories?post=7319"},{"taxonomy":"post_tag","embeddable":true,"href":"https:\/\/altavia-group.com\/fr\/wp-json\/wp\/v2\/tags?post=7319"},{"taxonomy":"news-type-taxonomy","embeddable":true,"href":"https:\/\/altavia-group.com\/fr\/wp-json\/wp\/v2\/news-type-taxonomy?post=7319"},{"taxonomy":"news-topic-taxonomy","embeddable":true,"href":"https:\/\/altavia-group.com\/fr\/wp-json\/wp\/v2\/news-topic-taxonomy?post=7319"}],"curies":[{"name":"wp","href":"https:\/\/api.w.org\/{rel}","templated":true}]}}