{"id":7354,"date":"2024-03-08T17:15:54","date_gmt":"2024-03-08T16:15:54","guid":{"rendered":"https:\/\/altaviagroudev.wpenginepowered.com\/news\/rencontre-avec-jacques-flipo-cofondateur-du-couloir-francais-la-plateforme-mode-100-made-in-france\/"},"modified":"2026-02-09T12:15:50","modified_gmt":"2026-02-09T11:15:50","slug":"rencontre-avec-jacques-flipo-cofondateur-du-couloir-francais-la-plateforme-mode-100-made-in-france","status":"publish","type":"news","link":"https:\/\/altavia-group.com\/fr\/news\/rencontre-avec-jacques-flipo-cofondateur-du-couloir-francais-la-plateforme-mode-100-made-in-france\/","title":{"rendered":"Rencontre avec Jacques Flipo, cofondateur du Couloir Fran\u00e7ais, la plateforme mode 100% made in France."},"content":{"rendered":"<section class=\"wpb-content-wrapper\"><p>[vc_row css=\u00a0\u00bb.vc_custom_1519392503248{padding-top: 18px !important;}\u00a0\u00bb][vc_column]<div class=\"edgtf-single-image-holder   edgtf-image-behavior-lightbox\">\n    <div class=\"edgtf-si-inner\" >\n                    <a itemprop=\"image\" href=\"https:\/\/altavia-group.com\/wp-content\/uploads\/2026\/02\/couloir-francais-1.jpg\" data-rel=\"prettyPhoto[si_pretty_photo]\" title=\"Couloir Fran\u00e7ais\">\n                                    <img decoding=\"async\" src=\"https:\/\/altavia-group.com\/wp-content\/uploads\/2026\/02\/couloir-francais-1.jpg\" class=\"attachment-full size-full\" alt=\"Couloir Fran\u00e7ais\" \/>                                <\/a>\n            <\/div>\n<\/div>[vc_column_text]<\/p>\n<h6>Jacques Flipo, cofondateur du Couloir Fran\u00e7ais \u00a9 Le Couloir Fran\u00e7ais<\/h6>\n<p>[\/vc_column_text][vc_empty_space height=\u00a0\u00bb54px\u00a0\u00bb][\/vc_column][\/vc_row][vc_row][vc_column][vc_column_text]<\/p>\n<h4><span class=\"edgtf-dropcaps edgtf-normal\" style=\"color: #1b1c21\">J<\/span>acques Flipo est le cofondateur du Couloir Fran\u00e7ais, une <strong><span style=\"color: #778080;\"><a style=\"color: #778080;\" href=\"https:\/\/lecouloirfrancais.fr\/\" target=\"_blank\" rel=\"noopener\">plateforme<\/a><\/span><\/strong> de mode d\u00e9di\u00e9e \u00e0 la fabrication fran\u00e7aise. Apr\u00e8s de nombreux coups de fil et de grandes remises en question, les deux jeunes entrepreneurs de 25 ans, Jacques Flipo et Tristan Riault, se lancent dans l'aventure du Couloir Fran\u00e7ais. Aujourd'hui, Jacques Flipo a accept\u00e9 de r\u00e9pondre \u00e0 nos questions pour en savoir plus sur cette innovation dans le paysage du retail en France.<\/h4>\n<p>\u00a0<\/p>\n<h3>Pouvez-vous vous pr\u00e9senter ainsi que pr\u00e9senter le couloir fran\u00e7ais ?<\/h3>\n<p>\u00a0<\/p>\n<p><span style=\"font-weight: 400;\">Je m&rsquo;appelle Jacques et j&rsquo;ai 25 ans, et je suis originaire de Bordeaux. En raison du m\u00e9tier de mon p\u00e8re, qui est expatri\u00e9, j&rsquo;ai eu l&rsquo;opportunit\u00e9 de beaucoup voyager pendant mon enfance. Ainsi, d\u00e8s l&rsquo;\u00e2ge de 5 ans, j&rsquo;ai quitt\u00e9 ma ville natale pour vivre cinq ann\u00e9es en r\u00e9gion parisienne. \u00c0 mes 10 ans, nous avons d\u00e9m\u00e9nag\u00e9 \u00e0 l&rsquo;\u00e9tranger, passant deux ans en Tunisie, puis deux ans au Maroc, avant de passer cinq belles ann\u00e9es \u00e0 Madagascar, o\u00f9 j&rsquo;ai obtenu mon bac. Sans le savoir \u00e0 l&rsquo;\u00e9poque, ces exp\u00e9riences m&rsquo;ont inspir\u00e9 un int\u00e9r\u00eat et une vocation pour l&rsquo;entrepreneuriat.<\/span><\/p>\n<p><span style=\"font-weight: 400;\">De retour \u00e0 Bordeaux \u00e0 la suite de ces p\u00e9riples, j&rsquo;ai entrepris cinq ann\u00e9es d&rsquo;\u00e9tudes qui m&rsquo;ont permis d&rsquo;obtenir un double dipl\u00f4me : un Bachelor au sein de l&rsquo;universit\u00e9 partenaire de Kedge, Hull University, ainsi qu&rsquo;un master en commerce international \u00e0 Kedge Bordeaux. Ensuite, avec mon ami et associ\u00e9 Tristan, nous avons d\u00e9cid\u00e9 de nous lancer dans l&rsquo;entrepreneuriat. C&rsquo;est ainsi que nous avons cr\u00e9\u00e9 Le Couloir Fran\u00e7ais, une plateforme en ligne mettant en avant des marques de mode made in France.<\/span><\/p>\n<p>\u00a0<\/p>\n<h3>Comment et pourquoi avoir d\u00e9cid\u00e9 de lancer le Couloir Fran\u00e7ais ?<b><br \/>\n<\/b><b><br \/>\n<\/b><\/h3>\n<p><span style=\"font-weight: 400;\">Avec Tristan, nous nous connaissons depuis le d\u00e9but de nos \u00e9tudes. Nous savions tous les deux que nous voulions entreprendre ensemble, mais il nous fallait un projet qui avait du sens pour nous deux. Le domaine du digital \u00e9tait dans l&rsquo;air du temps et nous y r\u00e9fl\u00e9chissions depuis un certain temps d\u00e9j\u00e0. C&rsquo;est Tristan qui, \u00e0 la fin de son stage de fin d&rsquo;\u00e9tudes au sein d&rsquo;une tr\u00e8s grande enseigne de mode en ligne, a r\u00e9alis\u00e9 que ces plateformes existantes r\u00e9alisaient un gros travail d&rsquo;agr\u00e9gation, mais ne le mettaient malheureusement pas au service de la mode responsable, et encore moins du made in France. La mode est l&rsquo;un des trois secteurs les plus polluants au monde, et nous nous voilons tous la face quant \u00e0 ses positions en termes d&rsquo;\u00e9thique. De plus, le patrimoine culturel fran\u00e7ais dans le domaine de la mode et du savoir-faire est exceptionnel. De nombreuses marques de mode fran\u00e7aises existent mais manquent de visibilit\u00e9. Notre mission est donc de cr\u00e9er un environnement en ligne permettant aux consommateurs de d\u00e9couvrir de nombreuses marques de mode enti\u00e8rement fabriqu\u00e9es en France, \u00e0 moins de 1000 km tout en offrant \u00e0 ces marques davantage de visibilit\u00e9 en mettant en avant leur savoir-faire et leur processus de fabrication fran\u00e7ais.\u00a0\u00a0<\/span><\/p>\n<p>\u00a0<\/p>\n<h3>\u00catre deux jeunes entrepreneurs vous semble avoir des avantages ou des d\u00e9fauts pour lancer une entreprise ?<\/h3>\n<p>\u00a0<\/p>\n<p><span style=\"font-weight: 400;\">On est de nature optimiste, on va donc commencer par les avantages ! \u00catre jeune, c'est un r\u00e9el avantage quand on se lance dans un projet, peu importe la nature du truc, mais encore plus quand c'est quelque chose qui a du sens. Premi\u00e8rement parce qu'on touche davantage les gens, autant sur le point BtoB que sur le point BtoC. On a beaucoup d'\u00e9nergie, une forme d'insouciance qui refl\u00e8te de la spontan\u00e9it\u00e9. En plus de \u00e7a, on est \u00e0 un moment de notre vie o\u00f9 les contraintes sont encore peu nombreuses, pas d'emprunt ou d'enfants en bas \u00e2ge. Ensuite, le digital c'est notre truc, on a grandi avec, on en conna\u00eet les codes, ce qui, dans un business model comme le n\u00f4tre, est une n\u00e9cessit\u00e9. En ce qui concerne les inconv\u00e9nients, on a moins d'exp\u00e9rience, ce qui implique de travailler davantage pour comprendre l'environnement qui nous entoure et monter en comp\u00e9tence. M\u00eame si au final, c'est \u00e7a qui nous anime car on a la dalle et c'est justement le fait de pouvoir apprendre et d\u00e9couvrir de nouvelles choses qui nous anime. Ensuite, il arrive que les gens nous accordent moins de cr\u00e9dibilit\u00e9 parce que l'on est jeunes, m\u00eame si cela n'enl\u00e8ve rien \u00e0 notre professionnalisme. Mais cela reste peu fr\u00e9quent.<\/span><\/p>\n<p>\u00a0<\/p>\n<h3>Quels sont vos challenges \u00e0 venir ?<\/h3>\n<p>\u00a0<\/p>\n<p><span style=\"font-weight: 400;\">Nos d\u00e9fis \u00e0 venir sont multiples, je vais donc vous en \u00e9num\u00e9rer quelques-uns.\u00a0<\/span><\/p>\n<p><span style=\"font-weight: 400;\">Le premier est de continuer \u00e0 convaincre et \u00e0 cr\u00e9er du lien social avec les marques et les acteurs du secteur. C'est ensemble que nous ferons avancer les choses, toute collaboration doit \u00eatre bas\u00e9e sur la confiance et le d\u00e9sir commun, d'un sens comme de l'autre.<\/span><\/p>\n<p><span style=\"font-weight: 400;\">Le deuxi\u00e8me, et pas des moindres, est de faire conna\u00eetre la plateforme aupr\u00e8s des consommateurs, ce qui est un d\u00e9fi majeur auquel nous avons d\u00e9j\u00e0 commenc\u00e9 \u00e0 r\u00e9pondre. Nous devons d\u00e9velopper des strat\u00e9gies de marketing et de communication efficaces pour attirer un large public, tout en mettant en valeur le caract\u00e8re exclusif des marques made in France. Et bien \u00e9videmment, tout en respectant le sens de notre projet et nos convictions.<\/span><\/p>\n<p><span style=\"font-weight: 400;\">Le troisi\u00e8me est de maintenir transparence et fiabilit\u00e9 pour \u00e9tablir et maintenir la confiance des consommateurs. Le Couloir Fran\u00e7ais doit fournir des informations claires sur les produits, les marques et les processus de fabrication, et nos marques doivent garantir un service client r\u00e9actif et fiable. Cela repose encore une fois sur notre relation saine et professionnelle avec nos marques partenaires, qui sont un peu \u00ab nos pr\u00e9cieux \u00bb.\u00a0<\/span><\/p>\n<p><span style=\"font-weight: 400;\">Le quatri\u00e8me d\u00e9fi est de faire face \u00e0 la concurrence internationale et \u00e0 la fast fashion. Tout d'abord en sensibilisant nos consommateurs sur les controverses d'une consommation de masse et les effets n\u00e9fastes de la d\u00e9localisation pour notre \u00e9conomie. Mais aussi en cr\u00e9ant un sentiment d'appartenance unique au Couloir Fran\u00e7ais.<\/span><span style=\"font-weight: 400;\"><br \/>\n<\/span><span style=\"font-weight: 400;\"> Le dernier concerne le nerf de la guerre, l'argent, mais pas que. Comme toute entreprise \u00e0 mission, la question de l'argent est importante. Pour accomplir de grandes choses, il faut savoir faire beaucoup avec peu, ce que nous consid\u00e9rons avoir d\u00e9j\u00e0 un peu fait, mais nous arrivons \u00e0 un stade o\u00f9 le financement est indispensable. Non pas pour le simple d\u00e9veloppement du Couloir Fran\u00e7ais, mais pour son bon d\u00e9veloppement. Nous avons une vision tr\u00e8s pr\u00e9cise de ce que nous voulons accomplir et \u00e0 quel point nous voulons changer la vision que les gens ont de la mode et de sa consommation. D'un point de vue humain, r\u00e9ussir \u00e0 impliquer plus de personnes autour et au sein de notre projet nous aiderait \u00e9galement \u00e0 apporter beaucoup de valeur ajout\u00e9e au travail que nous faisons.<\/span><\/p>\n<p>\u00a0<\/p>\n<h3>Quelles sont vos cibles\/vos retours pour le moment ?<\/h3>\n<p><span style=\"font-weight: 400;\"><br \/>\n<\/span><span style=\"font-weight: 400;\">On le sait tous, le made in France est singulier, extr\u00eamement qualitatif et durable. Il permet de faire travailler et vivre des personnes sur notre territoire qui, on le sait, travaillent dans de bonnes conditions. Pour ces raisons, les produits qui sont sur notre site internet sont forc\u00e9ment plus chers que ceux des marques de la fast fashion (pour de bonnes raisons). Notre cible est donc les personnes, et plus pr\u00e9cis\u00e9ment les femmes (parce qu'elles sont d\u00e9cisionnaires au sein de leurs foyers, elles ach\u00e8tent donc pour elles mais \u00e9galement pour leurs enfants ou leurs conjoints). La tranche d'\u00e2ge se situe entre 30 et 50 ans, une tranche d'\u00e2ge qui vit g\u00e9n\u00e9ralement un peu plus confortablement et qui est davantage sensibilis\u00e9e \u00e0 une consommation responsable de la mode. Nous travaillons d'ailleurs avec nos marques pour rendre le made in France accessible \u00e0 tous.<\/span><\/p>\n<p>\u00a0<\/p>\n<h3>\u00c0 partir de quel constat pensez-vous que le couloir fran\u00e7ais \u00e0 sa place au sein du payage commercial en ligne ?<\/h3>\n<p>\u00a0<\/p>\n<p><span style=\"font-weight: 400;\">A partir de 4 constats clairs et distincts :<\/span><span style=\"font-weight: 400;\"><br \/>\n<\/span><span style=\"font-weight: 400;\"><br \/>\n<\/span><span style=\"font-weight: 400;\"> 1. La valorisation du Made in France : Le couloir fran\u00e7ais met en avant des produits de mode fabriqu\u00e9s en France. Ce qui r\u00e9pond \u00e0 une demande croissante des consommateurs pour des produits locaux.<\/span><span style=\"font-weight: 400;\"><br \/>\n<\/span><span style=\"font-weight: 400;\"><br \/>\n<\/span><span style=\"font-weight: 400;\"> 2. Diversit\u00e9 et authenticit\u00e9 des produits : En mettant en avant des marques et des cr\u00e9ateurs fran\u00e7ais, nous offrons une diversit\u00e9 de styles et de produits.<\/span><span style=\"font-weight: 400;\"><br \/>\n<\/span><span style=\"font-weight: 400;\"><br \/>\n<\/span><span style=\"font-weight: 400;\"> 3. Promotion de l&rsquo;artisanat et du savoir-faire fran\u00e7ais : Mettre en lumi\u00e8re le savoir-faire artisanal fran\u00e7ais et l'industrie.<\/span><\/p>\n<p>4. Engagement envers la durabilit\u00e9 et l&rsquo;\u00e9thique : Toutes les marques pr\u00e9sentes sur Le Couloir Fran\u00e7ais mettent en avant des pratiques durables et \u00e9thiques, telles que la production respectueuse de l&rsquo;environnement, le commerce \u00e9quitable et le respect des droits des travailleurs.<\/p>\n<p><span style=\"font-weight: 400;\">Le Couloir Fran\u00e7ais occupe une place l\u00e9gitime dans le paysage commercial en ligne en raison de sa contribution \u00e0 la promotion de la mode made in France, de sa diversit\u00e9 de produits, de son soutien \u00e0 l&rsquo;artisanat et l'industrie locale, ainsi que de son engagement envers la durabilit\u00e9.<\/span><\/p>\n<p>\u00a0<\/p>\n<h3>Apportez-vous une importance aussi \u00e0 d&rsquo;autres sigles comme le bio, le vegan ? <span style=\"font-weight: 400;\"><br \/>\n<\/span><\/h3>\n<p><span style=\"font-weight: 400;\"><br \/>\n<\/span><span style=\"font-weight: 400;\">Absolument, une partie significative de notre client\u00e8le accorde une grande importance \u00e0 la consommation de v\u00eatements vegan ou biologiques. Bien que les fondements du Couloir Fran\u00e7ais ne reposent pas exclusivement sur ces crit\u00e8res, plusieurs de nos marques proposent des v\u00eatements vegan, et presque tous nos produits en coton sont bio. Ces aspects sont primordiaux pour nous, nos marques et nos consommateurs, car ils s&rsquo;inscrivent parfaitement dans notre projet de promouvoir le made in France tout en r\u00e9pondant aux attentes contemporaines en mati\u00e8re de durabilit\u00e9 et d&rsquo;\u00e9thique.<\/span><\/p>\n<p><span style=\"font-weight: 400;\">\u00a0<\/span>[\/vc_column_text][vc_empty_space height=\u00a0\u00bb54px\u00a0\u00bb][\/vc_column][\/vc_row][vc_row][vc_column][\/vc_column][\/vc_row]<\/p>\n<\/section>","protected":false},"excerpt":{"rendered":"<p>Jacques Flipo est le cofondateur du Couloir Fran\u00e7ais, une plateforme de mode d\u00e9di\u00e9e \u00e0 la fabrication fran\u00e7aise.<\/p>\n","protected":false},"author":17,"featured_media":7132,"menu_order":0,"comment_status":"closed","ping_status":"closed","template":"","meta":{"_acf_changed":false,"color_menu":"","footer_color_background":"","featured_image_url":"","footnotes":""},"categories":[287],"tags":[],"news-type-taxonomy":[],"news-topic-taxonomy":[],"class_list":["post-7354","news","type-news","status-publish","has-post-thumbnail","hentry","category-alter-commerce"],"acf":[],"yoast_head":"<!-- This site is optimized with the Yoast SEO plugin v27.5 - https:\/\/yoast.com\/product\/yoast-seo-wordpress\/ -->\n<title>Rencontre avec Jacques Flipo, cofondateur du Couloir Fran\u00e7ais, la plateforme mode 100% made in France. - Altavia<\/title>\n<meta name=\"robots\" content=\"index, follow, max-snippet:-1, max-image-preview:large, max-video-preview:-1\" \/>\n<meta property=\"og:locale\" content=\"fr_FR\" \/>\n<meta property=\"og:type\" content=\"article\" \/>\n<meta property=\"og:title\" content=\"Rencontre avec Jacques Flipo, cofondateur du Couloir Fran\u00e7ais, la plateforme mode 100% made in France. - Altavia\" \/>\n<meta property=\"og:description\" content=\"Jacques Flipo est le cofondateur du Couloir Fran\u00e7ais, une plateforme de mode d\u00e9di\u00e9e \u00e0 la fabrication fran\u00e7aise.\" \/>\n<meta property=\"og:url\" content=\"http:\/\/altavia-group.com\/fr\/news\/rencontre-avec-jacques-flipo-cofondateur-du-couloir-francais-la-plateforme-mode-100-made-in-france\/\" \/>\n<meta property=\"og:site_name\" content=\"Altavia\" \/>\n<meta property=\"article:modified_time\" content=\"2026-02-09T11:15:50+00:00\" \/>\n<meta property=\"og:image\" content=\"http:\/\/altavia-group.com\/wp-content\/uploads\/2026\/02\/Banniere-Statique-FR-V2-1920x736-1-1.jpg\" \/>\n\t<meta property=\"og:image:width\" content=\"1\" \/>\n\t<meta property=\"og:image:height\" content=\"1\" \/>\n\t<meta property=\"og:image:type\" content=\"image\/jpeg\" \/>\n<meta name=\"twitter:card\" content=\"summary_large_image\" \/>\n<meta name=\"twitter:label1\" content=\"Est. reading time\" \/>\n\t<meta name=\"twitter:data1\" content=\"9 minutes\" \/>\n<script type=\"application\/ld+json\" class=\"yoast-schema-graph\">{\"@context\":\"https:\\\/\\\/schema.org\",\"@graph\":[{\"@type\":\"WebPage\",\"@id\":\"http:\\\/\\\/altavia-group.com\\\/fr\\\/news\\\/rencontre-avec-jacques-flipo-cofondateur-du-couloir-francais-la-plateforme-mode-100-made-in-france\\\/\",\"url\":\"http:\\\/\\\/altavia-group.com\\\/fr\\\/news\\\/rencontre-avec-jacques-flipo-cofondateur-du-couloir-francais-la-plateforme-mode-100-made-in-france\\\/\",\"name\":\"Rencontre avec Jacques Flipo, cofondateur du Couloir Fran\u00e7ais, la plateforme mode 100% made in France. - Altavia\",\"isPartOf\":{\"@id\":\"https:\\\/\\\/altavia-group.com\\\/#website\"},\"primaryImageOfPage\":{\"@id\":\"http:\\\/\\\/altavia-group.com\\\/fr\\\/news\\\/rencontre-avec-jacques-flipo-cofondateur-du-couloir-francais-la-plateforme-mode-100-made-in-france\\\/#primaryimage\"},\"image\":{\"@id\":\"http:\\\/\\\/altavia-group.com\\\/fr\\\/news\\\/rencontre-avec-jacques-flipo-cofondateur-du-couloir-francais-la-plateforme-mode-100-made-in-france\\\/#primaryimage\"},\"thumbnailUrl\":\"https:\\\/\\\/altavia-group.com\\\/wp-content\\\/uploads\\\/2026\\\/02\\\/Banniere-Statique-FR-V2-1920x736-1-1.jpg\",\"datePublished\":\"2024-03-08T16:15:54+00:00\",\"dateModified\":\"2026-02-09T11:15:50+00:00\",\"breadcrumb\":{\"@id\":\"http:\\\/\\\/altavia-group.com\\\/fr\\\/news\\\/rencontre-avec-jacques-flipo-cofondateur-du-couloir-francais-la-plateforme-mode-100-made-in-france\\\/#breadcrumb\"},\"inLanguage\":\"fr-FR\",\"potentialAction\":[{\"@type\":\"ReadAction\",\"target\":[\"http:\\\/\\\/altavia-group.com\\\/fr\\\/news\\\/rencontre-avec-jacques-flipo-cofondateur-du-couloir-francais-la-plateforme-mode-100-made-in-france\\\/\"]}]},{\"@type\":\"ImageObject\",\"inLanguage\":\"fr-FR\",\"@id\":\"http:\\\/\\\/altavia-group.com\\\/fr\\\/news\\\/rencontre-avec-jacques-flipo-cofondateur-du-couloir-francais-la-plateforme-mode-100-made-in-france\\\/#primaryimage\",\"url\":\"https:\\\/\\\/altavia-group.com\\\/wp-content\\\/uploads\\\/2026\\\/02\\\/Banniere-Statique-FR-V2-1920x736-1-1.jpg\",\"contentUrl\":\"https:\\\/\\\/altavia-group.com\\\/wp-content\\\/uploads\\\/2026\\\/02\\\/Banniere-Statique-FR-V2-1920x736-1-1.jpg\"},{\"@type\":\"BreadcrumbList\",\"@id\":\"http:\\\/\\\/altavia-group.com\\\/fr\\\/news\\\/rencontre-avec-jacques-flipo-cofondateur-du-couloir-francais-la-plateforme-mode-100-made-in-france\\\/#breadcrumb\",\"itemListElement\":[{\"@type\":\"ListItem\",\"position\":1,\"name\":\"Home\",\"item\":\"https:\\\/\\\/altavia-group.com\\\/fr\\\/\"},{\"@type\":\"ListItem\",\"position\":2,\"name\":\"News\",\"item\":\"https:\\\/\\\/altavia-group.com\\\/fr\\\/news\\\/\"},{\"@type\":\"ListItem\",\"position\":3,\"name\":\"Rencontre avec Jacques Flipo, cofondateur du Couloir Fran\u00e7ais, la plateforme mode 100% made in France.\"}]},{\"@type\":\"WebSite\",\"@id\":\"https:\\\/\\\/altavia-group.com\\\/#website\",\"url\":\"https:\\\/\\\/altavia-group.com\\\/\",\"name\":\"Altavia\",\"description\":\"Let\u2019s unlock our imagination.\",\"publisher\":{\"@id\":\"https:\\\/\\\/altavia-group.com\\\/#organization\"},\"potentialAction\":[{\"@type\":\"SearchAction\",\"target\":{\"@type\":\"EntryPoint\",\"urlTemplate\":\"https:\\\/\\\/altavia-group.com\\\/?s={search_term_string}\"},\"query-input\":{\"@type\":\"PropertyValueSpecification\",\"valueRequired\":true,\"valueName\":\"search_term_string\"}}],\"inLanguage\":\"fr-FR\"},{\"@type\":\"Organization\",\"@id\":\"https:\\\/\\\/altavia-group.com\\\/#organization\",\"name\":\"Altavia\",\"url\":\"https:\\\/\\\/altavia-group.com\\\/\",\"logo\":{\"@type\":\"ImageObject\",\"inLanguage\":\"fr-FR\",\"@id\":\"https:\\\/\\\/altavia-group.com\\\/#\\\/schema\\\/logo\\\/image\\\/\",\"url\":\"http:\\\/\\\/altavia-group.com\\\/wp-content\\\/uploads\\\/2024\\\/12\\\/cropped-favicon-altavia.png\",\"contentUrl\":\"http:\\\/\\\/altavia-group.com\\\/wp-content\\\/uploads\\\/2024\\\/12\\\/cropped-favicon-altavia.png\",\"width\":512,\"height\":512,\"caption\":\"Altavia\"},\"image\":{\"@id\":\"https:\\\/\\\/altavia-group.com\\\/#\\\/schema\\\/logo\\\/image\\\/\"}}]}<\/script>\n<!-- \/ Yoast SEO plugin. -->","yoast_head_json":{"title":"Rencontre avec Jacques Flipo, cofondateur du Couloir Fran\u00e7ais, la plateforme mode 100% made in France. - Altavia","robots":{"index":"index","follow":"follow","max-snippet":"max-snippet:-1","max-image-preview":"max-image-preview:large","max-video-preview":"max-video-preview:-1"},"og_locale":"fr_FR","og_type":"article","og_title":"Rencontre avec Jacques Flipo, cofondateur du Couloir Fran\u00e7ais, la plateforme mode 100% made in France. - Altavia","og_description":"Jacques Flipo est le cofondateur du Couloir Fran\u00e7ais, une plateforme de mode d\u00e9di\u00e9e \u00e0 la fabrication fran\u00e7aise.","og_url":"http:\/\/altavia-group.com\/fr\/news\/rencontre-avec-jacques-flipo-cofondateur-du-couloir-francais-la-plateforme-mode-100-made-in-france\/","og_site_name":"Altavia","article_modified_time":"2026-02-09T11:15:50+00:00","og_image":[{"url":"http:\/\/altavia-group.com\/wp-content\/uploads\/2026\/02\/Banniere-Statique-FR-V2-1920x736-1-1.jpg","width":1,"height":1,"type":"image\/jpeg"}],"twitter_card":"summary_large_image","twitter_misc":{"Est. reading time":"9 minutes"},"schema":{"@context":"https:\/\/schema.org","@graph":[{"@type":"WebPage","@id":"http:\/\/altavia-group.com\/fr\/news\/rencontre-avec-jacques-flipo-cofondateur-du-couloir-francais-la-plateforme-mode-100-made-in-france\/","url":"http:\/\/altavia-group.com\/fr\/news\/rencontre-avec-jacques-flipo-cofondateur-du-couloir-francais-la-plateforme-mode-100-made-in-france\/","name":"Rencontre avec Jacques Flipo, cofondateur du Couloir Fran\u00e7ais, la plateforme mode 100% made in France. - Altavia","isPartOf":{"@id":"https:\/\/altavia-group.com\/#website"},"primaryImageOfPage":{"@id":"http:\/\/altavia-group.com\/fr\/news\/rencontre-avec-jacques-flipo-cofondateur-du-couloir-francais-la-plateforme-mode-100-made-in-france\/#primaryimage"},"image":{"@id":"http:\/\/altavia-group.com\/fr\/news\/rencontre-avec-jacques-flipo-cofondateur-du-couloir-francais-la-plateforme-mode-100-made-in-france\/#primaryimage"},"thumbnailUrl":"https:\/\/altavia-group.com\/wp-content\/uploads\/2026\/02\/Banniere-Statique-FR-V2-1920x736-1-1.jpg","datePublished":"2024-03-08T16:15:54+00:00","dateModified":"2026-02-09T11:15:50+00:00","breadcrumb":{"@id":"http:\/\/altavia-group.com\/fr\/news\/rencontre-avec-jacques-flipo-cofondateur-du-couloir-francais-la-plateforme-mode-100-made-in-france\/#breadcrumb"},"inLanguage":"fr-FR","potentialAction":[{"@type":"ReadAction","target":["http:\/\/altavia-group.com\/fr\/news\/rencontre-avec-jacques-flipo-cofondateur-du-couloir-francais-la-plateforme-mode-100-made-in-france\/"]}]},{"@type":"ImageObject","inLanguage":"fr-FR","@id":"http:\/\/altavia-group.com\/fr\/news\/rencontre-avec-jacques-flipo-cofondateur-du-couloir-francais-la-plateforme-mode-100-made-in-france\/#primaryimage","url":"https:\/\/altavia-group.com\/wp-content\/uploads\/2026\/02\/Banniere-Statique-FR-V2-1920x736-1-1.jpg","contentUrl":"https:\/\/altavia-group.com\/wp-content\/uploads\/2026\/02\/Banniere-Statique-FR-V2-1920x736-1-1.jpg"},{"@type":"BreadcrumbList","@id":"http:\/\/altavia-group.com\/fr\/news\/rencontre-avec-jacques-flipo-cofondateur-du-couloir-francais-la-plateforme-mode-100-made-in-france\/#breadcrumb","itemListElement":[{"@type":"ListItem","position":1,"name":"Home","item":"https:\/\/altavia-group.com\/fr\/"},{"@type":"ListItem","position":2,"name":"News","item":"https:\/\/altavia-group.com\/fr\/news\/"},{"@type":"ListItem","position":3,"name":"Rencontre avec Jacques Flipo, cofondateur du Couloir Fran\u00e7ais, la plateforme mode 100% made in France."}]},{"@type":"WebSite","@id":"https:\/\/altavia-group.com\/#website","url":"https:\/\/altavia-group.com\/","name":"Altavia","description":"Let\u2019s unlock our imagination.","publisher":{"@id":"https:\/\/altavia-group.com\/#organization"},"potentialAction":[{"@type":"SearchAction","target":{"@type":"EntryPoint","urlTemplate":"https:\/\/altavia-group.com\/?s={search_term_string}"},"query-input":{"@type":"PropertyValueSpecification","valueRequired":true,"valueName":"search_term_string"}}],"inLanguage":"fr-FR"},{"@type":"Organization","@id":"https:\/\/altavia-group.com\/#organization","name":"Altavia","url":"https:\/\/altavia-group.com\/","logo":{"@type":"ImageObject","inLanguage":"fr-FR","@id":"https:\/\/altavia-group.com\/#\/schema\/logo\/image\/","url":"http:\/\/altavia-group.com\/wp-content\/uploads\/2024\/12\/cropped-favicon-altavia.png","contentUrl":"http:\/\/altavia-group.com\/wp-content\/uploads\/2024\/12\/cropped-favicon-altavia.png","width":512,"height":512,"caption":"Altavia"},"image":{"@id":"https:\/\/altavia-group.com\/#\/schema\/logo\/image\/"}}]}},"_links":{"self":[{"href":"https:\/\/altavia-group.com\/fr\/wp-json\/wp\/v2\/news\/7354","targetHints":{"allow":["GET"]}}],"collection":[{"href":"https:\/\/altavia-group.com\/fr\/wp-json\/wp\/v2\/news"}],"about":[{"href":"https:\/\/altavia-group.com\/fr\/wp-json\/wp\/v2\/types\/news"}],"author":[{"embeddable":true,"href":"https:\/\/altavia-group.com\/fr\/wp-json\/wp\/v2\/users\/17"}],"replies":[{"embeddable":true,"href":"https:\/\/altavia-group.com\/fr\/wp-json\/wp\/v2\/comments?post=7354"}],"version-history":[{"count":0,"href":"https:\/\/altavia-group.com\/fr\/wp-json\/wp\/v2\/news\/7354\/revisions"}],"wp:featuredmedia":[{"embeddable":true,"href":"https:\/\/altavia-group.com\/fr\/wp-json\/wp\/v2\/media\/7132"}],"wp:attachment":[{"href":"https:\/\/altavia-group.com\/fr\/wp-json\/wp\/v2\/media?parent=7354"}],"wp:term":[{"taxonomy":"category","embeddable":true,"href":"https:\/\/altavia-group.com\/fr\/wp-json\/wp\/v2\/categories?post=7354"},{"taxonomy":"post_tag","embeddable":true,"href":"https:\/\/altavia-group.com\/fr\/wp-json\/wp\/v2\/tags?post=7354"},{"taxonomy":"news-type-taxonomy","embeddable":true,"href":"https:\/\/altavia-group.com\/fr\/wp-json\/wp\/v2\/news-type-taxonomy?post=7354"},{"taxonomy":"news-topic-taxonomy","embeddable":true,"href":"https:\/\/altavia-group.com\/fr\/wp-json\/wp\/v2\/news-topic-taxonomy?post=7354"}],"curies":[{"name":"wp","href":"https:\/\/api.w.org\/{rel}","templated":true}]}}