{"id":7645,"date":"2024-04-25T11:27:41","date_gmt":"2024-04-25T09:27:41","guid":{"rendered":"https:\/\/altaviagroudev.wpenginepowered.com\/news\/trophees-du-label-national-commerce-et-artisanat-dans-la-ville-13-villes-recompensees-pour-leur-engagement-fort-en-faveur-du-commerce-local\/"},"modified":"2026-02-09T13:15:46","modified_gmt":"2026-02-09T12:15:46","slug":"trophees-du-label-national-commerce-et-artisanat-dans-la-ville-13-villes-recompensees-pour-leur-engagement-fort-en-faveur-du-commerce-local","status":"publish","type":"news","link":"https:\/\/altavia-group.com\/fr\/news\/trophees-du-label-national-commerce-et-artisanat-dans-la-ville-13-villes-recompensees-pour-leur-engagement-fort-en-faveur-du-commerce-local\/","title":{"rendered":"Troph\u00e9es du Label national \u201cCommerce et Artisanat dans la Ville\u201d : 13 villes r\u00e9compens\u00e9es pour leur engagement fort en faveur du commerce local."},"content":{"rendered":"<section class=\"wpb-content-wrapper\"><p>[vc_row css=\u00a0\u00bb.vc_custom_1519392503248{padding-top: 18px !important;}\u00a0\u00bb][vc_column]<div class=\"edgtf-single-image-holder   \">\n    <div class=\"edgtf-si-inner\" >\n                                    <img decoding=\"async\" src=\"https:\/\/altavia-group.com\/wp-content\/uploads\/2026\/02\/Laureats-2024-JNCP-Label-Commerce-et-Artisanat-dans-la-Ville-Sourire-1.jpg\" class=\"attachment-full size-full\" alt=\"Commerce et Artisanat dans la Ville\" \/>                        <\/div>\n<\/div>[vc_column_text]<\/p>\n<h6>\u00a9 Petitscommerces<\/h6>\n<p>[\/vc_column_text][vc_empty_space height=\u00a0\u00bb54px\u00a0\u00bb][\/vc_column][\/vc_row][vc_row][vc_column][vc_column_text]<\/p>\n<h4><span class=\"edgtf-dropcaps edgtf-normal\" style=\"color: #1b1c21\">L<\/span>es Troph\u00e9es du Label national \u00ab Commerce et Artisanat dans la Ville \u00bb, en lien avec La Journ\u00e9e nationale du commerce de proximit\u00e9 (JNCP), ont \u00e9t\u00e9 remis le 8 avril au sein du prestigieux Conseil \u00e9conomique social et environnemental, Place d'I\u00e9na, \u00e0 Paris. Laur\u00e9ate du Grand Prix du Jury, la ville de Jeumont (59) s'est d\u00e9marqu\u00e9e par son dynamisme et son soutien unique aux\u00a0commer\u00e7ants locaux.<\/h4>\n<h4>Retour sur cet \u00e9v\u00e9nement avec Jonathan Chelet, \u00a0co-fondateur de Petitscommerces, membre du jury depuis 2021.<\/h4>\n<p>\u00a0<\/p>\n<h3><b>Pouvez-vous nous raconter l'histoire et le principe de \u00ab\u00a0La Journ\u00e9e Nationale du Commerce de Proximit\u00e9\u00a0\u00bb, qui m\u00e8ne, quelques mois plus tard, \u00e0 la c\u00e9r\u00e9monie des Prix du label national\u00a0?<\/b><\/h3>\n<p>\u00a0<\/p>\n<p><b>Jonathan Chelet :<\/b><span style=\"font-weight: 400;\"> La Journ\u00e9e nationale du commerce de proximit\u00e9 (JNCP) est organis\u00e9e tous les ans, le deuxi\u00e8me samedi du mois d'octobre. Elle a \u00e9t\u00e9 cr\u00e9\u00e9e par Herv\u00e9 Lemainque qui a lanc\u00e9 une premi\u00e8re \u00e9dition en 2005<\/span><span style=\"font-weight: 400;\">\u00a0\u00e0 Colombes, avant de cr\u00e9er<\/span> <span style=\"font-weight: 400;\">l'Association JNCP.<\/span><\/p>\n<p><span style=\"font-weight: 400;\">L'id\u00e9e n'\u00e9tait pas d'en faire une journ\u00e9e commerciale mais une opportunit\u00e9 de valorisation du commerce local \u00e0 travers des moments conviviaux o\u00f9 chacun pourrait rencontrer les commer\u00e7ants dans sa ville et prendre conscience de ce qu'ils apportent au quotidien : lien social, proximit\u00e9, authenticit\u00e9, savoir-faire\u2026 Au programme\u00a0: d\u00e9gustations, rencontres, visites des boutiques, concerts ou encore jeux de pistes.<\/span><\/p>\n<p><span style=\"font-weight: 400;\">Le succ\u00e8s local <\/span><span style=\"font-weight: 400;\">a rapidement donn\u00e9 envie \u00e0 d'autres villes de rejoindre le mouvement. Aujourd'hui, pr\u00e8s de 700 communes et 400 associations de commer\u00e7ants sont aujourd'hui adh\u00e9rentes \u00e0 la JNCP !<\/span><span style=\"font-weight: 400;\">\u00a0\u00a0\u00a0\u00a0\u00a0<\/span><\/p>\n<p><span style=\"font-weight: 400;\">L'association travaille directement avec tous les acteurs du commerce, qu'il s'agisse des villes, des agglom\u00e9rations, des associations de commer\u00e7ants, des f\u00e9d\u00e9rations<\/span><span style=\"font-weight: 400;\">, ou encore des Chambres de commerce et de m\u00e9tiers.<\/span>[\/vc_column_text][vc_empty_space height=\u00a0\u00bb54px\u00a0\u00bb][vc_gallery type=\u00a0\u00bbflexslider_slide\u00a0\u00bb interval=\u00a0\u00bb0&Prime; images=\u00a0\u00bb7646,7647,7648,7649&Prime; img_size=\u00a0\u00bbfull\u00a0\u00bb][vc_column_text]<\/p>\n<h6>\u00a9 Petitscommerces<\/h6>\n<p>[\/vc_column_text][vc_empty_space height=\u00a0\u00bb54px\u00a0\u00bb][vc_column_text]<\/p>\n<h3><b>Existe-t-il un \u00e9quivalent dans d'autres pays ?<\/b><\/h3>\n<p>\u00a0<\/p>\n<p><b>J.C :<\/b><span style=\"font-weight: 400;\"> En Europe, aucun \u00e9v\u00e9nement de ce type n'existe ! Et je n'ai pas connaissance d'une initiative similaire \u00e0 l'\u00e9chelle mondiale. La JNCP est un \u00e9v\u00e9nement national vraiment unique.<\/span><\/p>\n<p>\u00a0<\/p>\n<h3><b>En quoi consiste le Label national \u00ab\u00a0Commerce et Artisanat dans la Ville\u00a0\u00bb, cr\u00e9\u00e9<\/b> <b>par la JNCP\u00a0?<\/b><\/h3>\n<p>\u00a0<\/p>\n<p><b>J.C : <\/b><span style=\"font-weight: 400;\">Le label \u00ab\u00a0Commerce et Artisanat dans la Ville\u00a0\u00bb est symbolis\u00e9 par un panneau, situ\u00e9 \u00e0 l'entr\u00e9e d'une ville, comme ceux du label \u00ab\u00a0Village fleuri\u00a0\u00bb. Un \u00e0 cinq sourires y sont repr\u00e9sent\u00e9s, en fonction de l'engagement de la ville et<\/span><span style=\"font-weight: 400;\"> \u00a0 \u00a0 <\/span><span style=\"font-weight: 400;\">\u00a0de l'association de commer\u00e7ants pendant la JNCP. A partir de l'an prochain, une nouveaut\u00e9 marquera l'attribution du label\u00a0: les actions durant toute l'ann\u00e9e seront aussi prises en compte.<\/span><\/p>\n<p><span style=\"font-weight: 400;\">Les troph\u00e9es, en lien avec ce label, sont d\u00e9cern\u00e9s chaque ann\u00e9e \u00e0 ceux qui se sont distingu\u00e9s dans 13 cat\u00e9gories : municipalit\u00e9, village, EPCI, chambres consulaires et des f\u00e9d\u00e9rations (UCA), Unions communales ou encore Managers et <\/span><span style=\"font-weight: 400;\">D\u00e9veloppeurs \u00e9conomiques.<\/span>[\/vc_column_text][vc_empty_space height=\u00a0\u00bb54px\u00a0\u00bb]<div class=\"edgtf-single-image-holder   \">\n    <div class=\"edgtf-si-inner\" >\n                                    <img decoding=\"async\" src=\"https:\/\/altavia-group.com\/wp-content\/uploads\/2026\/02\/Laureats-2024-JNCP-Label-Commerce-et-Artisanat-dans-la-Ville-public2-1.jpg\" class=\"attachment-full size-full\" alt=\"Commerce et Artisanat dans la Ville\" \/>                        <\/div>\n<\/div>[vc_column_text]<\/p>\n<h6>\u00a9 Petitscommerces<\/h6>\n<p>[\/vc_column_text][vc_empty_space height=\u00a0\u00bb54px\u00a0\u00bb][vc_column_text]<\/p>\n<h3><b>En 2024, c'est la ville de Jeumont qui a remport\u00e9 le Grand Prix du Jury. Comment expliquer qu'elle se soit d\u00e9marqu\u00e9e des autres ?<\/b><\/h3>\n<p>\u00a0<\/p>\n<p><b>J.C :<\/b> <a href=\"https:\/\/www.petitscommerces.fr\/les-laureats-2024-du-label-commerce-et-artisanat-dans-la-ville-de-la-jncp\/\" target=\"_blank\" rel=\"noopener\"><span style=\"font-weight: 400;\">Treize troph\u00e9es<\/span><\/a><span style=\"font-weight: 400;\"> ont \u00e9t\u00e9 remis le 8 avril, parmi lesquels, en effet, le Grand Prix du Jury, d\u00e9cern\u00e9 \u00e0 la ville de Jeumont, particuli\u00e8rement engag\u00e9e durant la JNCP mais aussi tout au long de l'ann\u00e9e.\u00a0<\/span><\/p>\n<p><span style=\"font-weight: 400;\">Jeumont est une petite ville de 10 000 habitants, \u00e0 la fronti\u00e8re de la Belgique, dont le tissu commercial est tr\u00e8s dynamique et l'association de commer\u00e7ants, Jeumont Shopping, particuli\u00e8rement active. Sans oublier <\/span><span style=\"font-weight: 400;\">une manager de centre-ville tr\u00e8s impliqu\u00e9e, Rosine Dauvel, <\/span><span style=\"font-weight: 400;\">auparavant manager \u00e0 Maubeuge, o\u00f9 elle avait d\u00e9j\u00e0 fait un excellent travail.Petitscommerces travaille d'ailleurs depuis plusieurs ann\u00e9es avec la ville de Jeumont, qui avait offert nos cartes cadeaux lors d'un jeu concours pour la<\/span><span style=\"font-weight: 400;\"> J<\/span><span style=\"font-weight: 400;\">NCP. Cette <\/span><span style=\"font-weight: 400;\">ann\u00e9e<\/span><span style=\"font-weight: 400;\">, la ville a non seulement cr\u00e9\u00e9 sa propre carte cadeaux \u00e0 d\u00e9penser dans les commerces de proximit\u00e9 de Jeumont &#8211; sur les 30 commer\u00e7ants de la commune, tous ont adh\u00e9r\u00e9\u00a0!- mais a aussi accord\u00e9 une remise de 20% sur toutes les cartes cadeaux achet\u00e9es. R\u00e9sultat\u00a0: 35 000 euros de chiffre d'affaires seront<\/span> <span style=\"font-weight: 400;\">g\u00e9n\u00e9r\u00e9s pour <\/span><span style=\"font-weight: 400;\">les commer\u00e7ants en 2024. Un coup de boost pour eux mais aussi<\/span> <span style=\"font-weight: 400;\">pour les habitants, dont le pouvoir d'achat peut \u00eatre limit\u00e9. Enfin, la ville a pris l'initiative d'offrir l<\/span><span style=\"font-weight: 400;\">a carte cadeaux Petitscommerces Jeumont <\/span><span style=\"font-weight: 400;\">\u00e0 tous les agents municipaux.\u00a0<\/span><\/p>\n<p><span style=\"font-weight: 400;\">Bref, Jeumont est le bel exemple d'une ville qui a compris que c'\u00e9tait aussi \u00e0 elle d'impulser une dynamique pour soutenir l'\u00e9conomie locale\u00a0!<\/span><\/p>\n<p>\u00a0<\/p>\n<h3><b>Avec quel sentiment \u00eates-vous reparti de la c\u00e9r\u00e9monie de remise des Prix, le 8 avril\u00a0?<\/b><\/h3>\n<p><b>J.C :<\/b><span style=\"font-weight: 400;\"> Plus de 200 \u00e9lus, managers de centre villes, commer\u00e7ants, repr\u00e9sentants d'associations\u2026 \u00e9taient pr\u00e9sents, tous unis par le m\u00eame <\/span><span style=\"font-weight: 400;\">engagement. Quel plaisir de constater que le commerce local est d\u00e9sormais une priorit\u00e9 pour de nombreuses communes ! Et je n'\u00e9tais pas le seul \u00e0 \u00eatre ravi : les laur\u00e9ats, qui re\u00e7oivent un troph\u00e9e et un dipl\u00f4me, sont fiers de les exposer une fois rentr\u00e9s chez eux. Aucun ne s'investit toute l'ann\u00e9e dans l'objectif de gagner un prix, \u00e9videmment\u2026 mais cette reconnaissance leur donne toujours du baume au c\u0153ur.\u00a0<\/span><\/p>\n<p><span style=\"font-weight: 400;\">RDV le 12 octobre pour la prochaine \u00e9dition de la Journ\u00e9e nationale du commerce de proximit\u00e9, partout en France !<\/span>[\/vc_column_text][vc_empty_space][\/vc_column][\/vc_row][vc_row][vc_column]<div class=\"edgtf-single-image-holder   edgtf-image-behavior-custom-link\">\n    <div class=\"edgtf-si-inner\" >\n        \t            <a itemprop=\"url\" href=\"https:\/\/altavia-group.com\/fr\/tout-recommercer\/\" target=\"_blank\">\n                                    <img decoding=\"async\" src=\"https:\/\/altavia-group.com\/wp-content\/uploads\/2026\/02\/Tout-recommercer-NL-FR-desktop-2-1.jpg\" class=\"attachment-full size-full\" alt=\"\" \/>                                <\/a>\n            <\/div>\n<\/div>[vc_empty_space][\/vc_column][\/vc_row]<\/p>\n<\/section>","protected":false},"excerpt":{"rendered":"<p>Les Troph\u00e9es du Label national \u00ab Commerce et Artisanat dans la Ville \u00bb ont \u00e9t\u00e9 remis le 8 avril au sein du Conseil \u00e9conomique social et environnemental  \u00e0 Paris.<\/p>\n","protected":false},"author":17,"featured_media":7646,"menu_order":0,"comment_status":"closed","ping_status":"closed","template":"","meta":{"_acf_changed":false,"color_menu":"","footer_color_background":"","featured_image_url":"","footnotes":""},"categories":[267],"tags":[],"news-type-taxonomy":[],"news-topic-taxonomy":[],"class_list":["post-7645","news","type-news","status-publish","has-post-thumbnail","hentry","category-au-service-du-lien-client"],"acf":[],"yoast_head":"<!-- This site is optimized with the Yoast SEO plugin v27.5 - https:\/\/yoast.com\/product\/yoast-seo-wordpress\/ -->\n<title>Troph\u00e9es du Label national \u201cCommerce et Artisanat dans la Ville\u201d : 13 villes r\u00e9compens\u00e9es pour leur engagement fort en faveur du commerce local. - Altavia<\/title>\n<meta name=\"robots\" content=\"index, follow, max-snippet:-1, max-image-preview:large, max-video-preview:-1\" \/>\n<meta property=\"og:locale\" content=\"fr_FR\" \/>\n<meta property=\"og:type\" content=\"article\" \/>\n<meta property=\"og:title\" content=\"Troph\u00e9es du Label national \u201cCommerce et Artisanat dans la Ville\u201d : 13 villes r\u00e9compens\u00e9es pour leur engagement fort en faveur du commerce local. - Altavia\" \/>\n<meta property=\"og:description\" content=\"Les Troph\u00e9es du Label national \u00ab Commerce et Artisanat dans la Ville \u00bb ont \u00e9t\u00e9 remis le 8 avril au sein du Conseil \u00e9conomique social et environnemental \u00e0 Paris.\" \/>\n<meta property=\"og:url\" content=\"https:\/\/altavia-group.com\/fr\/news\/trophees-du-label-national-commerce-et-artisanat-dans-la-ville-13-villes-recompensees-pour-leur-engagement-fort-en-faveur-du-commerce-local\/\" \/>\n<meta property=\"og:site_name\" content=\"Altavia\" \/>\n<meta property=\"article:modified_time\" content=\"2026-02-09T12:15:46+00:00\" \/>\n<meta property=\"og:image\" content=\"https:\/\/altavia-group.com\/wp-content\/uploads\/2026\/02\/Laureats-2024-JNCP-Label-Commerce-et-Artisanat-dans-la-Ville-Sourire-Herve-1.jpg\" \/>\n\t<meta property=\"og:image:width\" content=\"1\" \/>\n\t<meta property=\"og:image:height\" content=\"1\" \/>\n\t<meta property=\"og:image:type\" content=\"image\/jpeg\" \/>\n<meta name=\"twitter:card\" content=\"summary_large_image\" \/>\n<meta name=\"twitter:label1\" content=\"Est. reading time\" \/>\n\t<meta name=\"twitter:data1\" content=\"5 minutes\" \/>\n<script type=\"application\/ld+json\" class=\"yoast-schema-graph\">{\"@context\":\"https:\\\/\\\/schema.org\",\"@graph\":[{\"@type\":\"WebPage\",\"@id\":\"https:\\\/\\\/altavia-group.com\\\/fr\\\/news\\\/trophees-du-label-national-commerce-et-artisanat-dans-la-ville-13-villes-recompensees-pour-leur-engagement-fort-en-faveur-du-commerce-local\\\/\",\"url\":\"https:\\\/\\\/altavia-group.com\\\/fr\\\/news\\\/trophees-du-label-national-commerce-et-artisanat-dans-la-ville-13-villes-recompensees-pour-leur-engagement-fort-en-faveur-du-commerce-local\\\/\",\"name\":\"Troph\u00e9es du Label national \u201cCommerce et Artisanat dans la Ville\u201d : 13 villes r\u00e9compens\u00e9es pour leur engagement fort en faveur du commerce local. - Altavia\",\"isPartOf\":{\"@id\":\"https:\\\/\\\/altavia-group.com\\\/#website\"},\"primaryImageOfPage\":{\"@id\":\"https:\\\/\\\/altavia-group.com\\\/fr\\\/news\\\/trophees-du-label-national-commerce-et-artisanat-dans-la-ville-13-villes-recompensees-pour-leur-engagement-fort-en-faveur-du-commerce-local\\\/#primaryimage\"},\"image\":{\"@id\":\"https:\\\/\\\/altavia-group.com\\\/fr\\\/news\\\/trophees-du-label-national-commerce-et-artisanat-dans-la-ville-13-villes-recompensees-pour-leur-engagement-fort-en-faveur-du-commerce-local\\\/#primaryimage\"},\"thumbnailUrl\":\"https:\\\/\\\/altavia-group.com\\\/wp-content\\\/uploads\\\/2026\\\/02\\\/Laureats-2024-JNCP-Label-Commerce-et-Artisanat-dans-la-Ville-Sourire-Herve-1.jpg\",\"datePublished\":\"2024-04-25T09:27:41+00:00\",\"dateModified\":\"2026-02-09T12:15:46+00:00\",\"breadcrumb\":{\"@id\":\"https:\\\/\\\/altavia-group.com\\\/fr\\\/news\\\/trophees-du-label-national-commerce-et-artisanat-dans-la-ville-13-villes-recompensees-pour-leur-engagement-fort-en-faveur-du-commerce-local\\\/#breadcrumb\"},\"inLanguage\":\"fr-FR\",\"potentialAction\":[{\"@type\":\"ReadAction\",\"target\":[\"https:\\\/\\\/altavia-group.com\\\/fr\\\/news\\\/trophees-du-label-national-commerce-et-artisanat-dans-la-ville-13-villes-recompensees-pour-leur-engagement-fort-en-faveur-du-commerce-local\\\/\"]}]},{\"@type\":\"ImageObject\",\"inLanguage\":\"fr-FR\",\"@id\":\"https:\\\/\\\/altavia-group.com\\\/fr\\\/news\\\/trophees-du-label-national-commerce-et-artisanat-dans-la-ville-13-villes-recompensees-pour-leur-engagement-fort-en-faveur-du-commerce-local\\\/#primaryimage\",\"url\":\"https:\\\/\\\/altavia-group.com\\\/wp-content\\\/uploads\\\/2026\\\/02\\\/Laureats-2024-JNCP-Label-Commerce-et-Artisanat-dans-la-Ville-Sourire-Herve-1.jpg\",\"contentUrl\":\"https:\\\/\\\/altavia-group.com\\\/wp-content\\\/uploads\\\/2026\\\/02\\\/Laureats-2024-JNCP-Label-Commerce-et-Artisanat-dans-la-Ville-Sourire-Herve-1.jpg\",\"caption\":\"Commerce et Artisanat dans la Ville\"},{\"@type\":\"BreadcrumbList\",\"@id\":\"https:\\\/\\\/altavia-group.com\\\/fr\\\/news\\\/trophees-du-label-national-commerce-et-artisanat-dans-la-ville-13-villes-recompensees-pour-leur-engagement-fort-en-faveur-du-commerce-local\\\/#breadcrumb\",\"itemListElement\":[{\"@type\":\"ListItem\",\"position\":1,\"name\":\"Home\",\"item\":\"https:\\\/\\\/altavia-group.com\\\/fr\\\/\"},{\"@type\":\"ListItem\",\"position\":2,\"name\":\"News\",\"item\":\"https:\\\/\\\/altavia-group.com\\\/fr\\\/news\\\/\"},{\"@type\":\"ListItem\",\"position\":3,\"name\":\"Troph\u00e9es du Label national \u201cCommerce et Artisanat dans la Ville\u201d : 13 villes r\u00e9compens\u00e9es pour leur engagement fort en faveur du commerce local.\"}]},{\"@type\":\"WebSite\",\"@id\":\"https:\\\/\\\/altavia-group.com\\\/#website\",\"url\":\"https:\\\/\\\/altavia-group.com\\\/\",\"name\":\"Altavia\",\"description\":\"Let\u2019s unlock our imagination.\",\"publisher\":{\"@id\":\"https:\\\/\\\/altavia-group.com\\\/#organization\"},\"potentialAction\":[{\"@type\":\"SearchAction\",\"target\":{\"@type\":\"EntryPoint\",\"urlTemplate\":\"https:\\\/\\\/altavia-group.com\\\/?s={search_term_string}\"},\"query-input\":{\"@type\":\"PropertyValueSpecification\",\"valueRequired\":true,\"valueName\":\"search_term_string\"}}],\"inLanguage\":\"fr-FR\"},{\"@type\":\"Organization\",\"@id\":\"https:\\\/\\\/altavia-group.com\\\/#organization\",\"name\":\"Altavia\",\"url\":\"https:\\\/\\\/altavia-group.com\\\/\",\"logo\":{\"@type\":\"ImageObject\",\"inLanguage\":\"fr-FR\",\"@id\":\"https:\\\/\\\/altavia-group.com\\\/#\\\/schema\\\/logo\\\/image\\\/\",\"url\":\"http:\\\/\\\/altavia-group.com\\\/wp-content\\\/uploads\\\/2024\\\/12\\\/cropped-favicon-altavia.png\",\"contentUrl\":\"http:\\\/\\\/altavia-group.com\\\/wp-content\\\/uploads\\\/2024\\\/12\\\/cropped-favicon-altavia.png\",\"width\":512,\"height\":512,\"caption\":\"Altavia\"},\"image\":{\"@id\":\"https:\\\/\\\/altavia-group.com\\\/#\\\/schema\\\/logo\\\/image\\\/\"}}]}<\/script>\n<!-- \/ Yoast SEO plugin. -->","yoast_head_json":{"title":"Troph\u00e9es du Label national \u201cCommerce et Artisanat dans la Ville\u201d : 13 villes r\u00e9compens\u00e9es pour leur engagement fort en faveur du commerce local. - Altavia","robots":{"index":"index","follow":"follow","max-snippet":"max-snippet:-1","max-image-preview":"max-image-preview:large","max-video-preview":"max-video-preview:-1"},"og_locale":"fr_FR","og_type":"article","og_title":"Troph\u00e9es du Label national \u201cCommerce et Artisanat dans la Ville\u201d : 13 villes r\u00e9compens\u00e9es pour leur engagement fort en faveur du commerce local. - Altavia","og_description":"Les Troph\u00e9es du Label national \u00ab Commerce et Artisanat dans la Ville \u00bb ont \u00e9t\u00e9 remis le 8 avril au sein du Conseil \u00e9conomique social et environnemental \u00e0 Paris.","og_url":"https:\/\/altavia-group.com\/fr\/news\/trophees-du-label-national-commerce-et-artisanat-dans-la-ville-13-villes-recompensees-pour-leur-engagement-fort-en-faveur-du-commerce-local\/","og_site_name":"Altavia","article_modified_time":"2026-02-09T12:15:46+00:00","og_image":[{"url":"https:\/\/altavia-group.com\/wp-content\/uploads\/2026\/02\/Laureats-2024-JNCP-Label-Commerce-et-Artisanat-dans-la-Ville-Sourire-Herve-1.jpg","width":1,"height":1,"type":"image\/jpeg"}],"twitter_card":"summary_large_image","twitter_misc":{"Est. reading time":"5 minutes"},"schema":{"@context":"https:\/\/schema.org","@graph":[{"@type":"WebPage","@id":"https:\/\/altavia-group.com\/fr\/news\/trophees-du-label-national-commerce-et-artisanat-dans-la-ville-13-villes-recompensees-pour-leur-engagement-fort-en-faveur-du-commerce-local\/","url":"https:\/\/altavia-group.com\/fr\/news\/trophees-du-label-national-commerce-et-artisanat-dans-la-ville-13-villes-recompensees-pour-leur-engagement-fort-en-faveur-du-commerce-local\/","name":"Troph\u00e9es du Label national \u201cCommerce et Artisanat dans la Ville\u201d : 13 villes r\u00e9compens\u00e9es pour leur engagement fort en faveur du commerce local. - Altavia","isPartOf":{"@id":"https:\/\/altavia-group.com\/#website"},"primaryImageOfPage":{"@id":"https:\/\/altavia-group.com\/fr\/news\/trophees-du-label-national-commerce-et-artisanat-dans-la-ville-13-villes-recompensees-pour-leur-engagement-fort-en-faveur-du-commerce-local\/#primaryimage"},"image":{"@id":"https:\/\/altavia-group.com\/fr\/news\/trophees-du-label-national-commerce-et-artisanat-dans-la-ville-13-villes-recompensees-pour-leur-engagement-fort-en-faveur-du-commerce-local\/#primaryimage"},"thumbnailUrl":"https:\/\/altavia-group.com\/wp-content\/uploads\/2026\/02\/Laureats-2024-JNCP-Label-Commerce-et-Artisanat-dans-la-Ville-Sourire-Herve-1.jpg","datePublished":"2024-04-25T09:27:41+00:00","dateModified":"2026-02-09T12:15:46+00:00","breadcrumb":{"@id":"https:\/\/altavia-group.com\/fr\/news\/trophees-du-label-national-commerce-et-artisanat-dans-la-ville-13-villes-recompensees-pour-leur-engagement-fort-en-faveur-du-commerce-local\/#breadcrumb"},"inLanguage":"fr-FR","potentialAction":[{"@type":"ReadAction","target":["https:\/\/altavia-group.com\/fr\/news\/trophees-du-label-national-commerce-et-artisanat-dans-la-ville-13-villes-recompensees-pour-leur-engagement-fort-en-faveur-du-commerce-local\/"]}]},{"@type":"ImageObject","inLanguage":"fr-FR","@id":"https:\/\/altavia-group.com\/fr\/news\/trophees-du-label-national-commerce-et-artisanat-dans-la-ville-13-villes-recompensees-pour-leur-engagement-fort-en-faveur-du-commerce-local\/#primaryimage","url":"https:\/\/altavia-group.com\/wp-content\/uploads\/2026\/02\/Laureats-2024-JNCP-Label-Commerce-et-Artisanat-dans-la-Ville-Sourire-Herve-1.jpg","contentUrl":"https:\/\/altavia-group.com\/wp-content\/uploads\/2026\/02\/Laureats-2024-JNCP-Label-Commerce-et-Artisanat-dans-la-Ville-Sourire-Herve-1.jpg","caption":"Commerce et Artisanat dans la Ville"},{"@type":"BreadcrumbList","@id":"https:\/\/altavia-group.com\/fr\/news\/trophees-du-label-national-commerce-et-artisanat-dans-la-ville-13-villes-recompensees-pour-leur-engagement-fort-en-faveur-du-commerce-local\/#breadcrumb","itemListElement":[{"@type":"ListItem","position":1,"name":"Home","item":"https:\/\/altavia-group.com\/fr\/"},{"@type":"ListItem","position":2,"name":"News","item":"https:\/\/altavia-group.com\/fr\/news\/"},{"@type":"ListItem","position":3,"name":"Troph\u00e9es du Label national \u201cCommerce et Artisanat dans la Ville\u201d : 13 villes r\u00e9compens\u00e9es pour leur engagement fort en faveur du commerce local."}]},{"@type":"WebSite","@id":"https:\/\/altavia-group.com\/#website","url":"https:\/\/altavia-group.com\/","name":"Altavia","description":"Let\u2019s unlock our imagination.","publisher":{"@id":"https:\/\/altavia-group.com\/#organization"},"potentialAction":[{"@type":"SearchAction","target":{"@type":"EntryPoint","urlTemplate":"https:\/\/altavia-group.com\/?s={search_term_string}"},"query-input":{"@type":"PropertyValueSpecification","valueRequired":true,"valueName":"search_term_string"}}],"inLanguage":"fr-FR"},{"@type":"Organization","@id":"https:\/\/altavia-group.com\/#organization","name":"Altavia","url":"https:\/\/altavia-group.com\/","logo":{"@type":"ImageObject","inLanguage":"fr-FR","@id":"https:\/\/altavia-group.com\/#\/schema\/logo\/image\/","url":"http:\/\/altavia-group.com\/wp-content\/uploads\/2024\/12\/cropped-favicon-altavia.png","contentUrl":"http:\/\/altavia-group.com\/wp-content\/uploads\/2024\/12\/cropped-favicon-altavia.png","width":512,"height":512,"caption":"Altavia"},"image":{"@id":"https:\/\/altavia-group.com\/#\/schema\/logo\/image\/"}}]}},"_links":{"self":[{"href":"https:\/\/altavia-group.com\/fr\/wp-json\/wp\/v2\/news\/7645","targetHints":{"allow":["GET"]}}],"collection":[{"href":"https:\/\/altavia-group.com\/fr\/wp-json\/wp\/v2\/news"}],"about":[{"href":"https:\/\/altavia-group.com\/fr\/wp-json\/wp\/v2\/types\/news"}],"author":[{"embeddable":true,"href":"https:\/\/altavia-group.com\/fr\/wp-json\/wp\/v2\/users\/17"}],"replies":[{"embeddable":true,"href":"https:\/\/altavia-group.com\/fr\/wp-json\/wp\/v2\/comments?post=7645"}],"version-history":[{"count":0,"href":"https:\/\/altavia-group.com\/fr\/wp-json\/wp\/v2\/news\/7645\/revisions"}],"wp:featuredmedia":[{"embeddable":true,"href":"https:\/\/altavia-group.com\/fr\/wp-json\/wp\/v2\/media\/7646"}],"wp:attachment":[{"href":"https:\/\/altavia-group.com\/fr\/wp-json\/wp\/v2\/media?parent=7645"}],"wp:term":[{"taxonomy":"category","embeddable":true,"href":"https:\/\/altavia-group.com\/fr\/wp-json\/wp\/v2\/categories?post=7645"},{"taxonomy":"post_tag","embeddable":true,"href":"https:\/\/altavia-group.com\/fr\/wp-json\/wp\/v2\/tags?post=7645"},{"taxonomy":"news-type-taxonomy","embeddable":true,"href":"https:\/\/altavia-group.com\/fr\/wp-json\/wp\/v2\/news-type-taxonomy?post=7645"},{"taxonomy":"news-topic-taxonomy","embeddable":true,"href":"https:\/\/altavia-group.com\/fr\/wp-json\/wp\/v2\/news-topic-taxonomy?post=7645"}],"curies":[{"name":"wp","href":"https:\/\/api.w.org\/{rel}","templated":true}]}}