{"id":7694,"date":"2024-05-13T11:55:13","date_gmt":"2024-05-13T09:55:13","guid":{"rendered":"https:\/\/altaviagroudev.wpenginepowered.com\/news\/leco-emballage-est-il-lavenir-du-packaging\/"},"modified":"2026-02-09T13:16:40","modified_gmt":"2026-02-09T12:16:40","slug":"leco-emballage-est-il-lavenir-du-packaging","status":"publish","type":"news","link":"https:\/\/altavia-group.com\/fr\/news\/leco-emballage-est-il-lavenir-du-packaging\/","title":{"rendered":"L&rsquo;e\u0301co-emballage est-il l&rsquo;avenir du packaging ?"},"content":{"rendered":"<section class=\"wpb-content-wrapper\"><p>[vc_row css=\u00a0\u00bb.vc_custom_1519392503248{padding-top: 18px !important;}\u00a0\u00bb][vc_column]<div class=\"edgtf-single-image-holder   \">\n    <div class=\"edgtf-si-inner\" >\n                                    <img decoding=\"async\" src=\"https:\/\/altavia-group.com\/wp-content\/uploads\/2026\/02\/224055352_m-1.jpg\" class=\"attachment-full size-full\" alt=\"\u00e9co-emballage\" \/>                        <\/div>\n<\/div>[vc_empty_space height=\u00a0\u00bb54px\u00a0\u00bb][\/vc_column][\/vc_row][vc_row][vc_column][vc_column_text]<\/p>\n<h4><span class=\"edgtf-dropcaps edgtf-normal\" style=\"color: #1b1c21\">\u00c0<\/span> l&rsquo;heure de l&rsquo;aggravation du r\u00e9chauffement climatique, l'emballage est consid\u00e9r\u00e9 comme un d\u00e9chet dont il faut se passer, ou \u00e0 minima qu&rsquo;il faut transformer. Alors que la fa\u00e7on de conditionner les produits \u00e9volue de plus en plus vers le vert, la fabrication vertueuse de ce symbole de la surconsommation va-t-elle devenir la norme ?\u00a0 \u00c0 quoi peut-on s&rsquo;attendre ?<\/h4>\n<p><b>\u00a0<\/b><\/p>\n<p><span style=\"font-weight: 400;\">Chaque ann\u00e9e dans le monde, 158 millions tonnes de plastique sur les 400 millions qui sortent des usines sont utilis\u00e9es par le secteur de l'emballage, principalement pour fabriquer des contenants \u00e0 usage unique, boites, sacs, bouteilles, pochettes, en \u00e9mettant pour ce faire plus de 1800 kilos de CO2 par tonne de produits, selon les chiffres fournis l'ONG Surfrider.<\/span><\/p>\n<p><span style=\"font-weight: 400;\">La pollution qui en d\u00e9coule est particuli\u00e8rement cons\u00e9quente. Outre les rejets de dioxyde de carbone dans l&rsquo;atmosph\u00e8re, l&rsquo;UICN (Union internationale pour la conservation de la nature) estime qu&rsquo;entre 80 et 85 % des 14 millions de tonnes de d\u00e9chets qui sont d\u00e9vers\u00e9s tous les ans dans les oc\u00e9ans proviennent du packaging. Cette \u00e9norme masse de r\u00e9sidus, qui a fini par former un \u00ab\u00a07\u00e8me continent\u00a0\u00bb aquatique d&rsquo;une superficie \u00e9quivalente \u00e0 trois fois celle de la France, a un impact majeur sur la biodiversit\u00e9 marine, sur les populations de poissons, les r\u00e9cifs de coraux, le phytoplancton, le krill, les mollusques, les c\u00e9tac\u00e9s, les algues. En 2019, l&rsquo;\u00e9tude <\/span><i><span style=\"font-weight: 400;\">Microplastics and synthetic particles ingested by deep-sea amphipods in six of the deepest marine ecosystems on Earth<\/span><\/i><span style=\"font-weight: 400;\">, r\u00e9alis\u00e9e par des chercheurs de l&rsquo;universit\u00e9 de Newcastle, a r\u00e9v\u00e9l\u00e9 que des particules de plastique \u00e9taient pr\u00e9sentes dans l&rsquo;organisme de minicrustac\u00e9s vivant au fond des six fosses oc\u00e9aniques les plus profondes du Pacifique, \u00e0 plusieurs kilom\u00e8tres sous la surface de l&rsquo;eau.<\/span> <span style=\"font-weight: 400;\">Par ailleurs, les \u00e9cosyst\u00e8mes terrestres ne sont pas \u00e9pargn\u00e9s car les particules de plastique qui sont pr\u00e9sentes dans la nature, dans les prairies, dans les bois, dans les champs, vont mettre plusieurs si\u00e8cles \u00e0 se d\u00e9sagr\u00e9ger.\u00a0<\/span><\/p>\n<p><span style=\"font-weight: 400;\">La situation n&rsquo;est pas meilleure pour les autres mat\u00e9riaux utilis\u00e9s par le secteur. L&rsquo;aluminium est issu de l&rsquo;activit\u00e9 mini\u00e8re dont les effets n\u00e9fastes sur l&rsquo;environnement sont aujourd&rsquo;hui document\u00e9s avec pr\u00e9cision, pollution des cours d&rsquo;eau et des terres agricoles, d\u00e9sorganisation des sols, production de d\u00e9chets toxiques en grande quantit\u00e9&#8230; Le verre \u00e9puise, partout sur la plan\u00e8te, les stocks de sable, et le risque p\u00e9nurique est d\u00e9sormais \u00e9lev\u00e9 alors que cette ressource met en moyenne plusieurs centaines de milliers d&rsquo;ann\u00e9es pour se r\u00e9g\u00e9n\u00e9rer. Consid\u00e9r\u00e9 comme plus \u00e9cologique, le carton n\u00e9cessite de couper environ 17 arbres pour produire une tonne d'emballage, alors m\u00eame qu&rsquo;il est devenu crucial de sanctuariser les for\u00eats pour lutter contre le r\u00e9chauffement climatique.\u00a0<\/span><\/p>\n<p><span style=\"font-weight: 400;\">\u00a0<\/span><\/p>\n<p><span style=\"font-weight: 400;\">Le packaging est dans une impasse. Comment faire pour que le conditionnement des produits n&rsquo;acc\u00e9l\u00e8re pas le d\u00e9clin de la biodiversit\u00e9 et l&rsquo;augmentation des temp\u00e9ratures ? Quels proc\u00e9d\u00e9s vertueux pourraient s&rsquo;imposer \u00e0 l&rsquo;ensemble des acteurs ?<\/span>[\/vc_column_text][vc_empty_space height=\u00a0\u00bb54px\u00a0\u00bb]<div class=\"edgtf-single-image-holder   edgtf-image-behavior-custom-link\">\n    <div class=\"edgtf-si-inner\" >\n        \t            <a itemprop=\"url\" href=\"https:\/\/altavia-group.com\/ecolevel\/\" target=\"_blank\">\n                                    <img decoding=\"async\" src=\"https:\/\/altavia-group.com\/wp-content\/uploads\/2026\/02\/Banner-EcoLevel-1.png\" class=\"attachment-full size-full\" alt=\"EcoLevel\" \/>                                <\/a>\n            <\/div>\n<\/div>[vc_empty_space][\/vc_column][\/vc_row][vc_row][vc_column][vc_column_text]<\/p>\n<h3><b>Concevoir mieux avec moins.<\/b><\/h3>\n<p><span style=\"font-weight: 400;\">\u00a0<\/span><\/p>\n<p><span style=\"font-weight: 400;\">Pour relever le d\u00e9fi de la sobri\u00e9t\u00e9, les entreprises peuvent compter sur l&rsquo;\u00e9co-conception. Selon le Minist\u00e8re de la transition \u00e9cologique, ce proc\u00e9d\u00e9 consiste \u00e0\u00a0 <\/span><i><span style=\"font-weight: 400;\">\u00ab\u00a0int\u00e9grer la protection de l&rsquo;environnement d\u00e8s la conception des biens ou services\u00a0\u00bb<\/span><\/i><span style=\"font-weight: 400;\"> en r\u00e9duisant les impacts environnementaux des produits tout au long de leur cycle de vie, depuis l&rsquo;extraction des mati\u00e8res premi\u00e8res n\u00e9cessaires \u00e0 leur fabrication jusqu&rsquo;au moment ou ils seront obsol\u00e8tes, us\u00e9s ou cass\u00e9s, et donc jet\u00e9s.\u00a0<\/span><\/p>\n<p><span style=\"font-weight: 400;\">Valentin Fournel, directeur des services d&rsquo;\u00e9co-conception de Cit\u00e9o, une entreprise sp\u00e9cialis\u00e9e dans la r\u00e9duction de l'impact environnemental des emballages,\u00a0<\/span><span style=\"font-weight: 400;\">pr\u00e9cise comment cette d\u00e9marche peut \u00eatre appliqu\u00e9e au packaging : <\/span><i><span style=\"font-weight: 400;\">\u00ab\u00a0Tout l&rsquo;enjeu est de limiter au maximum l'utilisation de ressources naturelles et de faire en sorte qu'on puisse r\u00e9cup\u00e9rer la plus grande quantit\u00e9 de mati\u00e8re possible en fin de vie. Il faut chercher \u00ab le juste emballage \u00bb. C&rsquo;est-\u00e0-dire un emballage qui conserve ses fonctions essentielles, \u00e9vite le gaspillage du produit tout en r\u00e9duisant au maximum ses impacts sur l'environnement. L'une des premi\u00e8res questions \u00e0 se poser est celle de la r\u00e9duction : il faut se demander si tous les \u00e9l\u00e9ments constitutifs de l'emballage sont indispensables ; si la r\u00e9ponse est oui, il s'agit d'utiliser la juste quantit\u00e9 de mati\u00e8re, ni trop, ni trop peu.?\u00a0\u00bb\u00a0<\/span><\/i><\/p>\n<p><span style=\"font-weight: 400;\">Il faut donc optimiser la taille, le poids et le volume du conditionnement pour \u00e9viter le suremballage, tout en s&rsquo;assurant que l'int\u00e9gralit\u00e9 des composants utilis\u00e9s ont un impact minimal sur l'environnement, depuis le contenant principal en passant par les mat\u00e9riaux de calage, jusqu&rsquo;aux \u00e9tiquettes et aux feuillards de cerclage. C&rsquo;est un double d\u00e9fi. Pour atteindre ce r\u00e9sultat, le groupe Raja a d\u00e9velopp\u00e9 la m\u00e9thode dite des \u00ab\u00a05R\u00a0\u00bb, qui est mise \u00e0 profit en interne mais que n&rsquo;importe quel acteur peut s&rsquo;approprier. Elle consiste \u00e0 r\u00e9duire le poids et le volume des envois, \u00e0 r\u00e9utiliser les emballages dans la mesure du possible, \u00e0 remplacer les emballages \u00e0 fort impact l'environnement par des alternatives plus \u00e9coresponsables, \u00e0 renouveler les emballages nocifs pour l&rsquo;environnement, et \u00e0 recycler au maximum les emballages qui peuvent l&rsquo;\u00eatre.\u00a0<\/span><\/p>\n<p><span style=\"font-weight: 400;\">Tout indique que l&rsquo;\u00e9co-conception, pour qu&rsquo;elle puisse pleinement donner des r\u00e9sultats, est indissociable d&rsquo;un basculement des pratiques vers l&rsquo;\u00e9conomie circulaire, avec de ce fait l&rsquo;obligation pour les entreprises de repenser leurs cycles de production.\u00a0<\/span><\/p>\n<p><span style=\"font-weight: 400;\">\u00a0<\/span><\/p>\n<h3><b>Priorit\u00e9 au recyclage.<\/b><\/h3>\n<p><span style=\"font-weight: 400;\">\u00a0<\/span><\/p>\n<p><span style=\"font-weight: 400;\">En France, alors qu&rsquo;il faut favoriser le r\u00e9emploi pour tendre vers le packaging vert, la loi Agec (Loi anti-gaspillage pour une \u00e9conomie circulaire), adopt\u00e9e en 2020, a pos\u00e9 un cadre juridique qui contraint les acteurs de l'emballage, de m\u00eame que l&rsquo;ensemble des entreprises tricolores, \u00e0 abandonner le plastique jetable et \u00e0\u00a0 agir contre l'obsolescence programm\u00e9e, avec un calendrier pr\u00e9cis \u00e0 respecter et des sanctions pour celles qui ne joueraient pas le jeux.\u00a0<\/span><\/p>\n<p><span style=\"font-weight: 400;\">Dans notre pays, ce texte a enclench\u00e9 une r\u00e9volution du conditionnement qui n\u00e9cessite d&rsquo;innover et de faire bouger les lignes, comme l&rsquo;explique Annette Freidinger, consultante pour le salon de l'emballage All4Pack :\u00a0 \u00ab\u00a0<\/span><i><span style=\"font-weight: 400;\">Aujourd'hui, l'emballage est montr\u00e9 du doigt.\u00a0\u00a0Il faut r\u00e9aliser de l'\u00e9co-conception mais aussi tendre vers le z\u00e9ro d\u00e9chet, c'est-\u00e0-dire l'emballage que l'on n'aura pas g\u00e9n\u00e9r\u00e9 parce que l'on aura un mat\u00e9riau 100 % recyclable, en utilisant \u00e9galement de plus en plus de mat\u00e9riaux d'origine naturelle et renouvelable<\/span><\/i><span style=\"font-weight: 400;\">\u00a0\u00bb\u00a0<\/span><\/p>\n<p><span style=\"font-weight: 400;\">Ainsi, en 2021, le g\u00e9ant fran\u00e7ais du e-commerce CDiscount a \u00e9t\u00e9 le premier \u00e0 proposer \u00e0 ses clients de recevoir leurs commandes dans un emballage souple en polypropyl\u00e8ne,\u00a0<\/span><span style=\"font-weight: 400;\">qui est r\u00e9utilisable au moins 100 fois avant qu&rsquo;il ne commence \u00e0 se d\u00e9t\u00e9riorer,\u00a0 ce qui permet de supprimer 83% des \u00e9missions de CO2 li\u00e9es \u00e0 son usage. Un cran plus loin, Lactel a mis au point la premi\u00e8re bouteille de lait en PEHD (Poly\u00e9thyl\u00e8ne haute densit\u00e9) fabriqu\u00e9e \u00e0 partir de d\u00e9chets plastiques revaloris\u00e9s gr\u00e2ce \u00e0 une technologie de \u00ab\u00a0recyclage avanc\u00e9\u00a0\u00bb, qui est compatible avec les normes sanitaires et alimentaires en vigueur.\u00a0<\/span><\/p>\n<p><span style=\"font-weight: 400;\">Bien \u00e9videmment, cet enjeu d\u00e9passe de loin les fronti\u00e8res de l&rsquo;hexagone. En Angleterre, le groupe DS Smith a collabor\u00e9 avec la Fondation Ellen MacArthur pour mettre au point des <\/span><i><span style=\"font-weight: 400;\">\u00ab\u00a0principes de conception circulaire\u00a0\u00bb <\/span><\/i><span style=\"font-weight: 400;\">facilement applicables et cr\u00e9er, gr\u00e2ce \u00e0 une \u00e9quipe de 700 designers, des alternatives de packaging durables et r\u00e9utilisables, qui \u00ab\u00a0<\/span><i><span style=\"font-weight: 400;\">permettent d&rsquo;\u00e9liminer les d\u00e9chets et la pollution, de prolonger la dur\u00e9e d&rsquo;utilisation des produits et de r\u00e9g\u00e9n\u00e9rer les syst\u00e8mes naturels.\u00a0\u00bb<\/span><\/i><\/p>\n<p><span style=\"font-weight: 400;\">Aux Etats-Unis, Coca-Cola, r\u00e9guli\u00e8rement point\u00e9e du doigt pour le bilan carbone tr\u00e8s \u00e9lev\u00e9 de ses activit\u00e9s, s&rsquo;est engag\u00e9, dans le cadre de son \u00ab\u00a0Plan d&rsquo;action pour des emballages moins nombreux\u00a0\u00bb, \u00e0 collecter et \u00e0 recycler d&rsquo;ici 2030 chaque canette ou bouteille que la firme vendra dans le monde.\u00a0<\/span><\/p>\n<p><span style=\"font-weight: 400;\">Ces initiatives vont incontestablement dans la bonne direction, mais en parall\u00e8le du r\u00e9emploi, il y a d&rsquo;autres leviers \u00e0 actionner.\u00a0<\/span><\/p>\n<p><b>\u00a0<\/b><span style=\"font-weight: 400;\">\u00a0<\/span><\/p>\n<h3><b>Innovations vertes.<\/b><\/h3>\n<p><span style=\"font-weight: 400;\">\u00a0<\/span><\/p>\n<p><span style=\"font-weight: 400;\">Dernier \u00e9tage de la fus\u00e9e, les biomat\u00e9riaux &#8211; fibres v\u00e9g\u00e9tales, r\u00e9siduts de l&rsquo;activit\u00e9 agricole, chutes de bois &#8211; permettent de concevoir des emballages biod\u00e9gradables qui vont moins polluer durant leur fabrication et qui vont se d\u00e9composer naturellement lors de leur fin de vie, comme le ferait n&rsquo;importe quelle mati\u00e8re organique.<\/span><\/p>\n<p><span style=\"font-weight: 400;\">Active depuis 2008, l&rsquo;entreprise tricolore Vegeplast, sp\u00e9cialiste des solutions de remplacement aux plastiques polluants, a mis au point, apr\u00e8s quinze ans de recherche, \u00a0une barquette alimentaire con\u00e7ue \u00e0 partir de ma\u00efs, de bl\u00e9, de colza et de tournesol qui se d\u00e9grade compl\u00e8tement au bout de six mois sans impacter l&rsquo;environnement. Mieux encore, ce packaging \u00a0\u00e9cologique peut \u00e9galement avoir une deuxi\u00e8me vie, comme l&rsquo;expliquait Vincent Pluquet, fondateur et PDG de Vegeplast, dans une interview accord\u00e9e \u00e0 Europe 1 : <\/span><i><span style=\"font-weight: 400;\">\u00ab\u00a0Pour le compostage industriel, les emballages se transforment en compost de qualit\u00e9 en six semaines. \u00c7a revient aux agriculteurs, qui peuvent mettre moins d&rsquo;engrais chimiques et arroser moins.\u00a0\u00bb<\/span><\/i><\/p>\n<p><span style=\"font-weight: 400;\">Autre exemple pertinent, le groupe Sph\u00e8re, leader europ\u00e9en des sacs et des films \u00e0 usage alimentaire, utilise \u00e0 la place du plastique des mat\u00e9riaux biosourc\u00e9s et compostables, des biod\u00e9chets, du poly\u00e9thyl\u00e8ne v\u00e9g\u00e9tal fabriqu\u00e9 \u00e0 partir d'\u00e9thanol issu de la canne \u00e0 sucre, et m\u00eame des mat\u00e9riaux biod\u00e9gradables dans l'eau et non toxiques pour les \u00e9cosyst\u00e8mes aquatiques pr\u00e9sents dans les mers, les lacs et les rivi\u00e8res, et cela avec les m\u00eames niveaux de qualit\u00e9 et de r\u00e9sistance que les emballages classiques.\u00a0<\/span><\/p>\n<p><span style=\"font-weight: 400;\">Alors que la crise climatique ne cesse de gagner en intensit\u00e9, et qu&rsquo;elle s&rsquo;aggravera dans les prochaines ann\u00e9es, le packaging \u00e9cologique est la cl\u00e9 de transformation du conditionnement, et plus largement du secteur tout entier. L'emballage de demain sera \u00e9co-con\u00e7u, recyclable, biod\u00e9gradable, ou ne sera pas. <\/span>[\/vc_column_text][vc_empty_space height=\u00a0\u00bb54px\u00a0\u00bb]<div class=\"edgtf-single-image-holder   edgtf-image-behavior-custom-link\">\n    <div class=\"edgtf-si-inner\" >\n        \t            <a itemprop=\"url\" href=\"https:\/\/www.altavia-nantes.com\/projet\/plv-eco-responsables\/?utm_campaign=EcoEmballage&#038;utm_source=AltaviaWatch&#038;utm_medium=article\" target=\"_blank\">\n                                    <img decoding=\"async\" src=\"https:\/\/altavia-group.com\/wp-content\/uploads\/2026\/02\/PLV-altavia-nantes-3.png\" class=\"attachment-full size-full\" alt=\"PLV Altavia nantes\" \/>                                <\/a>\n            <\/div>\n<\/div>[vc_empty_space][\/vc_column][\/vc_row]<\/p>\n<\/section>","protected":false},"excerpt":{"rendered":"<p>\u00c0 l&rsquo;heure de l&rsquo;aggravation du r\u00e9chauffement climatique, l\u2019emballage est consid\u00e9r\u00e9 comme un d\u00e9chet dont il faut se passer, ou \u00e0 minima qu&rsquo;il faut transformer.<\/p>\n","protected":false},"author":17,"featured_media":7695,"menu_order":0,"comment_status":"closed","ping_status":"closed","template":"","meta":{"_acf_changed":false,"color_menu":"","footer_color_background":"","featured_image_url":"","footnotes":""},"categories":[278],"tags":[],"news-type-taxonomy":[],"news-topic-taxonomy":[],"class_list":["post-7694","news","type-news","status-publish","has-post-thumbnail","hentry","category-commerce-durable"],"acf":[],"yoast_head":"<!-- This site is optimized with the Yoast SEO plugin v27.5 - https:\/\/yoast.com\/product\/yoast-seo-wordpress\/ -->\n<title>L&#039;e\u0301co-emballage est-il l&#039;avenir du packaging ? - Altavia<\/title>\n<meta name=\"robots\" content=\"index, follow, max-snippet:-1, max-image-preview:large, max-video-preview:-1\" \/>\n<meta property=\"og:locale\" content=\"fr_FR\" \/>\n<meta property=\"og:type\" content=\"article\" \/>\n<meta property=\"og:title\" content=\"L&#039;e\u0301co-emballage est-il l&#039;avenir du packaging ? - Altavia\" \/>\n<meta property=\"og:description\" content=\"\u00c0 l&#039;heure de l&#039;aggravation du r\u00e9chauffement climatique, l\u2019emballage est consid\u00e9r\u00e9 comme un d\u00e9chet dont il faut se passer, ou \u00e0 minima qu&#039;il faut transformer.\" \/>\n<meta property=\"og:url\" content=\"https:\/\/altavia-group.com\/fr\/news\/leco-emballage-est-il-lavenir-du-packaging\/\" \/>\n<meta property=\"og:site_name\" content=\"Altavia\" \/>\n<meta property=\"article:modified_time\" content=\"2026-02-09T12:16:40+00:00\" \/>\n<meta property=\"og:image\" content=\"https:\/\/altavia-group.com\/wp-content\/uploads\/2026\/02\/224055352_m-1.jpg\" \/>\n\t<meta property=\"og:image:width\" content=\"1\" \/>\n\t<meta property=\"og:image:height\" content=\"1\" \/>\n\t<meta property=\"og:image:type\" content=\"image\/jpeg\" \/>\n<meta name=\"twitter:card\" content=\"summary_large_image\" \/>\n<meta name=\"twitter:label1\" content=\"Est. reading time\" \/>\n\t<meta name=\"twitter:data1\" content=\"9 minutes\" \/>\n<script type=\"application\/ld+json\" class=\"yoast-schema-graph\">{\"@context\":\"https:\\\/\\\/schema.org\",\"@graph\":[{\"@type\":\"WebPage\",\"@id\":\"https:\\\/\\\/altavia-group.com\\\/fr\\\/news\\\/leco-emballage-est-il-lavenir-du-packaging\\\/\",\"url\":\"https:\\\/\\\/altavia-group.com\\\/fr\\\/news\\\/leco-emballage-est-il-lavenir-du-packaging\\\/\",\"name\":\"L'e\u0301co-emballage est-il l'avenir du packaging ? - Altavia\",\"isPartOf\":{\"@id\":\"https:\\\/\\\/altavia-group.com\\\/#website\"},\"primaryImageOfPage\":{\"@id\":\"https:\\\/\\\/altavia-group.com\\\/fr\\\/news\\\/leco-emballage-est-il-lavenir-du-packaging\\\/#primaryimage\"},\"image\":{\"@id\":\"https:\\\/\\\/altavia-group.com\\\/fr\\\/news\\\/leco-emballage-est-il-lavenir-du-packaging\\\/#primaryimage\"},\"thumbnailUrl\":\"https:\\\/\\\/altavia-group.com\\\/wp-content\\\/uploads\\\/2026\\\/02\\\/224055352_m-1.jpg\",\"datePublished\":\"2024-05-13T09:55:13+00:00\",\"dateModified\":\"2026-02-09T12:16:40+00:00\",\"breadcrumb\":{\"@id\":\"https:\\\/\\\/altavia-group.com\\\/fr\\\/news\\\/leco-emballage-est-il-lavenir-du-packaging\\\/#breadcrumb\"},\"inLanguage\":\"fr-FR\",\"potentialAction\":[{\"@type\":\"ReadAction\",\"target\":[\"https:\\\/\\\/altavia-group.com\\\/fr\\\/news\\\/leco-emballage-est-il-lavenir-du-packaging\\\/\"]}]},{\"@type\":\"ImageObject\",\"inLanguage\":\"fr-FR\",\"@id\":\"https:\\\/\\\/altavia-group.com\\\/fr\\\/news\\\/leco-emballage-est-il-lavenir-du-packaging\\\/#primaryimage\",\"url\":\"https:\\\/\\\/altavia-group.com\\\/wp-content\\\/uploads\\\/2026\\\/02\\\/224055352_m-1.jpg\",\"contentUrl\":\"https:\\\/\\\/altavia-group.com\\\/wp-content\\\/uploads\\\/2026\\\/02\\\/224055352_m-1.jpg\",\"caption\":\"\u00e9co-emballage\"},{\"@type\":\"BreadcrumbList\",\"@id\":\"https:\\\/\\\/altavia-group.com\\\/fr\\\/news\\\/leco-emballage-est-il-lavenir-du-packaging\\\/#breadcrumb\",\"itemListElement\":[{\"@type\":\"ListItem\",\"position\":1,\"name\":\"Home\",\"item\":\"https:\\\/\\\/altavia-group.com\\\/fr\\\/\"},{\"@type\":\"ListItem\",\"position\":2,\"name\":\"News\",\"item\":\"https:\\\/\\\/altavia-group.com\\\/fr\\\/news\\\/\"},{\"@type\":\"ListItem\",\"position\":3,\"name\":\"L&rsquo;e\u0301co-emballage est-il l&rsquo;avenir du packaging ?\"}]},{\"@type\":\"WebSite\",\"@id\":\"https:\\\/\\\/altavia-group.com\\\/#website\",\"url\":\"https:\\\/\\\/altavia-group.com\\\/\",\"name\":\"Altavia\",\"description\":\"Let\u2019s unlock our imagination.\",\"publisher\":{\"@id\":\"https:\\\/\\\/altavia-group.com\\\/#organization\"},\"potentialAction\":[{\"@type\":\"SearchAction\",\"target\":{\"@type\":\"EntryPoint\",\"urlTemplate\":\"https:\\\/\\\/altavia-group.com\\\/?s={search_term_string}\"},\"query-input\":{\"@type\":\"PropertyValueSpecification\",\"valueRequired\":true,\"valueName\":\"search_term_string\"}}],\"inLanguage\":\"fr-FR\"},{\"@type\":\"Organization\",\"@id\":\"https:\\\/\\\/altavia-group.com\\\/#organization\",\"name\":\"Altavia\",\"url\":\"https:\\\/\\\/altavia-group.com\\\/\",\"logo\":{\"@type\":\"ImageObject\",\"inLanguage\":\"fr-FR\",\"@id\":\"https:\\\/\\\/altavia-group.com\\\/#\\\/schema\\\/logo\\\/image\\\/\",\"url\":\"http:\\\/\\\/altavia-group.com\\\/wp-content\\\/uploads\\\/2024\\\/12\\\/cropped-favicon-altavia.png\",\"contentUrl\":\"http:\\\/\\\/altavia-group.com\\\/wp-content\\\/uploads\\\/2024\\\/12\\\/cropped-favicon-altavia.png\",\"width\":512,\"height\":512,\"caption\":\"Altavia\"},\"image\":{\"@id\":\"https:\\\/\\\/altavia-group.com\\\/#\\\/schema\\\/logo\\\/image\\\/\"}}]}<\/script>\n<!-- \/ Yoast SEO plugin. -->","yoast_head_json":{"title":"L'e\u0301co-emballage est-il l'avenir du packaging ? - Altavia","robots":{"index":"index","follow":"follow","max-snippet":"max-snippet:-1","max-image-preview":"max-image-preview:large","max-video-preview":"max-video-preview:-1"},"og_locale":"fr_FR","og_type":"article","og_title":"L'e\u0301co-emballage est-il l'avenir du packaging ? - Altavia","og_description":"\u00c0 l'heure de l'aggravation du r\u00e9chauffement climatique, l\u2019emballage est consid\u00e9r\u00e9 comme un d\u00e9chet dont il faut se passer, ou \u00e0 minima qu'il faut transformer.","og_url":"https:\/\/altavia-group.com\/fr\/news\/leco-emballage-est-il-lavenir-du-packaging\/","og_site_name":"Altavia","article_modified_time":"2026-02-09T12:16:40+00:00","og_image":[{"url":"https:\/\/altavia-group.com\/wp-content\/uploads\/2026\/02\/224055352_m-1.jpg","width":1,"height":1,"type":"image\/jpeg"}],"twitter_card":"summary_large_image","twitter_misc":{"Est. reading time":"9 minutes"},"schema":{"@context":"https:\/\/schema.org","@graph":[{"@type":"WebPage","@id":"https:\/\/altavia-group.com\/fr\/news\/leco-emballage-est-il-lavenir-du-packaging\/","url":"https:\/\/altavia-group.com\/fr\/news\/leco-emballage-est-il-lavenir-du-packaging\/","name":"L'e\u0301co-emballage est-il l'avenir du packaging ? - Altavia","isPartOf":{"@id":"https:\/\/altavia-group.com\/#website"},"primaryImageOfPage":{"@id":"https:\/\/altavia-group.com\/fr\/news\/leco-emballage-est-il-lavenir-du-packaging\/#primaryimage"},"image":{"@id":"https:\/\/altavia-group.com\/fr\/news\/leco-emballage-est-il-lavenir-du-packaging\/#primaryimage"},"thumbnailUrl":"https:\/\/altavia-group.com\/wp-content\/uploads\/2026\/02\/224055352_m-1.jpg","datePublished":"2024-05-13T09:55:13+00:00","dateModified":"2026-02-09T12:16:40+00:00","breadcrumb":{"@id":"https:\/\/altavia-group.com\/fr\/news\/leco-emballage-est-il-lavenir-du-packaging\/#breadcrumb"},"inLanguage":"fr-FR","potentialAction":[{"@type":"ReadAction","target":["https:\/\/altavia-group.com\/fr\/news\/leco-emballage-est-il-lavenir-du-packaging\/"]}]},{"@type":"ImageObject","inLanguage":"fr-FR","@id":"https:\/\/altavia-group.com\/fr\/news\/leco-emballage-est-il-lavenir-du-packaging\/#primaryimage","url":"https:\/\/altavia-group.com\/wp-content\/uploads\/2026\/02\/224055352_m-1.jpg","contentUrl":"https:\/\/altavia-group.com\/wp-content\/uploads\/2026\/02\/224055352_m-1.jpg","caption":"\u00e9co-emballage"},{"@type":"BreadcrumbList","@id":"https:\/\/altavia-group.com\/fr\/news\/leco-emballage-est-il-lavenir-du-packaging\/#breadcrumb","itemListElement":[{"@type":"ListItem","position":1,"name":"Home","item":"https:\/\/altavia-group.com\/fr\/"},{"@type":"ListItem","position":2,"name":"News","item":"https:\/\/altavia-group.com\/fr\/news\/"},{"@type":"ListItem","position":3,"name":"L&rsquo;e\u0301co-emballage est-il l&rsquo;avenir du packaging ?"}]},{"@type":"WebSite","@id":"https:\/\/altavia-group.com\/#website","url":"https:\/\/altavia-group.com\/","name":"Altavia","description":"Let\u2019s unlock our imagination.","publisher":{"@id":"https:\/\/altavia-group.com\/#organization"},"potentialAction":[{"@type":"SearchAction","target":{"@type":"EntryPoint","urlTemplate":"https:\/\/altavia-group.com\/?s={search_term_string}"},"query-input":{"@type":"PropertyValueSpecification","valueRequired":true,"valueName":"search_term_string"}}],"inLanguage":"fr-FR"},{"@type":"Organization","@id":"https:\/\/altavia-group.com\/#organization","name":"Altavia","url":"https:\/\/altavia-group.com\/","logo":{"@type":"ImageObject","inLanguage":"fr-FR","@id":"https:\/\/altavia-group.com\/#\/schema\/logo\/image\/","url":"http:\/\/altavia-group.com\/wp-content\/uploads\/2024\/12\/cropped-favicon-altavia.png","contentUrl":"http:\/\/altavia-group.com\/wp-content\/uploads\/2024\/12\/cropped-favicon-altavia.png","width":512,"height":512,"caption":"Altavia"},"image":{"@id":"https:\/\/altavia-group.com\/#\/schema\/logo\/image\/"}}]}},"_links":{"self":[{"href":"https:\/\/altavia-group.com\/fr\/wp-json\/wp\/v2\/news\/7694","targetHints":{"allow":["GET"]}}],"collection":[{"href":"https:\/\/altavia-group.com\/fr\/wp-json\/wp\/v2\/news"}],"about":[{"href":"https:\/\/altavia-group.com\/fr\/wp-json\/wp\/v2\/types\/news"}],"author":[{"embeddable":true,"href":"https:\/\/altavia-group.com\/fr\/wp-json\/wp\/v2\/users\/17"}],"replies":[{"embeddable":true,"href":"https:\/\/altavia-group.com\/fr\/wp-json\/wp\/v2\/comments?post=7694"}],"version-history":[{"count":0,"href":"https:\/\/altavia-group.com\/fr\/wp-json\/wp\/v2\/news\/7694\/revisions"}],"wp:featuredmedia":[{"embeddable":true,"href":"https:\/\/altavia-group.com\/fr\/wp-json\/wp\/v2\/media\/7695"}],"wp:attachment":[{"href":"https:\/\/altavia-group.com\/fr\/wp-json\/wp\/v2\/media?parent=7694"}],"wp:term":[{"taxonomy":"category","embeddable":true,"href":"https:\/\/altavia-group.com\/fr\/wp-json\/wp\/v2\/categories?post=7694"},{"taxonomy":"post_tag","embeddable":true,"href":"https:\/\/altavia-group.com\/fr\/wp-json\/wp\/v2\/tags?post=7694"},{"taxonomy":"news-type-taxonomy","embeddable":true,"href":"https:\/\/altavia-group.com\/fr\/wp-json\/wp\/v2\/news-type-taxonomy?post=7694"},{"taxonomy":"news-topic-taxonomy","embeddable":true,"href":"https:\/\/altavia-group.com\/fr\/wp-json\/wp\/v2\/news-topic-taxonomy?post=7694"}],"curies":[{"name":"wp","href":"https:\/\/api.w.org\/{rel}","templated":true}]}}