{"id":7928,"date":"2024-07-08T11:54:10","date_gmt":"2024-07-08T09:54:10","guid":{"rendered":"https:\/\/altaviagroudev.wpenginepowered.com\/news\/collectif-generation-responsable-les-pratiques-rse-pour-un-commerce-plus-durable\/"},"modified":"2026-02-09T13:19:13","modified_gmt":"2026-02-09T12:19:13","slug":"collectif-generation-responsable-les-pratiques-rse-pour-un-commerce-plus-durable","status":"publish","type":"news","link":"https:\/\/altavia-group.com\/fr\/news\/collectif-generation-responsable-les-pratiques-rse-pour-un-commerce-plus-durable\/","title":{"rendered":"Collectif G\u00e9n\u00e9ration Responsable : Les pratiques RSE pour un commerce plus durable."},"content":{"rendered":"<section class=\"wpb-content-wrapper\"><p>[vc_row css=\u00a0\u00bb.vc_custom_1519392503248{padding-top: 18px !important;}\u00a0\u00bb][vc_column]<div class=\"edgtf-single-image-holder   \">\n    <div class=\"edgtf-si-inner\" >\n                                    <img decoding=\"async\" src=\"https:\/\/altavia-group.com\/wp-content\/uploads\/2026\/02\/224665225_m-1.jpg\" class=\"attachment-full size-full\" alt=\"Collectif G\u00e9n\u00e9ration Responsable\" \/>                        <\/div>\n<\/div>[vc_empty_space height=\u00a0\u00bb54px\u00a0\u00bb][\/vc_column][\/vc_row][vc_row][vc_column][vc_column_text]<\/p>\n<h4><span class=\"edgtf-dropcaps edgtf-normal\" style=\"color: #1b1c21\">A<\/span>ujourd'hui, partons \u00e0 la rencontre du <span style=\"color: #778080;\"><a style=\"color: #778080;\" href=\"https:\/\/www.generation-responsable.fr\/\" target=\"_blank\" rel=\"noopener\">Collectif G\u00e9n\u00e9ration Responsable<\/a><\/span>, qui aide, depuis pr\u00e8s de 15 ans, plus de 50 000 commerces en France \u00e0 comprendre et d\u00e9ployer leur politique RSE. Jocelyne Leporatti, pr\u00e9sidente de l'association, nous pr\u00e9sente les principales missions et les deux labels mis en place par le Collectif.<\/h4>\n<p>\u00a0<\/p>\n<h3>Qui est le Collectif G\u00e9n\u00e9ration Responsable et quelles sont ses principales missions ?<\/h3>\n<p>\u00a0<\/p>\n<p><strong>Jocelyne Leporatti:<\/strong> Le Collectif G\u00e9n\u00e9ration Responsable est une association loi 1901, cr\u00e9\u00e9e en 2007 par Jocelyne Leporatti. Son objectif est de faire \u00e9voluer l'ensemble du retail sur tous les sujets li\u00e9s \u00e0 la RSE<\/p>\n<p>L'id\u00e9e est donc d'aider les enseignes et les magasins adh\u00e9rents \u00e0 formaliser une strat\u00e9gie RSE, anticiper l'aspect l\u00e9gislatif \u2013 notamment la CSRD ou le d\u00e9cret tertiaire \u2013 mais aussi trouver les moyens de propager cette dynamique du si\u00e8ge, jusqu'aux magasins et aux consommateurs. Tout le monde doit \u00eatre embarqu\u00e9.<\/p>\n<p>\u00a0<\/p>\n<p>Avec une approche tr\u00e8s pratico-pratique, l'association permet \u00e0 l'ensemble des acteurs li\u00e9s au d\u00e9veloppement durable dans le monde du commerce de se rencontrer et collaborer, par le biais d'ateliers, de journ\u00e9es d\u00e9di\u00e9es ou d'\u00e9v\u00e9nements.<\/p>\n<p>La semaine derni\u00e8re nous avons par exemple visit\u00e9 un centre de d\u00e9chets avec une quinzaine d'enseignes. Ce fut l'occasion pour les directeurs RSE pr\u00e9sents d'\u00e9changer sur des probl\u00e9matiques communes et sur leurs exp\u00e9riences, alors que dans les faits, au quotidien, chacun se retrouve assez isol\u00e9.<\/p>\n<p>\u00a0<\/p>\n<h3>Qui sont les enseignes adh\u00e9rentes ?<\/h3>\n<p>\u00a0<\/p>\n<p><strong>J.L :<\/strong> L'association regroupe environ 80 enseignes adh\u00e9rentes (La mie c\u00e2line, Intermarch\u00e9, Picard, Ikea, Bureau Vall\u00e9e, Oka\u00efdi\u2026), qui repr\u00e9sentent 50 000 commerces en France.<\/p>\n<p>\u00a0<\/p>\n<h3>Parlez-nous des R Awards, propos\u00e9s dans le cadre du Forum du commerce responsable que vous organisez chaque ann\u00e9e\u00a0?<\/h3>\n<p>\u00a0<\/p>\n<p><strong>J.L :<\/strong> Ces troph\u00e9es ont \u00e9t\u00e9 imagin\u00e9s pour souligner et valoriser les d\u00e9marches les plus ambitieuses et les plus innovantes des entreprises du commerce qui ont \u00e0 c\u0153ur de mettre l'homme, le soci\u00e9tal, l'environnement, la territorialit\u00e9 au centre de leurs pr\u00e9occupations.<\/p>\n<p>En 2023, c'est la boutique Easy Cach Caen qui a re\u00e7u le premier prix gr\u00e2ce \u00e0 la mise en place r\u00e9ussie de la semaine de 4 jours au sein de son magasin, prouvant ainsi l'efficacit\u00e9 et la rentabilit\u00e9 de cette mesure.<\/p>\n<p>La prochaine \u00e9dition du forum du commerce responsable aura lieu le 2 d\u00e9cembre au sein de BPIfrance.[\/vc_column_text][vc_empty_space height=\u00a0\u00bb54px\u00a0\u00bb]<div class=\"edgtf-single-image-holder   edgtf-image-behavior-custom-link\">\n    <div class=\"edgtf-si-inner\" >\n        \t            <a itemprop=\"url\" href=\"https:\/\/altavia-group.com\/ecolevel\/\" target=\"_blank\">\n                                    <img decoding=\"async\" src=\"https:\/\/altavia-group.com\/wp-content\/uploads\/2026\/02\/Banner-EcoLevel-1.png\" class=\"attachment-full size-full\" alt=\"EcoLevel\" \/>                                <\/a>\n            <\/div>\n<\/div>[vc_empty_space height=\u00a0\u00bb54px\u00a0\u00bb][\/vc_column][\/vc_row][vc_row][vc_column][vc_column_text]<\/p>\n<h3><b>En quoi consiste le \u00ab\u00a0Label enseigne responsable\u00a0\u00bb cr\u00e9\u00e9 par le Collectif\u00a0?<\/b><\/h3>\n<p>\u00a0<\/p>\n<p><b>J.L : <\/b><span style=\"font-weight: 400;\">Ce label, d\u00e9di\u00e9 aux si\u00e8ges des enseignes, a \u00e9t\u00e9 officialis\u00e9 en 2017 pour structurer la d\u00e9marche li\u00e9e \u00e0 l'ISO 26000. Cette norme mondiale li\u00e9e au d\u00e9veloppement durable dans les entreprises est tr\u00e8s connect\u00e9e \u00e0 la question politique et elle est parfois difficile \u00e0 traduire sur le terrain, notamment pour les enseignes qui existent sous de nombreuses formes &#8211; franchise, la coop\u00e9rative \u2026-.<\/span><\/p>\n<p><span style=\"font-weight: 400;\">Le label Enseigne responsable est repr\u00e9sent\u00e9 par 7 champs th\u00e9matiques (gouvernance, droits de l'homme, relations et conditions de travail, environnement, loyaut\u00e9s des pratiques, consommateurs, communaut\u00e9s et d\u00e9veloppement) et l'audit est r\u00e9alis\u00e9 par un organisme tiers ind\u00e9pendant. Ce dernier identifie les points forts et les points perfectibles de l'enseigne pour \u00e9tablir une feuille de route, en ad\u00e9quation avec l'ISO 26000, l'existant et la strat\u00e9gie souhait\u00e9e.<\/span><\/p>\n<p><span style=\"font-weight: 400;\">Une quarantaine d'enseignes sont aujourd'hui labelis\u00e9es. La d\u00e9marche est valable 3 ans et elle est r\u00e9vis\u00e9e chaque ann\u00e9e. Un guide de 300 pages est notamment remis aux labellis\u00e9s pour leur permettre de progresser et passer de niveau en niveau.<\/span><\/p>\n<p>\u00a0<\/p>\n<h3><b>Quelle est la diff\u00e9rence avec le \u00ab\u00a0Label commer\u00e7ant responsable\u00a0\u00bb ?<\/b><\/h3>\n<p>\u00a0<\/p>\n<p><b>J.L : <\/b><span style=\"font-weight: 400;\">Ce label a \u00e9t\u00e9 mis en place<\/span> <span style=\"font-weight: 400;\">en 2019, pour r\u00e9pondre \u00e0 la difficult\u00e9 exprim\u00e9e par les enseignes d'embarquer l'ensemble des magasins dans la d\u00e9marche de responsabilit\u00e9. Ce label se base \u00e9galement sur l'ISO 26000 et s'appuie sur 3 piliers : le social, l'environnemental et l'int\u00e9gration du point de vente dans son territoire. Il est valable 3 ans et r\u00e9vis\u00e9 tous les 18 mois.<\/span><\/p>\n<p><span style=\"font-weight: 400;\">1000 commerces sont aujourd'hui labellis\u00e9s et ce chiffre devrait doubler \u00e0 la fin de l'ann\u00e9e 2024.<\/span><\/p>\n<p>\u00a0<\/p>\n<h3><b>Constatez-vous une acc\u00e9l\u00e9ration de la prise de conscience des enseignes et des commerces, se traduisant par des actes et des mesures vers le changement ?<\/b><\/h3>\n<p>\u00a0<\/p>\n<p><b>J.L : <\/b><span style=\"font-weight: 400;\">Bien des entreprises ont en effet mis des plans d'actions simples pour r\u00e9duire et \u00e9liminer les pertes en \u00e9nergie, mati\u00e8re, eau et d\u00e9chets. A la cl\u00e9, des \u00e9conomies substantielles. Mieux g\u00e9rer et manager ses \u00e9quipes r\u00e9duit \u00e9galement le turn-over et fid\u00e9lise les collaborateurs, ce qui a un impact \u00e9conomique certain. Il en est de m\u00eame pour la r\u00e9duction des transports\u00a0: un plan de mobilit\u00e9 mis en place pour les collaborateurs r\u00e9duit l'empreinte carbone mais aussi les co\u00fbts de mobilit\u00e9.<\/span><\/p>\n<p><span style=\"font-weight: 400;\">C'est aussi la particularit\u00e9 et un axe fort de nos labels\u00a0:\u00a0\u00ab\u00a0Faire un \u00e9tat de lieux afin d'identifier les axes prioritaires d'\u00e9conomies\u00a0\u00bb.<\/span>[\/vc_column_text][vc_empty_space height=\u00a0\u00bb54px\u00a0\u00bb][\/vc_column][\/vc_row]<\/p>\n<\/section>","protected":false},"excerpt":{"rendered":"<p>Aujourd\u2019hui, partons \u00e0 la rencontre du Collectif G\u00e9n\u00e9ration Responsable, qui aide plus de 50 000 commerces en France \u00e0 d\u00e9ployer leur politique RSE. <\/p>\n","protected":false},"author":17,"featured_media":7929,"menu_order":0,"comment_status":"closed","ping_status":"closed","template":"","meta":{"_acf_changed":false,"color_menu":"","footer_color_background":"","featured_image_url":"","footnotes":""},"categories":[278],"tags":[],"news-type-taxonomy":[],"news-topic-taxonomy":[],"class_list":["post-7928","news","type-news","status-publish","has-post-thumbnail","hentry","category-commerce-durable"],"acf":[],"yoast_head":"<!-- This site is optimized with the Yoast SEO plugin v27.5 - https:\/\/yoast.com\/product\/yoast-seo-wordpress\/ -->\n<title>Collectif G\u00e9n\u00e9ration Responsable : Les pratiques RSE pour un commerce plus durable. - Altavia<\/title>\n<meta name=\"robots\" content=\"index, follow, max-snippet:-1, max-image-preview:large, max-video-preview:-1\" \/>\n<meta property=\"og:locale\" content=\"fr_FR\" \/>\n<meta property=\"og:type\" content=\"article\" \/>\n<meta property=\"og:title\" content=\"Collectif G\u00e9n\u00e9ration Responsable : Les pratiques RSE pour un commerce plus durable. - Altavia\" \/>\n<meta property=\"og:description\" content=\"Aujourd\u2019hui, partons \u00e0 la rencontre du Collectif G\u00e9n\u00e9ration Responsable, qui aide plus de 50 000 commerces en France \u00e0 d\u00e9ployer leur politique RSE.\" \/>\n<meta property=\"og:url\" content=\"https:\/\/altavia-group.com\/fr\/news\/collectif-generation-responsable-les-pratiques-rse-pour-un-commerce-plus-durable\/\" \/>\n<meta property=\"og:site_name\" content=\"Altavia\" \/>\n<meta property=\"article:modified_time\" content=\"2026-02-09T12:19:13+00:00\" \/>\n<meta property=\"og:image\" content=\"https:\/\/altavia-group.com\/wp-content\/uploads\/2026\/02\/224665225_m-1.jpg\" \/>\n\t<meta property=\"og:image:width\" content=\"1\" \/>\n\t<meta property=\"og:image:height\" content=\"1\" \/>\n\t<meta property=\"og:image:type\" content=\"image\/jpeg\" \/>\n<meta name=\"twitter:card\" content=\"summary_large_image\" \/>\n<meta name=\"twitter:label1\" content=\"Est. reading time\" \/>\n\t<meta name=\"twitter:data1\" content=\"5 minutes\" \/>\n<script type=\"application\/ld+json\" class=\"yoast-schema-graph\">{\"@context\":\"https:\\\/\\\/schema.org\",\"@graph\":[{\"@type\":\"WebPage\",\"@id\":\"https:\\\/\\\/altavia-group.com\\\/fr\\\/news\\\/collectif-generation-responsable-les-pratiques-rse-pour-un-commerce-plus-durable\\\/\",\"url\":\"https:\\\/\\\/altavia-group.com\\\/fr\\\/news\\\/collectif-generation-responsable-les-pratiques-rse-pour-un-commerce-plus-durable\\\/\",\"name\":\"Collectif G\u00e9n\u00e9ration Responsable : Les pratiques RSE pour un commerce plus durable. - Altavia\",\"isPartOf\":{\"@id\":\"https:\\\/\\\/altavia-group.com\\\/#website\"},\"primaryImageOfPage\":{\"@id\":\"https:\\\/\\\/altavia-group.com\\\/fr\\\/news\\\/collectif-generation-responsable-les-pratiques-rse-pour-un-commerce-plus-durable\\\/#primaryimage\"},\"image\":{\"@id\":\"https:\\\/\\\/altavia-group.com\\\/fr\\\/news\\\/collectif-generation-responsable-les-pratiques-rse-pour-un-commerce-plus-durable\\\/#primaryimage\"},\"thumbnailUrl\":\"https:\\\/\\\/altavia-group.com\\\/wp-content\\\/uploads\\\/2026\\\/02\\\/224665225_m-1.jpg\",\"datePublished\":\"2024-07-08T09:54:10+00:00\",\"dateModified\":\"2026-02-09T12:19:13+00:00\",\"breadcrumb\":{\"@id\":\"https:\\\/\\\/altavia-group.com\\\/fr\\\/news\\\/collectif-generation-responsable-les-pratiques-rse-pour-un-commerce-plus-durable\\\/#breadcrumb\"},\"inLanguage\":\"fr-FR\",\"potentialAction\":[{\"@type\":\"ReadAction\",\"target\":[\"https:\\\/\\\/altavia-group.com\\\/fr\\\/news\\\/collectif-generation-responsable-les-pratiques-rse-pour-un-commerce-plus-durable\\\/\"]}]},{\"@type\":\"ImageObject\",\"inLanguage\":\"fr-FR\",\"@id\":\"https:\\\/\\\/altavia-group.com\\\/fr\\\/news\\\/collectif-generation-responsable-les-pratiques-rse-pour-un-commerce-plus-durable\\\/#primaryimage\",\"url\":\"https:\\\/\\\/altavia-group.com\\\/wp-content\\\/uploads\\\/2026\\\/02\\\/224665225_m-1.jpg\",\"contentUrl\":\"https:\\\/\\\/altavia-group.com\\\/wp-content\\\/uploads\\\/2026\\\/02\\\/224665225_m-1.jpg\",\"caption\":\"Small Tree Growing Out of Ground, Natures Resilience in Action\"},{\"@type\":\"BreadcrumbList\",\"@id\":\"https:\\\/\\\/altavia-group.com\\\/fr\\\/news\\\/collectif-generation-responsable-les-pratiques-rse-pour-un-commerce-plus-durable\\\/#breadcrumb\",\"itemListElement\":[{\"@type\":\"ListItem\",\"position\":1,\"name\":\"Home\",\"item\":\"https:\\\/\\\/altavia-group.com\\\/fr\\\/\"},{\"@type\":\"ListItem\",\"position\":2,\"name\":\"News\",\"item\":\"https:\\\/\\\/altavia-group.com\\\/fr\\\/news\\\/\"},{\"@type\":\"ListItem\",\"position\":3,\"name\":\"Collectif G\u00e9n\u00e9ration Responsable : Les pratiques RSE pour un commerce plus durable.\"}]},{\"@type\":\"WebSite\",\"@id\":\"https:\\\/\\\/altavia-group.com\\\/#website\",\"url\":\"https:\\\/\\\/altavia-group.com\\\/\",\"name\":\"Altavia\",\"description\":\"Let\u2019s unlock our imagination.\",\"publisher\":{\"@id\":\"https:\\\/\\\/altavia-group.com\\\/#organization\"},\"potentialAction\":[{\"@type\":\"SearchAction\",\"target\":{\"@type\":\"EntryPoint\",\"urlTemplate\":\"https:\\\/\\\/altavia-group.com\\\/?s={search_term_string}\"},\"query-input\":{\"@type\":\"PropertyValueSpecification\",\"valueRequired\":true,\"valueName\":\"search_term_string\"}}],\"inLanguage\":\"fr-FR\"},{\"@type\":\"Organization\",\"@id\":\"https:\\\/\\\/altavia-group.com\\\/#organization\",\"name\":\"Altavia\",\"url\":\"https:\\\/\\\/altavia-group.com\\\/\",\"logo\":{\"@type\":\"ImageObject\",\"inLanguage\":\"fr-FR\",\"@id\":\"https:\\\/\\\/altavia-group.com\\\/#\\\/schema\\\/logo\\\/image\\\/\",\"url\":\"http:\\\/\\\/altavia-group.com\\\/wp-content\\\/uploads\\\/2024\\\/12\\\/cropped-favicon-altavia.png\",\"contentUrl\":\"http:\\\/\\\/altavia-group.com\\\/wp-content\\\/uploads\\\/2024\\\/12\\\/cropped-favicon-altavia.png\",\"width\":512,\"height\":512,\"caption\":\"Altavia\"},\"image\":{\"@id\":\"https:\\\/\\\/altavia-group.com\\\/#\\\/schema\\\/logo\\\/image\\\/\"}}]}<\/script>\n<!-- \/ Yoast SEO plugin. -->","yoast_head_json":{"title":"Collectif G\u00e9n\u00e9ration Responsable : Les pratiques RSE pour un commerce plus durable. - Altavia","robots":{"index":"index","follow":"follow","max-snippet":"max-snippet:-1","max-image-preview":"max-image-preview:large","max-video-preview":"max-video-preview:-1"},"og_locale":"fr_FR","og_type":"article","og_title":"Collectif G\u00e9n\u00e9ration Responsable : Les pratiques RSE pour un commerce plus durable. - Altavia","og_description":"Aujourd\u2019hui, partons \u00e0 la rencontre du Collectif G\u00e9n\u00e9ration Responsable, qui aide plus de 50 000 commerces en France \u00e0 d\u00e9ployer leur politique RSE.","og_url":"https:\/\/altavia-group.com\/fr\/news\/collectif-generation-responsable-les-pratiques-rse-pour-un-commerce-plus-durable\/","og_site_name":"Altavia","article_modified_time":"2026-02-09T12:19:13+00:00","og_image":[{"url":"https:\/\/altavia-group.com\/wp-content\/uploads\/2026\/02\/224665225_m-1.jpg","width":1,"height":1,"type":"image\/jpeg"}],"twitter_card":"summary_large_image","twitter_misc":{"Est. reading time":"5 minutes"},"schema":{"@context":"https:\/\/schema.org","@graph":[{"@type":"WebPage","@id":"https:\/\/altavia-group.com\/fr\/news\/collectif-generation-responsable-les-pratiques-rse-pour-un-commerce-plus-durable\/","url":"https:\/\/altavia-group.com\/fr\/news\/collectif-generation-responsable-les-pratiques-rse-pour-un-commerce-plus-durable\/","name":"Collectif G\u00e9n\u00e9ration Responsable : Les pratiques RSE pour un commerce plus durable. - Altavia","isPartOf":{"@id":"https:\/\/altavia-group.com\/#website"},"primaryImageOfPage":{"@id":"https:\/\/altavia-group.com\/fr\/news\/collectif-generation-responsable-les-pratiques-rse-pour-un-commerce-plus-durable\/#primaryimage"},"image":{"@id":"https:\/\/altavia-group.com\/fr\/news\/collectif-generation-responsable-les-pratiques-rse-pour-un-commerce-plus-durable\/#primaryimage"},"thumbnailUrl":"https:\/\/altavia-group.com\/wp-content\/uploads\/2026\/02\/224665225_m-1.jpg","datePublished":"2024-07-08T09:54:10+00:00","dateModified":"2026-02-09T12:19:13+00:00","breadcrumb":{"@id":"https:\/\/altavia-group.com\/fr\/news\/collectif-generation-responsable-les-pratiques-rse-pour-un-commerce-plus-durable\/#breadcrumb"},"inLanguage":"fr-FR","potentialAction":[{"@type":"ReadAction","target":["https:\/\/altavia-group.com\/fr\/news\/collectif-generation-responsable-les-pratiques-rse-pour-un-commerce-plus-durable\/"]}]},{"@type":"ImageObject","inLanguage":"fr-FR","@id":"https:\/\/altavia-group.com\/fr\/news\/collectif-generation-responsable-les-pratiques-rse-pour-un-commerce-plus-durable\/#primaryimage","url":"https:\/\/altavia-group.com\/wp-content\/uploads\/2026\/02\/224665225_m-1.jpg","contentUrl":"https:\/\/altavia-group.com\/wp-content\/uploads\/2026\/02\/224665225_m-1.jpg","caption":"Small Tree Growing Out of Ground, Natures Resilience in Action"},{"@type":"BreadcrumbList","@id":"https:\/\/altavia-group.com\/fr\/news\/collectif-generation-responsable-les-pratiques-rse-pour-un-commerce-plus-durable\/#breadcrumb","itemListElement":[{"@type":"ListItem","position":1,"name":"Home","item":"https:\/\/altavia-group.com\/fr\/"},{"@type":"ListItem","position":2,"name":"News","item":"https:\/\/altavia-group.com\/fr\/news\/"},{"@type":"ListItem","position":3,"name":"Collectif G\u00e9n\u00e9ration Responsable : Les pratiques RSE pour un commerce plus durable."}]},{"@type":"WebSite","@id":"https:\/\/altavia-group.com\/#website","url":"https:\/\/altavia-group.com\/","name":"Altavia","description":"Let\u2019s unlock our imagination.","publisher":{"@id":"https:\/\/altavia-group.com\/#organization"},"potentialAction":[{"@type":"SearchAction","target":{"@type":"EntryPoint","urlTemplate":"https:\/\/altavia-group.com\/?s={search_term_string}"},"query-input":{"@type":"PropertyValueSpecification","valueRequired":true,"valueName":"search_term_string"}}],"inLanguage":"fr-FR"},{"@type":"Organization","@id":"https:\/\/altavia-group.com\/#organization","name":"Altavia","url":"https:\/\/altavia-group.com\/","logo":{"@type":"ImageObject","inLanguage":"fr-FR","@id":"https:\/\/altavia-group.com\/#\/schema\/logo\/image\/","url":"http:\/\/altavia-group.com\/wp-content\/uploads\/2024\/12\/cropped-favicon-altavia.png","contentUrl":"http:\/\/altavia-group.com\/wp-content\/uploads\/2024\/12\/cropped-favicon-altavia.png","width":512,"height":512,"caption":"Altavia"},"image":{"@id":"https:\/\/altavia-group.com\/#\/schema\/logo\/image\/"}}]}},"_links":{"self":[{"href":"https:\/\/altavia-group.com\/fr\/wp-json\/wp\/v2\/news\/7928","targetHints":{"allow":["GET"]}}],"collection":[{"href":"https:\/\/altavia-group.com\/fr\/wp-json\/wp\/v2\/news"}],"about":[{"href":"https:\/\/altavia-group.com\/fr\/wp-json\/wp\/v2\/types\/news"}],"author":[{"embeddable":true,"href":"https:\/\/altavia-group.com\/fr\/wp-json\/wp\/v2\/users\/17"}],"replies":[{"embeddable":true,"href":"https:\/\/altavia-group.com\/fr\/wp-json\/wp\/v2\/comments?post=7928"}],"version-history":[{"count":0,"href":"https:\/\/altavia-group.com\/fr\/wp-json\/wp\/v2\/news\/7928\/revisions"}],"wp:featuredmedia":[{"embeddable":true,"href":"https:\/\/altavia-group.com\/fr\/wp-json\/wp\/v2\/media\/7929"}],"wp:attachment":[{"href":"https:\/\/altavia-group.com\/fr\/wp-json\/wp\/v2\/media?parent=7928"}],"wp:term":[{"taxonomy":"category","embeddable":true,"href":"https:\/\/altavia-group.com\/fr\/wp-json\/wp\/v2\/categories?post=7928"},{"taxonomy":"post_tag","embeddable":true,"href":"https:\/\/altavia-group.com\/fr\/wp-json\/wp\/v2\/tags?post=7928"},{"taxonomy":"news-type-taxonomy","embeddable":true,"href":"https:\/\/altavia-group.com\/fr\/wp-json\/wp\/v2\/news-type-taxonomy?post=7928"},{"taxonomy":"news-topic-taxonomy","embeddable":true,"href":"https:\/\/altavia-group.com\/fr\/wp-json\/wp\/v2\/news-topic-taxonomy?post=7928"}],"curies":[{"name":"wp","href":"https:\/\/api.w.org\/{rel}","templated":true}]}}