{"id":4054,"date":"2019-02-12T17:18:00","date_gmt":"2019-02-12T16:18:00","guid":{"rendered":"https:\/\/altavia-group.com\/?post_type=news&#038;p=4054"},"modified":"2025-03-14T17:20:41","modified_gmt":"2025-03-14T16:20:41","slug":"altavia-aura-poursuit-sa-transformation-ludovic-noel-est-nomme-directeur-general","status":"publish","type":"news","link":"https:\/\/altavia-group.com\/fr\/news\/altavia-aura-poursuit-sa-transformation-ludovic-noel-est-nomme-directeur-general\/","title":{"rendered":"Altavia AURA poursuit sa transformation : Ludovic No\u00ebl est nomm\u00e9 Directeur G\u00e9n\u00e9ral"},"content":{"rendered":"<div id=\"block_51779dc5cd095f8c6bf8194794c8b8e3\" class=\"block-textminor\">\n    <div class=\"row\">\n              <div class=\"col-lg-10 col-12\">\n        <div class=\"block-textminor-main\">\n                                      <div class=\"block-textminor-text\">\n                  <p>Suite au rapprochement op\u00e9r\u00e9 avec l\u2019agence digitale JetPulp en 2017, Altavia AURA poursuit sa dynamique de transformation et de d\u00e9cloisonnement de ses offres et savoir-faire et accueille un nouveau Directeur G\u00e9n\u00e9ral : Ludovic NO\u00cbL. Celui-ci succ\u00e8de au bin\u00f4me constitu\u00e9 jusqu\u2019\u00e0 pr\u00e9sent par Pierre ARTRU et Luc ROMANO, qui pilotaient ensemble le d\u00e9veloppement des deux agences suite \u00e0 leur rapprochement. Cette nomination s\u2019inscrit dans le prolongement du plan de transformation, lanc\u00e9 en 2017, et qui a permis \u00e0 Altavia AURA de cr\u00e9er une nouvelle organisation offrant une proposition de valeur unique sur son march\u00e9.<\/p>\n              <\/div>\n            \n                    <\/div>\n      <\/div>\n  <\/div>\n<\/div>\n\n\n\n<figure class=\"wp-block-image aligncenter size-full is-resized\"><img decoding=\"async\" width=\"768\" height=\"769\" loading=\"lazy\" src=\"http:\/\/altavia-group.com\/wp-content\/uploads\/2025\/03\/Ludovic-Noel-768x769-1.jpg\" alt=\"\" class=\"wp-image-4058\" style=\"width:456px;height:auto\" srcset=\"https:\/\/altavia-group.com\/wp-content\/uploads\/2025\/03\/Ludovic-Noel-768x769-1.jpg 768w, https:\/\/altavia-group.com\/wp-content\/uploads\/2025\/03\/Ludovic-Noel-768x769-1-300x300.jpg 300w, https:\/\/altavia-group.com\/wp-content\/uploads\/2025\/03\/Ludovic-Noel-768x769-1-150x150.jpg 150w, https:\/\/altavia-group.com\/wp-content\/uploads\/2025\/03\/Ludovic-Noel-768x769-1-720x720.jpg 720w, https:\/\/altavia-group.com\/wp-content\/uploads\/2025\/03\/Ludovic-Noel-768x769-1-40x40.jpg 40w, https:\/\/altavia-group.com\/wp-content\/uploads\/2025\/03\/Ludovic-Noel-768x769-1-400x400.jpg 400w, https:\/\/altavia-group.com\/wp-content\/uploads\/2025\/03\/Ludovic-Noel-768x769-1-600x600.jpg 600w\" sizes=\"auto, (max-width: 768px) 100vw, 768px\" \/><figcaption class=\"wp-element-caption\">Ludovic No\u00ebl, nouveau Directeur G\u00e9n\u00e9ral d\u2019Altavia AURA<\/figcaption><\/figure>\n\n\n<div id=\"block_569e3a9f9e9cd25297643adcc92ba78f\" class=\"block-textminor\">\n    <div class=\"row\">\n              <div class=\"col-lg-10 col-12\">\n        <div class=\"block-textminor-main\">\n                                      <div class=\"block-textminor-text\">\n                  <p>Ludovic NO\u00cbL aura pour principale mission de poursuivre la dynamique initi\u00e9e par ses pr\u00e9d\u00e9cesseurs, de d\u00e9finir la nouvelle strat\u00e9gie de croissance de l\u2019agence et d\u2019en assurer le pilotage op\u00e9rationnel. Pour ce faire, il peut s\u2019appuyer sur le fort engagement des managers d\u2019Altavia AURA et de JetPulp \u00e0 ses c\u00f4t\u00e9s ainsi que sur une solide exp\u00e9rience professionnelle et une parfaite connaissance des acteurs \u00e9conomiques et institutionnels de la r\u00e9gion. Ludovic NO\u00cbL a notamment \u00e9t\u00e9 le cofondateur d\u2019Imaginove avant d\u2019occuper le poste de Directeur G\u00e9n\u00e9ral de la Cit\u00e9 du Design de Saint-\u00c9tienne. Au sein du groupe Altavia, il \u00e9tait pr\u00e9c\u00e9demment Directeur du D\u00e9veloppement du Capital Humain. Autant d\u2019exp\u00e9riences qui lui seront tr\u00e8s utiles pour mener \u00e0 bien sa nouvelle mission en f\u00e9d\u00e9rant les \u00e9quipes r\u00e9parties entre Lyon et Saint-Etienne, autour de la strat\u00e9gie de d\u00e9veloppement d\u2019Altavia AURA.<\/p>\n<p>De leurs c\u00f4t\u00e9s, apr\u00e8s avoir men\u00e9 \u00e0 bien leurs missions et positionn\u00e9 Altavia AURA comme l\u2019agence d\u2019activation commerciale incontournable de la r\u00e9gion Rh\u00f4ne-Alpes avec ses 145 collaborateurs, Pierre ARTRU et Luc ROMANO s\u2019orientent vers de nouveaux challenges. Apr\u00e8s avoir pilot\u00e9 Altavia Saint-\u00c9tienne puis Altavia AURA pendant dix ans, Pierre ARTRU se voit confier une mission strat\u00e9gique et internationale pour le groupe et ses offres de demain, portant notamment sur le pr\u00e9m\u00e9dia et l\u2019asset management.<\/p>\n<p>Pour sa part, Luc ROMANO va reprendre le chemin de la voie entrepreneuriale qui lui est ch\u00e8re et s\u2019impliquer dans la reprise et la restructuration d\u2019un groupe r\u00e9gional. Ce projet lui permettra de cr\u00e9er un nouveau champion de l\u2019industrie comme il a su notamment le faire avec JetPulp ces derni\u00e8res ann\u00e9es.<\/p>\n<p>Ludovic NO\u00cbL, Directeur g\u00e9n\u00e9ral d\u2019Altavia AURA pr\u00e9cise: \u00ab Je suis fier d\u2019aborder ce nouveau challenge et de poursuivre le travail de Pierre et de Luc, qui ont \u00e9t\u00e9 les artisans de la r\u00e9ussite du rapprochement entre Altavia Saint-\u00c9tienne et JetPulp. Nous b\u00e9n\u00e9ficions d\u00e9sormais d\u2019une offre unique couvrant l\u2019ensemble de la cha\u00eene de valeur de l\u2019activation commerciale : du conseil strat\u00e9gique \u00e0 l\u2019id\u00e9e cr\u00e9ative, audacieuse et diff\u00e9renciatrice jusqu\u2019\u00e0 la mise en \u0153uvre de dispositifs omnicanal efficients. Ce positionnement associ\u00e9 \u00e0 l\u2019expertise et l\u2019engagement de nos collaborateurs, nous permet de r\u00e9pondre efficacement aux attentes des grands retailers et des ETI r\u00e9gionales. \u00bb<\/p>\n              <\/div>\n            \n                    <\/div>\n      <\/div>\n  <\/div>\n<\/div>\n\n\n\n<p><\/p>\n","protected":false},"excerpt":{"rendered":"<p>Altavia AURA, l\u2019agence de communication commerciale du groupe Altavia en Auvergne-Rh\u00f4ne-Alpes, poursuit sa transformation. Ludovic NO\u00cbL est nomm\u00e9 Directeur G\u00e9n\u00e9ral.<\/p>\n","protected":false},"author":10,"featured_media":4055,"menu_order":0,"comment_status":"closed","ping_status":"closed","template":"","meta":{"_acf_changed":false,"color_menu":"","footer_color_background":"","featured_image_url":"","footnotes":""},"categories":[],"tags":[],"news-type-taxonomy":[136],"news-topic-taxonomy":[192],"class_list":["post-4054","news","type-news","status-publish","has-post-thumbnail","hentry"],"acf":[],"yoast_head":"<!-- This site is optimized with the Yoast SEO plugin v27.5 - https:\/\/yoast.com\/product\/yoast-seo-wordpress\/ -->\n<title>Altavia Aura - Ludovic No\u00ebl Nomm\u00e9 DG<\/title>\n<meta name=\"description\" content=\"Altavia Aura poursuit sa transformation strat\u00e9gique avec la nomination de Ludovic No\u00ebl en tant que Directeur G\u00e9n\u00e9ral du r\u00e9seau.\" \/>\n<meta name=\"robots\" content=\"index, follow, max-snippet:-1, max-image-preview:large, max-video-preview:-1\" \/>\n<meta property=\"og:locale\" content=\"fr_FR\" \/>\n<meta property=\"og:type\" content=\"article\" \/>\n<meta property=\"og:title\" content=\"Altavia Aura - Ludovic No\u00ebl Nomm\u00e9 DG\" \/>\n<meta property=\"og:description\" content=\"Altavia Aura poursuit sa transformation strat\u00e9gique avec la nomination de Ludovic No\u00ebl en tant que Directeur G\u00e9n\u00e9ral du r\u00e9seau.\" \/>\n<meta property=\"og:url\" content=\"https:\/\/altavia-group.com\/fr\/news\/altavia-aura-poursuit-sa-transformation-ludovic-noel-est-nomme-directeur-general\/\" \/>\n<meta property=\"og:site_name\" content=\"Altavia\" \/>\n<meta property=\"article:modified_time\" content=\"2025-03-14T16:20:41+00:00\" \/>\n<meta property=\"og:image\" content=\"https:\/\/altavia-group.com\/wp-content\/uploads\/2025\/03\/altavia-aura-1024x683-1.jpg\" \/>\n\t<meta property=\"og:image:width\" content=\"1024\" \/>\n\t<meta property=\"og:image:height\" content=\"683\" \/>\n\t<meta property=\"og:image:type\" content=\"image\/jpeg\" \/>\n<meta name=\"twitter:card\" content=\"summary_large_image\" \/>\n<meta name=\"twitter:label1\" content=\"Est. reading time\" \/>\n\t<meta name=\"twitter:data1\" content=\"1 minute\" \/>\n<script type=\"application\/ld+json\" class=\"yoast-schema-graph\">{\"@context\":\"https:\\\/\\\/schema.org\",\"@graph\":[{\"@type\":\"WebPage\",\"@id\":\"https:\\\/\\\/altavia-group.com\\\/fr\\\/news\\\/altavia-aura-poursuit-sa-transformation-ludovic-noel-est-nomme-directeur-general\\\/\",\"url\":\"https:\\\/\\\/altavia-group.com\\\/fr\\\/news\\\/altavia-aura-poursuit-sa-transformation-ludovic-noel-est-nomme-directeur-general\\\/\",\"name\":\"Altavia Aura - Ludovic No\u00ebl Nomm\u00e9 DG\",\"isPartOf\":{\"@id\":\"https:\\\/\\\/altavia-group.com\\\/#website\"},\"primaryImageOfPage\":{\"@id\":\"https:\\\/\\\/altavia-group.com\\\/fr\\\/news\\\/altavia-aura-poursuit-sa-transformation-ludovic-noel-est-nomme-directeur-general\\\/#primaryimage\"},\"image\":{\"@id\":\"https:\\\/\\\/altavia-group.com\\\/fr\\\/news\\\/altavia-aura-poursuit-sa-transformation-ludovic-noel-est-nomme-directeur-general\\\/#primaryimage\"},\"thumbnailUrl\":\"https:\\\/\\\/altavia-group.com\\\/wp-content\\\/uploads\\\/2025\\\/03\\\/altavia-aura-1024x683-1.jpg\",\"datePublished\":\"2019-02-12T16:18:00+00:00\",\"dateModified\":\"2025-03-14T16:20:41+00:00\",\"description\":\"Altavia Aura poursuit sa transformation strat\u00e9gique avec la nomination de Ludovic No\u00ebl en tant que Directeur G\u00e9n\u00e9ral du r\u00e9seau.\",\"breadcrumb\":{\"@id\":\"https:\\\/\\\/altavia-group.com\\\/fr\\\/news\\\/altavia-aura-poursuit-sa-transformation-ludovic-noel-est-nomme-directeur-general\\\/#breadcrumb\"},\"inLanguage\":\"fr-FR\",\"potentialAction\":[{\"@type\":\"ReadAction\",\"target\":[\"https:\\\/\\\/altavia-group.com\\\/fr\\\/news\\\/altavia-aura-poursuit-sa-transformation-ludovic-noel-est-nomme-directeur-general\\\/\"]}]},{\"@type\":\"ImageObject\",\"inLanguage\":\"fr-FR\",\"@id\":\"https:\\\/\\\/altavia-group.com\\\/fr\\\/news\\\/altavia-aura-poursuit-sa-transformation-ludovic-noel-est-nomme-directeur-general\\\/#primaryimage\",\"url\":\"https:\\\/\\\/altavia-group.com\\\/wp-content\\\/uploads\\\/2025\\\/03\\\/altavia-aura-1024x683-1.jpg\",\"contentUrl\":\"https:\\\/\\\/altavia-group.com\\\/wp-content\\\/uploads\\\/2025\\\/03\\\/altavia-aura-1024x683-1.jpg\",\"width\":1024,\"height\":683},{\"@type\":\"BreadcrumbList\",\"@id\":\"https:\\\/\\\/altavia-group.com\\\/fr\\\/news\\\/altavia-aura-poursuit-sa-transformation-ludovic-noel-est-nomme-directeur-general\\\/#breadcrumb\",\"itemListElement\":[{\"@type\":\"ListItem\",\"position\":1,\"name\":\"Home\",\"item\":\"https:\\\/\\\/altavia-group.com\\\/fr\\\/\"},{\"@type\":\"ListItem\",\"position\":2,\"name\":\"News\",\"item\":\"https:\\\/\\\/altavia-group.com\\\/fr\\\/news\\\/\"},{\"@type\":\"ListItem\",\"position\":3,\"name\":\"Altavia AURA poursuit sa transformation : Ludovic No\u00ebl est nomm\u00e9 Directeur G\u00e9n\u00e9ral\"}]},{\"@type\":\"WebSite\",\"@id\":\"https:\\\/\\\/altavia-group.com\\\/#website\",\"url\":\"https:\\\/\\\/altavia-group.com\\\/\",\"name\":\"Altavia\",\"description\":\"Let\u2019s unlock our imagination.\",\"publisher\":{\"@id\":\"https:\\\/\\\/altavia-group.com\\\/#organization\"},\"potentialAction\":[{\"@type\":\"SearchAction\",\"target\":{\"@type\":\"EntryPoint\",\"urlTemplate\":\"https:\\\/\\\/altavia-group.com\\\/?s={search_term_string}\"},\"query-input\":{\"@type\":\"PropertyValueSpecification\",\"valueRequired\":true,\"valueName\":\"search_term_string\"}}],\"inLanguage\":\"fr-FR\"},{\"@type\":\"Organization\",\"@id\":\"https:\\\/\\\/altavia-group.com\\\/#organization\",\"name\":\"Altavia\",\"url\":\"https:\\\/\\\/altavia-group.com\\\/\",\"logo\":{\"@type\":\"ImageObject\",\"inLanguage\":\"fr-FR\",\"@id\":\"https:\\\/\\\/altavia-group.com\\\/#\\\/schema\\\/logo\\\/image\\\/\",\"url\":\"http:\\\/\\\/altavia-group.com\\\/wp-content\\\/uploads\\\/2024\\\/12\\\/cropped-favicon-altavia.png\",\"contentUrl\":\"http:\\\/\\\/altavia-group.com\\\/wp-content\\\/uploads\\\/2024\\\/12\\\/cropped-favicon-altavia.png\",\"width\":512,\"height\":512,\"caption\":\"Altavia\"},\"image\":{\"@id\":\"https:\\\/\\\/altavia-group.com\\\/#\\\/schema\\\/logo\\\/image\\\/\"}}]}<\/script>\n<!-- \/ Yoast SEO plugin. -->","yoast_head_json":{"title":"Altavia Aura - Ludovic No\u00ebl Nomm\u00e9 DG","description":"Altavia Aura poursuit sa transformation strat\u00e9gique avec la nomination de Ludovic No\u00ebl en tant que Directeur G\u00e9n\u00e9ral du r\u00e9seau.","robots":{"index":"index","follow":"follow","max-snippet":"max-snippet:-1","max-image-preview":"max-image-preview:large","max-video-preview":"max-video-preview:-1"},"og_locale":"fr_FR","og_type":"article","og_title":"Altavia Aura - Ludovic No\u00ebl Nomm\u00e9 DG","og_description":"Altavia Aura poursuit sa transformation strat\u00e9gique avec la nomination de Ludovic No\u00ebl en tant que Directeur G\u00e9n\u00e9ral du r\u00e9seau.","og_url":"https:\/\/altavia-group.com\/fr\/news\/altavia-aura-poursuit-sa-transformation-ludovic-noel-est-nomme-directeur-general\/","og_site_name":"Altavia","article_modified_time":"2025-03-14T16:20:41+00:00","og_image":[{"width":1024,"height":683,"url":"https:\/\/altavia-group.com\/wp-content\/uploads\/2025\/03\/altavia-aura-1024x683-1.jpg","type":"image\/jpeg"}],"twitter_card":"summary_large_image","twitter_misc":{"Est. reading time":"1 minute"},"schema":{"@context":"https:\/\/schema.org","@graph":[{"@type":"WebPage","@id":"https:\/\/altavia-group.com\/fr\/news\/altavia-aura-poursuit-sa-transformation-ludovic-noel-est-nomme-directeur-general\/","url":"https:\/\/altavia-group.com\/fr\/news\/altavia-aura-poursuit-sa-transformation-ludovic-noel-est-nomme-directeur-general\/","name":"Altavia Aura - Ludovic No\u00ebl Nomm\u00e9 DG","isPartOf":{"@id":"https:\/\/altavia-group.com\/#website"},"primaryImageOfPage":{"@id":"https:\/\/altavia-group.com\/fr\/news\/altavia-aura-poursuit-sa-transformation-ludovic-noel-est-nomme-directeur-general\/#primaryimage"},"image":{"@id":"https:\/\/altavia-group.com\/fr\/news\/altavia-aura-poursuit-sa-transformation-ludovic-noel-est-nomme-directeur-general\/#primaryimage"},"thumbnailUrl":"https:\/\/altavia-group.com\/wp-content\/uploads\/2025\/03\/altavia-aura-1024x683-1.jpg","datePublished":"2019-02-12T16:18:00+00:00","dateModified":"2025-03-14T16:20:41+00:00","description":"Altavia Aura poursuit sa transformation strat\u00e9gique avec la nomination de Ludovic No\u00ebl en tant que Directeur G\u00e9n\u00e9ral du r\u00e9seau.","breadcrumb":{"@id":"https:\/\/altavia-group.com\/fr\/news\/altavia-aura-poursuit-sa-transformation-ludovic-noel-est-nomme-directeur-general\/#breadcrumb"},"inLanguage":"fr-FR","potentialAction":[{"@type":"ReadAction","target":["https:\/\/altavia-group.com\/fr\/news\/altavia-aura-poursuit-sa-transformation-ludovic-noel-est-nomme-directeur-general\/"]}]},{"@type":"ImageObject","inLanguage":"fr-FR","@id":"https:\/\/altavia-group.com\/fr\/news\/altavia-aura-poursuit-sa-transformation-ludovic-noel-est-nomme-directeur-general\/#primaryimage","url":"https:\/\/altavia-group.com\/wp-content\/uploads\/2025\/03\/altavia-aura-1024x683-1.jpg","contentUrl":"https:\/\/altavia-group.com\/wp-content\/uploads\/2025\/03\/altavia-aura-1024x683-1.jpg","width":1024,"height":683},{"@type":"BreadcrumbList","@id":"https:\/\/altavia-group.com\/fr\/news\/altavia-aura-poursuit-sa-transformation-ludovic-noel-est-nomme-directeur-general\/#breadcrumb","itemListElement":[{"@type":"ListItem","position":1,"name":"Home","item":"https:\/\/altavia-group.com\/fr\/"},{"@type":"ListItem","position":2,"name":"News","item":"https:\/\/altavia-group.com\/fr\/news\/"},{"@type":"ListItem","position":3,"name":"Altavia AURA poursuit sa transformation : Ludovic No\u00ebl est nomm\u00e9 Directeur G\u00e9n\u00e9ral"}]},{"@type":"WebSite","@id":"https:\/\/altavia-group.com\/#website","url":"https:\/\/altavia-group.com\/","name":"Altavia","description":"Let\u2019s unlock our imagination.","publisher":{"@id":"https:\/\/altavia-group.com\/#organization"},"potentialAction":[{"@type":"SearchAction","target":{"@type":"EntryPoint","urlTemplate":"https:\/\/altavia-group.com\/?s={search_term_string}"},"query-input":{"@type":"PropertyValueSpecification","valueRequired":true,"valueName":"search_term_string"}}],"inLanguage":"fr-FR"},{"@type":"Organization","@id":"https:\/\/altavia-group.com\/#organization","name":"Altavia","url":"https:\/\/altavia-group.com\/","logo":{"@type":"ImageObject","inLanguage":"fr-FR","@id":"https:\/\/altavia-group.com\/#\/schema\/logo\/image\/","url":"http:\/\/altavia-group.com\/wp-content\/uploads\/2024\/12\/cropped-favicon-altavia.png","contentUrl":"http:\/\/altavia-group.com\/wp-content\/uploads\/2024\/12\/cropped-favicon-altavia.png","width":512,"height":512,"caption":"Altavia"},"image":{"@id":"https:\/\/altavia-group.com\/#\/schema\/logo\/image\/"}}]}},"_links":{"self":[{"href":"https:\/\/altavia-group.com\/fr\/wp-json\/wp\/v2\/news\/4054","targetHints":{"allow":["GET"]}}],"collection":[{"href":"https:\/\/altavia-group.com\/fr\/wp-json\/wp\/v2\/news"}],"about":[{"href":"https:\/\/altavia-group.com\/fr\/wp-json\/wp\/v2\/types\/news"}],"author":[{"embeddable":true,"href":"https:\/\/altavia-group.com\/fr\/wp-json\/wp\/v2\/users\/10"}],"replies":[{"embeddable":true,"href":"https:\/\/altavia-group.com\/fr\/wp-json\/wp\/v2\/comments?post=4054"}],"version-history":[{"count":0,"href":"https:\/\/altavia-group.com\/fr\/wp-json\/wp\/v2\/news\/4054\/revisions"}],"wp:featuredmedia":[{"embeddable":true,"href":"https:\/\/altavia-group.com\/fr\/wp-json\/wp\/v2\/media\/4055"}],"wp:attachment":[{"href":"https:\/\/altavia-group.com\/fr\/wp-json\/wp\/v2\/media?parent=4054"}],"wp:term":[{"taxonomy":"category","embeddable":true,"href":"https:\/\/altavia-group.com\/fr\/wp-json\/wp\/v2\/categories?post=4054"},{"taxonomy":"post_tag","embeddable":true,"href":"https:\/\/altavia-group.com\/fr\/wp-json\/wp\/v2\/tags?post=4054"},{"taxonomy":"news-type-taxonomy","embeddable":true,"href":"https:\/\/altavia-group.com\/fr\/wp-json\/wp\/v2\/news-type-taxonomy?post=4054"},{"taxonomy":"news-topic-taxonomy","embeddable":true,"href":"https:\/\/altavia-group.com\/fr\/wp-json\/wp\/v2\/news-topic-taxonomy?post=4054"}],"curies":[{"name":"wp","href":"https:\/\/api.w.org\/{rel}","templated":true}]}}