{"id":4189,"date":"2021-01-06T16:44:00","date_gmt":"2021-01-06T15:44:00","guid":{"rendered":"https:\/\/altavia-group.com\/news\/retail-an-uplifting-dynamic-of-solidarity-during-the-pandemic\/"},"modified":"2025-03-15T18:49:00","modified_gmt":"2025-03-15T17:49:00","slug":"retail-une-belle-dynamique-de-solidarite-pendant-la-pandemie","status":"publish","type":"news","link":"https:\/\/altavia-group.com\/fr\/news\/retail-une-belle-dynamique-de-solidarite-pendant-la-pandemie\/","title":{"rendered":"Retail : une belle dynamique de solidarit\u00e9 pendant la pand\u00e9mie"},"content":{"rendered":"\n<figure class=\"wp-block-image aligncenter size-full\"><img decoding=\"async\" width=\"1024\" height=\"683\" loading=\"lazy\" src=\"http:\/\/altavia-group.com\/wp-content\/uploads\/2025\/03\/Retail-une-belle-dynamique-de-solidarite-pendant-la-pandemie-1024x683-1.jpg\" alt=\"\" class=\"wp-image-2685\" srcset=\"https:\/\/altavia-group.com\/wp-content\/uploads\/2025\/03\/Retail-une-belle-dynamique-de-solidarite-pendant-la-pandemie-1024x683-1.jpg 1024w, https:\/\/altavia-group.com\/wp-content\/uploads\/2025\/03\/Retail-une-belle-dynamique-de-solidarite-pendant-la-pandemie-1024x683-1-300x200.jpg 300w, https:\/\/altavia-group.com\/wp-content\/uploads\/2025\/03\/Retail-une-belle-dynamique-de-solidarite-pendant-la-pandemie-1024x683-1-768x512.jpg 768w\" sizes=\"auto, (max-width: 1024px) 100vw, 1024px\" \/><\/figure>\n\n\n<div id=\"block_110decb39ee8b3545d69a73f538d37a0\" class=\"block-textminor\">\n    <div class=\"row\">\n              <div class=\"col-lg-10 col-12\">\n        <div class=\"block-textminor-main\">\n                                      <div class=\"block-textminor-text\">\n                  <p>Si les magasins ont connu des semaines et des semaines de fermeture, derri\u00e8re les rideaux baiss\u00e9s, beaucoup de monde s\u2019activait. Les acteurs du commerce s\u2019organisaient pour accueillir les contraintes sanitaires, limiter les cons\u00e9quences \u00e9conomiques mais aussi s\u2019inscrire dans l\u2019effort national pour lutter contre la crise et trouver des solutions pour aider les plus touch\u00e9s. De nombreuses actions solidaires ont fleuri dans le monde pour venir en aide aux personnels soignants en manque de masques et de gel hydroalcoolique, aux petits commerces non essentiels coup\u00e9s de leurs clients, aux clients confin\u00e9s, aux femmes isol\u00e9es victimes de violence\u2026 Des liens ont \u00e9t\u00e9 tiss\u00e9s, des associations ont vu le jour, pour traverser, unis, cette \u00e9preuve in\u00e9dite.<\/p>\n              <\/div>\n            \n                    <\/div>\n      <\/div>\n  <\/div>\n<\/div>\n\n\n<div id=\"block_14c5c3490cc29c6df99716c3de22a5c2\" class=\"block-textminor\">\n    <div class=\"row\">\n              <div class=\"col-lg-10 col-12\">\n        <div class=\"block-textminor-main\">\n                          <h2 class=\"block-textminor-title h3\">\n                  Des enseignes solidaires pour soutenir l\u2019effort national              <\/h2>\n                                      <div class=\"block-textminor-text\">\n                  <p>Suite aux demandes de personnels soignants, m\u00e9decins et pharmaciens de la ville de Romans, la marque de Jeans et Chaussures 1083 a r\u00e9organis\u00e9 son atelier de confection pour le d\u00e9dier \u00e0 la production de masques de protection.<\/p>\n<p>De son c\u00f4t\u00e9, S\u00e9bastien Bazin, PDG du groupe Accor, annon\u00e7ait le 16 avril, que 300 h\u00f4tels volontaires franciliens seraient mis \u00e0 disposition des personnes contamin\u00e9es par le coronavirus, \u00e0 prix coutant, soit entre 30 et 50 euros la nuit.<\/p>\n<p>Quant au p\u00e9trolier fran\u00e7ais Total, ce ne sont pas moins de 50 millions de bons d\u2019essence qu\u2019il a d\u00e9cid\u00e9 d\u2019offrir aux m\u00e9decins, praticiens hospitaliers, infirmiers, sages-femmes ou encore ambulanciers. Une initiative renforc\u00e9e par un don de 5 millions d\u2019euros pour l\u2019Institut Pasteur et les associations hospitali\u00e8res qui luttent activement contre la pand\u00e9mie.<\/p>\n<p>Un autre don a \u00e9t\u00e9 remarqu\u00e9 durant le premier confinement : celui de la soci\u00e9t\u00e9 Pernod Ricard qui donn\u00e9 70 000 litres d\u2019alcool pur au laboratoire Cooper afin de fabriquer du gel hydro alcoolique. Ce dernier s\u2019est par ailleurs engag\u00e9 \u00e0 reverser l\u2019\u00e9quivalent du don \u00e0 des associations en lien avec le secteur de la sant\u00e9.<\/p>\n<p>Le groupe LVMH a \u00e9galement particip\u00e9 \u00e0 la production de gel hydroalcoolique en reconvertissant trois de ses sites de production fran\u00e7ais habituellement d\u00e9di\u00e9s \u00e0 ses parfums et cosm\u00e9tiques.<\/p>\n<p>D\u00e9cathlon a pour sa part bloqu\u00e9 la vente de son masque de plong\u00e9e Easybreath d\u00e8s l\u2019annonce des tests concluants pour le transformer\u2026 en respirateur !<\/p>\n              <\/div>\n            \n                    <\/div>\n      <\/div>\n  <\/div>\n<\/div>\n\n\n<div id=\"block_60e5a685acbc9938ea58ccc9a383ce08\" class=\"block-textminor\">\n    <div class=\"row\">\n              <div class=\"col-lg-10 col-12\">\n        <div class=\"block-textminor-main\">\n                          <h2 class=\"block-textminor-title h3\">\n                  Des initiatives pour soutenir les petits commerces non essentiels              <\/h2>\n                                      <div class=\"block-textminor-text\">\n                  <p>\u00ab L\u00e8ve ton verre pour les bars du Qu\u00e9bec ! \u00bb. C\u2019est le nom de l\u2019initiative lanc\u00e9e par l\u2019entreprise canadienne Molson pour soutenir tous les restaurants, bars, h\u00f4tels, parmi les quelque 2400 \u00e9tablissements et clients commerciaux de la marque. Le principe : chaque Qu\u00e9b\u00e9cois qui a lev\u00e9 son verre de bi\u00e8re en vid\u00e9oconf\u00e9rence, et en a partag\u00e9 une image sur ses r\u00e9seaux sociaux, a re\u00e7u une carte-cadeau de 25 $ \u00e0 d\u00e9penser dans son bar ou restaurant pr\u00e9f\u00e9r\u00e9.<\/p>\n<p>Et comment les trottinettes Bird se sont-elles associ\u00e9es aux commerces de proximit\u00e9 ? En d\u00e9veloppant une nouvelle fonctionnalit\u00e9, via son application, permettant aux utilisateurs de trouver facilement les restaurants qui font de la vente \u00e0 emporter ou de la livraison.<\/p>\n<p>Intermarch\u00e9 a quant \u00e0 lui lanc\u00e9 un drive solidaire, en partenariat avec l\u2019\u00e9diteur fran\u00e7ais de marketplace Mirakl, afin de permettre aux libraires de disposer d\u2019outils digitaux performants, gratuits et disponibles partout en France pour vendre leurs livres. Les frais ont \u00e9t\u00e9 pris en charge pendant 6 mois.<\/p>\n<p>D\u00e8s lundi 2 novembre, pour ne pas laisser \u00e0 quelques plateformes num\u00e9riques le monopole de la vente de certains produits, Auchan a d\u00e9cid\u00e9, avec l\u2019aide de ses partenaires Mondial Relay et Ceetrus, de mettre \u00e0 disposition de commer\u00e7ants ses hypermarch\u00e9s et ses points de retrait sans co\u00fbt suppl\u00e9mentaire.<\/p>\n<p>Et que dire du plan de solidarit\u00e9 europ\u00e9en lanc\u00e9 par L\u2019Or\u00e9al ? Les usines du Groupe, ont particip\u00e9 \u00e0 la fabrication de gel hydro-alcoolique. L\u2019Or\u00e9al a \u00e9galement gel\u00e9 l\u2019ensemble des cr\u00e9ances jusqu\u2019au red\u00e9marrage de l\u2019activit\u00e9 des TPE\/PME de ses circuits de distribution (salons de coiffure, petites parfumeries). Et la Fondation L\u2019Or\u00e9al a fait don d\u2019un million d\u2019euros \u00e0 ses associations partenaires engag\u00e9es dans la lutte contre la pr\u00e9carit\u00e9.<\/p>\n              <\/div>\n            \n                    <\/div>\n      <\/div>\n  <\/div>\n<\/div>\n\n\n<div id=\"block_e99127cc25c196ebd8075fbe51d3d86f\" class=\"block-textminor\">\n    <div class=\"row\">\n              <div class=\"col-lg-10 col-12\">\n        <div class=\"block-textminor-main\">\n                          <h2 class=\"block-textminor-title h3\">\n                  Les clients aussi ont \u00e9t\u00e9 soutenus              <\/h2>\n                                      <div class=\"block-textminor-text\">\n                  <p>La cha\u00eene de britannique sp\u00e9cialis\u00e9e dans les soins de sant\u00e9 et de beaut\u00e9 Superdrug a nou\u00e9 un partenariat avec la clinique en ligne My Online Therapy, mise en \u00e9vidence sur le site du retailer. Ce dernier a r\u00e9v\u00e9l\u00e9, selon une enqu\u00eate, que 6 clients sur 10 estimaient que leur trouble mental avait empir\u00e9 avec le confinement et les mesures de distanciation sociale.<\/p>\n<p>Le site eCommerce Zappos, sp\u00e9cialis\u00e9 dans la vente de chaussures et r\u00e9put\u00e9 pour proposer la meilleure exp\u00e9rience collaborateur et une des meilleures exp\u00e9riences clients dans le monde, a lanc\u00e9 une hotline t\u00e9l\u00e9phonique, 7j\/7 et 24H\/24, pour aider les clients qui appellent au sujet de \u2026\u00ab n\u2019importe quel sujet \u00bb : m\u00e9t\u00e9o, projets de vacances, liste des restaurants proposant de la vente \u00e0 emporter, ou encore s\u00e9lection des meilleures applications imagin\u00e9es pour faire face \u00e0 la situation et rompre l\u2019isolement.<\/p>\n              <\/div>\n            \n                    <\/div>\n      <\/div>\n  <\/div>\n<\/div>\n\n\n<div id=\"block_075f153ba9431930c824118455ad6795\" class=\"block-textminor\">\n    <div class=\"row\">\n              <div class=\"col-lg-10 col-12\">\n        <div class=\"block-textminor-main\">\n                          <h2 class=\"block-textminor-title h3\">\n                  Des dynamiques locales pour sauver ce qui peut l\u2019\u00eatre              <\/h2>\n                                      <div class=\"block-textminor-text\">\n                  <p>Le march\u00e9 de Rungis a sign\u00e9 un partenariat avec la plateforme Epicery, qui a accueilli sur son site \u00ab Rungis livr\u00e9 chez vous \u00bb. Les Parisiens et Franciliens de la petite couronne ont ainsi pu composer leur \u00ab panier \u00bb de fruits et l\u00e9gumes et autres produits frais, et se faire livrer \u00e0 domicile.<br \/>\nLa M\u00e9tropole du Grand Nancy a quant \u00e0 elle d\u00e9cid\u00e9 de lancer le site de e-commerce Achetez-GrandNancy.fr, pour permettre aux habitants de la ville de faire leurs achats depuis chez eux et se faire livrer \u00e0 domicile.<\/p>\n<p>A Rennes, une quinzaine de commer\u00e7ants de la place de la Gare (boulangers, \u00e9piciers, cavistes, restaurateurs\u2026) ont d\u00e9cid\u00e9 de proposer leurs services \u00e0 la vente \u00e0 emporter ou en livraison sur le site et l\u2019application placedelagare.shop.<\/p>\n              <\/div>\n            \n                    <\/div>\n      <\/div>\n  <\/div>\n<\/div>\n\n\n<div id=\"block_4b54b75acc21fb5cb572d74cebe3c3e3\" class=\"block-textminor\">\n    <div class=\"row\">\n              <div class=\"col-lg-10 col-12\">\n        <div class=\"block-textminor-main\">\n                          <h2 class=\"block-textminor-title h3\">\n                  L\u2019engagement pour une cause              <\/h2>\n                                      <div class=\"block-textminor-text\">\n                  <p>Le confinement a eu pour cons\u00e9quence, une augmentation des violences faites aux femmes. Salma Hayek Pinault, co-fondatrice de Chime For Change et membre du conseil de direction de la Fondation Kering, a annonc\u00e9 le lancement de la campagne #StandWithWomen pour lutter contre la violence de genre. Une campagne visible sur les r\u00e9seaux sociaux, visant \u00e0 accro\u00eetre les financements d\u2019un ensemble d\u2019organisations \u00e0 but non lucratif qui soutiennent les femmes et les filles dans le monde.<\/p>\n<p>De son c\u00f4t\u00e9, Marl\u00e8ne Schiappa, Secr\u00e9taire d\u2019\u00c9tat charg\u00e9e de l\u2019\u00e9galit\u00e9 entre les femmes et les hommes et de la lutte contre les discriminations, a initi\u00e9, en partenariat avec le groupe Auchan, une op\u00e9ration visant \u00e0 faciliter davantage la prise de parole de celles et ceux qui connaissent des violences. Le principe ? Rappeler les modalit\u00e9s de signalement (num\u00e9ros locaux, nationaux, sites gouvernementaux d\u00e9di\u00e9s\u2026) dans des lieux fr\u00e9quent\u00e9s par tous et permettre d\u2019avertir les associations ou services de l\u2019\u00c9tat le cas \u00e9ch\u00e9ant.<\/p>\n<p>&nbsp;<\/p>\n<p><em>Thierry Strickler, Market intelligence lead, Altavia<\/em><\/p>\n              <\/div>\n            \n                    <\/div>\n      <\/div>\n  <\/div>\n<\/div>\n","protected":false},"excerpt":{"rendered":"<p>La pand\u00e9mie mondiale a stopp\u00e9 les \u00e9conomies et impos\u00e9 des r\u00e8gles sanitaires strictes \u00e0 l\u2019ensemble du march\u00e9 du Retail. Les commerces non essentiels ont d\u00fb baisser leurs rideaux, pour une dur\u00e9e ind\u00e9termin\u00e9e. Une fois le choc pass\u00e9, une p\u00e9riode de r\u00e9organisation a alors d\u00e9but\u00e9, marqu\u00e9e par la mise en place du protocole sanitaire mais aussi par l\u2019\u00e9mergence d\u2019initiatives solidaires renfor\u00e7ant le lien entre le secteur public et priv\u00e9. Des partenariats parfois surprenants, \u00e0 l\u2019image de l\u2019incroyable r\u00e9silience et de la cr\u00e9ativit\u00e9 dont a su faire preuve le secteur du retail.<\/p>\n","protected":false},"author":10,"featured_media":3336,"menu_order":0,"comment_status":"closed","ping_status":"closed","template":"","meta":{"_acf_changed":false,"color_menu":"","footer_color_background":"","featured_image_url":"","footnotes":""},"categories":[],"tags":[],"news-type-taxonomy":[187],"news-topic-taxonomy":[],"class_list":["post-4189","news","type-news","status-publish","has-post-thumbnail","hentry"],"acf":[],"yoast_head":"<!-- This site is optimized with the Yoast SEO plugin v27.4 - https:\/\/yoast.com\/product\/yoast-seo-wordpress\/ -->\n<title>Solidarit\u00e9 Retail Mobilisation Pendant la Pand\u00e9mie - Altavia<\/title>\n<meta name=\"description\" content=\"Le secteur retail a su faire preuve d&#039;une remarquable solidarit\u00e9 pendant la crise du COVID, en soutenant \u00e0 la fois employ\u00e9s et consommateurs.\" \/>\n<meta name=\"robots\" content=\"index, follow, max-snippet:-1, max-image-preview:large, max-video-preview:-1\" \/>\n<meta property=\"og:locale\" content=\"fr_FR\" \/>\n<meta property=\"og:type\" content=\"article\" \/>\n<meta property=\"og:title\" content=\"Solidarit\u00e9 Retail Mobilisation Pendant la Pand\u00e9mie - Altavia\" \/>\n<meta property=\"og:description\" content=\"Le secteur retail a su faire preuve d&#039;une remarquable solidarit\u00e9 pendant la crise du COVID, en soutenant \u00e0 la fois employ\u00e9s et consommateurs.\" \/>\n<meta property=\"og:url\" content=\"http:\/\/altavia-group.com\/fr\/news\/retail-une-belle-dynamique-de-solidarite-pendant-la-pandemie\/\" \/>\n<meta property=\"og:site_name\" content=\"Altavia\" \/>\n<meta property=\"article:modified_time\" content=\"2025-03-15T17:49:00+00:00\" \/>\n<meta property=\"og:image\" content=\"http:\/\/altavia-group.com\/wp-content\/uploads\/2025\/03\/Retail-une-belle-dynamique-de-solidarite-pendant-la-pandemie-1024x683-1.jpg\" \/>\n\t<meta property=\"og:image:width\" content=\"1024\" \/>\n\t<meta property=\"og:image:height\" content=\"683\" \/>\n\t<meta property=\"og:image:type\" content=\"image\/jpeg\" \/>\n<meta name=\"twitter:card\" content=\"summary_large_image\" \/>\n<meta name=\"twitter:label1\" content=\"Est. reading time\" \/>\n\t<meta name=\"twitter:data1\" content=\"1 minute\" \/>\n<script type=\"application\/ld+json\" class=\"yoast-schema-graph\">{\"@context\":\"https:\\\/\\\/schema.org\",\"@graph\":[{\"@type\":\"WebPage\",\"@id\":\"http:\\\/\\\/altavia-group.com\\\/fr\\\/news\\\/retail-une-belle-dynamique-de-solidarite-pendant-la-pandemie\\\/\",\"url\":\"http:\\\/\\\/altavia-group.com\\\/fr\\\/news\\\/retail-une-belle-dynamique-de-solidarite-pendant-la-pandemie\\\/\",\"name\":\"Solidarit\u00e9 Retail Mobilisation Pendant la Pand\u00e9mie - Altavia\",\"isPartOf\":{\"@id\":\"https:\\\/\\\/altavia-group.com\\\/#website\"},\"primaryImageOfPage\":{\"@id\":\"http:\\\/\\\/altavia-group.com\\\/fr\\\/news\\\/retail-une-belle-dynamique-de-solidarite-pendant-la-pandemie\\\/#primaryimage\"},\"image\":{\"@id\":\"http:\\\/\\\/altavia-group.com\\\/fr\\\/news\\\/retail-une-belle-dynamique-de-solidarite-pendant-la-pandemie\\\/#primaryimage\"},\"thumbnailUrl\":\"https:\\\/\\\/altavia-group.com\\\/wp-content\\\/uploads\\\/2025\\\/03\\\/Retail-une-belle-dynamique-de-solidarite-pendant-la-pandemie-1024x683-1.jpg\",\"datePublished\":\"2021-01-06T15:44:00+00:00\",\"dateModified\":\"2025-03-15T17:49:00+00:00\",\"description\":\"Le secteur retail a su faire preuve d'une remarquable solidarit\u00e9 pendant la crise du COVID, en soutenant \u00e0 la fois employ\u00e9s et consommateurs.\",\"breadcrumb\":{\"@id\":\"http:\\\/\\\/altavia-group.com\\\/fr\\\/news\\\/retail-une-belle-dynamique-de-solidarite-pendant-la-pandemie\\\/#breadcrumb\"},\"inLanguage\":\"fr-FR\",\"potentialAction\":[{\"@type\":\"ReadAction\",\"target\":[\"http:\\\/\\\/altavia-group.com\\\/fr\\\/news\\\/retail-une-belle-dynamique-de-solidarite-pendant-la-pandemie\\\/\"]}]},{\"@type\":\"ImageObject\",\"inLanguage\":\"fr-FR\",\"@id\":\"http:\\\/\\\/altavia-group.com\\\/fr\\\/news\\\/retail-une-belle-dynamique-de-solidarite-pendant-la-pandemie\\\/#primaryimage\",\"url\":\"https:\\\/\\\/altavia-group.com\\\/wp-content\\\/uploads\\\/2025\\\/03\\\/Retail-une-belle-dynamique-de-solidarite-pendant-la-pandemie-1024x683-1.jpg\",\"contentUrl\":\"https:\\\/\\\/altavia-group.com\\\/wp-content\\\/uploads\\\/2025\\\/03\\\/Retail-une-belle-dynamique-de-solidarite-pendant-la-pandemie-1024x683-1.jpg\",\"width\":1024,\"height\":683,\"caption\":\"Middle aged man wearing mask and protective gloves receiving pizza from hands of shop assistant while collecting his order from the pickup point during coronavirus lockdown. Horizontal shot\"},{\"@type\":\"BreadcrumbList\",\"@id\":\"http:\\\/\\\/altavia-group.com\\\/fr\\\/news\\\/retail-une-belle-dynamique-de-solidarite-pendant-la-pandemie\\\/#breadcrumb\",\"itemListElement\":[{\"@type\":\"ListItem\",\"position\":1,\"name\":\"Home\",\"item\":\"https:\\\/\\\/altavia-group.com\\\/fr\\\/\"},{\"@type\":\"ListItem\",\"position\":2,\"name\":\"News\",\"item\":\"https:\\\/\\\/altavia-group.com\\\/fr\\\/news\\\/\"},{\"@type\":\"ListItem\",\"position\":3,\"name\":\"Retail : une belle dynamique de solidarit\u00e9 pendant la pand\u00e9mie\"}]},{\"@type\":\"WebSite\",\"@id\":\"https:\\\/\\\/altavia-group.com\\\/#website\",\"url\":\"https:\\\/\\\/altavia-group.com\\\/\",\"name\":\"Altavia\",\"description\":\"Let\u2019s unlock our imagination.\",\"publisher\":{\"@id\":\"https:\\\/\\\/altavia-group.com\\\/#organization\"},\"potentialAction\":[{\"@type\":\"SearchAction\",\"target\":{\"@type\":\"EntryPoint\",\"urlTemplate\":\"https:\\\/\\\/altavia-group.com\\\/?s={search_term_string}\"},\"query-input\":{\"@type\":\"PropertyValueSpecification\",\"valueRequired\":true,\"valueName\":\"search_term_string\"}}],\"inLanguage\":\"fr-FR\"},{\"@type\":\"Organization\",\"@id\":\"https:\\\/\\\/altavia-group.com\\\/#organization\",\"name\":\"Altavia\",\"url\":\"https:\\\/\\\/altavia-group.com\\\/\",\"logo\":{\"@type\":\"ImageObject\",\"inLanguage\":\"fr-FR\",\"@id\":\"https:\\\/\\\/altavia-group.com\\\/#\\\/schema\\\/logo\\\/image\\\/\",\"url\":\"http:\\\/\\\/altavia-group.com\\\/wp-content\\\/uploads\\\/2024\\\/12\\\/cropped-favicon-altavia.png\",\"contentUrl\":\"http:\\\/\\\/altavia-group.com\\\/wp-content\\\/uploads\\\/2024\\\/12\\\/cropped-favicon-altavia.png\",\"width\":512,\"height\":512,\"caption\":\"Altavia\"},\"image\":{\"@id\":\"https:\\\/\\\/altavia-group.com\\\/#\\\/schema\\\/logo\\\/image\\\/\"}}]}<\/script>\n<!-- \/ Yoast SEO plugin. -->","yoast_head_json":{"title":"Solidarit\u00e9 Retail Mobilisation Pendant la Pand\u00e9mie - Altavia","description":"Le secteur retail a su faire preuve d'une remarquable solidarit\u00e9 pendant la crise du COVID, en soutenant \u00e0 la fois employ\u00e9s et consommateurs.","robots":{"index":"index","follow":"follow","max-snippet":"max-snippet:-1","max-image-preview":"max-image-preview:large","max-video-preview":"max-video-preview:-1"},"og_locale":"fr_FR","og_type":"article","og_title":"Solidarit\u00e9 Retail Mobilisation Pendant la Pand\u00e9mie - Altavia","og_description":"Le secteur retail a su faire preuve d'une remarquable solidarit\u00e9 pendant la crise du COVID, en soutenant \u00e0 la fois employ\u00e9s et consommateurs.","og_url":"http:\/\/altavia-group.com\/fr\/news\/retail-une-belle-dynamique-de-solidarite-pendant-la-pandemie\/","og_site_name":"Altavia","article_modified_time":"2025-03-15T17:49:00+00:00","og_image":[{"width":1024,"height":683,"url":"http:\/\/altavia-group.com\/wp-content\/uploads\/2025\/03\/Retail-une-belle-dynamique-de-solidarite-pendant-la-pandemie-1024x683-1.jpg","type":"image\/jpeg"}],"twitter_card":"summary_large_image","twitter_misc":{"Est. reading time":"1 minute"},"schema":{"@context":"https:\/\/schema.org","@graph":[{"@type":"WebPage","@id":"http:\/\/altavia-group.com\/fr\/news\/retail-une-belle-dynamique-de-solidarite-pendant-la-pandemie\/","url":"http:\/\/altavia-group.com\/fr\/news\/retail-une-belle-dynamique-de-solidarite-pendant-la-pandemie\/","name":"Solidarit\u00e9 Retail Mobilisation Pendant la Pand\u00e9mie - Altavia","isPartOf":{"@id":"https:\/\/altavia-group.com\/#website"},"primaryImageOfPage":{"@id":"http:\/\/altavia-group.com\/fr\/news\/retail-une-belle-dynamique-de-solidarite-pendant-la-pandemie\/#primaryimage"},"image":{"@id":"http:\/\/altavia-group.com\/fr\/news\/retail-une-belle-dynamique-de-solidarite-pendant-la-pandemie\/#primaryimage"},"thumbnailUrl":"https:\/\/altavia-group.com\/wp-content\/uploads\/2025\/03\/Retail-une-belle-dynamique-de-solidarite-pendant-la-pandemie-1024x683-1.jpg","datePublished":"2021-01-06T15:44:00+00:00","dateModified":"2025-03-15T17:49:00+00:00","description":"Le secteur retail a su faire preuve d'une remarquable solidarit\u00e9 pendant la crise du COVID, en soutenant \u00e0 la fois employ\u00e9s et consommateurs.","breadcrumb":{"@id":"http:\/\/altavia-group.com\/fr\/news\/retail-une-belle-dynamique-de-solidarite-pendant-la-pandemie\/#breadcrumb"},"inLanguage":"fr-FR","potentialAction":[{"@type":"ReadAction","target":["http:\/\/altavia-group.com\/fr\/news\/retail-une-belle-dynamique-de-solidarite-pendant-la-pandemie\/"]}]},{"@type":"ImageObject","inLanguage":"fr-FR","@id":"http:\/\/altavia-group.com\/fr\/news\/retail-une-belle-dynamique-de-solidarite-pendant-la-pandemie\/#primaryimage","url":"https:\/\/altavia-group.com\/wp-content\/uploads\/2025\/03\/Retail-une-belle-dynamique-de-solidarite-pendant-la-pandemie-1024x683-1.jpg","contentUrl":"https:\/\/altavia-group.com\/wp-content\/uploads\/2025\/03\/Retail-une-belle-dynamique-de-solidarite-pendant-la-pandemie-1024x683-1.jpg","width":1024,"height":683,"caption":"Middle aged man wearing mask and protective gloves receiving pizza from hands of shop assistant while collecting his order from the pickup point during coronavirus lockdown. Horizontal shot"},{"@type":"BreadcrumbList","@id":"http:\/\/altavia-group.com\/fr\/news\/retail-une-belle-dynamique-de-solidarite-pendant-la-pandemie\/#breadcrumb","itemListElement":[{"@type":"ListItem","position":1,"name":"Home","item":"https:\/\/altavia-group.com\/fr\/"},{"@type":"ListItem","position":2,"name":"News","item":"https:\/\/altavia-group.com\/fr\/news\/"},{"@type":"ListItem","position":3,"name":"Retail : une belle dynamique de solidarit\u00e9 pendant la pand\u00e9mie"}]},{"@type":"WebSite","@id":"https:\/\/altavia-group.com\/#website","url":"https:\/\/altavia-group.com\/","name":"Altavia","description":"Let\u2019s unlock our imagination.","publisher":{"@id":"https:\/\/altavia-group.com\/#organization"},"potentialAction":[{"@type":"SearchAction","target":{"@type":"EntryPoint","urlTemplate":"https:\/\/altavia-group.com\/?s={search_term_string}"},"query-input":{"@type":"PropertyValueSpecification","valueRequired":true,"valueName":"search_term_string"}}],"inLanguage":"fr-FR"},{"@type":"Organization","@id":"https:\/\/altavia-group.com\/#organization","name":"Altavia","url":"https:\/\/altavia-group.com\/","logo":{"@type":"ImageObject","inLanguage":"fr-FR","@id":"https:\/\/altavia-group.com\/#\/schema\/logo\/image\/","url":"http:\/\/altavia-group.com\/wp-content\/uploads\/2024\/12\/cropped-favicon-altavia.png","contentUrl":"http:\/\/altavia-group.com\/wp-content\/uploads\/2024\/12\/cropped-favicon-altavia.png","width":512,"height":512,"caption":"Altavia"},"image":{"@id":"https:\/\/altavia-group.com\/#\/schema\/logo\/image\/"}}]}},"_links":{"self":[{"href":"https:\/\/altavia-group.com\/fr\/wp-json\/wp\/v2\/news\/4189","targetHints":{"allow":["GET"]}}],"collection":[{"href":"https:\/\/altavia-group.com\/fr\/wp-json\/wp\/v2\/news"}],"about":[{"href":"https:\/\/altavia-group.com\/fr\/wp-json\/wp\/v2\/types\/news"}],"author":[{"embeddable":true,"href":"https:\/\/altavia-group.com\/fr\/wp-json\/wp\/v2\/users\/10"}],"replies":[{"embeddable":true,"href":"https:\/\/altavia-group.com\/fr\/wp-json\/wp\/v2\/comments?post=4189"}],"version-history":[{"count":0,"href":"https:\/\/altavia-group.com\/fr\/wp-json\/wp\/v2\/news\/4189\/revisions"}],"wp:featuredmedia":[{"embeddable":true,"href":"https:\/\/altavia-group.com\/fr\/wp-json\/wp\/v2\/media\/3336"}],"wp:attachment":[{"href":"https:\/\/altavia-group.com\/fr\/wp-json\/wp\/v2\/media?parent=4189"}],"wp:term":[{"taxonomy":"category","embeddable":true,"href":"https:\/\/altavia-group.com\/fr\/wp-json\/wp\/v2\/categories?post=4189"},{"taxonomy":"post_tag","embeddable":true,"href":"https:\/\/altavia-group.com\/fr\/wp-json\/wp\/v2\/tags?post=4189"},{"taxonomy":"news-type-taxonomy","embeddable":true,"href":"https:\/\/altavia-group.com\/fr\/wp-json\/wp\/v2\/news-type-taxonomy?post=4189"},{"taxonomy":"news-topic-taxonomy","embeddable":true,"href":"https:\/\/altavia-group.com\/fr\/wp-json\/wp\/v2\/news-topic-taxonomy?post=4189"}],"curies":[{"name":"wp","href":"https:\/\/api.w.org\/{rel}","templated":true}]}}