{"id":4283,"date":"2023-04-04T17:44:00","date_gmt":"2023-04-04T16:44:00","guid":{"rendered":"https:\/\/altavia-group.com\/news\/altavia-welcomes-for-talents-in-its-capital\/"},"modified":"2025-03-16T17:48:58","modified_gmt":"2025-03-16T16:48:58","slug":"altavia-accueille-for-talents-dans-son-capital","status":"publish","type":"news","link":"https:\/\/altavia-group.com\/fr\/news\/altavia-accueille-for-talents-dans-son-capital\/","title":{"rendered":"Altavia accueille For Talents dans son capital"},"content":{"rendered":"<div id=\"block_6830f9ccba07f1b49ad144f79a2fc4d3\" class=\"block-textminor\">\n    <div class=\"row\">\n              <div class=\"col-lg-10 col-12\">\n        <div class=\"block-textminor-main\">\n                                      <div class=\"block-textminor-text\">\n                  <div class=\"grve-element grve-text\">\n<p>For Talents, soci\u00e9t\u00e9 d\u2019investissement de capitaux familiaux au service de la r\u00e9ussite de la transmission entre deux g\u00e9n\u00e9rations dans les entreprises d\u00e9tenues par les familles, prend une participation minoritaire au sein du capital du groupe Altavia, premier r\u00e9seau mondial d\u00e9di\u00e9 aux services marketing pour le retail.<\/p>\n<p>For Talents prend la succession de BNP Paribas D\u00e9veloppement et de Andera Midcap dans le capital du groupe et devient ainsi actionnaire minoritaire de r\u00e9f\u00e9rence du groupe familial.<\/p>\n<p>For Talents accompagnera le processus de transmission entre Rapha\u00ebl Palti, Fondateur, et l\u2019un de ses fils, Sydney Palti, Directeur G\u00e9n\u00e9ral D\u00e9l\u00e9gu\u00e9.<\/p>\n<p>L\u2019\u00e9volution de la gouvernance du groupe est programm\u00e9e \u00e0 partir de mai 2024, date \u00e0 laquelle Sydney Palti deviendra Directeur G\u00e9n\u00e9ral et Rapha\u00ebl Palti prendra la mission de Pr\u00e9sident non ex\u00e9cutif du groupe.<\/p>\n<p><strong style=\"color: var(--bs-body-color); font-family: var(--bs-body-font-family); font-size: var(--bs-body-font-size); text-align: var(--bs-body-text-align); background-color: var(--bs-body-bg);\">Rapha\u00ebl Palti, Fondateur d\u2019Altavia<\/strong><span style=\"color: var(--bs-body-color); font-family: var(--bs-body-font-family); font-size: var(--bs-body-font-size); font-weight: var(--bs-body-font-weight); text-align: var(--bs-body-text-align); background-color: var(--bs-body-bg);\">, d\u00e9clare : \u00ab C\u2019est avec enthousiasme que nous accueillons Matthieu Leclercq et l\u2019\u00e9quipe de For Talents dans le capital d\u2019Altavia. D\u00e8s nos premiers \u00e9changes, ils ont montr\u00e9 leur capacit\u00e9 \u00e0 comprendre les ambitions et les enjeux d\u2019Altavia, tout en appr\u00e9hendant \u00e9galement les dynamiques familiales qui ont conduit \u00e0 valider notre d\u00e9marche de transmission interg\u00e9n\u00e9rationnelle. Je remercie vivement BNP Paribas D\u00e9veloppement et Andera Midcap pour leur accompagnement de long terme, toujours bienveillant et tourn\u00e9 vers la croissance durable et p\u00e9renne.<\/span><\/p>\n<\/div>\n<div class=\"grve-element grve-text\">\n<p>J\u2019ai toute confiance en Sydney, qui saura apporter son \u00e9nergie pour adapter le groupe aux \u00e9volutions constantes des besoins de nos clients et, avec les \u00e9quipes d\u2019Altavia, poursuivre son d\u00e9veloppement mondial \u00bb.<\/p>\n<p><span style=\"color: var(--bs-body-color); font-family: var(--bs-body-font-family); font-size: var(--bs-body-font-size); font-weight: var(--bs-body-font-weight); text-align: var(--bs-body-text-align); background-color: var(--bs-body-bg);\">\u00ab Alors que le groupe passe le cap des 40 ans, c\u2019est un nouveau cycle de croissance qui s\u2019ouvre pour Altavia. Pour atteindre nos objectifs ambitieux, nos trois principaux leviers sont l\u2019acc\u00e9l\u00e9ration du plan de transformation, la poursuite d\u2019un d\u00e9veloppement organique international soutenu et une strat\u00e9gie de croissance externe r\u00e9solument volontariste. \u00bb d\u00e9clare <\/span><strong style=\"color: var(--bs-body-color); font-family: var(--bs-body-font-family); font-size: var(--bs-body-font-size); text-align: var(--bs-body-text-align); background-color: var(--bs-body-bg);\">Sydney Palti<\/strong><span style=\"color: var(--bs-body-color); font-family: var(--bs-body-font-family); font-size: var(--bs-body-font-size); font-weight: var(--bs-body-font-weight); text-align: var(--bs-body-text-align); background-color: var(--bs-body-bg);\">.<\/span><\/p>\n<\/div>\n<div class=\"grve-empty-space grve-height-1x\"><span style=\"background-color: var(--bs-body-bg); color: var(--bs-body-color); font-family: var(--bs-body-font-family); font-size: var(--bs-body-font-size); font-weight: var(--bs-body-font-weight); text-align: var(--bs-body-text-align);\">\u00ab Nous sommes fiers d\u2019accompagner Altavia, une ETI fran\u00e7aise, familiale, agile et innovante, qui se donne les moyens de se transformer pour rester leader sur son march\u00e9. Son implantation mondiale fait d\u2019elle un partenaire majeur de ses clients, en soutien de leur d\u00e9veloppement. Notre mission sera d\u2019accompagner le passage de flambeau entre Rapha\u00ebl et Sydney, pour qu\u2019il soit cr\u00e9ateur de valeur pour le groupe Altavia et ses \u00e9quipes \u00bb explique <\/span><strong style=\"background-color: var(--bs-body-bg); color: var(--bs-body-color); font-family: var(--bs-body-font-family); font-size: var(--bs-body-font-size); text-align: var(--bs-body-text-align);\">Blandine Pessin-Bazil, Partner en charge de l\u2019activit\u00e9 transmission de For Talents.<\/strong><\/div>\n<div class=\"grve-element grve-text\">\n<p><strong style=\"color: var(--bs-body-color); font-family: var(--bs-body-font-family); font-size: var(--bs-body-font-size); text-align: var(--bs-body-text-align); background-color: var(--bs-body-bg);\">L\u2019approche de l\u2019\u00e9quipe For Talents est bas\u00e9e sur un constat : le taux de transmission interg\u00e9n\u00e9rationnelle des entreprises familiales est faible.<\/strong><\/p>\n<\/div>\n<div class=\"grve-element grve-text\">\n<p>Les ETI familiales constituent un moteur \u00e9conomique ind\u00e9niable en France. Parmi le nombre total des cessions-transmissions d\u2019ETI, seules 10% sont des transmissions familiales (source : \u00e9tude KPMG-METI novembre 2021).<\/p>\n<p><span style=\"background-color: var(--bs-body-bg); color: var(--bs-body-color); font-family: var(--bs-body-font-family); font-size: var(--bs-body-font-size); font-weight: var(--bs-body-font-weight); text-align: var(--bs-body-text-align);\">L\u2019ambition de For Talents est d\u2019augmenter la r\u00e9ussite des passages de flambeau entre deux g\u00e9n\u00e9rations dans les entreprises familiales, afin de les p\u00e9renniser. For Talents a d\u00e9velopp\u00e9 une d\u00e9marche in\u00e9dite bas\u00e9e sur un double protocole : un protocole d\u2019investissement et un protocole d\u2019accompagnement de la transmission entre un dirigeant familial et son successeur, qui prend \u00e9galement en compte la n\u00e9cessit\u00e9 de maintenir l\u2019unit\u00e9 des actionnaires familiaux.<\/span><\/p>\n<\/div>\n<div class=\"grve-element grve-text\">\n<p><span style=\"background-color: var(--bs-body-bg); color: var(--bs-body-color); font-family: var(--bs-body-font-family); font-size: var(--bs-body-font-size); font-weight: var(--bs-body-font-weight); text-align: var(--bs-body-text-align);\">Conseils du Groupe Altavia :<\/span><\/p>\n<\/div>\n<div class=\"grve-element grve-text\">\n<ul>\n<li>Conseil M&amp;A : Capstone Finance (Thadd\u00e9e Willart, Alexandre Delbos)<\/li>\n<li>Conseils juridiques : Cohen Amir-Aslani (G\u00e9rard Cohen, K\u00e9vin Flochlay), Cards Avocats (Jean-Fran\u00e7ois Carr\u00e9)<\/li>\n<\/ul>\n<\/div>\n<div class=\"grve-element grve-text\">\n<p>Conseils de For Talents :<\/p>\n<ul>\n<li>Conseil juridique : Jones Day (David Swinburne, Kevin Bousset)<\/li>\n<li>Due Diligence juridique et fiscale : Jones Day (juridique : David Swinburne, Kevin Bousset ; fiscal : Emmanuel de la Rochethulon, Th\u00e9o Piazza)<\/li>\n<li>Due Diligence financi\u00e8re : KPMG Transaction Services (Guilhem Maguin, R\u00e9mi Varennes, Donia Cressey)<\/li>\n<li>Due Diligence strat\u00e9gique : Advention Business Partners (Jean-Michel Schmitt, Iska Pivois)<\/li>\n<\/ul>\n<\/div>\n              <\/div>\n            \n                    <\/div>\n      <\/div>\n  <\/div>\n<\/div>\n\n\n<div id=\"block_3147af1107537138e94acd22e3e5f089\" class=\"block-textminor\">\n    <div class=\"row\">\n              <div class=\"col-lg-10 col-12\">\n        <div class=\"block-textminor-main\">\n                          <h2 class=\"block-textminor-title h3\">\n                  \u00c0 propos de For Talents              <\/h2>\n                                      <div class=\"block-textminor-text\">\n                  <div class=\"grve-element grve-text\">\n<div class=\"grve-element grve-text\">\n<p>Cr\u00e9\u00e9e en 2021 par Matthieu Leclercq, ancien Pr\u00e9sident de Decathlon et fondateur d\u2019O\u2019Tera, For Talents est une soci\u00e9t\u00e9 d\u2019investissement de capitaux familiaux au service de la r\u00e9ussite du passage de flambeau entre deux g\u00e9n\u00e9rations dans les ETI familiales.<\/p>\n<p><span style=\"background-color: var(--bs-body-bg); color: var(--bs-body-color); font-family: var(--bs-body-font-family); font-size: var(--bs-body-font-size); font-weight: var(--bs-body-font-weight); text-align: var(--bs-body-text-align);\">For Talents se positionne comme un partenaire-actionnaire et r\u00e9alise des investissements minoritaires permettant aux familles de conserver le contr\u00f4le de leur entreprise, tout en les accompagnant dans ce moment charni\u00e8re de la transmission. L\u2019approche est sur-mesure, fond\u00e9e sur une relation de proximit\u00e9 avec le dirigeant, son \u00e9cosyst\u00e8me familial et le syst\u00e8me de gouvernance de l\u2019entreprise.<\/span><\/p>\n<\/div>\n<div class=\"grve-element grve-text\">\n<p><span style=\"background-color: var(--bs-body-bg); color: var(--bs-body-color); font-family: var(--bs-body-font-family); font-size: var(--bs-body-font-size); font-weight: var(--bs-body-font-weight); text-align: var(--bs-body-text-align);\">For Talents a d\u2019ores et d\u00e9j\u00e0 investi aupr\u00e8s d\u2019entreprises familiales majeures dans leur secteur telles que Paprec Group, Groupe Petit Forestier et Riou Glass.<\/span><\/p>\n<\/div>\n<div class=\"grve-element grve-text\">\n<p><span style=\"color: var(--bs-body-color); font-family: var(--bs-body-font-family); font-size: var(--bs-body-font-size); font-weight: var(--bs-body-font-weight); text-align: var(--bs-body-text-align); background-color: var(--bs-body-bg);\">Plus d\u2019informations : <\/span><a style=\"font-family: var(--bs-body-font-family); font-size: var(--bs-body-font-size); font-weight: var(--bs-body-font-weight); text-align: var(--bs-body-text-align); background-color: var(--bs-body-bg);\" href=\"https:\/\/www.fortalents.com\/\">www.fortalents.com<\/a><\/p>\n<\/div>\n<\/div>\n<div class=\"grve-element grve-text\"><\/div>\n              <\/div>\n            \n                    <\/div>\n      <\/div>\n  <\/div>\n<\/div>\n\n\n<div id=\"block_d11edcc46b26a170546e5b95f9a87b10\" class=\"block-textminor\">\n    <div class=\"row\">\n              <div class=\"col-lg-10 col-12\">\n        <div class=\"block-textminor-main\">\n                          <h2 class=\"block-textminor-title h3\">\n                  \u00c0 propos d\u2019Altavia              <\/h2>\n                                      <div class=\"block-textminor-text\">\n                  <div class=\"grve-container\">\n<div class=\"grve-row grve-bookmark grve-columns-gap-30\">\n<div class=\"grve-column wpb_column grve-column-1\">\n<div class=\"grve-column-wrapper\">\n<div class=\"grve-element grve-text\">\n<div class=\"grve-container\">\n<div class=\"grve-row grve-bookmark grve-columns-gap-30\">\n<div class=\"grve-column wpb_column grve-column-1\">\n<div class=\"grve-column-wrapper\">\n<div class=\"grve-element grve-text\">\n<p>Fond\u00e9 en 1983 par Rapha\u00ebl Palti, son Pr\u00e9sident \u2013 Directeur G\u00e9n\u00e9ral, le groupe propose des solutions d\u2019Activation Commerciale sp\u00e9cialement adapt\u00e9es aux besoins du commerce. Pr\u00e9sent dans 45 pays sur 4 continents, le groupe Altavia accompagne plus de 500 enseignes et marques commer\u00e7antes. En 2022, Altavia compte 2 800 collaborateurs et r\u00e9alise un chiffre d\u2018affaires de 801 millions d\u2019euros.<\/p>\n<p><strong style=\"color: var(--bs-body-color); font-family: var(--bs-body-font-family); font-size: var(--bs-body-font-size); text-align: var(--bs-body-text-align); background-color: var(--bs-body-bg);\">Creative Commerce &amp; Marketing Execution au service du lien client.<\/strong><\/p>\n<\/div>\n<div class=\"grve-element grve-text\">\n<p>Altavia trouve des voies cr\u00e9atives, technologiques, responsables et performantes, au service quotidien de la qualit\u00e9 du lien client. Nous intervenons sur toute la cha\u00eene de valeur : depuis le conseil et la cr\u00e9ation, l\u2019ex\u00e9cution, jusqu\u2019au d\u00e9ploiement et \u00e0 l\u2019installation.<\/p>\n<p><strong style=\"color: var(--bs-body-color); font-family: var(--bs-body-font-family); font-size: var(--bs-body-font-size); text-align: var(--bs-body-text-align); background-color: var(--bs-body-bg);\">Le client : alpha et omega du commerce.<\/strong><\/p>\n<\/div>\n<div class=\"grve-element grve-text\">\n<p>Depuis sa cr\u00e9ation, Altavia d\u00e9fend un commerce ouvert et vivant, cr\u00e9ateur de rencontres, de m\u00e9langes et d\u2019opportunit\u00e9s. Un commerce radicalement humain.<\/p>\n<p><strong>Retail for Humans.<\/strong><\/p>\n<\/div>\n<\/div>\n<\/div>\n<\/div>\n<\/div>\n<\/div>\n<\/div>\n<\/div>\n<\/div>\n<\/div>\n              <\/div>\n            \n                    <\/div>\n      <\/div>\n  <\/div>\n<\/div>\n","protected":false},"excerpt":{"rendered":"<p>Altavia accueille For Talents dans son capital pour accompagner la transmission au sein du groupe familial et soutenir son d\u00e9veloppement.<\/p>\n","protected":false},"author":10,"featured_media":4281,"menu_order":0,"comment_status":"closed","ping_status":"closed","template":"","meta":{"_acf_changed":false,"color_menu":"","footer_color_background":"","featured_image_url":"","footnotes":""},"categories":[],"tags":[],"news-type-taxonomy":[136],"news-topic-taxonomy":[137],"class_list":["post-4283","news","type-news","status-publish","has-post-thumbnail","hentry"],"acf":[],"yoast_head":"<!-- This site is optimized with the Yoast SEO plugin v27.5 - https:\/\/yoast.com\/product\/yoast-seo-wordpress\/ -->\n<title>Altavia x For Talents - Capital Humain Renforc\u00e9<\/title>\n<meta name=\"description\" content=\"Altavia accueille For Talents dans son capital pour stimuler l\u2019innovation RH et renforcer ses engagements humains et collaboratifs.\" \/>\n<meta name=\"robots\" content=\"index, follow, max-snippet:-1, max-image-preview:large, max-video-preview:-1\" \/>\n<meta property=\"og:locale\" content=\"fr_FR\" \/>\n<meta property=\"og:type\" content=\"article\" \/>\n<meta property=\"og:title\" content=\"Altavia x For Talents - Capital Humain Renforc\u00e9\" \/>\n<meta property=\"og:description\" content=\"Altavia accueille For Talents dans son capital pour stimuler l\u2019innovation RH et renforcer ses engagements humains et collaboratifs.\" \/>\n<meta property=\"og:url\" content=\"https:\/\/altavia-group.com\/fr\/news\/altavia-accueille-for-talents-dans-son-capital\/\" \/>\n<meta property=\"og:site_name\" content=\"Altavia\" \/>\n<meta property=\"article:modified_time\" content=\"2025-03-16T16:48:58+00:00\" \/>\n<meta property=\"og:image\" content=\"https:\/\/altavia-group.com\/wp-content\/uploads\/2025\/03\/Visuel-partenariat-1024x1024-2.png\" \/>\n\t<meta property=\"og:image:width\" content=\"1024\" \/>\n\t<meta property=\"og:image:height\" content=\"1024\" \/>\n\t<meta property=\"og:image:type\" content=\"image\/png\" \/>\n<meta name=\"twitter:card\" content=\"summary_large_image\" \/>\n<meta name=\"twitter:label1\" content=\"Est. reading time\" \/>\n\t<meta name=\"twitter:data1\" content=\"1 minute\" \/>\n<script type=\"application\/ld+json\" class=\"yoast-schema-graph\">{\"@context\":\"https:\\\/\\\/schema.org\",\"@graph\":[{\"@type\":\"WebPage\",\"@id\":\"https:\\\/\\\/altavia-group.com\\\/fr\\\/news\\\/altavia-accueille-for-talents-dans-son-capital\\\/\",\"url\":\"https:\\\/\\\/altavia-group.com\\\/fr\\\/news\\\/altavia-accueille-for-talents-dans-son-capital\\\/\",\"name\":\"Altavia x For Talents - Capital Humain Renforc\u00e9\",\"isPartOf\":{\"@id\":\"https:\\\/\\\/altavia-group.com\\\/#website\"},\"primaryImageOfPage\":{\"@id\":\"https:\\\/\\\/altavia-group.com\\\/fr\\\/news\\\/altavia-accueille-for-talents-dans-son-capital\\\/#primaryimage\"},\"image\":{\"@id\":\"https:\\\/\\\/altavia-group.com\\\/fr\\\/news\\\/altavia-accueille-for-talents-dans-son-capital\\\/#primaryimage\"},\"thumbnailUrl\":\"https:\\\/\\\/altavia-group.com\\\/wp-content\\\/uploads\\\/2025\\\/03\\\/Visuel-partenariat-1024x1024-2.png\",\"datePublished\":\"2023-04-04T16:44:00+00:00\",\"dateModified\":\"2025-03-16T16:48:58+00:00\",\"description\":\"Altavia accueille For Talents dans son capital pour stimuler l\u2019innovation RH et renforcer ses engagements humains et collaboratifs.\",\"breadcrumb\":{\"@id\":\"https:\\\/\\\/altavia-group.com\\\/fr\\\/news\\\/altavia-accueille-for-talents-dans-son-capital\\\/#breadcrumb\"},\"inLanguage\":\"fr-FR\",\"potentialAction\":[{\"@type\":\"ReadAction\",\"target\":[\"https:\\\/\\\/altavia-group.com\\\/fr\\\/news\\\/altavia-accueille-for-talents-dans-son-capital\\\/\"]}]},{\"@type\":\"ImageObject\",\"inLanguage\":\"fr-FR\",\"@id\":\"https:\\\/\\\/altavia-group.com\\\/fr\\\/news\\\/altavia-accueille-for-talents-dans-son-capital\\\/#primaryimage\",\"url\":\"https:\\\/\\\/altavia-group.com\\\/wp-content\\\/uploads\\\/2025\\\/03\\\/Visuel-partenariat-1024x1024-2.png\",\"contentUrl\":\"https:\\\/\\\/altavia-group.com\\\/wp-content\\\/uploads\\\/2025\\\/03\\\/Visuel-partenariat-1024x1024-2.png\",\"width\":1024,\"height\":1024},{\"@type\":\"BreadcrumbList\",\"@id\":\"https:\\\/\\\/altavia-group.com\\\/fr\\\/news\\\/altavia-accueille-for-talents-dans-son-capital\\\/#breadcrumb\",\"itemListElement\":[{\"@type\":\"ListItem\",\"position\":1,\"name\":\"Home\",\"item\":\"https:\\\/\\\/altavia-group.com\\\/fr\\\/\"},{\"@type\":\"ListItem\",\"position\":2,\"name\":\"News\",\"item\":\"https:\\\/\\\/altavia-group.com\\\/fr\\\/news\\\/\"},{\"@type\":\"ListItem\",\"position\":3,\"name\":\"Altavia accueille For Talents dans son capital\"}]},{\"@type\":\"WebSite\",\"@id\":\"https:\\\/\\\/altavia-group.com\\\/#website\",\"url\":\"https:\\\/\\\/altavia-group.com\\\/\",\"name\":\"Altavia\",\"description\":\"Let\u2019s unlock our imagination.\",\"publisher\":{\"@id\":\"https:\\\/\\\/altavia-group.com\\\/#organization\"},\"potentialAction\":[{\"@type\":\"SearchAction\",\"target\":{\"@type\":\"EntryPoint\",\"urlTemplate\":\"https:\\\/\\\/altavia-group.com\\\/?s={search_term_string}\"},\"query-input\":{\"@type\":\"PropertyValueSpecification\",\"valueRequired\":true,\"valueName\":\"search_term_string\"}}],\"inLanguage\":\"fr-FR\"},{\"@type\":\"Organization\",\"@id\":\"https:\\\/\\\/altavia-group.com\\\/#organization\",\"name\":\"Altavia\",\"url\":\"https:\\\/\\\/altavia-group.com\\\/\",\"logo\":{\"@type\":\"ImageObject\",\"inLanguage\":\"fr-FR\",\"@id\":\"https:\\\/\\\/altavia-group.com\\\/#\\\/schema\\\/logo\\\/image\\\/\",\"url\":\"http:\\\/\\\/altavia-group.com\\\/wp-content\\\/uploads\\\/2024\\\/12\\\/cropped-favicon-altavia.png\",\"contentUrl\":\"http:\\\/\\\/altavia-group.com\\\/wp-content\\\/uploads\\\/2024\\\/12\\\/cropped-favicon-altavia.png\",\"width\":512,\"height\":512,\"caption\":\"Altavia\"},\"image\":{\"@id\":\"https:\\\/\\\/altavia-group.com\\\/#\\\/schema\\\/logo\\\/image\\\/\"}}]}<\/script>\n<!-- \/ Yoast SEO plugin. -->","yoast_head_json":{"title":"Altavia x For Talents - Capital Humain Renforc\u00e9","description":"Altavia accueille For Talents dans son capital pour stimuler l\u2019innovation RH et renforcer ses engagements humains et collaboratifs.","robots":{"index":"index","follow":"follow","max-snippet":"max-snippet:-1","max-image-preview":"max-image-preview:large","max-video-preview":"max-video-preview:-1"},"og_locale":"fr_FR","og_type":"article","og_title":"Altavia x For Talents - Capital Humain Renforc\u00e9","og_description":"Altavia accueille For Talents dans son capital pour stimuler l\u2019innovation RH et renforcer ses engagements humains et collaboratifs.","og_url":"https:\/\/altavia-group.com\/fr\/news\/altavia-accueille-for-talents-dans-son-capital\/","og_site_name":"Altavia","article_modified_time":"2025-03-16T16:48:58+00:00","og_image":[{"width":1024,"height":1024,"url":"https:\/\/altavia-group.com\/wp-content\/uploads\/2025\/03\/Visuel-partenariat-1024x1024-2.png","type":"image\/png"}],"twitter_card":"summary_large_image","twitter_misc":{"Est. reading time":"1 minute"},"schema":{"@context":"https:\/\/schema.org","@graph":[{"@type":"WebPage","@id":"https:\/\/altavia-group.com\/fr\/news\/altavia-accueille-for-talents-dans-son-capital\/","url":"https:\/\/altavia-group.com\/fr\/news\/altavia-accueille-for-talents-dans-son-capital\/","name":"Altavia x For Talents - Capital Humain Renforc\u00e9","isPartOf":{"@id":"https:\/\/altavia-group.com\/#website"},"primaryImageOfPage":{"@id":"https:\/\/altavia-group.com\/fr\/news\/altavia-accueille-for-talents-dans-son-capital\/#primaryimage"},"image":{"@id":"https:\/\/altavia-group.com\/fr\/news\/altavia-accueille-for-talents-dans-son-capital\/#primaryimage"},"thumbnailUrl":"https:\/\/altavia-group.com\/wp-content\/uploads\/2025\/03\/Visuel-partenariat-1024x1024-2.png","datePublished":"2023-04-04T16:44:00+00:00","dateModified":"2025-03-16T16:48:58+00:00","description":"Altavia accueille For Talents dans son capital pour stimuler l\u2019innovation RH et renforcer ses engagements humains et collaboratifs.","breadcrumb":{"@id":"https:\/\/altavia-group.com\/fr\/news\/altavia-accueille-for-talents-dans-son-capital\/#breadcrumb"},"inLanguage":"fr-FR","potentialAction":[{"@type":"ReadAction","target":["https:\/\/altavia-group.com\/fr\/news\/altavia-accueille-for-talents-dans-son-capital\/"]}]},{"@type":"ImageObject","inLanguage":"fr-FR","@id":"https:\/\/altavia-group.com\/fr\/news\/altavia-accueille-for-talents-dans-son-capital\/#primaryimage","url":"https:\/\/altavia-group.com\/wp-content\/uploads\/2025\/03\/Visuel-partenariat-1024x1024-2.png","contentUrl":"https:\/\/altavia-group.com\/wp-content\/uploads\/2025\/03\/Visuel-partenariat-1024x1024-2.png","width":1024,"height":1024},{"@type":"BreadcrumbList","@id":"https:\/\/altavia-group.com\/fr\/news\/altavia-accueille-for-talents-dans-son-capital\/#breadcrumb","itemListElement":[{"@type":"ListItem","position":1,"name":"Home","item":"https:\/\/altavia-group.com\/fr\/"},{"@type":"ListItem","position":2,"name":"News","item":"https:\/\/altavia-group.com\/fr\/news\/"},{"@type":"ListItem","position":3,"name":"Altavia accueille For Talents dans son capital"}]},{"@type":"WebSite","@id":"https:\/\/altavia-group.com\/#website","url":"https:\/\/altavia-group.com\/","name":"Altavia","description":"Let\u2019s unlock our imagination.","publisher":{"@id":"https:\/\/altavia-group.com\/#organization"},"potentialAction":[{"@type":"SearchAction","target":{"@type":"EntryPoint","urlTemplate":"https:\/\/altavia-group.com\/?s={search_term_string}"},"query-input":{"@type":"PropertyValueSpecification","valueRequired":true,"valueName":"search_term_string"}}],"inLanguage":"fr-FR"},{"@type":"Organization","@id":"https:\/\/altavia-group.com\/#organization","name":"Altavia","url":"https:\/\/altavia-group.com\/","logo":{"@type":"ImageObject","inLanguage":"fr-FR","@id":"https:\/\/altavia-group.com\/#\/schema\/logo\/image\/","url":"http:\/\/altavia-group.com\/wp-content\/uploads\/2024\/12\/cropped-favicon-altavia.png","contentUrl":"http:\/\/altavia-group.com\/wp-content\/uploads\/2024\/12\/cropped-favicon-altavia.png","width":512,"height":512,"caption":"Altavia"},"image":{"@id":"https:\/\/altavia-group.com\/#\/schema\/logo\/image\/"}}]}},"_links":{"self":[{"href":"https:\/\/altavia-group.com\/fr\/wp-json\/wp\/v2\/news\/4283","targetHints":{"allow":["GET"]}}],"collection":[{"href":"https:\/\/altavia-group.com\/fr\/wp-json\/wp\/v2\/news"}],"about":[{"href":"https:\/\/altavia-group.com\/fr\/wp-json\/wp\/v2\/types\/news"}],"author":[{"embeddable":true,"href":"https:\/\/altavia-group.com\/fr\/wp-json\/wp\/v2\/users\/10"}],"replies":[{"embeddable":true,"href":"https:\/\/altavia-group.com\/fr\/wp-json\/wp\/v2\/comments?post=4283"}],"version-history":[{"count":0,"href":"https:\/\/altavia-group.com\/fr\/wp-json\/wp\/v2\/news\/4283\/revisions"}],"wp:featuredmedia":[{"embeddable":true,"href":"https:\/\/altavia-group.com\/fr\/wp-json\/wp\/v2\/media\/4281"}],"wp:attachment":[{"href":"https:\/\/altavia-group.com\/fr\/wp-json\/wp\/v2\/media?parent=4283"}],"wp:term":[{"taxonomy":"category","embeddable":true,"href":"https:\/\/altavia-group.com\/fr\/wp-json\/wp\/v2\/categories?post=4283"},{"taxonomy":"post_tag","embeddable":true,"href":"https:\/\/altavia-group.com\/fr\/wp-json\/wp\/v2\/tags?post=4283"},{"taxonomy":"news-type-taxonomy","embeddable":true,"href":"https:\/\/altavia-group.com\/fr\/wp-json\/wp\/v2\/news-type-taxonomy?post=4283"},{"taxonomy":"news-topic-taxonomy","embeddable":true,"href":"https:\/\/altavia-group.com\/fr\/wp-json\/wp\/v2\/news-topic-taxonomy?post=4283"}],"curies":[{"name":"wp","href":"https:\/\/api.w.org\/{rel}","templated":true}]}}