{"id":7018,"date":"2024-01-25T10:56:49","date_gmt":"2024-01-25T09:56:49","guid":{"rendered":"https:\/\/altaviagroudev.wpenginepowered.com\/news\/maisonobjet-2024-retail-eco-responsabilite\/"},"modified":"2026-02-09T12:12:25","modified_gmt":"2026-02-09T11:12:25","slug":"maisonobjet-2024-retail-eco-responsabilite","status":"publish","type":"news","link":"https:\/\/altavia-group.com\/fr\/news\/maisonobjet-2024-retail-eco-responsabilite\/","title":{"rendered":"Maison&#038;Objet 2024 : Retail &#038; Eco-responsabilit\u00e9."},"content":{"rendered":"<section class=\"wpb-content-wrapper\"><p>[vc_row css=\u00a0\u00bb.vc_custom_1519392503248{padding-top: 18px !important;}\u00a0\u00bb][vc_column][vc_empty_space height=\u00a0\u00bb37px\u00a0\u00bb]<div class=\"edgtf-elements-holder   edgtf-one-column  edgtf-responsive-mode-768 \" ><div class=\"edgtf-eh-item    \"  data-item-class=\"edgtf-eh-custom-8764\" data-1280-1600=\"0 0\" data-1024-1280=\"0 0\" data-768-1024=\"0 30px 0 0\" data-680-768=\"0 20px 0 0\" data-680=\"0 0\">\n\t<div class=\"edgtf-eh-item-inner\">\n\t\t<div class=\"edgtf-eh-item-content edgtf-eh-custom-8764\" style=\"padding: 0 50px 0 0\">\n\t\t\t[vc_column_text]<\/p>\n<h4><span class=\"edgtf-dropcaps edgtf-normal\" style=\"color: #1b1c21\">E<\/span>n 2024, \u00e0 l&rsquo;occasion de ses 30 ans, le salon Maison&#038;Objet a souhait\u00e9 projeter les 60 000 visiteurs attendus dans un avenir r\u00e9enchant\u00e9 r\u00e9conciliant technologie et nature, \u00e0 travers le th\u00e8me \u00ab TECH EDEN \u00bb, incarne\u0301 sur trois territoires d'expression : l'architecture d'inte\u0301rieur, le retail et l'hospitalite\u0301. L'occasion aussi pour nous de mettre en lumi\u00e8re les d\u00e9marches \u00e9co-responsables crois\u00e9es sur les stands et les belles surprises.<\/h4>\n<p>\u00a0<\/p>\n<p><span style=\"font-weight: 400;\">L'\u00e9dition de janvier du salon Maison&#038;Objet a r\u00e9uni 2300 marques &#8211; dont 600 nouvelles arrivantes &#8211; \u00e9taient pr\u00e9sentes, r\u00e9parties sur 15 secteurs (\u00ab\u00a0Accessoires de mode\u00a0\u00bb, \u00ab\u00a0Kids &#038; Family\u00a0\u00bb, \u00ab\u00a0Smart Gift\u00a0\u00bb, \u00ab\u00a0Cook &#038; share\u00a0\u00bb, \u00ab\u00a0Home accessories\u00a0\u00bb\u2026).<\/span>[\/vc_column_text]\t\t<\/div>\n\t<\/div>\n<\/div><\/div>[vc_empty_space][vc_gallery type=\u00a0\u00bbflexslider_slide\u00a0\u00bb interval=\u00a0\u00bb0&Prime; images=\u00a0\u00bb7022,7023,7024,7025,7026,7027,7028&Prime; img_size=\u00a0\u00bbfull\u00a0\u00bb][vc_empty_space][vc_column_text]<\/p>\n<h3>\u00ab\u00a0Le retail afflue sur Maison&#038;Objet Paris\u00a0\u00bb.<\/h3>\n<p>\u00a0<\/p>\n<p><span style=\"font-weight: 400;\">\u00ab\u00a0Dans la course \u00e0 l'exp\u00e9rience client (un consommateur toujours plus exigeant, averti et volage), le retail afflue sur Maison&#038;Objet Paris,\u00a0\u00bb peut-on lire sur le site du salon.\u00a0<\/span><\/p>\n<p><span style=\"font-weight: 400;\">Au programme, un nouveau format d'exposition baptis\u00e9 \u00ab\u00a0What&rsquo;s New? In Retail\u00a0\u00bb ou la conf\u00e9rence d\u00e9di\u00e9e \u00e0 la th\u00e9matique de \u00ab\u00a0La boutique atelier, le nouveau concept \u00e0 forte identit\u00e9\u00a0\u00bb, o\u00f9 \u00e9taient invit\u00e9s \u00e0 s'exprimer Constance Allard, Chef de projet &#8211; Les Toits parisiens ; Roberta Molteni, Architecte &#038; Fondatrice &#8211; Roberta Molteni Studio ; Caroline Petit-Mason, Pr\u00e9sidente &#038; Directrice artistique &#8211; Three Seven Paris ; et Olivier Saguez, Designer-entrepreneur engag\u00e9 &#038; Fondateur &#8211; Saguez &#038; Partners.\u00a0<\/span><\/p>\n<p><span style=\"font-weight: 400;\">\u00ab\u00a0Aujourd'hui, la plupart des magasins se ressemblent. Comment peuvent-ils se r\u00e9inventer ? La Boutique Atelier semble le nouveau lieu qui enchante et s\u00e9duit. Mettant en avant des valeurs comme le circuit court et le savoir-faire artisanal, elle se positionne comme une alternative \u00e0 l'achat virtuel et red\u00e9finit le lieu de vente avec comme clefs l'exp\u00e9rience, la d\u00e9couverte et la rencontre\u00a0\u00bb.<\/span><\/p>\n<p><span style=\"font-weight: 400;\">Des conf\u00e9rences th\u00e9matiques \u00e9taient \u00e9galement propos\u00e9es : \u00ab\u00a0Replacer l'\u00e9conomie circulaire au coeur de votre espace de vente\u00a0\u00bb anim\u00e9e par Gemma est co-fondatrice de StudioXAG, une agence prim\u00e9e et certifi\u00e9e B-Corp\u00ae qui cr\u00e9e des exp\u00e9riences immersives pour des marques ou \u00ab\u00a0Comment se d\u00e9marquer gr\u00e2ce \u00e0 son offre de fid\u00e9lit\u00e9\u00a0\u00bb, par Laure Terrien &#8211; Consultante Connaissance client et CRM, ind\u00e9pendante.<\/span><\/p>\n<p>\u00a0<\/p>\n<h3>Pour un futur plus durable et \u00e9co-responsable.<\/h3>\n<p>\u00a0<\/p>\n<p><span style=\"font-weight: 400;\">De nombreuses<\/span> <span style=\"font-weight: 400;\">d\u00e9marches \u00e9co-responsables \u00e9taient aussi \u00e0 l'honneur pour permettre aux visiteurs d'identifier leurs futurs partenaires engag\u00e9s. \u00ab\u00a0Fabrication fran\u00e7aise ou production \u00e9co-responsable, suivez le guide\u00a0\u00bb.<\/span><\/p>\n<p><span style=\"font-weight: 400;\">Les <\/span><a href=\"\/?p=18562\" target=\"_blank\" rel=\"noopener\"><span style=\"font-weight: 400;\">scores Eco Impact<\/span><\/a><span style=\"font-weight: 400;\"> \u00e9taient affich\u00e9s ici et l\u00e0, gagnant du terrain par rapport \u00e0 l'\u00e9dition de septembre 2023.<\/span><\/p>\n<p><span style=\"font-weight: 400;\">\u00ab\u00a0<\/span><i><span style=\"font-weight: 400;\">Pour cette \u00e9dition, Eco Impact \u00e9tait membre du Jury sustainable<\/span><\/i><span style=\"font-weight: 400;\">, raconte Laura Gay, Responsable marketing chez Eco Impact. <\/span><i><span style=\"font-weight: 400;\">210 marques font aujourd&rsquo;hui partie de ce parcours, soit une quarantaine de nouvelles arrivantes. C&rsquo;est encourageant\u00a0!\u00a0 Il est clair que le secteur ne va pas profond\u00e9ment se transformer en l&rsquo;espace de quelques mois, mais nous sommes ravis de voir l&rsquo;\u00e9mergence de nombreuses initiatives responsables&#8230; et surtout de l&rsquo;int\u00e9r\u00eat grandissant que ces projets soul\u00e8vent.\u00a0\u00bb<\/span><\/i>[\/vc_column_text][vc_empty_space][vc_gallery type=\u00a0\u00bbflexslider_slide\u00a0\u00bb interval=\u00a0\u00bb0&Prime; images=\u00a0\u00bb7029,7030,7031&Prime; img_size=\u00a0\u00bbfull\u00a0\u00bb][vc_empty_space][vc_column_text]<span style=\"font-weight: 400;\">\u00ab\u00a0<\/span><i><span style=\"font-weight: 400;\">On se dit que l&rsquo;on est sur la bonne voie quand on voit qu'un jeune designer comme\u00a0<\/span><\/i><a href=\"https:\/\/connectedby.lefrenchdesign.org\/fdfichev2?email=thomas%40thomasdelagarde.fr&#038;pid=641ad9a6c102392f4c1249ef&#038;projid=000\" target=\"_blank\" rel=\"noopener\"><i><span style=\"font-weight: 400;\">Thomas Delagarde,<\/span><\/i><\/a><i><span style=\"font-weight: 400;\">\u00a0qui met l'\u00e9co conception au c\u0153ur de ses r\u00e9flexions, a \u00e9t\u00e9 r\u00e9compens\u00e9 dans\u00a0le French Design 100 pour la gamme de mobilier r\u00e9alis\u00e9e pour Adagio avec <\/span><\/i><b><i>Ligne Roset<\/i><\/b><i><span style=\"font-weight: 400;\"> &#8211; et \u00e9valu\u00e9 par Eco Impact -, <\/span><\/i><span style=\"font-weight: 400;\">ajoute Laura Gay. <\/span><i><span style=\"font-weight: 400;\">Le fait que de nombreux journalistes aient assist\u00e9 \u00e0 la conf\u00e9rence de presse qui a eu lieu sur le stand de la\u00a0marque Drugeot, v\u00e9ritable exemple inspirant en termes de conception responsable, est aussi un signe positif.\u00a0<\/span><\/i><span style=\"font-weight: 400;\">\u00bb<\/span><\/p>\n<p><span style=\"font-weight: 400;\">La marque fran\u00e7aise de mobilier <\/span><b>Maximum<\/b><span style=\"font-weight: 400;\">, qui produit exclusivement \u00e0 partir de chutes de productions industrielles, \u00e9tait \u00e9galement pr\u00e9sente.<\/span>[\/vc_column_text][vc_empty_space][vc_single_image image=\u00a0\u00bb7020&Prime; img_size=\u00a0\u00bbfull\u00a0\u00bb][vc_column_text]<\/p>\n<h6>\u00a9 Maximum<\/h6>\n<p>[\/vc_column_text][vc_empty_space][vc_single_image image=\u00a0\u00bb7021&Prime; img_size=\u00a0\u00bbfull\u00a0\u00bb][vc_empty_space][vc_column_text]<span style=\"font-weight: 400;\">Les <\/span><b>Canaux &#038; Valdelia<\/b><span style=\"font-weight: 400;\"> proposaient quant \u00e0 eux une exposition 100% circulaire pour d\u00e9couvrir l'offre innovante du mobilier upcycl\u00e9 pr\u00e9sent\u00e9e dans le cadre du <\/span><a href=\"\/?p=20341\" target=\"_blank\" rel=\"noopener\"><span style=\"font-weight: 400;\">Booster du Mobilier Circulaire<\/span><\/a><span style=\"font-weight: 400;\">. 15 meubles 100% upcycl\u00e9s d\u00e9velopp\u00e9s dans le cadre de la 3e promo du Booster y \u00e9taient d\u00e9voil\u00e9s.<\/span>[\/vc_column_text][vc_empty_space][vc_gallery type=\u00a0\u00bbflexslider_slide\u00a0\u00bb interval=\u00a0\u00bb0&Prime; images=\u00a0\u00bb7032,7033,7034,7035&Prime; img_size=\u00a0\u00bbfull\u00a0\u00bb][vc_empty_space][vc_column_text]<i><span style=\"font-weight: 400;\">\u00ab\u00a0L'engouement autour des projets et d\u00e9marches responsables est essentiel pour que la transition ait lieu : au-del\u00e0 des marques qui s&rsquo;engagent, c&rsquo;est tout l&rsquo;\u00e9co-syst\u00e8me qui doit venir valoriser et mettre en avant les d\u00e9marches responsables\u00a0\u00bb <\/span><\/i><span style=\"font-weight: 400;\">souligne Laura Gay.<\/span><\/p>\n<p><span style=\"font-weight: 400;\">Certaines marques comme <\/span><b>La Cerise sur le G\u00e2teau<\/b><span style=\"font-weight: 400;\"> annon\u00e7aient clairement la couleur de leurs engagements.<\/span>[\/vc_column_text][vc_empty_space][vc_gallery type=\u00a0\u00bbflexslider_slide\u00a0\u00bb interval=\u00a0\u00bb0&Prime; images=\u00a0\u00bb7036,7037&Prime; img_size=\u00a0\u00bbfull\u00a0\u00bb][vc_empty_space][vc_column_text]<\/p>\n<h3>Future on stage, le tremplin re\u0301ve\u0301lateur de talents franc\u0327ais et internationaux de Maison&#038;Objet.<\/h3>\n<p>\u00a0<\/p>\n<p><span style=\"font-weight: 400;\">Depuis 2 ans, Future On Stage re\u0301compense de jeunes entreprises, de moins de 3 ans, de l'univers du design, de la de\u0301coration et de l'art de vivre qui ont un temps d'avance sur l'innovation, le business et la cre\u0301ativite\u0301. \u00ab <\/span><i><span style=\"font-weight: 400;\">Pour accompagner des jeunes entreprises qui, re\u0301solument, ont un impact sur maintenant et sur demain, le programme Future On Stage permet d'aller plus loin dans notre mission prospective au regard d'un marche\u0301 qui e\u0301volue, <\/span><\/i><span style=\"font-weight: 400;\">a d\u00e9clar\u00e9 Me\u0301lanie Leroy, directrice ge\u0301ne\u0301rale de la SAFI, soci\u00e9t\u00e9 organisatrice du salon Maison&#038;Objet Paris. <\/span><i><span style=\"font-weight: 400;\">A\u0300 l'instar d'un incubateur, Maison&#038;Objet acce\u0301le\u0300re le de\u0301veloppement de ces pe\u0301pites et de l'autre co\u0302te\u0301, ces Digital Native Vertical Brands qui ont quelque chose a\u0300 dire, sont une valeur ajoute\u0301e pour les acheteurs du retail et pour des architectes de\u0301sireux d&rsquo;asseoir leur singularite\u0301 avec des marques diffe\u0301renciantes.<\/span><\/i><span style=\"font-weight: 400;\"> \u00bb<\/span><\/p>\n<p><span style=\"font-weight: 400;\">Pour sa nouvelle e\u0301dition et dans le cadre de la the\u0301matique TECH EDEN, Future On Stage a distingu\u00e9 trois jeunes entreprises \u00ab\u00a0qui adoptent des de\u0301marches prospectives pleines d'avenir\u00a0\u00bb : Anga (France), Bluecycle (Gre\u0300ce) et Tosco studio (Portugal).<\/span><\/p>\n<p><span style=\"font-weight: 400;\">La marque Bluecycle propose notamment des meubles aux formes et textures inspire\u0301es de la vie aquatique et fabrique\u0301s a\u0300 partir de de\u0301chets plastiques marins. \u00ab\u00a0Imprime\u0301s en 3D, des vases, des bancs et des chaises donnent une seconde vie aux vieux filets de pe\u0302che ou au mate\u0301riel d'expe\u0301dition re\u0301cupe\u0301re\u0301s en mer Ege\u0301e, directement dans le port d'Athe\u0300nes ou sur 30 points de collecte grecs\u00a0\u00bb.<\/span><\/p>\n<p><span style=\"font-weight: 400;\">\u00ab <\/span><i><span style=\"font-weight: 400;\">Notre premie\u0300re de\u0301marche a e\u0301te\u0301 de re\u0301cupe\u0301rer les de\u0301chets marins entre les i\u0302les grecques<\/span><\/i><span style=\"font-weight: 400;\">, a racont\u00e9 Suzanna Laskaridis, fondatrice de Bluecycle. <\/span><i><span style=\"font-weight: 400;\">C'est en cherchant a\u0300 re\u0301injecter le plastique collecte\u0301 dans l'industrie que, quelques anne\u0301es plus tard, nous avons e\u0301labore\u0301 nos produits. Apre\u0300s la transformation de vieux filets en pots ou en assises outdoor, nous pre\u0301parons une se\u0301rie homeware qui attestera de nos nouvelles recherches : nous avons trouve\u0301 une technique pour combiner nos propres de\u0301chets avec deux autres mate\u0301riaux de\u0301rive\u0301s. Eureka !<\/span><\/i><span style=\"font-weight: 400;\"> \u00bb<\/span>[\/vc_column_text][vc_empty_space][vc_gallery type=\u00a0\u00bbflexslider_slide\u00a0\u00bb interval=\u00a0\u00bb0&Prime; images=\u00a0\u00bb7038,7039&Prime; img_size=\u00a0\u00bbfull\u00a0\u00bb][vc_empty_space][vc_column_text]<span style=\"font-weight: 400;\">Int\u00e9gr\u00e9e \u00e0 l'exposition \u00ab\u00a0What's new in decor ?\u00a0\u00bb, la d\u00e9marche de la jeune entreprise innovante Ostrea a \u00e9galement \u00e9t\u00e9 remarqu\u00e9e. Cette derni\u00e8re a d\u00e9velopp\u00e9 un mat\u00e9riau \u00e9cologique compos\u00e9 \u00e0 65% de coquillages recycl\u00e9s, \u00e0 destination du secteur de la construction et de l'am\u00e9nagement d&rsquo;int\u00e9rieur.<\/span>[\/vc_column_text][vc_empty_space][vc_gallery type=\u00a0\u00bbflexslider_slide\u00a0\u00bb interval=\u00a0\u00bb0&Prime; images=\u00a0\u00bb7040,7041&Prime; img_size=\u00a0\u00bbfull\u00a0\u00bb][vc_empty_space][vc_column_text]<span style=\"font-weight: 400;\">Ce salon \u00e9tait aussi l'occasion de faire de belles d\u00e9couvertes comme Q de bouteilles, une entreprise fran\u00e7aise qui surcycle et transforme les contenants en verre en objets d&rsquo;art de la table et de d\u00e9coration.<\/span>[\/vc_column_text][vc_empty_space][vc_gallery type=\u00a0\u00bbflexslider_slide\u00a0\u00bb interval=\u00a0\u00bb0&Prime; images=\u00a0\u00bb7042,7043&Prime; img_size=\u00a0\u00bbfull\u00a0\u00bb][vc_empty_space][\/vc_column][\/vc_row][vc_row content_text_aligment=\u00a0\u00bbcenter\u00a0\u00bb][vc_column parallax=\u00a0\u00bbcontent-moving\u00a0\u00bb parallax_image=\u00a0\u00bb5672&Prime;]<div class=\"edgtf-section-title-holder  edgtf-st-standard edgtf-st-title-left edgtf-st-normal-space \" style=\"text-align: center\">\n\t<div class=\"edgtf-st-inner\">\n\t\t\t\t\t<h2 class=\"edgtf-st-title\" style=\"color: #00dd96\">\n\t\t\t\t.newsletter\t\t\t<\/h2>\n\t\t\t\t\t<\/div>\n<\/div>[vc_column_text]<span style=\"color: #ffffff;\">Recevez les actualit\u00e9s et tendances retail en exclusivit\u00e9 !<\/span>[\/vc_column_text][vc_empty_space][vc_btn title=\u00a0\u00bbJe m&rsquo;abonne\u00a0\u00bb style=\u00a0\u00bboutline-custom\u00a0\u00bb outline_custom_color=\u00a0\u00bb#ffffff\u00a0\u00bb outline_custom_hover_background=\u00a0\u00bb#666666&Prime; outline_custom_hover_text=\u00a0\u00bb#ffffff\u00a0\u00bb class=\u00a0\u00bbc-link\u00a0\u00bb href=\u00a0\u00bbhttp:\/\/2fforms.sbc32.com\/\u00a0\u00bb target=\u00a0\u00bb_blank\u00a0\u00bb rel=\u00a0\u00bbnoopener noreferrer\u00a0\u00bb data-stringify-link=\u00a0\u00bbhttp:\/\/2Fforms.sbc32.com\u00a0\u00bb link=\u00a0\u00bburl:https%3A%2F%2Fforms.sbc32.com%2F65046ef85fef6a5fa6e7a5c0%2FwU3RssckT3CNNqCwsRf6Jg%2Fform.html|target:_blank\u00a0\u00bb][vc_empty_space height=\u00a0\u00bb12px\u00a0\u00bb][\/vc_column][\/vc_row]<\/p>\n<\/section>","protected":false},"excerpt":{"rendered":"<p>\u00c0 l&rsquo;occasion de ses 30 ans, le salon Maison&#038;Objet a souhait\u00e9 projeter les 60 000 visiteurs attendus dans un avenir r\u00e9enchant\u00e9.<\/p>\n","protected":false},"author":17,"featured_media":7019,"menu_order":0,"comment_status":"closed","ping_status":"closed","template":"","meta":{"_acf_changed":false,"color_menu":"","footer_color_background":"","featured_image_url":"","footnotes":""},"categories":[278],"tags":[],"news-type-taxonomy":[],"news-topic-taxonomy":[],"class_list":["post-7018","news","type-news","status-publish","has-post-thumbnail","hentry","category-commerce-durable"],"acf":[],"yoast_head":"<!-- This site is optimized with the Yoast SEO plugin v27.5 - https:\/\/yoast.com\/product\/yoast-seo-wordpress\/ -->\n<title>Maison&amp;Objet 2024 : Retail &amp; Eco-responsabilit\u00e9. - Altavia<\/title>\n<meta name=\"robots\" content=\"index, follow, max-snippet:-1, max-image-preview:large, max-video-preview:-1\" \/>\n<meta property=\"og:locale\" content=\"fr_FR\" \/>\n<meta property=\"og:type\" content=\"article\" \/>\n<meta property=\"og:title\" content=\"Maison&amp;Objet 2024 : Retail &amp; Eco-responsabilit\u00e9. - Altavia\" \/>\n<meta property=\"og:description\" content=\"\u00c0 l&#039;occasion de ses 30 ans, le salon Maison&amp;Objet a souhait\u00e9 projeter les 60 000 visiteurs attendus dans un avenir r\u00e9enchant\u00e9.\" \/>\n<meta property=\"og:url\" content=\"https:\/\/altavia-group.com\/fr\/news\/maisonobjet-2024-retail-eco-responsabilite\/\" \/>\n<meta property=\"og:site_name\" content=\"Altavia\" \/>\n<meta property=\"article:modified_time\" content=\"2026-02-09T11:12:25+00:00\" \/>\n<meta property=\"og:image\" content=\"https:\/\/altavia-group.com\/wp-content\/uploads\/2026\/02\/maisonetobjets-1.jpeg\" \/>\n\t<meta property=\"og:image:width\" content=\"1\" \/>\n\t<meta property=\"og:image:height\" content=\"1\" \/>\n\t<meta property=\"og:image:type\" content=\"image\/jpeg\" \/>\n<meta name=\"twitter:card\" content=\"summary_large_image\" \/>\n<meta name=\"twitter:label1\" content=\"Est. reading time\" \/>\n\t<meta name=\"twitter:data1\" content=\"8 minutes\" \/>\n<script type=\"application\/ld+json\" class=\"yoast-schema-graph\">{\"@context\":\"https:\\\/\\\/schema.org\",\"@graph\":[{\"@type\":\"WebPage\",\"@id\":\"https:\\\/\\\/altavia-group.com\\\/fr\\\/news\\\/maisonobjet-2024-retail-eco-responsabilite\\\/\",\"url\":\"https:\\\/\\\/altavia-group.com\\\/fr\\\/news\\\/maisonobjet-2024-retail-eco-responsabilite\\\/\",\"name\":\"Maison&Objet 2024 : Retail & Eco-responsabilit\u00e9. - Altavia\",\"isPartOf\":{\"@id\":\"https:\\\/\\\/altavia-group.com\\\/#website\"},\"primaryImageOfPage\":{\"@id\":\"https:\\\/\\\/altavia-group.com\\\/fr\\\/news\\\/maisonobjet-2024-retail-eco-responsabilite\\\/#primaryimage\"},\"image\":{\"@id\":\"https:\\\/\\\/altavia-group.com\\\/fr\\\/news\\\/maisonobjet-2024-retail-eco-responsabilite\\\/#primaryimage\"},\"thumbnailUrl\":\"https:\\\/\\\/altavia-group.com\\\/wp-content\\\/uploads\\\/2026\\\/02\\\/maisonetobjets-1.jpeg\",\"datePublished\":\"2024-01-25T09:56:49+00:00\",\"dateModified\":\"2026-02-09T11:12:25+00:00\",\"breadcrumb\":{\"@id\":\"https:\\\/\\\/altavia-group.com\\\/fr\\\/news\\\/maisonobjet-2024-retail-eco-responsabilite\\\/#breadcrumb\"},\"inLanguage\":\"fr-FR\",\"potentialAction\":[{\"@type\":\"ReadAction\",\"target\":[\"https:\\\/\\\/altavia-group.com\\\/fr\\\/news\\\/maisonobjet-2024-retail-eco-responsabilite\\\/\"]}]},{\"@type\":\"ImageObject\",\"inLanguage\":\"fr-FR\",\"@id\":\"https:\\\/\\\/altavia-group.com\\\/fr\\\/news\\\/maisonobjet-2024-retail-eco-responsabilite\\\/#primaryimage\",\"url\":\"https:\\\/\\\/altavia-group.com\\\/wp-content\\\/uploads\\\/2026\\\/02\\\/maisonetobjets-1.jpeg\",\"contentUrl\":\"https:\\\/\\\/altavia-group.com\\\/wp-content\\\/uploads\\\/2026\\\/02\\\/maisonetobjets-1.jpeg\",\"caption\":\"Maison&Objet 2024 : Retail & Eco-responsabilit\u00e9.\"},{\"@type\":\"BreadcrumbList\",\"@id\":\"https:\\\/\\\/altavia-group.com\\\/fr\\\/news\\\/maisonobjet-2024-retail-eco-responsabilite\\\/#breadcrumb\",\"itemListElement\":[{\"@type\":\"ListItem\",\"position\":1,\"name\":\"Home\",\"item\":\"https:\\\/\\\/altavia-group.com\\\/fr\\\/\"},{\"@type\":\"ListItem\",\"position\":2,\"name\":\"News\",\"item\":\"https:\\\/\\\/altavia-group.com\\\/fr\\\/news\\\/\"},{\"@type\":\"ListItem\",\"position\":3,\"name\":\"Maison&#038;Objet 2024 : Retail &#038; Eco-responsabilit\u00e9.\"}]},{\"@type\":\"WebSite\",\"@id\":\"https:\\\/\\\/altavia-group.com\\\/#website\",\"url\":\"https:\\\/\\\/altavia-group.com\\\/\",\"name\":\"Altavia\",\"description\":\"Let\u2019s unlock our imagination.\",\"publisher\":{\"@id\":\"https:\\\/\\\/altavia-group.com\\\/#organization\"},\"potentialAction\":[{\"@type\":\"SearchAction\",\"target\":{\"@type\":\"EntryPoint\",\"urlTemplate\":\"https:\\\/\\\/altavia-group.com\\\/?s={search_term_string}\"},\"query-input\":{\"@type\":\"PropertyValueSpecification\",\"valueRequired\":true,\"valueName\":\"search_term_string\"}}],\"inLanguage\":\"fr-FR\"},{\"@type\":\"Organization\",\"@id\":\"https:\\\/\\\/altavia-group.com\\\/#organization\",\"name\":\"Altavia\",\"url\":\"https:\\\/\\\/altavia-group.com\\\/\",\"logo\":{\"@type\":\"ImageObject\",\"inLanguage\":\"fr-FR\",\"@id\":\"https:\\\/\\\/altavia-group.com\\\/#\\\/schema\\\/logo\\\/image\\\/\",\"url\":\"http:\\\/\\\/altavia-group.com\\\/wp-content\\\/uploads\\\/2024\\\/12\\\/cropped-favicon-altavia.png\",\"contentUrl\":\"http:\\\/\\\/altavia-group.com\\\/wp-content\\\/uploads\\\/2024\\\/12\\\/cropped-favicon-altavia.png\",\"width\":512,\"height\":512,\"caption\":\"Altavia\"},\"image\":{\"@id\":\"https:\\\/\\\/altavia-group.com\\\/#\\\/schema\\\/logo\\\/image\\\/\"}}]}<\/script>\n<!-- \/ Yoast SEO plugin. -->","yoast_head_json":{"title":"Maison&Objet 2024 : Retail & Eco-responsabilit\u00e9. - Altavia","robots":{"index":"index","follow":"follow","max-snippet":"max-snippet:-1","max-image-preview":"max-image-preview:large","max-video-preview":"max-video-preview:-1"},"og_locale":"fr_FR","og_type":"article","og_title":"Maison&Objet 2024 : Retail & Eco-responsabilit\u00e9. - Altavia","og_description":"\u00c0 l'occasion de ses 30 ans, le salon Maison&Objet a souhait\u00e9 projeter les 60 000 visiteurs attendus dans un avenir r\u00e9enchant\u00e9.","og_url":"https:\/\/altavia-group.com\/fr\/news\/maisonobjet-2024-retail-eco-responsabilite\/","og_site_name":"Altavia","article_modified_time":"2026-02-09T11:12:25+00:00","og_image":[{"url":"https:\/\/altavia-group.com\/wp-content\/uploads\/2026\/02\/maisonetobjets-1.jpeg","width":1,"height":1,"type":"image\/jpeg"}],"twitter_card":"summary_large_image","twitter_misc":{"Est. reading time":"8 minutes"},"schema":{"@context":"https:\/\/schema.org","@graph":[{"@type":"WebPage","@id":"https:\/\/altavia-group.com\/fr\/news\/maisonobjet-2024-retail-eco-responsabilite\/","url":"https:\/\/altavia-group.com\/fr\/news\/maisonobjet-2024-retail-eco-responsabilite\/","name":"Maison&Objet 2024 : Retail & Eco-responsabilit\u00e9. - Altavia","isPartOf":{"@id":"https:\/\/altavia-group.com\/#website"},"primaryImageOfPage":{"@id":"https:\/\/altavia-group.com\/fr\/news\/maisonobjet-2024-retail-eco-responsabilite\/#primaryimage"},"image":{"@id":"https:\/\/altavia-group.com\/fr\/news\/maisonobjet-2024-retail-eco-responsabilite\/#primaryimage"},"thumbnailUrl":"https:\/\/altavia-group.com\/wp-content\/uploads\/2026\/02\/maisonetobjets-1.jpeg","datePublished":"2024-01-25T09:56:49+00:00","dateModified":"2026-02-09T11:12:25+00:00","breadcrumb":{"@id":"https:\/\/altavia-group.com\/fr\/news\/maisonobjet-2024-retail-eco-responsabilite\/#breadcrumb"},"inLanguage":"fr-FR","potentialAction":[{"@type":"ReadAction","target":["https:\/\/altavia-group.com\/fr\/news\/maisonobjet-2024-retail-eco-responsabilite\/"]}]},{"@type":"ImageObject","inLanguage":"fr-FR","@id":"https:\/\/altavia-group.com\/fr\/news\/maisonobjet-2024-retail-eco-responsabilite\/#primaryimage","url":"https:\/\/altavia-group.com\/wp-content\/uploads\/2026\/02\/maisonetobjets-1.jpeg","contentUrl":"https:\/\/altavia-group.com\/wp-content\/uploads\/2026\/02\/maisonetobjets-1.jpeg","caption":"Maison&Objet 2024 : Retail & Eco-responsabilit\u00e9."},{"@type":"BreadcrumbList","@id":"https:\/\/altavia-group.com\/fr\/news\/maisonobjet-2024-retail-eco-responsabilite\/#breadcrumb","itemListElement":[{"@type":"ListItem","position":1,"name":"Home","item":"https:\/\/altavia-group.com\/fr\/"},{"@type":"ListItem","position":2,"name":"News","item":"https:\/\/altavia-group.com\/fr\/news\/"},{"@type":"ListItem","position":3,"name":"Maison&#038;Objet 2024 : Retail &#038; Eco-responsabilit\u00e9."}]},{"@type":"WebSite","@id":"https:\/\/altavia-group.com\/#website","url":"https:\/\/altavia-group.com\/","name":"Altavia","description":"Let\u2019s unlock our imagination.","publisher":{"@id":"https:\/\/altavia-group.com\/#organization"},"potentialAction":[{"@type":"SearchAction","target":{"@type":"EntryPoint","urlTemplate":"https:\/\/altavia-group.com\/?s={search_term_string}"},"query-input":{"@type":"PropertyValueSpecification","valueRequired":true,"valueName":"search_term_string"}}],"inLanguage":"fr-FR"},{"@type":"Organization","@id":"https:\/\/altavia-group.com\/#organization","name":"Altavia","url":"https:\/\/altavia-group.com\/","logo":{"@type":"ImageObject","inLanguage":"fr-FR","@id":"https:\/\/altavia-group.com\/#\/schema\/logo\/image\/","url":"http:\/\/altavia-group.com\/wp-content\/uploads\/2024\/12\/cropped-favicon-altavia.png","contentUrl":"http:\/\/altavia-group.com\/wp-content\/uploads\/2024\/12\/cropped-favicon-altavia.png","width":512,"height":512,"caption":"Altavia"},"image":{"@id":"https:\/\/altavia-group.com\/#\/schema\/logo\/image\/"}}]}},"_links":{"self":[{"href":"https:\/\/altavia-group.com\/fr\/wp-json\/wp\/v2\/news\/7018","targetHints":{"allow":["GET"]}}],"collection":[{"href":"https:\/\/altavia-group.com\/fr\/wp-json\/wp\/v2\/news"}],"about":[{"href":"https:\/\/altavia-group.com\/fr\/wp-json\/wp\/v2\/types\/news"}],"author":[{"embeddable":true,"href":"https:\/\/altavia-group.com\/fr\/wp-json\/wp\/v2\/users\/17"}],"replies":[{"embeddable":true,"href":"https:\/\/altavia-group.com\/fr\/wp-json\/wp\/v2\/comments?post=7018"}],"version-history":[{"count":0,"href":"https:\/\/altavia-group.com\/fr\/wp-json\/wp\/v2\/news\/7018\/revisions"}],"wp:featuredmedia":[{"embeddable":true,"href":"https:\/\/altavia-group.com\/fr\/wp-json\/wp\/v2\/media\/7019"}],"wp:attachment":[{"href":"https:\/\/altavia-group.com\/fr\/wp-json\/wp\/v2\/media?parent=7018"}],"wp:term":[{"taxonomy":"category","embeddable":true,"href":"https:\/\/altavia-group.com\/fr\/wp-json\/wp\/v2\/categories?post=7018"},{"taxonomy":"post_tag","embeddable":true,"href":"https:\/\/altavia-group.com\/fr\/wp-json\/wp\/v2\/tags?post=7018"},{"taxonomy":"news-type-taxonomy","embeddable":true,"href":"https:\/\/altavia-group.com\/fr\/wp-json\/wp\/v2\/news-type-taxonomy?post=7018"},{"taxonomy":"news-topic-taxonomy","embeddable":true,"href":"https:\/\/altavia-group.com\/fr\/wp-json\/wp\/v2\/news-topic-taxonomy?post=7018"}],"curies":[{"name":"wp","href":"https:\/\/api.w.org\/{rel}","templated":true}]}}