{"id":7089,"date":"2024-01-31T16:34:59","date_gmt":"2024-01-31T15:34:59","guid":{"rendered":"https:\/\/altaviagroudev.wpenginepowered.com\/news\/la-montee-en-puissance-du-social-commerce-se-poursuit\/"},"modified":"2026-02-09T12:12:48","modified_gmt":"2026-02-09T11:12:48","slug":"la-montee-en-puissance-du-social-commerce-se-poursuit","status":"publish","type":"news","link":"https:\/\/altavia-group.com\/fr\/news\/la-montee-en-puissance-du-social-commerce-se-poursuit\/","title":{"rendered":"La mont\u00e9e en puissance du social commerce se poursuit."},"content":{"rendered":"<section class=\"wpb-content-wrapper\"><p>[vc_row css=\u00a0\u00bb.vc_custom_1519392503248{padding-top: 18px !important;}\u00a0\u00bb][vc_column][vc_column_text]<\/p>\n<h6>F\u00e9lix Bassous et Patrick Eymann, cofondateurs de Showplace.<br \/>\n\u00a9 Showplace<\/h6>\n<p>[\/vc_column_text][vc_empty_space height=\u00a0\u00bb37px\u00a0\u00bb]<div class=\"edgtf-elements-holder   edgtf-one-column  edgtf-responsive-mode-768 \" ><div class=\"edgtf-eh-item    \"  data-item-class=\"edgtf-eh-custom-6726\" data-1280-1600=\"0 0\" data-1024-1280=\"0 0\" data-768-1024=\"0 30px 0 0\" data-680-768=\"0 20px 0 0\" data-680=\"0 0\">\n\t<div class=\"edgtf-eh-item-inner\">\n\t\t<div class=\"edgtf-eh-item-content edgtf-eh-custom-6726\" style=\"padding: 0 50px 0 0\">\n\t\t\t[vc_column_text]<\/p>\n<h4><span class=\"edgtf-dropcaps edgtf-normal\" style=\"color: #1b1c21\">88<\/span>% des Fran\u00e7ais sont utilisateurs des r\u00e9seaux sociaux, toutes plateformes confondues d'apr\u00e8s R\u00e9publik Retail et L&rsquo;\u00c9changeur BNP Paribas Personal Finance (janv 2023). Ces canaux de promotion, dont la mont\u00e9e en puissance n'est plus \u00e0 d\u00e9montrer, sont investis par les marques qui s'en emparent pour d\u00e9velopper les ventes.<\/h4>\n<p>\u00a0<\/p>\n<p><b>Pour mieux comprendre le ph\u00e9nom\u00e8ne, nous avons pos\u00e9 quelques questions \u00e0 F\u00e9lix Bassous, CEO de <\/b><a href=\"https:\/\/www.showplace.fr\/\" target=\"_blank\" rel=\"noopener\"><b>Showplace<\/b><\/a><b>, premi\u00e8re soci\u00e9t\u00e9 \u00e0 utiliser le Native Retail en France.<\/b><\/p>\n<p>\u00a0<\/p>\n<h3><b>Comment d\u00e9finir le social commerce et sur qui repose-t-il aujourd'hui\u00a0?<\/b><\/h3>\n<p>\u00a0<\/p>\n<p><b>F\u00e9lix Bassous\u00a0:<\/b><span style=\"font-weight: 400;\"> Le social commerce est l'utilisation des r\u00e9seaux sociaux et de ses acteurs afin de d\u00e9velopper les ventes. Les acteurs sont de trois types\u00a0: les influenceurs, les micro-influenceurs et les nano-influenceurs, ayant chacun une audience plus ou moins large. Quant aux formats, il s'agit principalement de simples images, de vid\u00e9os enregistr\u00e9es et mont\u00e9es, de lives ou de stories.<\/span><\/p>\n<p>\u00a0<\/p>\n<h3><b>Quelles opportunit\u00e9s business le social commerce repr\u00e9sente-t-il pour les marques et les enseignes ?<\/b><\/h3>\n<p>\u00a0<\/p>\n<p><b>F. B : <\/b><span style=\"font-weight: 400;\">Le social commerce, c'est l'opportunit\u00e9 pour une marque de toucher sa propre client\u00e8le diff\u00e9remment, en adoptant un format plus intime. Les influenceurs dans leur globalit\u00e9 ont une tr\u00e8s bonne cr\u00e9dibilit\u00e9 aupr\u00e8s de leur cible. Ils rassurent leur audience. Pr\u00e9cisons qu'un influenceur n'est pas toujours suivi parce qu'il est expert dans un domaine. Il l'est parfois pour ses talents, artistiques par exemple.<\/span><\/p>\n<p><span style=\"font-weight: 400;\">Les social medias, comme Instagram ou TikTok, repr\u00e9sentent aussi pour les marques la possibilit\u00e9 de toucher de nouvelles cibles, plus jeunes &#8211; car Facebook s'est s\u00e9nioris\u00e9 -, mais aussi l'opportunit\u00e9 d'\u00eatre moins d\u00e9pendantes des m\u00e9dias traditionnels et ainsi, de diversifier leurs moyens d'acquisition.<\/span><\/p>\n<p><span style=\"font-weight: 400;\">Enfin, le social commerce permet de cibler des personnes qui s'int\u00e9ressent \u00e0 un sujet en particulier, parfois de niche. Ce qui peut \u00eatre redoutablement efficace en termes de ciblage.<\/span><\/p>\n<p>\u00a0<\/p>\n<h3><b>Quels sont les points de vigilance pour une marque\u00a0?<\/b><\/h3>\n<p>\u00a0<\/p>\n<p><b>F. B : <\/b><span style=\"font-weight: 400;\">Pour que ces canaux de promotion soient bien utilis\u00e9s, une marque doit en ma\u00eetriser les codes de langages et s'appuyer sur un bon socle digital. L'objectif est de bien estimer le ROI de l'op\u00e9ration, qui est double : d'une part sur la notori\u00e9t\u00e9, avec les interactions sur les r\u00e9seaux utilis\u00e9s ainsi que le trafic enregistr\u00e9 sur la page de destination ; d'autre part sur le nombre de ventes g\u00e9n\u00e9r\u00e9es, si l'objectif final est de g\u00e9n\u00e9rer du chiffre d'affaires.<\/span><\/p>\n<p><span style=\"font-weight: 400;\">En 2024, il faut bien admettre que tous les acteurs du retail ne sont pas capables de tracer pr\u00e9cis\u00e9ment la campagne digitale qui va g\u00e9n\u00e9rer telle vente ou telle vente. Les acteurs, notamment historiques, sont loin d'\u00eatre tous matures. Mais le secteur s'est beaucoup structur\u00e9 avec l'apparition d'agences sp\u00e9cialis\u00e9es ou les grandes agences de communication plus traditionnelles ayant d\u00e9cid\u00e9 de d\u00e9velopper cette offre.<\/span><\/p>\n<p>\u00a0<\/p>\n<h3><b>TikTok est pr\u00e9sent\u00e9 comme une nouvelle opportunit\u00e9 pour les marques en 2024. Pourquoi\u00a0?<\/b><\/h3>\n<p>\u00a0<\/p>\n<p><b>F. B :<\/b><span style=\"font-weight: 400;\"> Personne ne l'avait vu venir mais en seulement quelques ann\u00e9es, TikTok est devenu une destination incontournable pour 21,4 millions de fran\u00e7ais (<\/span><i><span style=\"font-weight: 400;\">source TikTok, octobre 2023<\/span><\/i><span style=\"font-weight: 400;\">). Ce contenu snack\u00e9 sous format vid\u00e9o a bouscul\u00e9 le secteur avec l'arriv\u00e9e de nouveaux influenceurs, plus jeunes, qui n'\u00e9taient m\u00eame pas sur Instagram parfois.<\/span><\/p>\n<p>\u00a0<\/p>\n<h3><b>Pourquoi les influenceurs int\u00e9ressent-ils tant les marques\u00a0?<\/b><\/h3>\n<p>\u00a0<\/p>\n<p><b>F. B :<\/b><span style=\"font-weight: 400;\"> Ils incarnent des formats micro-agiles qui permettent aux directions marketing de tester des contenus et des messages aupr\u00e8s de nouvelles communaut\u00e9s. En 2024, certaines marques cr\u00e9eront sans doute moins de grandes campagnes, pour multiplier les op\u00e9rations d'influence marketing.\u00a0<\/span><\/p>\n<p>\u00a0<\/p>\n<h3><b>Quel regard portez-vous sur les scandales des influenceurs et des micro-influenceurs dans le social commerce\u00a0? Quelle est la solution pour \u00e9viter les d\u00e9rives ?<\/b><\/h3>\n<p>\u00a0<\/p>\n<p><b>F. B :<\/b><span style=\"font-weight: 400;\"> Lorsqu'ils sont apparus, les influenceurs ont \u00e9chapp\u00e9 \u00e0 tout encadrement l\u00e9gislatif. Des d\u00e9rives ont \u00e9t\u00e9 observ\u00e9es sur des produits qui ne tenaient pas leurs promesses et qui \u00e9taient m\u00eame dangereux pour la sant\u00e9. Or les r\u00e9seaux sont particuli\u00e8rement utilis\u00e9s par des cibles jeunes, plus \u00ab\u00a0innocentes\u00a0\u00bb.\u00a0<\/span><\/p>\n<p><span style=\"font-weight: 400;\">Des<\/span> <span style=\"font-weight: 400;\">garde-fous ont heureusement \u00e9t\u00e9 mis en place par la suite. La loi doit continuer \u00e0 cadrer ces nouvelles pratiques commerciales et \u00e0 les sanctionner lorsqu'elles ne respectent pas les r\u00e8gles. Il me semble \u00e9galement important de responsabiliser les influenceurs car ce sont eux les prescripteurs d'achat.\u00a0<\/span><\/p>\n<p>\u00a0<\/p>\n<h3><b>Le social commerce semble encore avoir de beaux jours devant lui\u2026<\/b><\/h3>\n<p>\u00a0<\/p>\n<p><b>F. B :<\/b><span style=\"font-weight: 400;\"> \u00c0 n'en pas douter ! Les influenceurs, micro-influenceurs et nano-influenceurs ne sont plus un micro-ph\u00e9nom\u00e8ne mais bien un canal de promotion \u00e0 part enti\u00e8re. De nouveaux comptes se cr\u00e9ent chaque jour.<\/span><\/p>\n<p><span style=\"font-weight: 400;\">Le ph\u00e9nom\u00e8ne des micro-influenceurs dans le B2B, qui a \u00e9merg\u00e9 r\u00e9cemment \u2013 notamment sur Linkedin -, va quant \u00e0 lui s'acc\u00e9l\u00e9rer.\u00a0<\/span><\/p>\n<p><span style=\"font-weight: 400;\">Autre tendance amen\u00e9e \u00e0 se d\u00e9velopper dans le social commerce\u00a0: l'IA. Des influenceurs 100% virtuels ont des communaut\u00e9s de milliers et parfois de millions de personnes. <\/span>[\/vc_column_text]\t\t<\/div>\n\t<\/div>\n<\/div><\/div>[vc_empty_space height=\u00a0\u00bb37px\u00a0\u00bb][\/vc_column][\/vc_row][vc_row content_text_aligment=\u00a0\u00bbcenter\u00a0\u00bb][vc_column parallax=\u00a0\u00bbcontent-moving\u00a0\u00bb parallax_image=\u00a0\u00bb5672&Prime;]<div class=\"edgtf-section-title-holder  edgtf-st-standard edgtf-st-title-left edgtf-st-normal-space \" style=\"text-align: center\">\n\t<div class=\"edgtf-st-inner\">\n\t\t\t\t\t<h2 class=\"edgtf-st-title\" style=\"color: #00dd96\">\n\t\t\t\t.newsletter\t\t\t<\/h2>\n\t\t\t\t\t<\/div>\n<\/div>[vc_column_text]<span style=\"color: #ffffff;\">Recevez les actualit\u00e9s et tendances retail en exclusivit\u00e9 !<\/span>[\/vc_column_text][vc_empty_space][vc_btn title=\u00a0\u00bbJe m&rsquo;abonne\u00a0\u00bb style=\u00a0\u00bboutline-custom\u00a0\u00bb outline_custom_color=\u00a0\u00bb#ffffff\u00a0\u00bb outline_custom_hover_background=\u00a0\u00bb#666666&Prime; outline_custom_hover_text=\u00a0\u00bb#ffffff\u00a0\u00bb class=\u00a0\u00bbc-link\u00a0\u00bb href=\u00a0\u00bbhttp:\/\/2fforms.sbc32.com\/\u00a0\u00bb target=\u00a0\u00bb_blank\u00a0\u00bb rel=\u00a0\u00bbnoopener noreferrer\u00a0\u00bb data-stringify-link=\u00a0\u00bbhttp:\/\/2Fforms.sbc32.com\u00a0\u00bb link=\u00a0\u00bburl:https%3A%2F%2Fforms.sbc32.com%2F65046ef85fef6a5fa6e7a5c0%2FwU3RssckT3CNNqCwsRf6Jg%2Fform.html|target:_blank\u00a0\u00bb][vc_empty_space height=\u00a0\u00bb12px\u00a0\u00bb][\/vc_column][\/vc_row]<\/p>\n<\/section>","protected":false},"excerpt":{"rendered":"<p>88 % des Fran\u00e7ais sont utilisateurs des r\u00e9seaux sociaux, toutes plateformes confondues d\u2019apr\u00e8s R\u00e9publik Retail et L&rsquo;\u00c9changeur BNP Paribas Personal Finance (janv 2023).<\/p>\n","protected":false},"author":17,"featured_media":7090,"menu_order":0,"comment_status":"closed","ping_status":"closed","template":"","meta":{"_acf_changed":false,"color_menu":"","footer_color_background":"","featured_image_url":"","footnotes":""},"categories":[276],"tags":[],"news-type-taxonomy":[],"news-topic-taxonomy":[],"class_list":["post-7089","news","type-news","status-publish","has-post-thumbnail","hentry","category-activation-commerciale"],"acf":[],"yoast_head":"<!-- This site is optimized with the Yoast SEO plugin v27.5 - https:\/\/yoast.com\/product\/yoast-seo-wordpress\/ -->\n<title>La mont\u00e9e en puissance du social commerce se poursuit. - Altavia<\/title>\n<meta name=\"robots\" content=\"index, follow, max-snippet:-1, max-image-preview:large, max-video-preview:-1\" \/>\n<meta property=\"og:locale\" content=\"fr_FR\" \/>\n<meta property=\"og:type\" content=\"article\" \/>\n<meta property=\"og:title\" content=\"La mont\u00e9e en puissance du social commerce se poursuit. - Altavia\" \/>\n<meta property=\"og:description\" content=\"88 % des Fran\u00e7ais sont utilisateurs des r\u00e9seaux sociaux, toutes plateformes confondues d\u2019apr\u00e8s R\u00e9publik Retail et L&#039;\u00c9changeur BNP Paribas Personal Finance (janv 2023).\" \/>\n<meta property=\"og:url\" content=\"https:\/\/altavia-group.com\/fr\/news\/la-montee-en-puissance-du-social-commerce-se-poursuit\/\" \/>\n<meta property=\"og:site_name\" content=\"Altavia\" \/>\n<meta property=\"article:modified_time\" content=\"2026-02-09T11:12:48+00:00\" \/>\n<meta property=\"og:image\" content=\"https:\/\/altavia-group.com\/wp-content\/uploads\/2026\/02\/Cofondateurs-Showplace-Patrick-Eymann-Felix-Bassous-copie-1.jpg\" \/>\n\t<meta property=\"og:image:width\" content=\"1\" \/>\n\t<meta property=\"og:image:height\" content=\"1\" \/>\n\t<meta property=\"og:image:type\" content=\"image\/jpeg\" \/>\n<meta name=\"twitter:card\" content=\"summary_large_image\" \/>\n<meta name=\"twitter:label1\" content=\"Est. reading time\" \/>\n\t<meta name=\"twitter:data1\" content=\"5 minutes\" \/>\n<script type=\"application\/ld+json\" class=\"yoast-schema-graph\">{\"@context\":\"https:\\\/\\\/schema.org\",\"@graph\":[{\"@type\":\"WebPage\",\"@id\":\"https:\\\/\\\/altavia-group.com\\\/fr\\\/news\\\/la-montee-en-puissance-du-social-commerce-se-poursuit\\\/\",\"url\":\"https:\\\/\\\/altavia-group.com\\\/fr\\\/news\\\/la-montee-en-puissance-du-social-commerce-se-poursuit\\\/\",\"name\":\"La mont\u00e9e en puissance du social commerce se poursuit. - Altavia\",\"isPartOf\":{\"@id\":\"https:\\\/\\\/altavia-group.com\\\/#website\"},\"primaryImageOfPage\":{\"@id\":\"https:\\\/\\\/altavia-group.com\\\/fr\\\/news\\\/la-montee-en-puissance-du-social-commerce-se-poursuit\\\/#primaryimage\"},\"image\":{\"@id\":\"https:\\\/\\\/altavia-group.com\\\/fr\\\/news\\\/la-montee-en-puissance-du-social-commerce-se-poursuit\\\/#primaryimage\"},\"thumbnailUrl\":\"https:\\\/\\\/altavia-group.com\\\/wp-content\\\/uploads\\\/2026\\\/02\\\/Cofondateurs-Showplace-Patrick-Eymann-Felix-Bassous-copie-1.jpg\",\"datePublished\":\"2024-01-31T15:34:59+00:00\",\"dateModified\":\"2026-02-09T11:12:48+00:00\",\"breadcrumb\":{\"@id\":\"https:\\\/\\\/altavia-group.com\\\/fr\\\/news\\\/la-montee-en-puissance-du-social-commerce-se-poursuit\\\/#breadcrumb\"},\"inLanguage\":\"fr-FR\",\"potentialAction\":[{\"@type\":\"ReadAction\",\"target\":[\"https:\\\/\\\/altavia-group.com\\\/fr\\\/news\\\/la-montee-en-puissance-du-social-commerce-se-poursuit\\\/\"]}]},{\"@type\":\"ImageObject\",\"inLanguage\":\"fr-FR\",\"@id\":\"https:\\\/\\\/altavia-group.com\\\/fr\\\/news\\\/la-montee-en-puissance-du-social-commerce-se-poursuit\\\/#primaryimage\",\"url\":\"https:\\\/\\\/altavia-group.com\\\/wp-content\\\/uploads\\\/2026\\\/02\\\/Cofondateurs-Showplace-Patrick-Eymann-Felix-Bassous-copie-1.jpg\",\"contentUrl\":\"https:\\\/\\\/altavia-group.com\\\/wp-content\\\/uploads\\\/2026\\\/02\\\/Cofondateurs-Showplace-Patrick-Eymann-Felix-Bassous-copie-1.jpg\",\"caption\":\"Showplace\"},{\"@type\":\"BreadcrumbList\",\"@id\":\"https:\\\/\\\/altavia-group.com\\\/fr\\\/news\\\/la-montee-en-puissance-du-social-commerce-se-poursuit\\\/#breadcrumb\",\"itemListElement\":[{\"@type\":\"ListItem\",\"position\":1,\"name\":\"Home\",\"item\":\"https:\\\/\\\/altavia-group.com\\\/fr\\\/\"},{\"@type\":\"ListItem\",\"position\":2,\"name\":\"News\",\"item\":\"https:\\\/\\\/altavia-group.com\\\/fr\\\/news\\\/\"},{\"@type\":\"ListItem\",\"position\":3,\"name\":\"La mont\u00e9e en puissance du social commerce se poursuit.\"}]},{\"@type\":\"WebSite\",\"@id\":\"https:\\\/\\\/altavia-group.com\\\/#website\",\"url\":\"https:\\\/\\\/altavia-group.com\\\/\",\"name\":\"Altavia\",\"description\":\"Let\u2019s unlock our imagination.\",\"publisher\":{\"@id\":\"https:\\\/\\\/altavia-group.com\\\/#organization\"},\"potentialAction\":[{\"@type\":\"SearchAction\",\"target\":{\"@type\":\"EntryPoint\",\"urlTemplate\":\"https:\\\/\\\/altavia-group.com\\\/?s={search_term_string}\"},\"query-input\":{\"@type\":\"PropertyValueSpecification\",\"valueRequired\":true,\"valueName\":\"search_term_string\"}}],\"inLanguage\":\"fr-FR\"},{\"@type\":\"Organization\",\"@id\":\"https:\\\/\\\/altavia-group.com\\\/#organization\",\"name\":\"Altavia\",\"url\":\"https:\\\/\\\/altavia-group.com\\\/\",\"logo\":{\"@type\":\"ImageObject\",\"inLanguage\":\"fr-FR\",\"@id\":\"https:\\\/\\\/altavia-group.com\\\/#\\\/schema\\\/logo\\\/image\\\/\",\"url\":\"http:\\\/\\\/altavia-group.com\\\/wp-content\\\/uploads\\\/2024\\\/12\\\/cropped-favicon-altavia.png\",\"contentUrl\":\"http:\\\/\\\/altavia-group.com\\\/wp-content\\\/uploads\\\/2024\\\/12\\\/cropped-favicon-altavia.png\",\"width\":512,\"height\":512,\"caption\":\"Altavia\"},\"image\":{\"@id\":\"https:\\\/\\\/altavia-group.com\\\/#\\\/schema\\\/logo\\\/image\\\/\"}}]}<\/script>\n<!-- \/ Yoast SEO plugin. -->","yoast_head_json":{"title":"La mont\u00e9e en puissance du social commerce se poursuit. - Altavia","robots":{"index":"index","follow":"follow","max-snippet":"max-snippet:-1","max-image-preview":"max-image-preview:large","max-video-preview":"max-video-preview:-1"},"og_locale":"fr_FR","og_type":"article","og_title":"La mont\u00e9e en puissance du social commerce se poursuit. - Altavia","og_description":"88 % des Fran\u00e7ais sont utilisateurs des r\u00e9seaux sociaux, toutes plateformes confondues d\u2019apr\u00e8s R\u00e9publik Retail et L'\u00c9changeur BNP Paribas Personal Finance (janv 2023).","og_url":"https:\/\/altavia-group.com\/fr\/news\/la-montee-en-puissance-du-social-commerce-se-poursuit\/","og_site_name":"Altavia","article_modified_time":"2026-02-09T11:12:48+00:00","og_image":[{"url":"https:\/\/altavia-group.com\/wp-content\/uploads\/2026\/02\/Cofondateurs-Showplace-Patrick-Eymann-Felix-Bassous-copie-1.jpg","width":1,"height":1,"type":"image\/jpeg"}],"twitter_card":"summary_large_image","twitter_misc":{"Est. reading time":"5 minutes"},"schema":{"@context":"https:\/\/schema.org","@graph":[{"@type":"WebPage","@id":"https:\/\/altavia-group.com\/fr\/news\/la-montee-en-puissance-du-social-commerce-se-poursuit\/","url":"https:\/\/altavia-group.com\/fr\/news\/la-montee-en-puissance-du-social-commerce-se-poursuit\/","name":"La mont\u00e9e en puissance du social commerce se poursuit. - Altavia","isPartOf":{"@id":"https:\/\/altavia-group.com\/#website"},"primaryImageOfPage":{"@id":"https:\/\/altavia-group.com\/fr\/news\/la-montee-en-puissance-du-social-commerce-se-poursuit\/#primaryimage"},"image":{"@id":"https:\/\/altavia-group.com\/fr\/news\/la-montee-en-puissance-du-social-commerce-se-poursuit\/#primaryimage"},"thumbnailUrl":"https:\/\/altavia-group.com\/wp-content\/uploads\/2026\/02\/Cofondateurs-Showplace-Patrick-Eymann-Felix-Bassous-copie-1.jpg","datePublished":"2024-01-31T15:34:59+00:00","dateModified":"2026-02-09T11:12:48+00:00","breadcrumb":{"@id":"https:\/\/altavia-group.com\/fr\/news\/la-montee-en-puissance-du-social-commerce-se-poursuit\/#breadcrumb"},"inLanguage":"fr-FR","potentialAction":[{"@type":"ReadAction","target":["https:\/\/altavia-group.com\/fr\/news\/la-montee-en-puissance-du-social-commerce-se-poursuit\/"]}]},{"@type":"ImageObject","inLanguage":"fr-FR","@id":"https:\/\/altavia-group.com\/fr\/news\/la-montee-en-puissance-du-social-commerce-se-poursuit\/#primaryimage","url":"https:\/\/altavia-group.com\/wp-content\/uploads\/2026\/02\/Cofondateurs-Showplace-Patrick-Eymann-Felix-Bassous-copie-1.jpg","contentUrl":"https:\/\/altavia-group.com\/wp-content\/uploads\/2026\/02\/Cofondateurs-Showplace-Patrick-Eymann-Felix-Bassous-copie-1.jpg","caption":"Showplace"},{"@type":"BreadcrumbList","@id":"https:\/\/altavia-group.com\/fr\/news\/la-montee-en-puissance-du-social-commerce-se-poursuit\/#breadcrumb","itemListElement":[{"@type":"ListItem","position":1,"name":"Home","item":"https:\/\/altavia-group.com\/fr\/"},{"@type":"ListItem","position":2,"name":"News","item":"https:\/\/altavia-group.com\/fr\/news\/"},{"@type":"ListItem","position":3,"name":"La mont\u00e9e en puissance du social commerce se poursuit."}]},{"@type":"WebSite","@id":"https:\/\/altavia-group.com\/#website","url":"https:\/\/altavia-group.com\/","name":"Altavia","description":"Let\u2019s unlock our imagination.","publisher":{"@id":"https:\/\/altavia-group.com\/#organization"},"potentialAction":[{"@type":"SearchAction","target":{"@type":"EntryPoint","urlTemplate":"https:\/\/altavia-group.com\/?s={search_term_string}"},"query-input":{"@type":"PropertyValueSpecification","valueRequired":true,"valueName":"search_term_string"}}],"inLanguage":"fr-FR"},{"@type":"Organization","@id":"https:\/\/altavia-group.com\/#organization","name":"Altavia","url":"https:\/\/altavia-group.com\/","logo":{"@type":"ImageObject","inLanguage":"fr-FR","@id":"https:\/\/altavia-group.com\/#\/schema\/logo\/image\/","url":"http:\/\/altavia-group.com\/wp-content\/uploads\/2024\/12\/cropped-favicon-altavia.png","contentUrl":"http:\/\/altavia-group.com\/wp-content\/uploads\/2024\/12\/cropped-favicon-altavia.png","width":512,"height":512,"caption":"Altavia"},"image":{"@id":"https:\/\/altavia-group.com\/#\/schema\/logo\/image\/"}}]}},"_links":{"self":[{"href":"https:\/\/altavia-group.com\/fr\/wp-json\/wp\/v2\/news\/7089","targetHints":{"allow":["GET"]}}],"collection":[{"href":"https:\/\/altavia-group.com\/fr\/wp-json\/wp\/v2\/news"}],"about":[{"href":"https:\/\/altavia-group.com\/fr\/wp-json\/wp\/v2\/types\/news"}],"author":[{"embeddable":true,"href":"https:\/\/altavia-group.com\/fr\/wp-json\/wp\/v2\/users\/17"}],"replies":[{"embeddable":true,"href":"https:\/\/altavia-group.com\/fr\/wp-json\/wp\/v2\/comments?post=7089"}],"version-history":[{"count":0,"href":"https:\/\/altavia-group.com\/fr\/wp-json\/wp\/v2\/news\/7089\/revisions"}],"wp:featuredmedia":[{"embeddable":true,"href":"https:\/\/altavia-group.com\/fr\/wp-json\/wp\/v2\/media\/7090"}],"wp:attachment":[{"href":"https:\/\/altavia-group.com\/fr\/wp-json\/wp\/v2\/media?parent=7089"}],"wp:term":[{"taxonomy":"category","embeddable":true,"href":"https:\/\/altavia-group.com\/fr\/wp-json\/wp\/v2\/categories?post=7089"},{"taxonomy":"post_tag","embeddable":true,"href":"https:\/\/altavia-group.com\/fr\/wp-json\/wp\/v2\/tags?post=7089"},{"taxonomy":"news-type-taxonomy","embeddable":true,"href":"https:\/\/altavia-group.com\/fr\/wp-json\/wp\/v2\/news-type-taxonomy?post=7089"},{"taxonomy":"news-topic-taxonomy","embeddable":true,"href":"https:\/\/altavia-group.com\/fr\/wp-json\/wp\/v2\/news-topic-taxonomy?post=7089"}],"curies":[{"name":"wp","href":"https:\/\/api.w.org\/{rel}","templated":true}]}}