{"id":7126,"date":"2024-02-05T14:37:26","date_gmt":"2024-02-05T13:37:26","guid":{"rendered":"https:\/\/altaviagroudev.wpenginepowered.com\/news\/mediamarkt-inaugure-son-premier-magasin-xpress-au-benelux\/"},"modified":"2026-02-09T12:13:04","modified_gmt":"2026-02-09T11:13:04","slug":"mediamarkt-inaugure-son-premier-magasin-xpress-au-benelux","status":"publish","type":"news","link":"https:\/\/altavia-group.com\/fr\/news\/mediamarkt-inaugure-son-premier-magasin-xpress-au-benelux\/","title":{"rendered":"MediaMarkt inaugure son premier magasin Xpress au Benelux."},"content":{"rendered":"<section class=\"wpb-content-wrapper\"><p>[vc_row css=\u00a0\u00bb.vc_custom_1519392503248{padding-top: 18px !important;}\u00a0\u00bb][vc_column]<div class=\"edgtf-single-image-holder   edgtf-image-behavior-lightbox\">\n    <div class=\"edgtf-si-inner\" >\n                    <a itemprop=\"image\" href=\"https:\/\/altavia-group.com\/wp-content\/uploads\/2026\/02\/stock-image-145606969-M-1.jpg\" data-rel=\"prettyPhoto[si_pretty_photo]\" title=\"MediaMarkt\">\n                                    <img decoding=\"async\" src=\"https:\/\/altavia-group.com\/wp-content\/uploads\/2026\/02\/stock-image-145606969-M-1.jpg\" class=\"attachment-full size-full\" alt=\"MediaMarkt\" \/>                                <\/a>\n            <\/div>\n<\/div>[vc_empty_space height=\u00a0\u00bb37px\u00a0\u00bb]<div class=\"edgtf-elements-holder   edgtf-one-column  edgtf-responsive-mode-768 \" ><div class=\"edgtf-eh-item    \"  data-item-class=\"edgtf-eh-custom-4131\" data-1280-1600=\"0 0\" data-1024-1280=\"0 0\" data-768-1024=\"0 30px 0 0\" data-680-768=\"0 20px 0 0\" data-680=\"0 0\">\n\t<div class=\"edgtf-eh-item-inner\">\n\t\t<div class=\"edgtf-eh-item-content edgtf-eh-custom-4131\" style=\"padding: 0 50px 0 0\">\n\t\t\t[vc_column_text]<span class=\"edgtf-dropcaps edgtf-normal\" style=\"color: #1b1c21\">L<\/span><span style=\"font-weight: 400;\">e g\u00e9ant allemand de l'\u00e9lectronique MediaMarkt innove dans le Benelux avec l&rsquo;ouverture de son premier magasin au format Xpress en Belgique, \u00e0 Wijnegem.<\/span><\/p>\n<p>\u00a0<\/p>\n<p><span style=\"font-weight: 400;\">Occupant seulement 900 m\u00b2 dans le centre commercial Shop Eat Enjoy, ce nouveau concept propose une s\u00e9lection de 3 800 produits phares, incluant smartphones, ordinateurs portables, t\u00e9l\u00e9viseurs, et consoles de jeu, tous disponibles pour essai, commande en ligne, retrait en magasin ou livraison \u00e0 domicile.\u00a0<\/span><\/p>\n<p>\u00a0<\/p>\n<p><span style=\"font-weight: 400;\">D\u00e9j\u00e0 \u00e9prouv\u00e9 en Hongrie, en Espagne, en Autriche et en Allemagne, ce format Xpress cible une client\u00e8le recherchant facilit\u00e9 et proximit\u00e9 dans leurs achats \u00e9lectroniques. Dans des propos relay\u00e9s par RetailDetail, Remko Rijnders, PDG de MediaMarkt Benelux, souligne l'alignement de ce concept avec la strat\u00e9gie omnicanale de l&rsquo;entreprise visant \u00e0 <\/span><i><span style=\"font-weight: 400;\">\"<\/span><\/i><i><span style=\"font-weight: 400;\">organiser l'offre encore plus \u00e0 proximit\u00e9 imm\u00e9diate du client\"<\/span><\/i><span style=\"font-weight: 400;\">.\u00a0<\/span>[\/vc_column_text][vc_empty_space height=\u00a0\u00bb37px\u00a0\u00bb]<div class=\"edgtf-section-title-holder  edgtf-st-standard edgtf-st-title-left edgtf-st-normal-space \" >\n\t<div class=\"edgtf-st-inner\">\n\t\t\t\t\t<h4 class=\"edgtf-st-title\" >\n\t\t\t\tPlus de d\u00e9tails en images sur RetailDetail : \t\t\t<\/h4>\n\t\t\t\t\t<\/div>\n<\/div>[vc_empty_space height=\u00a0\u00bb37px\u00a0\u00bb][vc_btn title=\u00a0\u00bbLire l&rsquo;article\u00a0\u00bb style=\u00a0\u00bboutline-custom\u00a0\u00bb outline_custom_color=\u00a0\u00bb#202125&Prime; outline_custom_hover_background=\u00a0\u00bb#202125&Prime; outline_custom_hover_text=\u00a0\u00bb#ffffff\u00a0\u00bb shape=\u00a0\u00bbsquare\u00a0\u00bb class=\u00a0\u00bbc-link\u00a0\u00bb href=\u00a0\u00bbhttp:\/\/2fforms.sbc32.com\/\u00a0\u00bb target=\u00a0\u00bb_blank\u00a0\u00bb rel=\u00a0\u00bbnoopener noreferrer\u00a0\u00bb data-stringify-link=\u00a0\u00bbhttp:\/\/2Fforms.sbc32.com\u00a0\u00bb link=\u00a0\u00bburl:https%3A%2F%2Fwww.retaildetail.be%2Ffr%2Fnews%2Felectro%2Fen-images-mediamarkt-ouvre-le-premier-magasin-xpress-au-benelux%2F|target:_blank\u00a0\u00bb][vc_empty_space height=\u00a0\u00bb54px\u00a0\u00bb]\t\t<\/div>\n\t<\/div>\n<\/div><\/div>[\/vc_column][\/vc_row][vc_row content_text_aligment=\u00a0\u00bbcenter\u00a0\u00bb][vc_column parallax=\u00a0\u00bbcontent-moving\u00a0\u00bb parallax_image=\u00a0\u00bb5672&Prime;]<div class=\"edgtf-section-title-holder  edgtf-st-standard edgtf-st-title-left edgtf-st-normal-space \" style=\"text-align: center\">\n\t<div class=\"edgtf-st-inner\">\n\t\t\t\t\t<h2 class=\"edgtf-st-title\" style=\"color: #00dd96\">\n\t\t\t\t.newsletter\t\t\t<\/h2>\n\t\t\t\t\t<\/div>\n<\/div>[vc_column_text]<span style=\"color: #ffffff;\">Recevez les actualit\u00e9s et tendances retail en exclusivit\u00e9 !<\/span>[\/vc_column_text][vc_empty_space][vc_btn title=\u00a0\u00bbJe m&rsquo;abonne\u00a0\u00bb style=\u00a0\u00bboutline-custom\u00a0\u00bb outline_custom_color=\u00a0\u00bb#ffffff\u00a0\u00bb outline_custom_hover_background=\u00a0\u00bb#666666&Prime; outline_custom_hover_text=\u00a0\u00bb#ffffff\u00a0\u00bb shape=\u00a0\u00bbsquare\u00a0\u00bb class=\u00a0\u00bbc-link\u00a0\u00bb href=\u00a0\u00bbhttp:\/\/2fforms.sbc32.com\/\u00a0\u00bb target=\u00a0\u00bb_blank\u00a0\u00bb rel=\u00a0\u00bbnoopener noreferrer\u00a0\u00bb data-stringify-link=\u00a0\u00bbhttp:\/\/2Fforms.sbc32.com\u00a0\u00bb link=\u00a0\u00bburl:https%3A%2F%2Fforms.sbc32.com%2F65046ef85fef6a5fa6e7a5c0%2FwU3RssckT3CNNqCwsRf6Jg%2Fform.html|target:_blank\u00a0\u00bb][vc_empty_space height=\u00a0\u00bb12px\u00a0\u00bb][\/vc_column][\/vc_row]<\/p>\n<\/section>","protected":false},"excerpt":{"rendered":"<p>Le g\u00e9ant allemand de l\u2019\u00e9lectronique MediaMarkt innove dans le Benelux avec l&rsquo;ouverture de son premier magasin au format Xpress en Belgique, \u00e0 Wijnegem.<\/p>\n","protected":false},"author":17,"featured_media":7127,"menu_order":0,"comment_status":"closed","ping_status":"closed","template":"","meta":{"_acf_changed":false,"color_menu":"","footer_color_background":"","featured_image_url":"","footnotes":""},"categories":[266,271],"tags":[],"news-type-taxonomy":[],"news-topic-taxonomy":[],"class_list":["post-7126","news","type-news","status-publish","has-post-thumbnail","hentry","category-info-retailers","category-veille-retail"],"acf":[],"yoast_head":"<!-- This site is optimized with the Yoast SEO plugin v27.5 - https:\/\/yoast.com\/product\/yoast-seo-wordpress\/ -->\n<title>MediaMarkt inaugure son premier magasin Xpress au Benelux. - Altavia<\/title>\n<meta name=\"robots\" content=\"index, follow, max-snippet:-1, max-image-preview:large, max-video-preview:-1\" \/>\n<meta property=\"og:locale\" content=\"fr_FR\" \/>\n<meta property=\"og:type\" content=\"article\" \/>\n<meta property=\"og:title\" content=\"MediaMarkt inaugure son premier magasin Xpress au Benelux. - Altavia\" \/>\n<meta property=\"og:description\" content=\"Le g\u00e9ant allemand de l\u2019\u00e9lectronique MediaMarkt innove dans le Benelux avec l&#039;ouverture de son premier magasin au format Xpress en Belgique, \u00e0 Wijnegem.\" \/>\n<meta property=\"og:url\" content=\"https:\/\/altavia-group.com\/fr\/news\/mediamarkt-inaugure-son-premier-magasin-xpress-au-benelux\/\" \/>\n<meta property=\"og:site_name\" content=\"Altavia\" \/>\n<meta property=\"article:modified_time\" content=\"2026-02-09T11:13:04+00:00\" \/>\n<meta property=\"og:image\" content=\"https:\/\/altavia-group.com\/wp-content\/uploads\/2026\/02\/stock-image-145606969-M-1.jpg\" \/>\n\t<meta property=\"og:image:width\" content=\"1\" \/>\n\t<meta property=\"og:image:height\" content=\"1\" \/>\n\t<meta property=\"og:image:type\" content=\"image\/jpeg\" \/>\n<meta name=\"twitter:card\" content=\"summary_large_image\" \/>\n<meta name=\"twitter:label1\" content=\"Est. reading time\" \/>\n\t<meta name=\"twitter:data1\" content=\"2 minutes\" \/>\n<script type=\"application\/ld+json\" class=\"yoast-schema-graph\">{\"@context\":\"https:\\\/\\\/schema.org\",\"@graph\":[{\"@type\":\"WebPage\",\"@id\":\"https:\\\/\\\/altavia-group.com\\\/fr\\\/news\\\/mediamarkt-inaugure-son-premier-magasin-xpress-au-benelux\\\/\",\"url\":\"https:\\\/\\\/altavia-group.com\\\/fr\\\/news\\\/mediamarkt-inaugure-son-premier-magasin-xpress-au-benelux\\\/\",\"name\":\"MediaMarkt inaugure son premier magasin Xpress au Benelux. - Altavia\",\"isPartOf\":{\"@id\":\"https:\\\/\\\/altavia-group.com\\\/#website\"},\"primaryImageOfPage\":{\"@id\":\"https:\\\/\\\/altavia-group.com\\\/fr\\\/news\\\/mediamarkt-inaugure-son-premier-magasin-xpress-au-benelux\\\/#primaryimage\"},\"image\":{\"@id\":\"https:\\\/\\\/altavia-group.com\\\/fr\\\/news\\\/mediamarkt-inaugure-son-premier-magasin-xpress-au-benelux\\\/#primaryimage\"},\"thumbnailUrl\":\"https:\\\/\\\/altavia-group.com\\\/wp-content\\\/uploads\\\/2026\\\/02\\\/stock-image-145606969-M-1.jpg\",\"datePublished\":\"2024-02-05T13:37:26+00:00\",\"dateModified\":\"2026-02-09T11:13:04+00:00\",\"breadcrumb\":{\"@id\":\"https:\\\/\\\/altavia-group.com\\\/fr\\\/news\\\/mediamarkt-inaugure-son-premier-magasin-xpress-au-benelux\\\/#breadcrumb\"},\"inLanguage\":\"fr-FR\",\"potentialAction\":[{\"@type\":\"ReadAction\",\"target\":[\"https:\\\/\\\/altavia-group.com\\\/fr\\\/news\\\/mediamarkt-inaugure-son-premier-magasin-xpress-au-benelux\\\/\"]}]},{\"@type\":\"ImageObject\",\"inLanguage\":\"fr-FR\",\"@id\":\"https:\\\/\\\/altavia-group.com\\\/fr\\\/news\\\/mediamarkt-inaugure-son-premier-magasin-xpress-au-benelux\\\/#primaryimage\",\"url\":\"https:\\\/\\\/altavia-group.com\\\/wp-content\\\/uploads\\\/2026\\\/02\\\/stock-image-145606969-M-1.jpg\",\"contentUrl\":\"https:\\\/\\\/altavia-group.com\\\/wp-content\\\/uploads\\\/2026\\\/02\\\/stock-image-145606969-M-1.jpg\",\"caption\":\"Amsterdam, Netherlands-march 11, 2017: Letters mediamarkt on a store in Amsterdam\"},{\"@type\":\"BreadcrumbList\",\"@id\":\"https:\\\/\\\/altavia-group.com\\\/fr\\\/news\\\/mediamarkt-inaugure-son-premier-magasin-xpress-au-benelux\\\/#breadcrumb\",\"itemListElement\":[{\"@type\":\"ListItem\",\"position\":1,\"name\":\"Home\",\"item\":\"https:\\\/\\\/altavia-group.com\\\/fr\\\/\"},{\"@type\":\"ListItem\",\"position\":2,\"name\":\"News\",\"item\":\"https:\\\/\\\/altavia-group.com\\\/fr\\\/news\\\/\"},{\"@type\":\"ListItem\",\"position\":3,\"name\":\"MediaMarkt inaugure son premier magasin Xpress au Benelux.\"}]},{\"@type\":\"WebSite\",\"@id\":\"https:\\\/\\\/altavia-group.com\\\/#website\",\"url\":\"https:\\\/\\\/altavia-group.com\\\/\",\"name\":\"Altavia\",\"description\":\"Let\u2019s unlock our imagination.\",\"publisher\":{\"@id\":\"https:\\\/\\\/altavia-group.com\\\/#organization\"},\"potentialAction\":[{\"@type\":\"SearchAction\",\"target\":{\"@type\":\"EntryPoint\",\"urlTemplate\":\"https:\\\/\\\/altavia-group.com\\\/?s={search_term_string}\"},\"query-input\":{\"@type\":\"PropertyValueSpecification\",\"valueRequired\":true,\"valueName\":\"search_term_string\"}}],\"inLanguage\":\"fr-FR\"},{\"@type\":\"Organization\",\"@id\":\"https:\\\/\\\/altavia-group.com\\\/#organization\",\"name\":\"Altavia\",\"url\":\"https:\\\/\\\/altavia-group.com\\\/\",\"logo\":{\"@type\":\"ImageObject\",\"inLanguage\":\"fr-FR\",\"@id\":\"https:\\\/\\\/altavia-group.com\\\/#\\\/schema\\\/logo\\\/image\\\/\",\"url\":\"http:\\\/\\\/altavia-group.com\\\/wp-content\\\/uploads\\\/2024\\\/12\\\/cropped-favicon-altavia.png\",\"contentUrl\":\"http:\\\/\\\/altavia-group.com\\\/wp-content\\\/uploads\\\/2024\\\/12\\\/cropped-favicon-altavia.png\",\"width\":512,\"height\":512,\"caption\":\"Altavia\"},\"image\":{\"@id\":\"https:\\\/\\\/altavia-group.com\\\/#\\\/schema\\\/logo\\\/image\\\/\"}}]}<\/script>\n<!-- \/ Yoast SEO plugin. -->","yoast_head_json":{"title":"MediaMarkt inaugure son premier magasin Xpress au Benelux. - Altavia","robots":{"index":"index","follow":"follow","max-snippet":"max-snippet:-1","max-image-preview":"max-image-preview:large","max-video-preview":"max-video-preview:-1"},"og_locale":"fr_FR","og_type":"article","og_title":"MediaMarkt inaugure son premier magasin Xpress au Benelux. - Altavia","og_description":"Le g\u00e9ant allemand de l\u2019\u00e9lectronique MediaMarkt innove dans le Benelux avec l'ouverture de son premier magasin au format Xpress en Belgique, \u00e0 Wijnegem.","og_url":"https:\/\/altavia-group.com\/fr\/news\/mediamarkt-inaugure-son-premier-magasin-xpress-au-benelux\/","og_site_name":"Altavia","article_modified_time":"2026-02-09T11:13:04+00:00","og_image":[{"url":"https:\/\/altavia-group.com\/wp-content\/uploads\/2026\/02\/stock-image-145606969-M-1.jpg","width":1,"height":1,"type":"image\/jpeg"}],"twitter_card":"summary_large_image","twitter_misc":{"Est. reading time":"2 minutes"},"schema":{"@context":"https:\/\/schema.org","@graph":[{"@type":"WebPage","@id":"https:\/\/altavia-group.com\/fr\/news\/mediamarkt-inaugure-son-premier-magasin-xpress-au-benelux\/","url":"https:\/\/altavia-group.com\/fr\/news\/mediamarkt-inaugure-son-premier-magasin-xpress-au-benelux\/","name":"MediaMarkt inaugure son premier magasin Xpress au Benelux. - Altavia","isPartOf":{"@id":"https:\/\/altavia-group.com\/#website"},"primaryImageOfPage":{"@id":"https:\/\/altavia-group.com\/fr\/news\/mediamarkt-inaugure-son-premier-magasin-xpress-au-benelux\/#primaryimage"},"image":{"@id":"https:\/\/altavia-group.com\/fr\/news\/mediamarkt-inaugure-son-premier-magasin-xpress-au-benelux\/#primaryimage"},"thumbnailUrl":"https:\/\/altavia-group.com\/wp-content\/uploads\/2026\/02\/stock-image-145606969-M-1.jpg","datePublished":"2024-02-05T13:37:26+00:00","dateModified":"2026-02-09T11:13:04+00:00","breadcrumb":{"@id":"https:\/\/altavia-group.com\/fr\/news\/mediamarkt-inaugure-son-premier-magasin-xpress-au-benelux\/#breadcrumb"},"inLanguage":"fr-FR","potentialAction":[{"@type":"ReadAction","target":["https:\/\/altavia-group.com\/fr\/news\/mediamarkt-inaugure-son-premier-magasin-xpress-au-benelux\/"]}]},{"@type":"ImageObject","inLanguage":"fr-FR","@id":"https:\/\/altavia-group.com\/fr\/news\/mediamarkt-inaugure-son-premier-magasin-xpress-au-benelux\/#primaryimage","url":"https:\/\/altavia-group.com\/wp-content\/uploads\/2026\/02\/stock-image-145606969-M-1.jpg","contentUrl":"https:\/\/altavia-group.com\/wp-content\/uploads\/2026\/02\/stock-image-145606969-M-1.jpg","caption":"Amsterdam, Netherlands-march 11, 2017: Letters mediamarkt on a store in Amsterdam"},{"@type":"BreadcrumbList","@id":"https:\/\/altavia-group.com\/fr\/news\/mediamarkt-inaugure-son-premier-magasin-xpress-au-benelux\/#breadcrumb","itemListElement":[{"@type":"ListItem","position":1,"name":"Home","item":"https:\/\/altavia-group.com\/fr\/"},{"@type":"ListItem","position":2,"name":"News","item":"https:\/\/altavia-group.com\/fr\/news\/"},{"@type":"ListItem","position":3,"name":"MediaMarkt inaugure son premier magasin Xpress au Benelux."}]},{"@type":"WebSite","@id":"https:\/\/altavia-group.com\/#website","url":"https:\/\/altavia-group.com\/","name":"Altavia","description":"Let\u2019s unlock our imagination.","publisher":{"@id":"https:\/\/altavia-group.com\/#organization"},"potentialAction":[{"@type":"SearchAction","target":{"@type":"EntryPoint","urlTemplate":"https:\/\/altavia-group.com\/?s={search_term_string}"},"query-input":{"@type":"PropertyValueSpecification","valueRequired":true,"valueName":"search_term_string"}}],"inLanguage":"fr-FR"},{"@type":"Organization","@id":"https:\/\/altavia-group.com\/#organization","name":"Altavia","url":"https:\/\/altavia-group.com\/","logo":{"@type":"ImageObject","inLanguage":"fr-FR","@id":"https:\/\/altavia-group.com\/#\/schema\/logo\/image\/","url":"http:\/\/altavia-group.com\/wp-content\/uploads\/2024\/12\/cropped-favicon-altavia.png","contentUrl":"http:\/\/altavia-group.com\/wp-content\/uploads\/2024\/12\/cropped-favicon-altavia.png","width":512,"height":512,"caption":"Altavia"},"image":{"@id":"https:\/\/altavia-group.com\/#\/schema\/logo\/image\/"}}]}},"_links":{"self":[{"href":"https:\/\/altavia-group.com\/fr\/wp-json\/wp\/v2\/news\/7126","targetHints":{"allow":["GET"]}}],"collection":[{"href":"https:\/\/altavia-group.com\/fr\/wp-json\/wp\/v2\/news"}],"about":[{"href":"https:\/\/altavia-group.com\/fr\/wp-json\/wp\/v2\/types\/news"}],"author":[{"embeddable":true,"href":"https:\/\/altavia-group.com\/fr\/wp-json\/wp\/v2\/users\/17"}],"replies":[{"embeddable":true,"href":"https:\/\/altavia-group.com\/fr\/wp-json\/wp\/v2\/comments?post=7126"}],"version-history":[{"count":0,"href":"https:\/\/altavia-group.com\/fr\/wp-json\/wp\/v2\/news\/7126\/revisions"}],"wp:featuredmedia":[{"embeddable":true,"href":"https:\/\/altavia-group.com\/fr\/wp-json\/wp\/v2\/media\/7127"}],"wp:attachment":[{"href":"https:\/\/altavia-group.com\/fr\/wp-json\/wp\/v2\/media?parent=7126"}],"wp:term":[{"taxonomy":"category","embeddable":true,"href":"https:\/\/altavia-group.com\/fr\/wp-json\/wp\/v2\/categories?post=7126"},{"taxonomy":"post_tag","embeddable":true,"href":"https:\/\/altavia-group.com\/fr\/wp-json\/wp\/v2\/tags?post=7126"},{"taxonomy":"news-type-taxonomy","embeddable":true,"href":"https:\/\/altavia-group.com\/fr\/wp-json\/wp\/v2\/news-type-taxonomy?post=7126"},{"taxonomy":"news-topic-taxonomy","embeddable":true,"href":"https:\/\/altavia-group.com\/fr\/wp-json\/wp\/v2\/news-topic-taxonomy?post=7126"}],"curies":[{"name":"wp","href":"https:\/\/api.w.org\/{rel}","templated":true}]}}