{"id":7169,"date":"2024-03-07T15:28:35","date_gmt":"2024-03-07T14:28:35","guid":{"rendered":"https:\/\/altaviagroudev.wpenginepowered.com\/news\/la-demondialisation-du-retail-est-elle-inevitable\/"},"modified":"2026-02-09T12:13:50","modified_gmt":"2026-02-09T11:13:50","slug":"la-demondialisation-du-retail-est-elle-inevitable","status":"publish","type":"news","link":"https:\/\/altavia-group.com\/fr\/news\/la-demondialisation-du-retail-est-elle-inevitable\/","title":{"rendered":"La d\u00e9mondialisation du retail est-elle in\u00e9vitable ?"},"content":{"rendered":"<section class=\"wpb-content-wrapper\"><p>[vc_row css=\u00a0\u00bb.vc_custom_1519392503248{padding-top: 18px !important;}\u00a0\u00bb][vc_column]<div class=\"edgtf-single-image-holder   edgtf-image-behavior-lightbox\">\n    <div class=\"edgtf-si-inner\" >\n                    <a itemprop=\"image\" href=\"https:\/\/altavia-group.com\/wp-content\/uploads\/2026\/02\/DALL\u00b7E-2024-02-13-10.25.57-Show-a-detailed-illustration-of-a-world-map-where-countries-are-connected-by-various-types-of-trade-routes-land-sea-and-air.-Highlight-areas-with-1-1.webp\" data-rel=\"prettyPhoto[si_pretty_photo]\" title=\"\">\n                                    <img decoding=\"async\" src=\"https:\/\/altavia-group.com\/wp-content\/uploads\/2026\/02\/DALL\u00b7E-2024-02-13-10.25.57-Show-a-detailed-illustration-of-a-world-map-where-countries-are-connected-by-various-types-of-trade-routes-land-sea-and-air.-Highlight-areas-with-1-1.webp\" class=\"attachment-full size-full\" alt=\"\" \/>                                <\/a>\n            <\/div>\n<\/div>[vc_empty_space height=\u00a0\u00bb54px\u00a0\u00bb][\/vc_column][\/vc_row][vc_row][vc_column][vc_column_text]<\/p>\n<h4><span class=\"edgtf-dropcaps edgtf-normal\" style=\"color: #1b1c21\">E<\/span><b>ntre crise \u00e9cologique et tensions g\u00e9opolitiques, le commerce globalis\u00e9 est en train de se fragmenter. Alors que la bipolarisation du monde et que le r\u00e9chauffement climatique imposent de nouvelles r\u00e8gles, va-t-on assister \u00e0 un inexorable d\u00e9tricotage des \u00e9changes internationaux ?\u00a0<\/b><\/h4>\n<p><b>\u00a0<\/b><\/p>\n<p><span style=\"font-weight: 400;\">Selon l&rsquo;\u00e9tude<\/span><i><span style=\"font-weight: 400;\"> Where is the World Going in 2023 and Beyond\u00a0? CEO and Investor Outlook Survey <\/span><\/i><span style=\"font-weight: 400;\">r\u00e9alis\u00e9e par Teneo, un groupe international sp\u00e9cialis\u00e9 dans le conseil aux dirigeants, la plupart des entreprises consid\u00e8rent que la d\u00e9globalisation a commenc\u00e9, et que c&rsquo;est une r\u00e9alit\u00e9 qu&rsquo;il faut adresser d'urgence. Pour enfoncer le clou, l'\u00e9dition 2023 du rapport sur le commerce mondial de l'OMC pointe que <\/span><i><span style=\"font-weight: 400;\">\u00ab\u00a0les premiers signes de fragmentation commerciale apparaissent et menacent de freiner la croissance et le d\u00e9veloppement\u00a0\u00bb.<\/span><\/i><span style=\"font-weight: 400;\">\u00a0<\/span><\/p>\n<p><span style=\"font-weight: 400;\">\u00a0<\/span><\/p>\n<p><span style=\"font-weight: 400;\">Chiffre annonciateur d&rsquo;un changement de dynamique, le taux de croissance du commerce mondial n&rsquo;a \u00e9t\u00e9 que de 0,8% en 2023, alors qu&rsquo;il \u00e9tait de 3,5% en 2022, et m\u00eame si l&rsquo;OMC pr\u00e9voit qu&rsquo;il grimpera \u00e0 3,3% en 2024, il reste tr\u00e8s \u00e9loign\u00e9 de la moyenne historique de 4,9%. Apr\u00e8s une augmentation spectaculaire de 4 300% entre 1950 et 2021, et avec une valeur actuellement 350 fois sup\u00e9rieure \u00e0 celle d&rsquo;apr\u00e8s-guerre, l&rsquo;heure est \u00e0 la d\u00e9c\u00e9l\u00e9ration. Ce ralentissement vaut bien \u00e9videmment pour la France dont la croissance du PIB devrait \u00eatre de 0,8% en 2024,\u00a0 avec une part de march\u00e9 dans les exportations mondiales qui a chut\u00e9 \u00e0 2,7% en 2023, soit nettement moins que les 3,5% qui avaient cours en 2010.\u00a0<\/span><\/p>\n<p><span style=\"font-weight: 400;\">\u00a0<\/span><\/p>\n<p><span style=\"font-weight: 400;\">La crise des subprimes en 2008, puis la pand\u00e9mie du Covid-19 en 2020, et enfin la guerre en Ukraine deux ans plus tard, ont\u00a0 profond\u00e9ment d\u00e9stabilis\u00e9 l&rsquo;\u00e9conomie, provoquant une hausse sans pr\u00e9c\u00e9dent du prix des mati\u00e8res premi\u00e8res, des produits de base et de l&rsquo;\u00e9nergie, g\u00e9n\u00e9rant de l&rsquo;inflation, ralentissant les \u00e9changes internationaux.<\/span><\/p>\n<p><span style=\"font-weight: 400;\">\u00a0<\/span><\/p>\n<p><span style=\"font-weight: 400;\">Ces trois chocs, combin\u00e9s au r\u00e9chauffement climatique, ont mis en exergue la n\u00e9cessit\u00e9 de repenser les flux de biens et de services, dont la vuln\u00e9rabilit\u00e9 face aux crises \u00e9tait devenue \u00e9vidente. En creux, cela signifie que la fa\u00e7on dont les entreprises op\u00e8rent depuis plusieurs d\u00e9cennies, avec des sites de production distribu\u00e9s d&rsquo;un bout \u00e0 l&rsquo;autre de la plan\u00e8te et des cha\u00eenes logistiques \u00e9tal\u00e9es sur des dizaines de milliers de kilom\u00e8tres, depuis les usines jusqu&rsquo;aux pointes de vente, est en train d&rsquo;\u00eatre remise en question, ce qui menace par ricochet la mondialisation. D\u00e8s lors, \u00e0 quoi peut-on s&rsquo;attendre ? Comment les \u00e9changes internationaux vont-ils \u00e9voluer ?\u00a0<\/span><\/p>\n<p>\u00a0<\/p>\n<h3><b>Nouvel ordre mondial.<\/b><\/h3>\n<p>\u00a0<\/p>\n<p><span style=\"font-weight: 400;\">Xi Jinping et Vladimir Poutine se connaissent bien, et de longue date. En envahissant l&rsquo; Ukraine en f\u00e9vrier 2022, l&rsquo;autocrate russe a pris l&rsquo;initiative de poser la premi\u00e8re pierre d&rsquo;un plan longuement muri avec son alli\u00e9 chinois, celui du basculement vers un monde multipolaire, plus \u00e9quitable pour les perdants de la guerre froide, plus juste pour les pays du sud. \u00a0Quelques jours seulement apr\u00e8s le d\u00e9clenchement du conflit, le FMI s&rsquo;inqui\u00e9tait des cons\u00e9quences que celui-ci pourrait avoir : <\/span><span style=\"font-weight: 400;\">\u00ab\u00a0<\/span><i><span style=\"font-weight: 400;\">la guerre a accru le risque d&rsquo;une fragmentation plus durable de l&rsquo;\u00e9conomie mondiale en blocs g\u00e9opolitiques s&rsquo;appuyant sur des normes technologiques, des monnaies de r\u00e9serve et des syst\u00e8mes de paiements internationaux distincts. Un tel bouleversement tectonique entra\u00eenerait des pertes d&rsquo;efficience \u00e0 long terme, accro\u00eetrait la volatilit\u00e9 et serait source de graves difficult\u00e9s pour le cadre fond\u00e9 sur des r\u00e8gles qui a r\u00e9gi les relations internationales et \u00e9conomiques au cours des 75 derni\u00e8res ann\u00e9es.\u00a0\u00bb<\/span><\/i><\/p>\n<p><span style=\"font-weight: 400;\">\u00a0<\/span><\/p>\n<p><span style=\"font-weight: 400;\">De fait, c&rsquo;est exactement ce qui s&rsquo;est pass\u00e9. En r\u00e9action, les occidentaux ont exclu la Russie de la plateforme Swift (Society for Worldwide Interbank Financial Telecommunication) qui op\u00e8re les paiements de plus de 11000 \u00e9tablissements bancaires r\u00e9partis dans 200 pays. Alors que de nombreuses entreprises quittaient la d\u00e9mocratie de fa\u00e7ade dirig\u00e9e par Vladimir Poutine, une ligne de fracture apparaissait dans le syst\u00e8me financier international, et de fa\u00e7on plus large dans le commerce mondial, qui allait \u00eatre nourri par d&rsquo;autres conflits, notamment \u00e0 Taiwan et au Proche-Orient.\u00a0<\/span><\/p>\n<p><span style=\"font-weight: 400;\">\u00a0<\/span><\/p>\n<p><span style=\"font-weight: 400;\">Depuis, cette situation explosive et volatile, qui constitue d\u00e9j\u00e0 en soit une forme de d\u00e9mondialisation puisqu&rsquo;elle fait na\u00eetre, comme au temps de la guerre froide, deux blocs concurrents, fait peser un risque croissant sur le fonctionnement des cha\u00eenes logistiques. Par ailleurs, elle accro\u00eet fortement la comp\u00e9tition pour l&rsquo;acc\u00e8s aux ressources essentielles et aux minerais critiques. Alors que jusqu&rsquo;ici, la priorit\u00e9 des entreprises \u00e9tait de d\u00e9localiser vers les pays offrant les co\u00fbts de production les plus bas, \u00a0il s&rsquo;agit aujourd'hui de s\u00e9curiser les flux de marchandises et de capitaux, en anticipant les tensions entre puissances pouvant d\u00e9g\u00e9n\u00e9rer en sanctions \u00e9conomiques ou en ruptures d&rsquo;approvisionnement.\u00a0<\/span><\/p>\n<p><span style=\"font-weight: 400;\">\u00a0<\/span><\/p>\n<p><span style=\"font-weight: 400;\">Pour les retailers, cela veut dire qu&rsquo;ils ne peuvent plus op\u00e9rer dans un monde aussi ouvert qu&rsquo;avant. Cela veut dire aussi qu&rsquo;ils doivent gagner en souverainet\u00e9 et en r\u00e9silience en contractant leurs cha\u00eenes de valeur et en r\u00e9duisant l&rsquo;\u00e9parpillement de leurs fournisseurs dans un contexte o\u00f9 les tensions g\u00e9opolitiques repr\u00e9sentent une menace durable pour leurs activit\u00e9s. Ce n&rsquo;est cependant pas le seul danger auxquels ils sont confront\u00e9s.\u00a0<\/span><\/p>\n<p><span style=\"font-weight: 400;\">\u00a0<\/span><\/p>\n<h3><b>Le facteur climatique.<\/b><\/h3>\n<p><b>\u00a0<\/b><\/p>\n<p><span style=\"font-weight: 400;\">Autre coup de boutoir dans l&rsquo;\u00e9difice des \u00e9changes mondialis\u00e9s, l&rsquo;augmentation des temp\u00e9ratures, le stress hydrique et les ph\u00e9nom\u00e8nes m\u00e9t\u00e9orologiques extr\u00eames ont un impact de plus en plus prononc\u00e9 sur la production des biens manufactur\u00e9s et les flux de marchandises. Alors que le commerce mondial d\u00e9pend \u00e0 90% du transport fluvial pour ses livraisons, le d\u00e9bit des principaux cours d&rsquo;eau est en baisse, quand il n&rsquo;est pas ponctuellement en tr\u00e8s forte augmentation. Entre s\u00e9cheresse et inondations, les ruptures d&rsquo;approvisionnements deviennent plus nombreuses et pourraient co\u00fbter, dans la zone euro,\u00a0 920 milliards d'euros du PIB selon Accenture.\u00a0 Une somme colossale.<\/span><b>\u00a0<\/b><\/p>\n<p><span style=\"font-weight: 400;\">En France, le Minist\u00e8re de la Transition \u00e9cologique a indiqu\u00e9 que le niveau des rivi\u00e8res et des fleuves pourrait conna\u00eetre un retrait de 70% en \u00e9t\u00e9 dans certains r\u00e9gions d\u00e8s 2024, et, d&rsquo;apr\u00e8s un rapport du World Resources Institute paru en 2023, une crise de l'eau sans pr\u00e9c\u00e9dent affecte d\u00e9j\u00e0 pr\u00e8s de quatre milliards de personnes dans le monde.\u00a0<\/span><\/p>\n<p><span style=\"font-weight: 400;\">\u00a0<\/span><\/p>\n<p><span style=\"font-weight: 400;\">Comme le r\u00e9chauffement climatique est appel\u00e9 \u00e0 gagner en intensit\u00e9, ce ph\u00e9nom\u00e8ne de p\u00e9nurie n\u00e9cessite de raccourcir drastiquement les cha\u00eenes de valeur, afin de limiter l&rsquo;exposition des entreprises au risque de d\u00e9faillance.\u00a0 Cela vaut bien \u00e9videmment pour les retailers.\u00a0<\/span><\/p>\n<p><span style=\"font-weight: 400;\">\u00a0<\/span><\/p>\n<p><span style=\"font-weight: 400;\">A l&rsquo;autre bout du spectre, ceux-ci ont d\u00e9sormais pour obligation de faire baisser drastiquement leurs \u00e9missions de CO2, ce qui favorise l\u00e0 encore la d\u00e9mondialisation de leurs op\u00e9rations. Dans un monde qui se r\u00e9chauffe de plus en plus vite, il est en effet de moins en moins concevable qu&rsquo;un produit doive parcourir des dizaines de milliers de kilom\u00e8tres pour arriver jusqu&rsquo;au consommateur. Il faut donc tout changer, d&rsquo;autant plus que les efforts consentis en mati\u00e8re de RSE ne sauraient \u00eatre suffisants, comme l&rsquo;explique Mathilde Dupr\u00e9, codirectrice de l'Institut Veblen : <\/span><i><span style=\"font-weight: 400;\">\u00ab\u00a0La question du commerce appara\u00eet encore comme un impens\u00e9 majeur\u00a0des politiques \u00e9cologiques. Par exemple, le Green Deal de l'UE pr\u00e9voit de r\u00e9duire les \u00e9missions de gaz \u00e0 effet de serre sur le territoire. Mais cela n'a aucun sens sans la prise en compte des \u00e9missions import\u00e9es, la d\u00e9forestation import\u00e9e ou tout simplement l'empreinte environnementale de l'Europe. La politique commerciale joue pourtant un r\u00f4le important.\u00a0\u00bb<\/span><\/i><\/p>\n<p><b>\u00a0<\/b><\/p>\n<p><span style=\"font-weight: 400;\">De fait, pour articuler les deux enjeux majeurs que sont la souverainet\u00e9 \u00e9conomique et la transition \u00e9cologique, le retour des sites de productions au sein des territoires, ph\u00e9nom\u00e8ne actuellement en cours et qui ob\u00e9it \u00e0 une volont\u00e9 politique forte dans les pays riches, coche toutes les cases de la r\u00e9silience. Le relocalisation industrielle diminue les risques de d\u00e9faillance des cha\u00eenes logistiques en r\u00e9duisant leur longueur et leur complexit\u00e9, fait baisser de fa\u00e7on tr\u00e8s nette les \u00e9missions de CO2, et cr\u00e9e m\u00eame localement des emplois. En op\u00e9rant cette contraction, elle va cependant \u00e0 l&rsquo;encontre des dynamiques qui avaient permis l&rsquo;interconnexion des individus et des organisations aux quatre coins de la plan\u00e8te, et pourrait porter un coup fatal \u00e0 la mondialisation.\u00a0<\/span><\/p>\n<p><span style=\"font-weight: 400;\">\u00a0<\/span><\/p>\n<p><span style=\"font-weight: 400;\">Tout semble indiquer que la dynamique globalisante \u00e0 l&rsquo;oeuvre depuis le 20\u00e8me si\u00e8cle est en train de s&rsquo;inverser. En apparence en tout cas, car la situation est plus complexe que cela.\u00a0<\/span><\/p>\n<p><span style=\"font-weight: 400;\">\u00a0<\/span><\/p>\n<h3><b>Remondialisation.<\/b><\/h3>\n<p><span style=\"font-weight: 400;\">\u00a0<\/span><\/p>\n<p><span style=\"font-weight: 400;\">En r\u00e9alit\u00e9, il est impossible de revenir au fonctionnement d&rsquo;avant, lorsque les \u00e9tats \u00e9taient repli\u00e9s sur eux-m\u00eames, op\u00e9rant avec des syst\u00e8mes financiers quasiment autarciques, se contentant d&rsquo;un faible volume d&rsquo;\u00e9change entre eux, dans un monde ferm\u00e9 et cloisonn\u00e9, sans porter un coup fatal \u00e0 la croissance, et sans grever de fa\u00e7on irr\u00e9m\u00e9diable et \u00e0 grande \u00e9chelle le d\u00e9veloppement \u00e9conomique. La d\u00e9mondialisation n&rsquo;est dans l&rsquo;int\u00e9r\u00eat de personne, m\u00eame pas de ceux qui en vantent les m\u00e9rites. A ce titre, il est peu probable que les r\u00e9flexes nationalistes, actuellement nourris par l&rsquo;antagonisme croissant entre l&rsquo;occident et le reste du monde, acc\u00e9l\u00e8rent la d\u00e9globalisation. La redistribution des cartes que l&rsquo;on observe actuellement semble plut\u00f4t favoriser une remondialisation. C&rsquo;est-\u00e0-dire une r\u00e9partition plus juste des flux commerciaux et une int\u00e9gration \u00e9conomique plus inclusive et plus \u00e9quitable. Comme l&rsquo;explique Isabelle M\u00e9jean, \u00e9conomiste et\u00a0 professeure \u00e0 l'Ecole Polytechnique : <\/span><i><span style=\"font-weight: 400;\">\u00ab\u00a0Le protectionnisme sera co\u00fbteux pour les pays qui vont se prot\u00e9ger car les prix vont augmenter, ce qui impactera le pouvoir d'achat. Mais cela sera aussi co\u00fbteux pour les pays exclus de la globalisation. La fragmentation des cha\u00eenes de valeur internationale b\u00e9n\u00e9ficie fortement aux pays \u00e9mergents : il est plus facile de s'ins\u00e9rer dans une cha\u00eene de valeur que de s'ins\u00e9rer dans le commerce traditionnel avec les avantages comparatifs.\u00a0\u00ab\u00a0<\/span><\/i><\/p>\n<p><b>\u00a0<\/b><\/p>\n<p><span style=\"font-weight: 400;\">Plut\u00f4t que de chercher \u00e0 y mettre fin, il est temps de r\u00e9inventer la mondialisation \u00e0 l&rsquo;aune des enjeux de l&rsquo;\u00e9poque, protection de l&rsquo;environnement, apaisement des tensions g\u00e9opolitiques, meilleure inclusion des pays d\u00e9favoris\u00e9s dans les processus de cr\u00e9ation de valeur. Cela n'emp\u00eachera pas le raccourcissement des cha\u00eenes logistiques, mais cela permettra de construire une nouvelle forme de commerce globalis\u00e9, plus responsable et plus \u00e9thique. Pour les retailers, c&rsquo;est certainement le d\u00e9fi du si\u00e8cle.\u00a0<\/span>[\/vc_column_text][vc_empty_space height=\u00a0\u00bb54px\u00a0\u00bb][\/vc_column][\/vc_row][vc_row][vc_column][\/vc_column][\/vc_row]<\/p>\n<\/section>","protected":false},"excerpt":{"rendered":"<p>Entre crise \u00e9cologique et tensions g\u00e9opolitiques, le commerce globalis\u00e9 est en train de se fragmenter.<\/p>\n","protected":false},"author":17,"featured_media":7132,"menu_order":0,"comment_status":"closed","ping_status":"closed","template":"","meta":{"_acf_changed":false,"color_menu":"","footer_color_background":"","featured_image_url":"","footnotes":""},"categories":[279],"tags":[],"news-type-taxonomy":[],"news-topic-taxonomy":[],"class_list":["post-7169","news","type-news","status-publish","has-post-thumbnail","hentry","category-utopie-ou-dystopie"],"acf":[],"yoast_head":"<!-- This site is optimized with the Yoast SEO plugin v27.5 - https:\/\/yoast.com\/product\/yoast-seo-wordpress\/ -->\n<title>La d\u00e9mondialisation du retail est-elle in\u00e9vitable ? - Altavia<\/title>\n<meta name=\"robots\" content=\"index, follow, max-snippet:-1, max-image-preview:large, max-video-preview:-1\" \/>\n<meta property=\"og:locale\" content=\"fr_FR\" \/>\n<meta property=\"og:type\" content=\"article\" \/>\n<meta property=\"og:title\" content=\"La d\u00e9mondialisation du retail est-elle in\u00e9vitable ? - Altavia\" \/>\n<meta property=\"og:description\" content=\"Entre crise \u00e9cologique et tensions g\u00e9opolitiques, le commerce globalis\u00e9 est en train de se fragmenter.\" \/>\n<meta property=\"og:url\" content=\"http:\/\/altavia-group.com\/fr\/news\/la-demondialisation-du-retail-est-elle-inevitable\/\" \/>\n<meta property=\"og:site_name\" content=\"Altavia\" \/>\n<meta property=\"article:modified_time\" content=\"2026-02-09T11:13:50+00:00\" \/>\n<meta property=\"og:image\" content=\"http:\/\/altavia-group.com\/wp-content\/uploads\/2026\/02\/Banniere-Statique-FR-V2-1920x736-1-1.jpg\" \/>\n\t<meta property=\"og:image:width\" content=\"1\" \/>\n\t<meta property=\"og:image:height\" content=\"1\" \/>\n\t<meta property=\"og:image:type\" content=\"image\/jpeg\" \/>\n<meta name=\"twitter:card\" content=\"summary_large_image\" \/>\n<meta name=\"twitter:label1\" content=\"Est. reading time\" \/>\n\t<meta name=\"twitter:data1\" content=\"9 minutes\" \/>\n<script type=\"application\/ld+json\" class=\"yoast-schema-graph\">{\"@context\":\"https:\\\/\\\/schema.org\",\"@graph\":[{\"@type\":\"WebPage\",\"@id\":\"http:\\\/\\\/altavia-group.com\\\/fr\\\/news\\\/la-demondialisation-du-retail-est-elle-inevitable\\\/\",\"url\":\"http:\\\/\\\/altavia-group.com\\\/fr\\\/news\\\/la-demondialisation-du-retail-est-elle-inevitable\\\/\",\"name\":\"La d\u00e9mondialisation du retail est-elle in\u00e9vitable ? - Altavia\",\"isPartOf\":{\"@id\":\"https:\\\/\\\/altavia-group.com\\\/#website\"},\"primaryImageOfPage\":{\"@id\":\"http:\\\/\\\/altavia-group.com\\\/fr\\\/news\\\/la-demondialisation-du-retail-est-elle-inevitable\\\/#primaryimage\"},\"image\":{\"@id\":\"http:\\\/\\\/altavia-group.com\\\/fr\\\/news\\\/la-demondialisation-du-retail-est-elle-inevitable\\\/#primaryimage\"},\"thumbnailUrl\":\"https:\\\/\\\/altavia-group.com\\\/wp-content\\\/uploads\\\/2026\\\/02\\\/Banniere-Statique-FR-V2-1920x736-1-1.jpg\",\"datePublished\":\"2024-03-07T14:28:35+00:00\",\"dateModified\":\"2026-02-09T11:13:50+00:00\",\"breadcrumb\":{\"@id\":\"http:\\\/\\\/altavia-group.com\\\/fr\\\/news\\\/la-demondialisation-du-retail-est-elle-inevitable\\\/#breadcrumb\"},\"inLanguage\":\"fr-FR\",\"potentialAction\":[{\"@type\":\"ReadAction\",\"target\":[\"http:\\\/\\\/altavia-group.com\\\/fr\\\/news\\\/la-demondialisation-du-retail-est-elle-inevitable\\\/\"]}]},{\"@type\":\"ImageObject\",\"inLanguage\":\"fr-FR\",\"@id\":\"http:\\\/\\\/altavia-group.com\\\/fr\\\/news\\\/la-demondialisation-du-retail-est-elle-inevitable\\\/#primaryimage\",\"url\":\"https:\\\/\\\/altavia-group.com\\\/wp-content\\\/uploads\\\/2026\\\/02\\\/Banniere-Statique-FR-V2-1920x736-1-1.jpg\",\"contentUrl\":\"https:\\\/\\\/altavia-group.com\\\/wp-content\\\/uploads\\\/2026\\\/02\\\/Banniere-Statique-FR-V2-1920x736-1-1.jpg\"},{\"@type\":\"BreadcrumbList\",\"@id\":\"http:\\\/\\\/altavia-group.com\\\/fr\\\/news\\\/la-demondialisation-du-retail-est-elle-inevitable\\\/#breadcrumb\",\"itemListElement\":[{\"@type\":\"ListItem\",\"position\":1,\"name\":\"Home\",\"item\":\"https:\\\/\\\/altavia-group.com\\\/fr\\\/\"},{\"@type\":\"ListItem\",\"position\":2,\"name\":\"News\",\"item\":\"https:\\\/\\\/altavia-group.com\\\/fr\\\/news\\\/\"},{\"@type\":\"ListItem\",\"position\":3,\"name\":\"La d\u00e9mondialisation du retail est-elle in\u00e9vitable ?\"}]},{\"@type\":\"WebSite\",\"@id\":\"https:\\\/\\\/altavia-group.com\\\/#website\",\"url\":\"https:\\\/\\\/altavia-group.com\\\/\",\"name\":\"Altavia\",\"description\":\"Let\u2019s unlock our imagination.\",\"publisher\":{\"@id\":\"https:\\\/\\\/altavia-group.com\\\/#organization\"},\"potentialAction\":[{\"@type\":\"SearchAction\",\"target\":{\"@type\":\"EntryPoint\",\"urlTemplate\":\"https:\\\/\\\/altavia-group.com\\\/?s={search_term_string}\"},\"query-input\":{\"@type\":\"PropertyValueSpecification\",\"valueRequired\":true,\"valueName\":\"search_term_string\"}}],\"inLanguage\":\"fr-FR\"},{\"@type\":\"Organization\",\"@id\":\"https:\\\/\\\/altavia-group.com\\\/#organization\",\"name\":\"Altavia\",\"url\":\"https:\\\/\\\/altavia-group.com\\\/\",\"logo\":{\"@type\":\"ImageObject\",\"inLanguage\":\"fr-FR\",\"@id\":\"https:\\\/\\\/altavia-group.com\\\/#\\\/schema\\\/logo\\\/image\\\/\",\"url\":\"http:\\\/\\\/altavia-group.com\\\/wp-content\\\/uploads\\\/2024\\\/12\\\/cropped-favicon-altavia.png\",\"contentUrl\":\"http:\\\/\\\/altavia-group.com\\\/wp-content\\\/uploads\\\/2024\\\/12\\\/cropped-favicon-altavia.png\",\"width\":512,\"height\":512,\"caption\":\"Altavia\"},\"image\":{\"@id\":\"https:\\\/\\\/altavia-group.com\\\/#\\\/schema\\\/logo\\\/image\\\/\"}}]}<\/script>\n<!-- \/ Yoast SEO plugin. -->","yoast_head_json":{"title":"La d\u00e9mondialisation du retail est-elle in\u00e9vitable ? - Altavia","robots":{"index":"index","follow":"follow","max-snippet":"max-snippet:-1","max-image-preview":"max-image-preview:large","max-video-preview":"max-video-preview:-1"},"og_locale":"fr_FR","og_type":"article","og_title":"La d\u00e9mondialisation du retail est-elle in\u00e9vitable ? - Altavia","og_description":"Entre crise \u00e9cologique et tensions g\u00e9opolitiques, le commerce globalis\u00e9 est en train de se fragmenter.","og_url":"http:\/\/altavia-group.com\/fr\/news\/la-demondialisation-du-retail-est-elle-inevitable\/","og_site_name":"Altavia","article_modified_time":"2026-02-09T11:13:50+00:00","og_image":[{"url":"http:\/\/altavia-group.com\/wp-content\/uploads\/2026\/02\/Banniere-Statique-FR-V2-1920x736-1-1.jpg","width":1,"height":1,"type":"image\/jpeg"}],"twitter_card":"summary_large_image","twitter_misc":{"Est. reading time":"9 minutes"},"schema":{"@context":"https:\/\/schema.org","@graph":[{"@type":"WebPage","@id":"http:\/\/altavia-group.com\/fr\/news\/la-demondialisation-du-retail-est-elle-inevitable\/","url":"http:\/\/altavia-group.com\/fr\/news\/la-demondialisation-du-retail-est-elle-inevitable\/","name":"La d\u00e9mondialisation du retail est-elle in\u00e9vitable ? - Altavia","isPartOf":{"@id":"https:\/\/altavia-group.com\/#website"},"primaryImageOfPage":{"@id":"http:\/\/altavia-group.com\/fr\/news\/la-demondialisation-du-retail-est-elle-inevitable\/#primaryimage"},"image":{"@id":"http:\/\/altavia-group.com\/fr\/news\/la-demondialisation-du-retail-est-elle-inevitable\/#primaryimage"},"thumbnailUrl":"https:\/\/altavia-group.com\/wp-content\/uploads\/2026\/02\/Banniere-Statique-FR-V2-1920x736-1-1.jpg","datePublished":"2024-03-07T14:28:35+00:00","dateModified":"2026-02-09T11:13:50+00:00","breadcrumb":{"@id":"http:\/\/altavia-group.com\/fr\/news\/la-demondialisation-du-retail-est-elle-inevitable\/#breadcrumb"},"inLanguage":"fr-FR","potentialAction":[{"@type":"ReadAction","target":["http:\/\/altavia-group.com\/fr\/news\/la-demondialisation-du-retail-est-elle-inevitable\/"]}]},{"@type":"ImageObject","inLanguage":"fr-FR","@id":"http:\/\/altavia-group.com\/fr\/news\/la-demondialisation-du-retail-est-elle-inevitable\/#primaryimage","url":"https:\/\/altavia-group.com\/wp-content\/uploads\/2026\/02\/Banniere-Statique-FR-V2-1920x736-1-1.jpg","contentUrl":"https:\/\/altavia-group.com\/wp-content\/uploads\/2026\/02\/Banniere-Statique-FR-V2-1920x736-1-1.jpg"},{"@type":"BreadcrumbList","@id":"http:\/\/altavia-group.com\/fr\/news\/la-demondialisation-du-retail-est-elle-inevitable\/#breadcrumb","itemListElement":[{"@type":"ListItem","position":1,"name":"Home","item":"https:\/\/altavia-group.com\/fr\/"},{"@type":"ListItem","position":2,"name":"News","item":"https:\/\/altavia-group.com\/fr\/news\/"},{"@type":"ListItem","position":3,"name":"La d\u00e9mondialisation du retail est-elle in\u00e9vitable ?"}]},{"@type":"WebSite","@id":"https:\/\/altavia-group.com\/#website","url":"https:\/\/altavia-group.com\/","name":"Altavia","description":"Let\u2019s unlock our imagination.","publisher":{"@id":"https:\/\/altavia-group.com\/#organization"},"potentialAction":[{"@type":"SearchAction","target":{"@type":"EntryPoint","urlTemplate":"https:\/\/altavia-group.com\/?s={search_term_string}"},"query-input":{"@type":"PropertyValueSpecification","valueRequired":true,"valueName":"search_term_string"}}],"inLanguage":"fr-FR"},{"@type":"Organization","@id":"https:\/\/altavia-group.com\/#organization","name":"Altavia","url":"https:\/\/altavia-group.com\/","logo":{"@type":"ImageObject","inLanguage":"fr-FR","@id":"https:\/\/altavia-group.com\/#\/schema\/logo\/image\/","url":"http:\/\/altavia-group.com\/wp-content\/uploads\/2024\/12\/cropped-favicon-altavia.png","contentUrl":"http:\/\/altavia-group.com\/wp-content\/uploads\/2024\/12\/cropped-favicon-altavia.png","width":512,"height":512,"caption":"Altavia"},"image":{"@id":"https:\/\/altavia-group.com\/#\/schema\/logo\/image\/"}}]}},"_links":{"self":[{"href":"https:\/\/altavia-group.com\/fr\/wp-json\/wp\/v2\/news\/7169","targetHints":{"allow":["GET"]}}],"collection":[{"href":"https:\/\/altavia-group.com\/fr\/wp-json\/wp\/v2\/news"}],"about":[{"href":"https:\/\/altavia-group.com\/fr\/wp-json\/wp\/v2\/types\/news"}],"author":[{"embeddable":true,"href":"https:\/\/altavia-group.com\/fr\/wp-json\/wp\/v2\/users\/17"}],"replies":[{"embeddable":true,"href":"https:\/\/altavia-group.com\/fr\/wp-json\/wp\/v2\/comments?post=7169"}],"version-history":[{"count":0,"href":"https:\/\/altavia-group.com\/fr\/wp-json\/wp\/v2\/news\/7169\/revisions"}],"wp:featuredmedia":[{"embeddable":true,"href":"https:\/\/altavia-group.com\/fr\/wp-json\/wp\/v2\/media\/7132"}],"wp:attachment":[{"href":"https:\/\/altavia-group.com\/fr\/wp-json\/wp\/v2\/media?parent=7169"}],"wp:term":[{"taxonomy":"category","embeddable":true,"href":"https:\/\/altavia-group.com\/fr\/wp-json\/wp\/v2\/categories?post=7169"},{"taxonomy":"post_tag","embeddable":true,"href":"https:\/\/altavia-group.com\/fr\/wp-json\/wp\/v2\/tags?post=7169"},{"taxonomy":"news-type-taxonomy","embeddable":true,"href":"https:\/\/altavia-group.com\/fr\/wp-json\/wp\/v2\/news-type-taxonomy?post=7169"},{"taxonomy":"news-topic-taxonomy","embeddable":true,"href":"https:\/\/altavia-group.com\/fr\/wp-json\/wp\/v2\/news-topic-taxonomy?post=7169"}],"curies":[{"name":"wp","href":"https:\/\/api.w.org\/{rel}","templated":true}]}}