{"id":7239,"date":"2024-02-22T18:10:20","date_gmt":"2024-02-22T17:10:20","guid":{"rendered":"https:\/\/altaviagroudev.wpenginepowered.com\/news\/librairies-de-bande-dessinee-en-france-une-dynamique-de-vente-remarquable-depuis-2019\/"},"modified":"2026-02-09T12:14:40","modified_gmt":"2026-02-09T11:14:40","slug":"librairies-de-bande-dessinee-en-france-une-dynamique-de-vente-remarquable-depuis-2019","status":"publish","type":"news","link":"https:\/\/altavia-group.com\/fr\/news\/librairies-de-bande-dessinee-en-france-une-dynamique-de-vente-remarquable-depuis-2019\/","title":{"rendered":"Librairies de Bande-Dessin\u00e9e en France : une dynamique de vente remarquable depuis 2019."},"content":{"rendered":"<section class=\"wpb-content-wrapper\"><p>[vc_row css=\u00a0\u00bb.vc_custom_1519392503248{padding-top: 18px !important;}\u00a0\u00bb][vc_column][vc_gallery type=\u00a0\u00bbflexslider_slide\u00a0\u00bb interval=\u00a0\u00bb0&Prime; images=\u00a0\u00bb7242,7243,7244,7245,7246&Prime; img_size=\u00a0\u00bbfull\u00a0\u00bb][vc_column_text]<i><span style=\"font-weight: 400;\">La librairie Mille Sabords est install\u00e9e rue du Palais, \u00e0 La Rochelle, depuis plus de 30 ans.\u00a0<\/span><\/i>[\/vc_column_text][vc_empty_space height=\u00a0\u00bb54px\u00a0\u00bb][\/vc_column][\/vc_row][vc_row][vc_column][vc_column_text]<\/p>\n<h4><span class=\"edgtf-dropcaps edgtf-normal\" style=\"color: #1b1c21\">A<\/span>u lendemain de la 51e \u00e9dition du Festival de la Bande Dessin\u00e9e d'Angoul\u00eame, le moment est venu de nous pencher sur la vitalit\u00e9 des librairies de BD. L'occasion de parler de ces lieux graphiques uniques, o\u00f9 passionn\u00e9s et n\u00e9ophytes aiment en prendre plein les yeux, et de mieux comprendre les deux ann\u00e9es post-covid exceptionnelles dont le march\u00e9 a b\u00e9n\u00e9fici\u00e9, gr\u00e2ce au succ\u00e8s des mangas que les jeunes Fran\u00e7ais ont d\u00e9vor\u00e9s en grand nombre.<\/h4>\n<p>\u00a0<\/p>\n<p><span style=\"font-weight: 400;\">1,4 millions. C'est le nombre d'exemplaires de BD \/ Mangas que les Fran\u00e7ais ont achet\u00e9 chaque semaine en 2023.<\/span><\/p>\n<p><span style=\"font-weight: 400;\">Comme chaque ann\u00e9e,<\/span> <span style=\"font-weight: 400;\">GfK | a NielsenIQ company vient de r\u00e9v\u00e9ler <\/span><a href=\"https:\/\/www.gfk.com\/fr\/press\/75-millions-bd-mangas-vendus-en-france-2023\" target=\"_blank\" rel=\"noopener\"><span style=\"font-weight: 400;\">les donn\u00e9es cl\u00e9s du march\u00e9 Bande-Dessin\u00e9e \/ Manga<\/span><\/a><span style=\"font-weight: 400;\">, en partenariat avec le Festival d'Angoul\u00eame.<\/span><\/p>\n<p><span style=\"font-weight: 400;\">Les Fran\u00e7ais ont achet\u00e9 plus de 75 millions de titres neufs en 2023 (-11%) g\u00e9n\u00e9rant un chiffre d'affaires de 877 millions d'euros (-5%), tous circuits. \u00ab\u00a0<\/span><i><span style=\"font-weight: 400;\">Les r\u00e9sultats 2023 sont en recul g\u00e9n\u00e9ralis\u00e9 sur tous les univers BD-Manga. Cependant, nos historiques permettent de rappeler les dynamiques des ventes remarquables en 5 ans : le march\u00e9 affiche +55% en nombre d'exemplaires entre 2019 et 2023<\/span><\/i><span style=\"font-weight: 400;\">\u00a0\u00bb, explique Casseline Rosello, consultante GfK Livre. Une baisse \u00e0 relativiser. Et qu'il convient d'expliquer.<\/span><\/p>\n<p>\u00a0<\/p>\n<h3>2023\u00a0: l'heure du bilan.<\/h3>\n<p>\u00a0<\/p>\n<p><span style=\"font-weight: 400;\">De belles sorties ont dynamis\u00e9 le top 2023. \u00ab\u00a0<\/span><i><span style=\"font-weight: 400;\">Parmi les succ\u00e8s de cette ann\u00e9e figurent le dernier album d'Ast\u00e9rix, \u00ab\u00a0L'Iris blanc\u00a0\u00bb, \u00ab\u00a0Le Retour de Lagaffe\u00a0\u00bb, \u00ab\u00a0L'Art de la guerre du duo Black et Mortimer\u00a0\u00bb ou encore \u00ab\u00a0Le Voyage de Shuna\u00a0\u00bb d'Hayao Miyazaki, sorti en parall\u00e8le de son dernier film \u00ab Le Gar\u00e7on et le h\u00e9ron\u00a0\u00bb, <\/span><\/i><span style=\"font-weight: 400;\">r\u00e9sume Matthieu Dargenton, libraire chez <\/span><a href=\"https:\/\/www.1000-sabords.com\/fr\/\" target=\"_blank\" rel=\"noopener\"><span style=\"font-weight: 400;\">Mille Sabords<\/span><\/a><span style=\"font-weight: 400;\">, \u00e0 La Rochelle.<\/span><i><span style=\"font-weight: 400;\"> De belles surprises ont \u00e9galement marqu\u00e9 cette ann\u00e9e 2023 avec \u00ab\u00a0Histoire de J\u00e9rusalem\u00a0\u00bb de Vincent Lemire et Christophe Gaultier et l'album \u00ab\u00a0Testosterror\u00a0\u00bb de Luz.\u00a0\u00bb<\/span><\/i><\/p>\n<p><span style=\"font-weight: 400;\">En 2023, <\/span><b>la BD Jeunesse<\/b><span style=\"font-weight: 400;\"> a \u00e9t\u00e9 la seule \u00e0 afficher une hausse de ses ventes par rapport \u00e0 2022, avec +7% et 17,2 millions d'exemplaires achet\u00e9s. \u00ab\u00a0Cette hausse est port\u00e9e cette ann\u00e9e par les nouvelles aventures de deux stars des biblioth\u00e8ques fran\u00e7aises : Ast\u00e9rix le Gaulois et Gaston Lagaffe\u00a0\u00bb confirme GfK | a NielsenIQ company.<\/span><\/p>\n<p><span style=\"font-weight: 400;\">Le genre<\/span><b> BD Documentaires\/Non-Fiction<\/b><span style=\"font-weight: 400;\"> ((journalisme, vulgarisation, transmission de connaissances politiques, scientifiques\u2026), dont les Fran\u00e7ais sont devenus friands, a augment\u00e9 de +68% en nombre d'exemplaires par rapport \u00e0 2019. \u00ab\u00a0<\/span><i><span style=\"font-weight: 400;\">Le Monde sans fin<\/span><\/i><span style=\"font-weight: 400;\">\u00a0\u00bb de C.Blain \/ JM.Jancovici est toujours en t\u00eate des ventes du segment, suivi par \u00ab\u00a0<\/span><i><span style=\"font-weight: 400;\">Histoire de J\u00e9rusalem\u00a0<\/span><\/i><span style=\"font-weight: 400;\">\u00bb.\u00a0\u00ab\u00a0<\/span><i><span style=\"font-weight: 400;\">C'est l<\/span><\/i><span style=\"font-weight: 400;\">e<\/span><i><span style=\"font-weight: 400;\"> 6e rayon que j'ai cr\u00e9\u00e9 l'an dernier pour compl\u00e9ter la BD jeunesse, la BD adulte, le Manga, le Comics et le roman graphique<\/span><\/i> <i><span style=\"font-weight: 400;\">et il est d\u00e9j\u00e0 archi plein\u00a0\u00bb<\/span><\/i><span style=\"font-weight: 400;\">, indique J\u00e9r\u00f4me Briot, <\/span><a href=\"https:\/\/www.instagram.com\/laplanetedessin\/\" target=\"_blank\" rel=\"noopener\"><span style=\"font-weight: 400;\">La Plan\u00e8te Dessin<\/span><\/a><span style=\"font-weight: 400;\"> dans le 6e arrondissement de Paris.\u00a0<\/span><\/p>\n<p><span style=\"font-weight: 400;\">En 2023, un tassement des ventes de BD a \u00e9t\u00e9 enregistr\u00e9. Mais avec un march\u00e9 qui affiche +55% en nombre d'exemplaires entre 2019 et 2023, les librairies de BD resteront largement gagnantes si l'ann\u00e9e 2024 se stabilise. Une vitalit\u00e9 d'autant plus durable qu'elle semble reposer sur \u00ab\u00a0<\/span><i><span style=\"font-weight: 400;\">un ph\u00e9nom\u00e8ne de fond pour cette g\u00e9n\u00e9ration de lecteurs tr\u00e8s sollicit\u00e9e par les \u00e9crans, les actualit\u00e9s, les informations\u2026 et qui a peu de temps \u00e0 consacrer \u00e0 la lecture,<\/span><\/i><span style=\"font-weight: 400;\"> selon Jean-Pierre Nakache, pr\u00e9sident de Canal BD et propri\u00e9taire des trois librairies parisiennes Bulles en t\u00eate. <\/span><i><span style=\"font-weight: 400;\">Le format BD est parfait.<\/span><\/i><span style=\"font-weight: 400;\">\u00a0\u00bb<\/span><\/p>\n<p>\u00a0<\/p>\n<h3>2023\u2026 apr\u00e8s une p\u00e9riode \u00ab\u00a0invraisemblable\u00a0\u00bb !<\/h3>\n<p>\u00a0<\/p>\n<p><span style=\"font-weight: 400;\">Si le march\u00e9 de la BD s'est malgr\u00e9 tout bien port\u00e9 en 2023, il faut prendre le temps de revenir sur les deux ann\u00e9es post-covid EX-CEP-TION-NEL-LES.<\/span><\/p>\n<p><span style=\"font-weight: 400;\">La crise sanitaire du Covid, qui a contraint une grande partie de la population fran\u00e7aise \u00e0 se confiner, a en effet eu un impact extr\u00eamement fort sur le chiffre d'affaires des librairies de BD. + 40% en deux ans. \u00ab\u00a0<\/span><i><span style=\"font-weight: 400;\">Une p\u00e9riode incroyable sur un march\u00e9 cens\u00e9 \u00eatre m\u00fbr, o\u00f9 la tendance \u00e9tait depuis plus de 20 ans de &#8211; 1 \u00e0 +2 tous les ans<\/span><\/i><span style=\"font-weight: 400;\">, explique Jean-Pierre Nakache. <\/span><i><span style=\"font-weight: 400;\">Les BD ont surperform\u00e9 tr\u00e8s largement dans le march\u00e9 de la librairie, et quasi exclusivement le march\u00e9 du manga<\/span><\/i><span style=\"font-weight: 400;\">\u00a0\u00bb.<\/span><\/p>\n<p><span style=\"font-weight: 400;\">Pendant 10 ans, en France, les ventes de volumes de mangas ont en effet tourn\u00e9 autour de 14 millions, se stabilisant peu \u00e0 peu. Un petit red\u00e9marrage a \u00e9t\u00e9 observ\u00e9 juste avant le Covid, avec l'arriv\u00e9e de nouvelles s\u00e9ries.<\/span><\/p>\n<h4><\/h4>\n<p><span style=\"font-weight: 400;\">En 2020, malgr\u00e9 la fermeture des librairies, 18 millions de volumes de BD\/mangas sont vendus, soit une hausse de 20% par rapport \u00e0 l'ann\u00e9e pr\u00e9c\u00e9dente.\u00a0<\/span><\/p>\n<p><span style=\"font-weight: 400;\">En 2022, <\/span><b>43 millions <\/b><span style=\"font-weight: 400;\">de volumes sont vendus. \u00ab\u00a0<\/span><i><span style=\"font-weight: 400;\">Invraisemblable ! <\/span><\/i><span style=\"font-weight: 400;\">se souvient Jean-Pierre Nakache. <\/span><i><span style=\"font-weight: 400;\">Ce ph\u00e9nom\u00e8ne a \u00e9t\u00e9 observ\u00e9 au niveau mondial, sur tous les march\u00e9s qui lisent du manga. Les USA ont connu +170 % de progression de vente de mangas\u00a0\u00bb.<\/span><\/i><\/p>\n<p>\u00a0<\/p>\n<h3>Le succ\u00e8s du manga apr\u00e8s 40 ans de domination japonaise dans le domaine audiovisuel.<\/h3>\n<p>\u00a0<\/p>\n<p><span style=\"font-weight: 400;\">Le manga repr\u00e9sente toujours plus d'une BD vendue sur deux, m\u00eame si les ventes ont connu une baisse de -18 % par rapport \u00e0 2022, soit pr\u00e8s de 40 millions d'exemplaires vendus.\u00a0<\/span><\/p>\n<p><span style=\"font-weight: 400;\">Comment expliquer cette progression du march\u00e9 de la BD\/Manga durant les 5 derni\u00e8res ann\u00e9es\u00a0? \u00ab <\/span><i><span style=\"font-weight: 400;\">Durant la p\u00e9riode du Covid, les ados et jeunes adultes ont beaucoup regard\u00e9 de s\u00e9ries anim\u00e9es, qu'ils ont ensuite eu envie de lire en mangas,<\/span><\/i><span style=\"font-weight: 400;\"> analyse Matthieu Dargenton, libraire chez Mille Sabords, \u00e0 La Rochelle. <\/span><i><span style=\"font-weight: 400;\">C'est la culture asiatique dans son ensemble qui est devenue \u00e0 la mode et qui les attire depuis\u00a0: le manga japonais mais aussi la BD cor\u00e9enne, les Webtoon\u2026\u00a0<\/span><\/i><span style=\"font-weight: 400;\">\u00bb<\/span><\/p>\n<p><span style=\"font-weight: 400;\">Pour Jean-Pierre Nakache, \u00ab\u00a0<\/span><i><span style=\"font-weight: 400;\">le succ\u00e8s du manga plus particuli\u00e8rement li\u00e9 au Covid, repose sur la g\u00e9n\u00e9ration de jeunes qui ne lit plus du tout de BD franco-belge. Ceci s'explique par 40 ans de domination japonaise dans le domaine audiovisuel. Les lecteurs retrouvent en manga ce qu'ils regardaient lorsqu'ils \u00e9taient petits\u00a0\u00bb<\/span><\/i><span style=\"font-weight: 400;\">.<\/span><\/p>\n<p>\u00a0<\/p>\n<h3>Le service et l'accompagnement\u00a0: les atouts des librairies de BD ind\u00e9pendantes.<\/h3>\n<p>\u00a0<\/p>\n<p><span style=\"font-weight: 400;\">Ces derni\u00e8res ann\u00e9es, les librairies de BD n'ont pas seulement augment\u00e9 leur rayon manga. Elles ont su, plus globalement s'adapter \u00e0 l'\u00e9volution du lectorat pour que chacun s'y sente bien.\u00a0\u00ab\u00a0<\/span><i><span style=\"font-weight: 400;\">Nous sommes pass\u00e9s entre 30 ans d'un lectorat tr\u00e8s homog\u00e8ne, tr\u00e8s restreint, d'une client\u00e8le 100% masculine, plut\u00f4t dipl\u00f4m\u00e9e, qui lisait de la bande dessin\u00e9e de genre (mod\u00e8le de la BD franco-belge,) \u00e0 l'ensemble de la population fran\u00e7aise, <\/span><\/i><span style=\"font-weight: 400;\">remarque Jean-Pierre Nakache. <\/span><i><span style=\"font-weight: 400;\">Pour la premi\u00e8re fois depuis 2 ou 3 ans, plus de 50% des actes d'achats dans nos librairies sont faits par des femmes, qui lisent beaucoup de romans graphiques et en offrent autour d'elles\u00a0<\/span><\/i><span style=\"font-weight: 400;\">\u00bb.\u00a0<\/span><\/p>\n<p><span style=\"font-weight: 400;\">Les librairies de BD sont bien souvent des lieux o\u00f9 les clients aiment passer du temps, assister \u00e0 une s\u00e9ance de d\u00e9dicace, participer \u00e0 un atelier, profiter d'une exposition \u2026 Des lieux vivants o\u00f9 les clients savent qu'ils vont trouver un conseil personnalis\u00e9. \u00ab <\/span><i><span style=\"font-weight: 400;\">Ma librairie La Plan\u00e8te Dessin se situe juste \u00e0 c\u00f4t\u00e9 de\u00a0la FNAC, <\/span><\/i><span style=\"font-weight: 400;\">raconte J\u00e9r\u00f4me Briot. <\/span><i><span style=\"font-weight: 400;\">D'aucuns pourraient penser que c'est une mauvaise id\u00e9e mais se retrouver dans l'ombre d'un grand magasin comme celui-ci, qui cr\u00e9e des flux importants, est plut\u00f4t judicieux. Gr\u00e2ce \u00e0 la\u00a0loi\u00a0Lang de 1981 relative au\u00a0prix\u00a0unique du\u00a0livre, il est possible pour un libraire ind\u00e9pendant de se d\u00e9marquer par le service et l'accompagnement \u00bb.<\/span><\/i><\/p>\n<p><span style=\"font-weight: 400;\">Mille sabords, librairie ouverte il y a 35 ans \u00e0 la Rochelle, sait aussi cr\u00e9er l'\u00e9v\u00e9nement r\u00e9guli\u00e8rement pour attirer du monde. Le lieu a su \u00e9galement se d\u00e9marquer en devenant sp\u00e9cialiste de Tintin. On peut en effet y acheter des figurines et des BD que l'on ne retrouve nulle part ailleurs. \u00ab\u00a0<\/span><i><span style=\"font-weight: 400;\">Nous vendons aussi beaucoup de figurines de mangas et Comics ainsi que des produits d\u00e9riv\u00e9s<\/span><\/i><span style=\"font-weight: 400;\">, ajoute Matthieu Dargenton. <\/span><i><span style=\"font-weight: 400;\">On vient aussi chez nous comme dans une boutique mus\u00e9e, pour l'effet WAOUH de tout ce qui est expos\u00e9. <\/span><\/i><span style=\"font-weight: 400;\">\u00bb<\/span><\/p>\n<p>\u00a0<\/p>\n<h3>La force de l'esprit coop\u00e9rateur Canal BD.<\/h3>\n<p>\u00a0<\/p>\n<p><span style=\"font-weight: 400;\">Aujourd'hui, plus une librairie ne se cr\u00e9e en France sans demander \u00e0 rejoindre \u2026 <\/span><a href=\"https:\/\/www.canalbd.net\" target=\"_blank\" rel=\"noopener\"><span style=\"font-weight: 400;\">Canal BD<\/span><\/a><span style=\"font-weight: 400;\">. La soci\u00e9t\u00e9 coop\u00e9rative r\u00e9unit 159 librairies de Bandes-Dessin\u00e9es en France et plus exactement les cr\u00e9ateurs hommes et femmes qui sont \u00e0 l'initiative des projets. \u00ab\u00a0<\/span><i><span style=\"font-weight: 400;\">Nous sommes meilleurs \u00e0 159 que seuls, et le mod\u00e8le coop\u00e9ratif nous permet d'accompagner les petits libraires comme les plus exp\u00e9riment\u00e9s<\/span><\/i><span style=\"font-weight: 400;\">, commente Jean-Pierre Nakache, pr\u00e9sident de Canal BD depuis 2021. <\/span><i><span style=\"font-weight: 400;\">Nous \u0153uvrons pour permettre \u00e0 un maximum de Fran\u00e7ais de pousser la porte d'une librairie ind\u00e9pendante \u00e0 proximit\u00e9 de chez eux \u00bb.<\/span><\/i><\/p>\n<p>\u00a0<\/p>\n<div id=\"attachment_24696\" class=\"wp-caption aligncenter\" style=\"width: 1200px\"><img decoding=\"async\" loading=\"lazy\" class=\"size-full wp-image-7240\" src=\"https:\/\/altavia-group.com\/wp-content\/uploads\/2024\/02\/Librairie-Greffine-1.jpg\" alt=\"\" width=\"1200\" height=\"900\" \/><p class=\"wp-caption-text\"><em>La librairie Gr\u00e9fine, situ\u00e9e rue Saint-Nicolas, \u00e0 La Rochelle, est membre du r\u00e9seau Canal BD.<\/em><\/p><\/div>\n<p>\u00a0<\/p>\n<p><span style=\"font-weight: 400;\">Apr\u00e8s avoir concentr\u00e9 ses efforts pendant de nombreuses ann\u00e9es sur \u00ab\u00a0la cuisine interne\u00a0\u00bb, pour structurer les relations avec les diffuseurs et les distributeurs ou encore doter les librairies d'outils de gestion comme le d\u00e9veloppement de l'observatoire des ventes, l'enseigne Canal BD se tourne d\u00e9sormais vers le grand public, pour se faire davantage conna\u00eetre. \u00ab\u00a0<\/span><i><span style=\"font-weight: 400;\">Le challenge sera de r\u00e9ussir \u00e0 mener cette transformation tout en pr\u00e9servant l'\u00e9tat d'esprit coop\u00e9rateur et le respect de l'ind\u00e9pendance de chacun des libraires\u00a0!\u00a0\u00bb <\/span><\/i><span style=\"font-weight: 400;\">conclut Jean-Pierre Nakache.<\/span>[\/vc_column_text][vc_empty_space height=\u00a0\u00bb54px\u00a0\u00bb][\/vc_column][\/vc_row][vc_row][vc_column][vc_single_image image=\u00a0\u00bb7132&Prime; img_size=\u00a0\u00bbfull\u00a0\u00bb onclick=\u00a0\u00bbcustom_link\u00a0\u00bb img_link_target=\u00a0\u00bb_blank\u00a0\u00bb link=\u00a0\u00bbhttps:\/\/altavia-group.com\/fr\/tout-recommercer\/?utm_source=article-altaviawatch&#038;utm_medium=banner&#038;utm_campaign=promotion&#038;utm_content=en-savoir-plus\u00a0\u00bb][\/vc_column][\/vc_row]<\/p>\n<\/section>","protected":false},"excerpt":{"rendered":"<p>Au lendemain de la 51e \u00e9dition du Festival de la Bande Dessin\u00e9e d\u2019Angoul\u00eame, le moment est venu de nous pencher sur la vitalit\u00e9 des librairies de BD.<\/p>\n","protected":false},"author":17,"featured_media":7240,"menu_order":0,"comment_status":"closed","ping_status":"closed","template":"","meta":{"_acf_changed":false,"color_menu":"","footer_color_background":"","featured_image_url":"","footnotes":""},"categories":[264],"tags":[],"news-type-taxonomy":[],"news-topic-taxonomy":[],"class_list":["post-7239","news","type-news","status-publish","has-post-thumbnail","hentry","category-retail-analyses"],"acf":[],"yoast_head":"<!-- This site is optimized with the Yoast SEO plugin v27.5 - https:\/\/yoast.com\/product\/yoast-seo-wordpress\/ -->\n<title>Librairies de Bande-Dessin\u00e9e en France : une dynamique de vente remarquable depuis 2019. - Altavia<\/title>\n<meta name=\"robots\" content=\"index, follow, max-snippet:-1, max-image-preview:large, max-video-preview:-1\" \/>\n<meta property=\"og:locale\" content=\"fr_FR\" \/>\n<meta property=\"og:type\" content=\"article\" \/>\n<meta property=\"og:title\" content=\"Librairies de Bande-Dessin\u00e9e en France : une dynamique de vente remarquable depuis 2019. - Altavia\" \/>\n<meta property=\"og:description\" content=\"Au lendemain de la 51e \u00e9dition du Festival de la Bande Dessin\u00e9e d\u2019Angoul\u00eame, le moment est venu de nous pencher sur la vitalit\u00e9 des librairies de BD.\" \/>\n<meta property=\"og:url\" content=\"https:\/\/altavia-group.com\/fr\/news\/librairies-de-bande-dessinee-en-france-une-dynamique-de-vente-remarquable-depuis-2019\/\" \/>\n<meta property=\"og:site_name\" content=\"Altavia\" \/>\n<meta property=\"article:modified_time\" content=\"2026-02-09T11:14:40+00:00\" \/>\n<meta property=\"og:image\" content=\"https:\/\/altavia-group.com\/wp-content\/uploads\/2026\/02\/Librairie-Greffine-1-1.jpg\" \/>\n\t<meta property=\"og:image:width\" content=\"1\" \/>\n\t<meta property=\"og:image:height\" content=\"1\" \/>\n\t<meta property=\"og:image:type\" content=\"image\/jpeg\" \/>\n<meta name=\"twitter:card\" content=\"summary_large_image\" \/>\n<meta name=\"twitter:label1\" content=\"Est. reading time\" \/>\n\t<meta name=\"twitter:data1\" content=\"9 minutes\" \/>\n<script type=\"application\/ld+json\" class=\"yoast-schema-graph\">{\"@context\":\"https:\\\/\\\/schema.org\",\"@graph\":[{\"@type\":\"WebPage\",\"@id\":\"https:\\\/\\\/altavia-group.com\\\/fr\\\/news\\\/librairies-de-bande-dessinee-en-france-une-dynamique-de-vente-remarquable-depuis-2019\\\/\",\"url\":\"https:\\\/\\\/altavia-group.com\\\/fr\\\/news\\\/librairies-de-bande-dessinee-en-france-une-dynamique-de-vente-remarquable-depuis-2019\\\/\",\"name\":\"Librairies de Bande-Dessin\u00e9e en France : une dynamique de vente remarquable depuis 2019. - Altavia\",\"isPartOf\":{\"@id\":\"https:\\\/\\\/altavia-group.com\\\/#website\"},\"primaryImageOfPage\":{\"@id\":\"https:\\\/\\\/altavia-group.com\\\/fr\\\/news\\\/librairies-de-bande-dessinee-en-france-une-dynamique-de-vente-remarquable-depuis-2019\\\/#primaryimage\"},\"image\":{\"@id\":\"https:\\\/\\\/altavia-group.com\\\/fr\\\/news\\\/librairies-de-bande-dessinee-en-france-une-dynamique-de-vente-remarquable-depuis-2019\\\/#primaryimage\"},\"thumbnailUrl\":\"https:\\\/\\\/altavia-group.com\\\/wp-content\\\/uploads\\\/2026\\\/02\\\/Librairie-Greffine-1-1.jpg\",\"datePublished\":\"2024-02-22T17:10:20+00:00\",\"dateModified\":\"2026-02-09T11:14:40+00:00\",\"breadcrumb\":{\"@id\":\"https:\\\/\\\/altavia-group.com\\\/fr\\\/news\\\/librairies-de-bande-dessinee-en-france-une-dynamique-de-vente-remarquable-depuis-2019\\\/#breadcrumb\"},\"inLanguage\":\"fr-FR\",\"potentialAction\":[{\"@type\":\"ReadAction\",\"target\":[\"https:\\\/\\\/altavia-group.com\\\/fr\\\/news\\\/librairies-de-bande-dessinee-en-france-une-dynamique-de-vente-remarquable-depuis-2019\\\/\"]}]},{\"@type\":\"ImageObject\",\"inLanguage\":\"fr-FR\",\"@id\":\"https:\\\/\\\/altavia-group.com\\\/fr\\\/news\\\/librairies-de-bande-dessinee-en-france-une-dynamique-de-vente-remarquable-depuis-2019\\\/#primaryimage\",\"url\":\"https:\\\/\\\/altavia-group.com\\\/wp-content\\\/uploads\\\/2026\\\/02\\\/Librairie-Greffine-1-1.jpg\",\"contentUrl\":\"https:\\\/\\\/altavia-group.com\\\/wp-content\\\/uploads\\\/2026\\\/02\\\/Librairie-Greffine-1-1.jpg\",\"caption\":\"La librairie Gr\u00e9fine, situ\u00e9e rue Saint-Nicolas, \u00e0 La Rochelle, est membre du r\u00e9seau Canal BD.\"},{\"@type\":\"BreadcrumbList\",\"@id\":\"https:\\\/\\\/altavia-group.com\\\/fr\\\/news\\\/librairies-de-bande-dessinee-en-france-une-dynamique-de-vente-remarquable-depuis-2019\\\/#breadcrumb\",\"itemListElement\":[{\"@type\":\"ListItem\",\"position\":1,\"name\":\"Home\",\"item\":\"https:\\\/\\\/altavia-group.com\\\/fr\\\/\"},{\"@type\":\"ListItem\",\"position\":2,\"name\":\"News\",\"item\":\"https:\\\/\\\/altavia-group.com\\\/fr\\\/news\\\/\"},{\"@type\":\"ListItem\",\"position\":3,\"name\":\"Librairies de Bande-Dessin\u00e9e en France : une dynamique de vente remarquable depuis 2019.\"}]},{\"@type\":\"WebSite\",\"@id\":\"https:\\\/\\\/altavia-group.com\\\/#website\",\"url\":\"https:\\\/\\\/altavia-group.com\\\/\",\"name\":\"Altavia\",\"description\":\"Let\u2019s unlock our imagination.\",\"publisher\":{\"@id\":\"https:\\\/\\\/altavia-group.com\\\/#organization\"},\"potentialAction\":[{\"@type\":\"SearchAction\",\"target\":{\"@type\":\"EntryPoint\",\"urlTemplate\":\"https:\\\/\\\/altavia-group.com\\\/?s={search_term_string}\"},\"query-input\":{\"@type\":\"PropertyValueSpecification\",\"valueRequired\":true,\"valueName\":\"search_term_string\"}}],\"inLanguage\":\"fr-FR\"},{\"@type\":\"Organization\",\"@id\":\"https:\\\/\\\/altavia-group.com\\\/#organization\",\"name\":\"Altavia\",\"url\":\"https:\\\/\\\/altavia-group.com\\\/\",\"logo\":{\"@type\":\"ImageObject\",\"inLanguage\":\"fr-FR\",\"@id\":\"https:\\\/\\\/altavia-group.com\\\/#\\\/schema\\\/logo\\\/image\\\/\",\"url\":\"http:\\\/\\\/altavia-group.com\\\/wp-content\\\/uploads\\\/2024\\\/12\\\/cropped-favicon-altavia.png\",\"contentUrl\":\"http:\\\/\\\/altavia-group.com\\\/wp-content\\\/uploads\\\/2024\\\/12\\\/cropped-favicon-altavia.png\",\"width\":512,\"height\":512,\"caption\":\"Altavia\"},\"image\":{\"@id\":\"https:\\\/\\\/altavia-group.com\\\/#\\\/schema\\\/logo\\\/image\\\/\"}}]}<\/script>\n<!-- \/ Yoast SEO plugin. -->","yoast_head_json":{"title":"Librairies de Bande-Dessin\u00e9e en France : une dynamique de vente remarquable depuis 2019. - Altavia","robots":{"index":"index","follow":"follow","max-snippet":"max-snippet:-1","max-image-preview":"max-image-preview:large","max-video-preview":"max-video-preview:-1"},"og_locale":"fr_FR","og_type":"article","og_title":"Librairies de Bande-Dessin\u00e9e en France : une dynamique de vente remarquable depuis 2019. - Altavia","og_description":"Au lendemain de la 51e \u00e9dition du Festival de la Bande Dessin\u00e9e d\u2019Angoul\u00eame, le moment est venu de nous pencher sur la vitalit\u00e9 des librairies de BD.","og_url":"https:\/\/altavia-group.com\/fr\/news\/librairies-de-bande-dessinee-en-france-une-dynamique-de-vente-remarquable-depuis-2019\/","og_site_name":"Altavia","article_modified_time":"2026-02-09T11:14:40+00:00","og_image":[{"url":"https:\/\/altavia-group.com\/wp-content\/uploads\/2026\/02\/Librairie-Greffine-1-1.jpg","width":1,"height":1,"type":"image\/jpeg"}],"twitter_card":"summary_large_image","twitter_misc":{"Est. reading time":"9 minutes"},"schema":{"@context":"https:\/\/schema.org","@graph":[{"@type":"WebPage","@id":"https:\/\/altavia-group.com\/fr\/news\/librairies-de-bande-dessinee-en-france-une-dynamique-de-vente-remarquable-depuis-2019\/","url":"https:\/\/altavia-group.com\/fr\/news\/librairies-de-bande-dessinee-en-france-une-dynamique-de-vente-remarquable-depuis-2019\/","name":"Librairies de Bande-Dessin\u00e9e en France : une dynamique de vente remarquable depuis 2019. - Altavia","isPartOf":{"@id":"https:\/\/altavia-group.com\/#website"},"primaryImageOfPage":{"@id":"https:\/\/altavia-group.com\/fr\/news\/librairies-de-bande-dessinee-en-france-une-dynamique-de-vente-remarquable-depuis-2019\/#primaryimage"},"image":{"@id":"https:\/\/altavia-group.com\/fr\/news\/librairies-de-bande-dessinee-en-france-une-dynamique-de-vente-remarquable-depuis-2019\/#primaryimage"},"thumbnailUrl":"https:\/\/altavia-group.com\/wp-content\/uploads\/2026\/02\/Librairie-Greffine-1-1.jpg","datePublished":"2024-02-22T17:10:20+00:00","dateModified":"2026-02-09T11:14:40+00:00","breadcrumb":{"@id":"https:\/\/altavia-group.com\/fr\/news\/librairies-de-bande-dessinee-en-france-une-dynamique-de-vente-remarquable-depuis-2019\/#breadcrumb"},"inLanguage":"fr-FR","potentialAction":[{"@type":"ReadAction","target":["https:\/\/altavia-group.com\/fr\/news\/librairies-de-bande-dessinee-en-france-une-dynamique-de-vente-remarquable-depuis-2019\/"]}]},{"@type":"ImageObject","inLanguage":"fr-FR","@id":"https:\/\/altavia-group.com\/fr\/news\/librairies-de-bande-dessinee-en-france-une-dynamique-de-vente-remarquable-depuis-2019\/#primaryimage","url":"https:\/\/altavia-group.com\/wp-content\/uploads\/2026\/02\/Librairie-Greffine-1-1.jpg","contentUrl":"https:\/\/altavia-group.com\/wp-content\/uploads\/2026\/02\/Librairie-Greffine-1-1.jpg","caption":"La librairie Gr\u00e9fine, situ\u00e9e rue Saint-Nicolas, \u00e0 La Rochelle, est membre du r\u00e9seau Canal BD."},{"@type":"BreadcrumbList","@id":"https:\/\/altavia-group.com\/fr\/news\/librairies-de-bande-dessinee-en-france-une-dynamique-de-vente-remarquable-depuis-2019\/#breadcrumb","itemListElement":[{"@type":"ListItem","position":1,"name":"Home","item":"https:\/\/altavia-group.com\/fr\/"},{"@type":"ListItem","position":2,"name":"News","item":"https:\/\/altavia-group.com\/fr\/news\/"},{"@type":"ListItem","position":3,"name":"Librairies de Bande-Dessin\u00e9e en France : une dynamique de vente remarquable depuis 2019."}]},{"@type":"WebSite","@id":"https:\/\/altavia-group.com\/#website","url":"https:\/\/altavia-group.com\/","name":"Altavia","description":"Let\u2019s unlock our imagination.","publisher":{"@id":"https:\/\/altavia-group.com\/#organization"},"potentialAction":[{"@type":"SearchAction","target":{"@type":"EntryPoint","urlTemplate":"https:\/\/altavia-group.com\/?s={search_term_string}"},"query-input":{"@type":"PropertyValueSpecification","valueRequired":true,"valueName":"search_term_string"}}],"inLanguage":"fr-FR"},{"@type":"Organization","@id":"https:\/\/altavia-group.com\/#organization","name":"Altavia","url":"https:\/\/altavia-group.com\/","logo":{"@type":"ImageObject","inLanguage":"fr-FR","@id":"https:\/\/altavia-group.com\/#\/schema\/logo\/image\/","url":"http:\/\/altavia-group.com\/wp-content\/uploads\/2024\/12\/cropped-favicon-altavia.png","contentUrl":"http:\/\/altavia-group.com\/wp-content\/uploads\/2024\/12\/cropped-favicon-altavia.png","width":512,"height":512,"caption":"Altavia"},"image":{"@id":"https:\/\/altavia-group.com\/#\/schema\/logo\/image\/"}}]}},"_links":{"self":[{"href":"https:\/\/altavia-group.com\/fr\/wp-json\/wp\/v2\/news\/7239","targetHints":{"allow":["GET"]}}],"collection":[{"href":"https:\/\/altavia-group.com\/fr\/wp-json\/wp\/v2\/news"}],"about":[{"href":"https:\/\/altavia-group.com\/fr\/wp-json\/wp\/v2\/types\/news"}],"author":[{"embeddable":true,"href":"https:\/\/altavia-group.com\/fr\/wp-json\/wp\/v2\/users\/17"}],"replies":[{"embeddable":true,"href":"https:\/\/altavia-group.com\/fr\/wp-json\/wp\/v2\/comments?post=7239"}],"version-history":[{"count":0,"href":"https:\/\/altavia-group.com\/fr\/wp-json\/wp\/v2\/news\/7239\/revisions"}],"wp:featuredmedia":[{"embeddable":true,"href":"https:\/\/altavia-group.com\/fr\/wp-json\/wp\/v2\/media\/7240"}],"wp:attachment":[{"href":"https:\/\/altavia-group.com\/fr\/wp-json\/wp\/v2\/media?parent=7239"}],"wp:term":[{"taxonomy":"category","embeddable":true,"href":"https:\/\/altavia-group.com\/fr\/wp-json\/wp\/v2\/categories?post=7239"},{"taxonomy":"post_tag","embeddable":true,"href":"https:\/\/altavia-group.com\/fr\/wp-json\/wp\/v2\/tags?post=7239"},{"taxonomy":"news-type-taxonomy","embeddable":true,"href":"https:\/\/altavia-group.com\/fr\/wp-json\/wp\/v2\/news-type-taxonomy?post=7239"},{"taxonomy":"news-topic-taxonomy","embeddable":true,"href":"https:\/\/altavia-group.com\/fr\/wp-json\/wp\/v2\/news-topic-taxonomy?post=7239"}],"curies":[{"name":"wp","href":"https:\/\/api.w.org\/{rel}","templated":true}]}}