{"id":7338,"date":"2024-03-05T17:27:19","date_gmt":"2024-03-05T16:27:19","guid":{"rendered":"https:\/\/altaviagroudev.wpenginepowered.com\/news\/dossier-new-mobility-a-quoi-ressemblera-lautomobile-de-demain\/"},"modified":"2026-02-09T12:15:42","modified_gmt":"2026-02-09T11:15:42","slug":"dossier-new-mobility-a-quoi-ressemblera-lautomobile-de-demain","status":"publish","type":"news","link":"https:\/\/altavia-group.com\/fr\/news\/dossier-new-mobility-a-quoi-ressemblera-lautomobile-de-demain\/","title":{"rendered":"[Dossier] New Mobility : \u00c0 quoi ressemblera l&rsquo;automobile de demain ?"},"content":{"rendered":"<section class=\"wpb-content-wrapper\"><p>[vc_row css=\u00a0\u00bb.vc_custom_1519392503248{padding-top: 18px !important;}\u00a0\u00bb][vc_column][vc_empty_space height=\u00a0\u00bb54px\u00a0\u00bb][\/vc_column][\/vc_row][vc_row][vc_column][vc_column_text]<\/p>\n<h4><span class=\"edgtf-dropcaps edgtf-normal\" style=\"color: #1b1c21\">P<\/span>lus digitalis\u00e9e, plus servicielle, plus partag\u00e9e, plus respectueuse de l&rsquo;environnement, l&rsquo;automobile de demain est en train de prendre forme aujourd&rsquo;hui. Au mi-temps du 21\u00e8me si\u00e8cle, en quoi sera-t-elle diff\u00e9rente des v\u00e9hicules actuels ?<\/h4>\n<p>\u00a0<\/p>\n<p><span style=\"font-weight: 400;\">L&rsquo;automobile a toujours \u00e9t\u00e9 en perp\u00e9tuelle mutation, \u00e9voluant sans cesse en fonction des progr\u00e8s technologiques, gagnant au fil des d\u00e9cennies en performance, en s\u00e9curit\u00e9, en confort, devenant toujours plus s\u00fbre, plus rapide, plus fiable, et aujourd&rsquo;hui plus sobre. \u00a0Depuis plusieurs ann\u00e9es, la crise climatique oblige les constructeurs \u00e0 revoir leur copie et \u00e0 produire des v\u00e9hicules dont l&rsquo;impact sur l&rsquo;environnement est le plus faible possible. Chose impensable au 20\u00e8me si\u00e8cle, l&rsquo;\u00e9lectrification des motorisations est devenue le creuset des nouvelles innovations et le s\u00e9same indispensable pour inventer une mobilit\u00e9 propre.\u00a0<\/span><\/p>\n<p><span style=\"font-weight: 400;\">\u00a0<\/span><\/p>\n<p><span style=\"font-weight: 400;\">En parall\u00e8le de ce virage responsable, le num\u00e9rique est en train de transformer radicalement la fa\u00e7on de conduire. Bard\u00e9e de capteurs, carburant aux donn\u00e9es, l&rsquo;automobile devient de plus en plus connect\u00e9e et de plus en plus intelligente, capable de se garer toute seule ou de programmer le meilleur itin\u00e9raire.\u00a0<\/span><\/p>\n<p><span style=\"font-weight: 400;\">\u00a0<\/span><\/p>\n<p><span style=\"font-weight: 400;\">Au croisement de ces deux tendances, comment va-t-elle \u00e9voluer dans les prochaines d\u00e9cennies ? Quelles seront ses principales caract\u00e9ristiques au mi-temps du 21\u00e8me si\u00e8cle ?\u00a0<\/span><\/p>\n<p><b>\u00a0<\/b><\/p>\n<h3><b>Mat\u00e9riaux durables.<\/b><\/h3>\n<p><b>\u00a0<\/b><\/p>\n<p><span style=\"font-weight: 400;\">En 2050, dans un contexte climatique particuli\u00e8rement d\u00e9grad\u00e9, les constructeurs devront agir sur l&rsquo;ensemble du cycle de vie d&rsquo;un v\u00e9hicule, au del\u00e0 des \u00e9missions de CO2 produites lorsque celui-ci roule, car les phases d&rsquo;usinage et de fin de vie sont \u00e9galement particuli\u00e8rement polluantes et g\u00e9n\u00e9ratrices de d\u00e9chets. \u00a0La fabrication d&rsquo;une seule voiture rejette dans l&rsquo;atmosph\u00e8re plusieurs tonnes de CO2, tandis que le m\u00e9tal et le plastique qui la composent polluent les sols et les nappes phr\u00e9atiques lorsqu&rsquo;elle finit dans une d\u00e9charge. A cela il faut ajouter que le d\u00e9clin progressif des ressources mini\u00e8res, dont le co\u00fbt d&rsquo;extraction aura augment\u00e9 \u00e0 mesure que les r\u00e9serves exploitables auront diminu\u00e9, favorisera l'emploi de nouveaux mat\u00e9riaux et l&rsquo;adoption de nouveaux proc\u00e9d\u00e9s. Pour corriger le tir, la cha\u00eene de valeur de l&rsquo;automobile devra avoir int\u00e9gr\u00e9 les principes de l&rsquo;\u00e9conomie circulaire.\u00a0<\/span><\/p>\n<p><span style=\"font-weight: 400;\">\u00a0<\/span><\/p>\n<p><span style=\"font-weight: 400;\">Ce changement de paradigme est d&rsquo;ores et d\u00e9j\u00e0 observable. \u00a0En 2022, Renault a annonc\u00e9 que la structure du concept-car Renault Scenic Vision \u00e9tait, pour la premi\u00e8re fois, constitu\u00e9e \u00e0 70% de mat\u00e9riaux recycl\u00e9s et recyclables, tandis que l&rsquo;habitacle l&rsquo;\u00e9tait \u00e0 100%. Volkswagen a pouss\u00e9 le curseur un cran plus loin en annon\u00e7ant que 95% des organes constituant ses nouveaux mod\u00e8les pouvaient \u00eatre revaloris\u00e9s.\u00a0<\/span><\/p>\n<p><span style=\"font-weight: 400;\">\u00a0<\/span><\/p>\n<p><span style=\"font-weight: 400;\">Autre inflexion notable, l&rsquo;utilisation de mat\u00e9riaux alternatifs aux m\u00e9taux pourrait r\u00e9duire encore davantage l&rsquo;impact environnemental des v\u00e9hicules. En 2014, aux Pays-Bas, une \u00e9quipe de recherche de l'universit\u00e9 de technologie d'Eindhoven a construit la premi\u00e8re voiture biod\u00e9gradable au monde, dont la structure et l&rsquo;habitacle sont faits \u00e0 partir d'un compos\u00e9 biologique d\u00e9riv\u00e9 du lin et d'un plastique non chimique mis au point avec de la betterave \u00e0 sucre, et ce avec des niveaux de s\u00e9curit\u00e9 et de performance \u00e9quivalents \u00e0 un v\u00e9hicule classique.\u00a0<\/span><\/p>\n<p><span style=\"font-weight: 400;\">\u00a0<\/span><\/p>\n<p><span style=\"font-weight: 400;\">Plus r\u00e9cemment, le cabinet d&rsquo;architecture Vincent Callebaut a collabor\u00e9 avec Renault pour imaginer la Timber eCAR, une voiture dont la carrosserie et l&rsquo;am\u00e9nagement int\u00e9rieur ont \u00e9t\u00e9 con\u00e7us en m\u00e9langeant des fibres v\u00e9g\u00e9tales naturelles issues d&rsquo;agrod\u00e9chets, du bois lamell\u00e9-crois\u00e9, du bambou d&rsquo;ing\u00e9nierie et de l&rsquo;aluminium recycl\u00e9, ce qui en fait un v\u00e9hicule tr\u00e8s facilement revalorisable et particuli\u00e8rement l\u00e9ger. Selon l&rsquo;architecte \u00e0 l&rsquo;origine de cette innovation, c&rsquo;est un atout suppl\u00e9mentaire pour faire baisser le volume de CO2 rejet\u00e9 dans l&rsquo;atmosph\u00e8re : <\/span><i><span style=\"font-weight: 400;\">\u00ab\u00a0Au-del\u00e0 du type d'\u00e9nergie utilis\u00e9e, le poids du v\u00e9hicule est l'une des principales caract\u00e9ristiques affectant la quantit\u00e9 d'\u00e9missions. Il est donc imp\u00e9ratif de se tourner vers le poids des mat\u00e9riaux utilis\u00e9s pour am\u00e9liorer cette caract\u00e9ristique des v\u00e9hicules.\u00a0\u00bb<\/span><\/i><\/p>\n<p><i><span style=\"font-weight: 400;\">\u00a0<\/span><\/i><\/p>\n<p><span style=\"font-weight: 400;\">Ce new deal de la fabrication des automobiles ira de pair avec la g\u00e9n\u00e9ralisation des motorisations non \u00e9mettrices de CO2.<\/span> <span style=\"font-weight: 400;\">L&rsquo;ann\u00e9e derni\u00e8re, pour la premi\u00e8re fois, c&rsquo;est une voiture 100% \u00e9lectrique, en l&rsquo;occurrence la Tesla Model Y, qui a pris place sur la premi\u00e8re marche du podium des meilleures ventes de v\u00e9hicules neufs dans le monde.\u00a0 En France, 25% des voitures qui sont vendues par les concessionnaires ne sont plus \u00e9quip\u00e9es de moteurs thermiques. L&rsquo;ordre \u00e9tabli qui pr\u00e9valait jusqu&rsquo;ici, caract\u00e9ris\u00e9 par l&rsquo; h\u00e9g\u00e9monie absolue du p\u00e9trole dans l&rsquo;industrie automobile, touche \u00e0 sa fin. Demain, au mi-temps du 21\u00e8me si\u00e8cle, avec la pression toujours plus forte exerc\u00e9e par le r\u00e9chauffement climatique sur les consommateurs, et avec le concours de r\u00e9glementations environnementales toujours plus contraignantes, \u00a0les v\u00e9hicules\u00a0 \u00e9lectriques ou fonctionnant \u00e0 l&rsquo;hydrog\u00e8ne seront devenus la norme.\u00a0<\/span><\/p>\n<p><span style=\"font-weight: 400;\">\u00a0<\/span><\/p>\n<p><span style=\"font-weight: 400;\">Ce twist vers les \u00e9nergies vertes aura enti\u00e8rement recalibr\u00e9 les infrastructures routi\u00e8res, multipliant les stations de recharge le long des axes de circulation, maillant les territoires de bornes \u00e9lectriques derni\u00e8re g\u00e9n\u00e9ration, faisant na\u00eetre un \u00e9cosyst\u00e8me de transport enti\u00e8rement d\u00e9carbon\u00e9 et plus durable. L&rsquo;automobile de demain sera n\u00e9cessairement propre.\u00a0<\/span><\/p>\n<p><b>\u00a0<\/b><\/p>\n<h3><b>R\u00e9volution num\u00e9rique.<\/b><\/h3>\n<p><b>\u00a0<\/b><\/p>\n<p><span style=\"font-weight: 400;\">Autre changement majeur, la connectivit\u00e9 des v\u00e9hicules sera devenue un standard. A mesure que le la digitalisation aura progress\u00e9 dans chaque secteur d&rsquo;activit\u00e9 et chaque pan de la soci\u00e9t\u00e9, allant bien au-del\u00e0 de ce que nous connaissons actuellement,\u00a0 l&rsquo;automobile aura suivi le m\u00eame chemin. D\u00e9j\u00e0 aujourd&rsquo;hui, la plupart des voitures neuves vendues aux \u00c9tats-Unis sont \u00e9quip\u00e9es d&rsquo;un acc\u00e8s internet int\u00e9gr\u00e9. Demain, c&rsquo;est une architecture num\u00e9rique tout \u00e0 fait nouvelle qui aura fait son apparition.<\/span><\/p>\n<p><span style=\"font-weight: 400;\">\u00a0<\/span><\/p>\n<p><span style=\"font-weight: 400;\">L&rsquo;accroissement du volume de donn\u00e9es en circulation, qui pourrait atteindre 1000 milliards de t\u00e9raoctets par an<\/span> <span style=\"font-weight: 400;\">d\u00e8s la fin de la d\u00e9cennie<\/span> <span style=\"font-weight: 400;\">selon le rapport\u00a0<\/span><i><span style=\"font-weight: 400;\">Global Industry Vision : Communications Network 2030<\/span><\/i><span style=\"font-weight: 400;\">\u00a0de Huawei, et le d\u00e9veloppement de solutions IoT plus performantes, auront g\u00e9n\u00e9ralis\u00e9 les dispositifs de communication de v\u00e9hicule \u00e0 v\u00e9hicule (v2v), permettant aux automobiles d&rsquo;\u00e9changer des informations entre elles sur l&rsquo;\u00e9tat des routes, les itin\u00e9raires \u00e0 emprunter, la pr\u00e9sence \u00e9ventuelle de verglas&#8230;.<\/span><span style=\"font-weight: 400;\"> \u00a0<\/span><\/p>\n<p><span style=\"font-weight: 400;\">Augment\u00e9es par des algorithmes qui auront gagn\u00e9 en pr\u00e9cision, les technologies de vision artificielle en 3D d\u00e9tecteront les obstacles de fa\u00e7on proactive et \u00e9valueront le danger potentiel, pour ensuite avertir le conducteur ainsi que les autres automobilistes sur la route.\u00a0 D&rsquo;ores et d\u00e9j\u00e0, Continental d\u00e9veloppe des innovations qui vont dans ce sens. L&rsquo;\u00e9quipementier allemand a mis au point un algorithme de traitement intelligent des images qui mod\u00e9lise un v\u00e9hicule en mouvement et l&rsquo;int\u00e8gre \u00e0 son environnement pour fournir une vue \u00e0 360\u00b0 des conditions de circulation. Ce syst\u00e8me permet notamment au v\u00e9hicule de d\u00e9clencher automatiquement un freinage d&rsquo;urgence pour \u00e9viter une collision avec un autre conducteur. Plus fort encore, l&rsquo;application <\/span><i><span style=\"font-weight: 400;\">Digital Shield<\/span><\/i><span style=\"font-weight: 400;\">, op\u00e9rable depuis un smartphone,\u00a0 permet d&rsquo;identifier et de localiser les pi\u00e9tons et les cyclistes pour s\u00e9curiser encore davantage les trajets et r\u00e9duire toujours plus les risques d&rsquo;accidents.<\/span><\/p>\n<p><span style=\"font-weight: 400;\">\u00a0<\/span><\/p>\n<p><span style=\"font-weight: 400;\">Dans les d\u00e9cennies qui viennent, cette \u00e9mergence du v\u00e9hicule intelligent, capable de r\u00e9soudre par lui-m\u00eame un probl\u00e8me, aura favoris\u00e9 l&rsquo;apparition de syst\u00e8mes de conduite enti\u00e8rement autonomes, qui seront en mesure de traiter une masse toujours plus importante et toujours plus diversifi\u00e9e d&rsquo;informations. Il manque cependant encore un \u00e9l\u00e9ment pour avoir une vision pr\u00e9cise de l&rsquo;automobile de demain.\u00a0<\/span><\/p>\n<p>\u00a0<\/p>\n<h3><b>Automobile as a service.<\/b><\/h3>\n<p><b>\u00a0<\/b><\/p>\n<p><span style=\"font-weight: 400;\">Selon les pr\u00e9visions du cabinet d&rsquo;analyses Statista, il devrait y avoir 36 millions d&rsquo;utilisateurs de solutions d&rsquo;autopartage dans le monde en 2025, alors qu&rsquo;ils n&rsquo;\u00e9taient que 7 millions en 2015. En France, selon le dernier barom\u00e8tre de l&rsquo;Association des Acteurs de l&rsquo;Autopartage,\u00a0ce sont 460 000 nouveaux usagers qui ont adopt\u00e9 cette pratique en 2023, ce qui repr\u00e9sente une augmentation de 43 % par rapport \u00e0 2022.<\/span><\/p>\n<p><span style=\"font-weight: 400;\">\u00a0<\/span><\/p>\n<p><span style=\"font-weight: 400;\">Cette mont\u00e9e en puissance tr\u00e8s concr\u00e8te de la co-mobilit\u00e9 est appel\u00e9e \u00e0 redessiner enti\u00e8rement les habitudes de transport. \u00a0Alors qu&rsquo;une automobile reste inutilis\u00e9e 90% du temps, et que la collectivisation des v\u00e9hicules est d\u00e9sormais consid\u00e9r\u00e9e un levier particuli\u00e8rement efficace pour faire baisser les \u00e9missions de CO2, la fa\u00e7on dont on circule va radicalement changer.<\/span><i><span style=\"font-weight: 400;\">\u00ab\u00a0L&rsquo;automobile de demain sera un service de d\u00e9placement urbain, compos\u00e9 de petits v\u00e9hicules automatiques que l&rsquo;on pourra appeler depuis son t\u00e9l\u00e9phone portable ou son assistant personnel lorsqu&rsquo;on en aura besoin et qui se gareront tout seuls.\u00a0\u00bb<\/span><\/i><span style=\"font-weight: 400;\">\u00a0anticipe Michel Parent, chercheur \u00e0 l&rsquo;Inria (Institut national de recherche en informatique et automatique).\u00a0<\/span><\/p>\n<p><span style=\"font-weight: 400;\">\u00a0<\/span><\/p>\n<p><span style=\"font-weight: 400;\">De fait, dans les prochaines ann\u00e9es, la digitalisation accrue des d\u00e9placements favorisera les trajets partag\u00e9s. La communication de v\u00e9hicule \u00e0 v\u00e9hicule pourra, par exemple, permettre d&rsquo;indiquer aux applications d&rsquo;autopartage combien de places sont libres dans telle voiture pour tel itin\u00e9raire.\u00a0<\/span><\/p>\n<p><span style=\"font-weight: 400;\">\u00a0<\/span><\/p>\n<p><span style=\"font-weight: 400;\">Remodel\u00e9e par la crise climatique, am\u00e9lior\u00e9e par la connectivit\u00e9, reformul\u00e9e par les \u00e9volutions soci\u00e9tales, l&rsquo;automobile de demain sera tout \u00e0 la fois \u00e9cologique, hyper-num\u00e9ris\u00e9e et collective. C&rsquo;est un nouveau chapitre de cette industrie qui est sur le point de commencer.<\/span>[\/vc_column_text][vc_empty_space height=\u00a0\u00bb54px\u00a0\u00bb][\/vc_column][\/vc_row][vc_row][vc_column][vc_single_image image=\u00a0\u00bb7132&Prime; img_size=\u00a0\u00bbfull\u00a0\u00bb onclick=\u00a0\u00bbcustom_link\u00a0\u00bb img_link_target=\u00a0\u00bb_blank\u00a0\u00bb link=\u00a0\u00bbhttps:\/\/altavia-group.com\/fr\/tout-recommercer\/?utm_source=article-altaviawatch&#038;utm_medium=banner&#038;utm_campaign=promotion&#038;utm_content=en-savoir-plus\u00a0\u00bb][\/vc_column][\/vc_row]<\/p>\n<\/section>","protected":false},"excerpt":{"rendered":"<p>Plus digitalis\u00e9e, plus servicielle, plus partag\u00e9e, plus respectueuse de l&rsquo;environnement, l&rsquo;automobile de demain est en train de prendre forme aujourd&rsquo;hui.<\/p>\n","protected":false},"author":17,"featured_media":7339,"menu_order":0,"comment_status":"closed","ping_status":"closed","template":"","meta":{"_acf_changed":false,"color_menu":"","footer_color_background":"","featured_image_url":"","footnotes":""},"categories":[270],"tags":[],"news-type-taxonomy":[],"news-topic-taxonomy":[],"class_list":["post-7338","news","type-news","status-publish","has-post-thumbnail","hentry","category-le-retail-dici-a-2040"],"acf":[],"yoast_head":"<!-- This site is optimized with the Yoast SEO plugin v27.5 - https:\/\/yoast.com\/product\/yoast-seo-wordpress\/ -->\n<title>[Dossier] New Mobility : \u00c0 quoi ressemblera l&#039;automobile de demain ? - Altavia<\/title>\n<meta name=\"robots\" content=\"index, follow, max-snippet:-1, max-image-preview:large, max-video-preview:-1\" \/>\n<meta property=\"og:locale\" content=\"fr_FR\" \/>\n<meta property=\"og:type\" content=\"article\" \/>\n<meta property=\"og:title\" content=\"[Dossier] New Mobility : \u00c0 quoi ressemblera l&#039;automobile de demain ? - Altavia\" \/>\n<meta property=\"og:description\" content=\"Plus digitalis\u00e9e, plus servicielle, plus partag\u00e9e, plus respectueuse de l&#039;environnement, l&#039;automobile de demain est en train de prendre forme aujourd&#039;hui.\" \/>\n<meta property=\"og:url\" content=\"http:\/\/altavia-group.com\/fr\/news\/dossier-new-mobility-a-quoi-ressemblera-lautomobile-de-demain\/\" \/>\n<meta property=\"og:site_name\" content=\"Altavia\" \/>\n<meta property=\"article:modified_time\" content=\"2026-02-09T11:15:42+00:00\" \/>\n<meta property=\"og:image\" content=\"http:\/\/altavia-group.com\/wp-content\/uploads\/2026\/02\/DALL\u00b7E-2024-03-05-17.24.57-Visualize-a-futuristic-car-traveling-on-a-highway-blending-the-essence-of-advanced-technology-and-sustainable-mobility.-The-scene-unfolds-in-a-not-to-1.webp\" \/>\n\t<meta property=\"og:image:width\" content=\"1\" \/>\n\t<meta property=\"og:image:height\" content=\"1\" \/>\n\t<meta property=\"og:image:type\" content=\"image\/webp\" \/>\n<meta name=\"twitter:card\" content=\"summary_large_image\" \/>\n<meta name=\"twitter:label1\" content=\"Est. reading time\" \/>\n\t<meta name=\"twitter:data1\" content=\"8 minutes\" \/>\n<script type=\"application\/ld+json\" class=\"yoast-schema-graph\">{\"@context\":\"https:\\\/\\\/schema.org\",\"@graph\":[{\"@type\":\"WebPage\",\"@id\":\"http:\\\/\\\/altavia-group.com\\\/fr\\\/news\\\/dossier-new-mobility-a-quoi-ressemblera-lautomobile-de-demain\\\/\",\"url\":\"http:\\\/\\\/altavia-group.com\\\/fr\\\/news\\\/dossier-new-mobility-a-quoi-ressemblera-lautomobile-de-demain\\\/\",\"name\":\"[Dossier] New Mobility : \u00c0 quoi ressemblera l'automobile de demain ? - Altavia\",\"isPartOf\":{\"@id\":\"https:\\\/\\\/altavia-group.com\\\/#website\"},\"primaryImageOfPage\":{\"@id\":\"http:\\\/\\\/altavia-group.com\\\/fr\\\/news\\\/dossier-new-mobility-a-quoi-ressemblera-lautomobile-de-demain\\\/#primaryimage\"},\"image\":{\"@id\":\"http:\\\/\\\/altavia-group.com\\\/fr\\\/news\\\/dossier-new-mobility-a-quoi-ressemblera-lautomobile-de-demain\\\/#primaryimage\"},\"thumbnailUrl\":\"https:\\\/\\\/altavia-group.com\\\/wp-content\\\/uploads\\\/2026\\\/02\\\/DALL\u00b7E-2024-03-05-17.24.57-Visualize-a-futuristic-car-traveling-on-a-highway-blending-the-essence-of-advanced-technology-and-sustainable-mobility.-The-scene-unfolds-in-a-not-to-1.webp\",\"datePublished\":\"2024-03-05T16:27:19+00:00\",\"dateModified\":\"2026-02-09T11:15:42+00:00\",\"breadcrumb\":{\"@id\":\"http:\\\/\\\/altavia-group.com\\\/fr\\\/news\\\/dossier-new-mobility-a-quoi-ressemblera-lautomobile-de-demain\\\/#breadcrumb\"},\"inLanguage\":\"fr-FR\",\"potentialAction\":[{\"@type\":\"ReadAction\",\"target\":[\"http:\\\/\\\/altavia-group.com\\\/fr\\\/news\\\/dossier-new-mobility-a-quoi-ressemblera-lautomobile-de-demain\\\/\"]}]},{\"@type\":\"ImageObject\",\"inLanguage\":\"fr-FR\",\"@id\":\"http:\\\/\\\/altavia-group.com\\\/fr\\\/news\\\/dossier-new-mobility-a-quoi-ressemblera-lautomobile-de-demain\\\/#primaryimage\",\"url\":\"https:\\\/\\\/altavia-group.com\\\/wp-content\\\/uploads\\\/2026\\\/02\\\/DALL\u00b7E-2024-03-05-17.24.57-Visualize-a-futuristic-car-traveling-on-a-highway-blending-the-essence-of-advanced-technology-and-sustainable-mobility.-The-scene-unfolds-in-a-not-to-1.webp\",\"contentUrl\":\"https:\\\/\\\/altavia-group.com\\\/wp-content\\\/uploads\\\/2026\\\/02\\\/DALL\u00b7E-2024-03-05-17.24.57-Visualize-a-futuristic-car-traveling-on-a-highway-blending-the-essence-of-advanced-technology-and-sustainable-mobility.-The-scene-unfolds-in-a-not-to-1.webp\"},{\"@type\":\"BreadcrumbList\",\"@id\":\"http:\\\/\\\/altavia-group.com\\\/fr\\\/news\\\/dossier-new-mobility-a-quoi-ressemblera-lautomobile-de-demain\\\/#breadcrumb\",\"itemListElement\":[{\"@type\":\"ListItem\",\"position\":1,\"name\":\"Home\",\"item\":\"https:\\\/\\\/altavia-group.com\\\/fr\\\/\"},{\"@type\":\"ListItem\",\"position\":2,\"name\":\"News\",\"item\":\"https:\\\/\\\/altavia-group.com\\\/fr\\\/news\\\/\"},{\"@type\":\"ListItem\",\"position\":3,\"name\":\"[Dossier] New Mobility : \u00c0 quoi ressemblera l&rsquo;automobile de demain ?\"}]},{\"@type\":\"WebSite\",\"@id\":\"https:\\\/\\\/altavia-group.com\\\/#website\",\"url\":\"https:\\\/\\\/altavia-group.com\\\/\",\"name\":\"Altavia\",\"description\":\"Let\u2019s unlock our imagination.\",\"publisher\":{\"@id\":\"https:\\\/\\\/altavia-group.com\\\/#organization\"},\"potentialAction\":[{\"@type\":\"SearchAction\",\"target\":{\"@type\":\"EntryPoint\",\"urlTemplate\":\"https:\\\/\\\/altavia-group.com\\\/?s={search_term_string}\"},\"query-input\":{\"@type\":\"PropertyValueSpecification\",\"valueRequired\":true,\"valueName\":\"search_term_string\"}}],\"inLanguage\":\"fr-FR\"},{\"@type\":\"Organization\",\"@id\":\"https:\\\/\\\/altavia-group.com\\\/#organization\",\"name\":\"Altavia\",\"url\":\"https:\\\/\\\/altavia-group.com\\\/\",\"logo\":{\"@type\":\"ImageObject\",\"inLanguage\":\"fr-FR\",\"@id\":\"https:\\\/\\\/altavia-group.com\\\/#\\\/schema\\\/logo\\\/image\\\/\",\"url\":\"http:\\\/\\\/altavia-group.com\\\/wp-content\\\/uploads\\\/2024\\\/12\\\/cropped-favicon-altavia.png\",\"contentUrl\":\"http:\\\/\\\/altavia-group.com\\\/wp-content\\\/uploads\\\/2024\\\/12\\\/cropped-favicon-altavia.png\",\"width\":512,\"height\":512,\"caption\":\"Altavia\"},\"image\":{\"@id\":\"https:\\\/\\\/altavia-group.com\\\/#\\\/schema\\\/logo\\\/image\\\/\"}}]}<\/script>\n<!-- \/ Yoast SEO plugin. -->","yoast_head_json":{"title":"[Dossier] New Mobility : \u00c0 quoi ressemblera l'automobile de demain ? - Altavia","robots":{"index":"index","follow":"follow","max-snippet":"max-snippet:-1","max-image-preview":"max-image-preview:large","max-video-preview":"max-video-preview:-1"},"og_locale":"fr_FR","og_type":"article","og_title":"[Dossier] New Mobility : \u00c0 quoi ressemblera l'automobile de demain ? - Altavia","og_description":"Plus digitalis\u00e9e, plus servicielle, plus partag\u00e9e, plus respectueuse de l'environnement, l'automobile de demain est en train de prendre forme aujourd'hui.","og_url":"http:\/\/altavia-group.com\/fr\/news\/dossier-new-mobility-a-quoi-ressemblera-lautomobile-de-demain\/","og_site_name":"Altavia","article_modified_time":"2026-02-09T11:15:42+00:00","og_image":[{"url":"http:\/\/altavia-group.com\/wp-content\/uploads\/2026\/02\/DALL\u00b7E-2024-03-05-17.24.57-Visualize-a-futuristic-car-traveling-on-a-highway-blending-the-essence-of-advanced-technology-and-sustainable-mobility.-The-scene-unfolds-in-a-not-to-1.webp","width":1,"height":1,"type":"image\/webp"}],"twitter_card":"summary_large_image","twitter_misc":{"Est. reading time":"8 minutes"},"schema":{"@context":"https:\/\/schema.org","@graph":[{"@type":"WebPage","@id":"http:\/\/altavia-group.com\/fr\/news\/dossier-new-mobility-a-quoi-ressemblera-lautomobile-de-demain\/","url":"http:\/\/altavia-group.com\/fr\/news\/dossier-new-mobility-a-quoi-ressemblera-lautomobile-de-demain\/","name":"[Dossier] New Mobility : \u00c0 quoi ressemblera l'automobile de demain ? - Altavia","isPartOf":{"@id":"https:\/\/altavia-group.com\/#website"},"primaryImageOfPage":{"@id":"http:\/\/altavia-group.com\/fr\/news\/dossier-new-mobility-a-quoi-ressemblera-lautomobile-de-demain\/#primaryimage"},"image":{"@id":"http:\/\/altavia-group.com\/fr\/news\/dossier-new-mobility-a-quoi-ressemblera-lautomobile-de-demain\/#primaryimage"},"thumbnailUrl":"https:\/\/altavia-group.com\/wp-content\/uploads\/2026\/02\/DALL\u00b7E-2024-03-05-17.24.57-Visualize-a-futuristic-car-traveling-on-a-highway-blending-the-essence-of-advanced-technology-and-sustainable-mobility.-The-scene-unfolds-in-a-not-to-1.webp","datePublished":"2024-03-05T16:27:19+00:00","dateModified":"2026-02-09T11:15:42+00:00","breadcrumb":{"@id":"http:\/\/altavia-group.com\/fr\/news\/dossier-new-mobility-a-quoi-ressemblera-lautomobile-de-demain\/#breadcrumb"},"inLanguage":"fr-FR","potentialAction":[{"@type":"ReadAction","target":["http:\/\/altavia-group.com\/fr\/news\/dossier-new-mobility-a-quoi-ressemblera-lautomobile-de-demain\/"]}]},{"@type":"ImageObject","inLanguage":"fr-FR","@id":"http:\/\/altavia-group.com\/fr\/news\/dossier-new-mobility-a-quoi-ressemblera-lautomobile-de-demain\/#primaryimage","url":"https:\/\/altavia-group.com\/wp-content\/uploads\/2026\/02\/DALL\u00b7E-2024-03-05-17.24.57-Visualize-a-futuristic-car-traveling-on-a-highway-blending-the-essence-of-advanced-technology-and-sustainable-mobility.-The-scene-unfolds-in-a-not-to-1.webp","contentUrl":"https:\/\/altavia-group.com\/wp-content\/uploads\/2026\/02\/DALL\u00b7E-2024-03-05-17.24.57-Visualize-a-futuristic-car-traveling-on-a-highway-blending-the-essence-of-advanced-technology-and-sustainable-mobility.-The-scene-unfolds-in-a-not-to-1.webp"},{"@type":"BreadcrumbList","@id":"http:\/\/altavia-group.com\/fr\/news\/dossier-new-mobility-a-quoi-ressemblera-lautomobile-de-demain\/#breadcrumb","itemListElement":[{"@type":"ListItem","position":1,"name":"Home","item":"https:\/\/altavia-group.com\/fr\/"},{"@type":"ListItem","position":2,"name":"News","item":"https:\/\/altavia-group.com\/fr\/news\/"},{"@type":"ListItem","position":3,"name":"[Dossier] New Mobility : \u00c0 quoi ressemblera l&rsquo;automobile de demain ?"}]},{"@type":"WebSite","@id":"https:\/\/altavia-group.com\/#website","url":"https:\/\/altavia-group.com\/","name":"Altavia","description":"Let\u2019s unlock our imagination.","publisher":{"@id":"https:\/\/altavia-group.com\/#organization"},"potentialAction":[{"@type":"SearchAction","target":{"@type":"EntryPoint","urlTemplate":"https:\/\/altavia-group.com\/?s={search_term_string}"},"query-input":{"@type":"PropertyValueSpecification","valueRequired":true,"valueName":"search_term_string"}}],"inLanguage":"fr-FR"},{"@type":"Organization","@id":"https:\/\/altavia-group.com\/#organization","name":"Altavia","url":"https:\/\/altavia-group.com\/","logo":{"@type":"ImageObject","inLanguage":"fr-FR","@id":"https:\/\/altavia-group.com\/#\/schema\/logo\/image\/","url":"http:\/\/altavia-group.com\/wp-content\/uploads\/2024\/12\/cropped-favicon-altavia.png","contentUrl":"http:\/\/altavia-group.com\/wp-content\/uploads\/2024\/12\/cropped-favicon-altavia.png","width":512,"height":512,"caption":"Altavia"},"image":{"@id":"https:\/\/altavia-group.com\/#\/schema\/logo\/image\/"}}]}},"_links":{"self":[{"href":"https:\/\/altavia-group.com\/fr\/wp-json\/wp\/v2\/news\/7338","targetHints":{"allow":["GET"]}}],"collection":[{"href":"https:\/\/altavia-group.com\/fr\/wp-json\/wp\/v2\/news"}],"about":[{"href":"https:\/\/altavia-group.com\/fr\/wp-json\/wp\/v2\/types\/news"}],"author":[{"embeddable":true,"href":"https:\/\/altavia-group.com\/fr\/wp-json\/wp\/v2\/users\/17"}],"replies":[{"embeddable":true,"href":"https:\/\/altavia-group.com\/fr\/wp-json\/wp\/v2\/comments?post=7338"}],"version-history":[{"count":0,"href":"https:\/\/altavia-group.com\/fr\/wp-json\/wp\/v2\/news\/7338\/revisions"}],"wp:featuredmedia":[{"embeddable":true,"href":"https:\/\/altavia-group.com\/fr\/wp-json\/wp\/v2\/media\/7339"}],"wp:attachment":[{"href":"https:\/\/altavia-group.com\/fr\/wp-json\/wp\/v2\/media?parent=7338"}],"wp:term":[{"taxonomy":"category","embeddable":true,"href":"https:\/\/altavia-group.com\/fr\/wp-json\/wp\/v2\/categories?post=7338"},{"taxonomy":"post_tag","embeddable":true,"href":"https:\/\/altavia-group.com\/fr\/wp-json\/wp\/v2\/tags?post=7338"},{"taxonomy":"news-type-taxonomy","embeddable":true,"href":"https:\/\/altavia-group.com\/fr\/wp-json\/wp\/v2\/news-type-taxonomy?post=7338"},{"taxonomy":"news-topic-taxonomy","embeddable":true,"href":"https:\/\/altavia-group.com\/fr\/wp-json\/wp\/v2\/news-topic-taxonomy?post=7338"}],"curies":[{"name":"wp","href":"https:\/\/api.w.org\/{rel}","templated":true}]}}