{"id":7372,"date":"2024-03-12T14:42:51","date_gmt":"2024-03-12T13:42:51","guid":{"rendered":"https:\/\/altaviagroudev.wpenginepowered.com\/news\/au-sein-du-centre-commercial-westfield-la-part-dieu-des-locaux-sont-mis-a-disposition-pour-des-projets-lies-a-leconomie-sociale-et-solidaire\/"},"modified":"2026-02-09T12:16:01","modified_gmt":"2026-02-09T11:16:01","slug":"au-sein-du-centre-commercial-westfield-la-part-dieu-des-locaux-sont-mis-a-disposition-pour-des-projets-lies-a-leconomie-sociale-et-solidaire","status":"publish","type":"news","link":"https:\/\/altavia-group.com\/fr\/news\/au-sein-du-centre-commercial-westfield-la-part-dieu-des-locaux-sont-mis-a-disposition-pour-des-projets-lies-a-leconomie-sociale-et-solidaire\/","title":{"rendered":"Au sein du centre commercial Westfield La Part-Dieu, des locaux sont mis \u00e0 disposition pour des projets li\u00e9s \u00e0 l\u2019\u00e9conomie sociale et solidaire."},"content":{"rendered":"<section class=\"wpb-content-wrapper\"><p>[vc_row css=\u00a0\u00bb.vc_custom_1519392503248{padding-top: 18px !important;}\u00a0\u00bb][vc_column]<div class=\"edgtf-single-image-holder   \">\n    <div class=\"edgtf-si-inner\" >\n                                    <img decoding=\"async\" src=\"https:\/\/altavia-group.com\/wp-content\/uploads\/2026\/02\/Devanture-1.jpg\" class=\"attachment-full size-full\" alt=\"\" \/>                        <\/div>\n<\/div>[vc_empty_space height=\u00a0\u00bb54px\u00a0\u00bb][\/vc_column][\/vc_row][vc_row][vc_column][vc_column_text]<\/p>\n<h4><span class=\"edgtf-dropcaps edgtf-normal\" style=\"color: #1b1c21\">R<\/span>endez-vous au deuxi\u00e8me \u00e9tage du centre commercial Westfield Lyon la Part-Dieu, boutique 283, pour d\u00e9couvrir le pop-up store du Collectif Cent fa\u00e7ons, d\u00e9di\u00e9 \u00e0 la mode locale et durable. Au sein de ce lieu hybride, un corner de 80 m2, enti\u00e8rement pris en main par Marjorie Biawa, experte en \u00e9conomie circulaire, est consacr\u00e9 \u00e0 la seconde main. Une premi\u00e8re dans ce premier centre commercial de la r\u00e9gion.<\/h4>\n<p>[\/vc_column_text][vc_empty_space height=\u00a0\u00bb54px\u00a0\u00bb][vc_column_text]<span style=\"font-weight: 400;\">Auparavant vacant, l'espace de 220m<\/span><span style=\"font-weight: 400;\">2 <\/span><span style=\"font-weight: 400;\">est aujourd'hui bien vivant. Le pop-up store du Collectif Cent fa\u00e7ons a ouvert ses portes en juin 2023, pour promouvoir des marques et des cr\u00e9ateurs ayant une d\u00e9marche \u00e9thique et responsable. Upcycling, cosm\u00e9tiques solides, bijoux et accessoires fabriqu\u00e9s \u00e0 Lyon\u2026 des centaines de fa\u00e7ons de faire une mode durable et locale y sont propos\u00e9es.<\/span><\/p>\n<p><span style=\"font-weight: 400;\">La boutique \u00e9ph\u00e9m\u00e8re est \u00e9galement un lieu de sensibilisation, permettant aux clients d'acqu\u00e9rir des comp\u00e9tences utiles pour prolonger la dur\u00e9e de vie de leurs v\u00eatements \u00e0 travers des cours de couture, des conf\u00e9rences et des animations.\u00a0<\/span><\/p>\n<p><span style=\"font-weight: 400;\">Cent Fa\u00e7ons, c'est aussi un vaste corner d\u00e9di\u00e9 \u00e0 la seconde main. <\/span><i><span style=\"font-weight: 400;\">\u00ab Le centre Westfield La Part-Dieu est un acteur engag\u00e9 dans la sensibilisation du public et la promotion de comportements de consommation plus durables, <\/span><\/i><span style=\"font-weight: 400;\">affirme la direction de Westfield La Part-Dieu.<\/span><i><span style=\"font-weight: 400;\">\u00a0L'arriv\u00e9e d'enseignes proposant de la seconde main permet, d'une part, de promouvoir de nouvelles tendances de consommation plus responsables, et d'autre part de proposer des prix plus abordables qui conviendront \u00e0 tous les budgets. De plus, comme acteur engag\u00e9 de son territoire, le centre Westfield La Part-Dieu a \u00e0 c\u0153ur de mettre en avant les artisans et les cr\u00e9ateurs locaux, notamment les jeunes entrepreneurs\u00a0qui se lancent et\u00a0qui trouvent dans cette initiative un moyen de\u00a0gagner en notori\u00e9t\u00e9 et de\u00a0rencontrer leur public. \u00bb\u00a0<\/span><\/i><\/p>\n<p>\u00a0<\/p>\n<h3><b>La seconde main pour r\u00e9pondre \u00e0 une demande grandissante des clients.\u00a0\u00a0<\/b><\/h3>\n<p><b>\u00a0<\/b><\/p>\n<p><span style=\"font-weight: 400;\">C'est \u00e0 <\/span><a href=\"\/?p=15410\" target=\"_blank\" rel=\"noopener\"><span style=\"font-weight: 400;\">Marjorie Biawa<\/span><\/a><span style=\"font-weight: 400;\">, experte de la seconde main, qu'a \u00e9t\u00e9 confi\u00e9 le merchandising et l'approvisionnement de l'espace seconde main. \u00ab\u00a0<\/span><i><span style=\"font-weight: 400;\">En s\u00e9lectionnant avec soin tous les v\u00eatements qui sont pr\u00e9sent\u00e9s, je d\u00e9montre que la seconde main peut \u00eatre jolie et mode, bien loin des strat\u00e9gies d'achat discount. Un client peut avoir un vrai coup de coeur sur une pi\u00e8ce, si elle est de qualit\u00e9 et bien mise en valeur<\/span><\/i><span style=\"font-weight: 400;\">\u00a0\u00bb.<\/span><\/p>\n<p><span style=\"font-weight: 400;\">Une exp\u00e9rimentation in\u00e9dite dans un centre commercial de cette ampleur &#8211; Westfield Lyon la Part-Dieu et ses 240 boutiques est le plus grand centre commercial de France.<\/span><\/p>\n<p>\u00a0<\/p>\n<p><span style=\"font-weight: 400;\">\u00ab <\/span><i><span style=\"font-weight: 400;\">L&rsquo;opportunit\u00e9 donn\u00e9e par le centre commercial Westfield Lyon La Part Dieu est unique : elle permet de mettre en avant des modes de consommation durables. Nous sommes particuli\u00e8rement reconnaissants. Dans le cadre de mes activit\u00e9s, je travaille sur des concepts similaires.<\/span><\/i><span style=\"font-weight: 400;\"> \u00bb<\/span><\/p>\n<p>\u00a0<\/p>\n<p><span style=\"font-weight: 400;\">La seconde main pens\u00e9e comme un l'un des atouts ma\u00eetres pour animer un parc commercial et revaloriser les m<\/span><span style=\"font-weight: 400;\">2<\/span><span style=\"font-weight: 400;\"> vacants\u00a0? \u00ab\u00a0<\/span><i><span style=\"font-weight: 400;\">La seconde main est ind\u00e9niablement une offre que le consommateur attend et qui le motive \u00e0 venir en magasin,<\/span><\/i><span style=\"font-weight: 400;\"> confirme Marjorie Biawa. <\/span><i><span style=\"font-weight: 400;\">Elle apporte \u00e0 la zone de chalandise une autre dimension, d\u00e9sormais incontournable.\u00a0<\/span><\/i><span style=\"font-weight: 400;\">\u00bb\u00a0<\/span>[\/vc_column_text][vc_empty_space height=\u00a0\u00bb54px\u00a0\u00bb][\/vc_column][\/vc_row][vc_row css=\u00a0\u00bb.vc_custom_1519392503248{padding-top: 18px !important;}\u00a0\u00bb][vc_column]<div class=\"edgtf-single-image-holder   \">\n    <div class=\"edgtf-si-inner\" >\n                                    <img decoding=\"async\" src=\"https:\/\/altavia-group.com\/wp-content\/uploads\/2026\/02\/Ouverture-pop-up-avec-la-m'tropole-1.jpg\" class=\"attachment-full size-full\" alt=\"\" \/>                        <\/div>\n<\/div>[vc_column_text]<\/p>\n<h6><i>De gauche \u00e0 droite, Marjorie Biawa, Consultante Retail Seconde Main &#8211; Camille Augey, Adjointe au Maire de Lyon \u00e0 l'emploi et \u00e0 l&rsquo;\u00e9conomie durable, Alexia Auprince, directrice adjointe du Centre Commercial Westfield Lyon la Part-Dieu, \u00c9meline Baume de Brosses, vice pr\u00e9sidente \u00e0 la M\u00e9tropole de Lyon et Nad\u00e8ge Rembault, Pr\u00e9sidente du Collectif Cent Fa\u00e7ons.<\/i><\/h6>\n<p>[\/vc_column_text][vc_empty_space height=\u00a0\u00bb54px\u00a0\u00bb][\/vc_column][\/vc_row][vc_row][vc_column][vc_column_text]<\/p>\n<h3><b>Cent Fa\u00e7ons joue les prolongations.<\/b><\/h3>\n<p>\u00a0<\/p>\n<p><span style=\"font-weight: 400;\">D'apr\u00e8s les chiffres avanc\u00e9s par le Collectif, 1 client sur 5 revient dans la boutique \u00e9ph\u00e9m\u00e8re avec l'envie de consommer de fa\u00e7on plus durable. Une tendance tr\u00e8s positive qui explique que la direction de Westfield La Part-Dieu ait d\u00e9cid\u00e9 de prolonger l'exp\u00e9rimentation initialement, d'une dur\u00e9e de 9 mois, jusqu'\u00e0 fin juin 2024.<\/span><\/p>\n<p><span style=\"font-weight: 400;\">\u00ab\u00a0<\/span><i><span style=\"font-weight: 400;\">Le chiffre d'affaires de la boutique est en progression, la client\u00e8le revient et les retours sont tr\u00e8s enthousiastes<\/span><\/i><span style=\"font-weight: 400;\">, se r\u00e9jouit Marjorie Biawa. <\/span><i><span style=\"font-weight: 400;\">Et gr\u00e2ce au bouche-\u00e0-oreille, le pop-up attire une client\u00e8le qui n'\u00e9tait pas initialement la cible du centre. Pour nous, c'est une v\u00e9ritable r\u00e9ussite commerciale, qui prouve que le concept est rentable et c'est aussi un succ\u00e8s pour le bailleur\u00a0qui renouvelle son offre avec une proposition dans l'\u00e8re du temps \u00bb.<\/span><\/i>[\/vc_column_text][vc_empty_space height=\u00a0\u00bb54px\u00a0\u00bb][\/vc_column][\/vc_row][vc_row css=\u00a0\u00bb.vc_custom_1519392503248{padding-top: 18px !important;}\u00a0\u00bb][vc_column][vc_gallery type=\u00a0\u00bbflexslider_slide\u00a0\u00bb interval=\u00a0\u00bb0&Prime; images=\u00a0\u00bb7373,7374,7375,7376,7377&Prime; img_size=\u00a0\u00bbfull\u00a0\u00bb][vc_empty_space height=\u00a0\u00bb54px\u00a0\u00bb][\/vc_column][\/vc_row][vc_row][vc_column][vc_column_text]<\/p>\n<h3><b>Pour en savoir plus\u00a0:<\/b><\/h3>\n<p><span style=\"font-weight: 400;\"><a href=\"https:\/\/www.cent-facons.fr\" target=\"_blank\" rel=\"noopener\">Collectif Cent fa\u00e7ons<\/a><\/span>[\/vc_column_text][vc_empty_space height=\u00a0\u00bb54px\u00a0\u00bb][\/vc_column][\/vc_row][vc_row][vc_column][vc_column_text]<\/p>\n<h3 class=\"edgtf-st-title\">Consulter l&rsquo;int\u00e9gralit\u00e9 du dossier :<\/h3>\n<p>[\/vc_column_text][vc_empty_space][vc_btn title=\u00a0\u00bbVoir les articles\u00a0\u00bb style=\u00a0\u00bboutline-custom\u00a0\u00bb outline_custom_color=\u00a0\u00bb#202125&Prime; outline_custom_hover_background=\u00a0\u00bb#202125&Prime; outline_custom_hover_text=\u00a0\u00bb#ffffff\u00a0\u00bb shape=\u00a0\u00bbsquare\u00a0\u00bb link=\u00a0\u00bburl:https%3A%2F%2Faltaviawatch.com%2Freinventer-les-centres-commerciaux%2F\u00a0\u00bb][\/vc_column][\/vc_row]<\/p>\n<\/section>","protected":false},"excerpt":{"rendered":"<p>Le pop-up store du Collectif Cent fa\u00e7ons a ouvert ses portes en juin 2023, pour promouvoir des marques et des cr\u00e9ateurs ayant une d\u00e9marche \u00e9thique et responsable.<\/p>\n","protected":false},"author":17,"featured_media":7373,"menu_order":0,"comment_status":"closed","ping_status":"closed","template":"","meta":{"_acf_changed":false,"color_menu":"","footer_color_background":"","featured_image_url":"","footnotes":""},"categories":[278],"tags":[285],"news-type-taxonomy":[],"news-topic-taxonomy":[],"class_list":["post-7372","news","type-news","status-publish","has-post-thumbnail","hentry","category-commerce-durable","tag-les-centres-commerciaux"],"acf":[],"yoast_head":"<!-- This site is optimized with the Yoast SEO plugin v27.5 - https:\/\/yoast.com\/product\/yoast-seo-wordpress\/ -->\n<title>Au sein du centre commercial Westfield La Part-Dieu, des locaux sont mis \u00e0 disposition pour des projets li\u00e9s \u00e0 l\u2019\u00e9conomie sociale et solidaire. - Altavia<\/title>\n<meta name=\"robots\" content=\"index, follow, max-snippet:-1, max-image-preview:large, max-video-preview:-1\" \/>\n<meta property=\"og:locale\" content=\"fr_FR\" \/>\n<meta property=\"og:type\" content=\"article\" \/>\n<meta property=\"og:title\" content=\"Au sein du centre commercial Westfield La Part-Dieu, des locaux sont mis \u00e0 disposition pour des projets li\u00e9s \u00e0 l\u2019\u00e9conomie sociale et solidaire. - Altavia\" \/>\n<meta property=\"og:description\" content=\"Le pop-up store du Collectif Cent fa\u00e7ons a ouvert ses portes en juin 2023, pour promouvoir des marques et des cr\u00e9ateurs ayant une d\u00e9marche \u00e9thique et responsable.\" \/>\n<meta property=\"og:url\" content=\"https:\/\/altavia-group.com\/fr\/news\/au-sein-du-centre-commercial-westfield-la-part-dieu-des-locaux-sont-mis-a-disposition-pour-des-projets-lies-a-leconomie-sociale-et-solidaire\/\" \/>\n<meta property=\"og:site_name\" content=\"Altavia\" \/>\n<meta property=\"article:modified_time\" content=\"2026-02-09T11:16:01+00:00\" \/>\n<meta property=\"og:image\" content=\"https:\/\/altavia-group.com\/wp-content\/uploads\/2026\/02\/Upcycling-1.jpeg\" \/>\n\t<meta property=\"og:image:width\" content=\"1\" \/>\n\t<meta property=\"og:image:height\" content=\"1\" \/>\n\t<meta property=\"og:image:type\" content=\"image\/jpeg\" \/>\n<meta name=\"twitter:card\" content=\"summary_large_image\" \/>\n<meta name=\"twitter:label1\" content=\"Est. reading time\" \/>\n\t<meta name=\"twitter:data1\" content=\"5 minutes\" \/>\n<script type=\"application\/ld+json\" class=\"yoast-schema-graph\">{\"@context\":\"https:\\\/\\\/schema.org\",\"@graph\":[{\"@type\":\"WebPage\",\"@id\":\"https:\\\/\\\/altavia-group.com\\\/fr\\\/news\\\/au-sein-du-centre-commercial-westfield-la-part-dieu-des-locaux-sont-mis-a-disposition-pour-des-projets-lies-a-leconomie-sociale-et-solidaire\\\/\",\"url\":\"https:\\\/\\\/altavia-group.com\\\/fr\\\/news\\\/au-sein-du-centre-commercial-westfield-la-part-dieu-des-locaux-sont-mis-a-disposition-pour-des-projets-lies-a-leconomie-sociale-et-solidaire\\\/\",\"name\":\"Au sein du centre commercial Westfield La Part-Dieu, des locaux sont mis \u00e0 disposition pour des projets li\u00e9s \u00e0 l\u2019\u00e9conomie sociale et solidaire. - Altavia\",\"isPartOf\":{\"@id\":\"https:\\\/\\\/altavia-group.com\\\/#website\"},\"primaryImageOfPage\":{\"@id\":\"https:\\\/\\\/altavia-group.com\\\/fr\\\/news\\\/au-sein-du-centre-commercial-westfield-la-part-dieu-des-locaux-sont-mis-a-disposition-pour-des-projets-lies-a-leconomie-sociale-et-solidaire\\\/#primaryimage\"},\"image\":{\"@id\":\"https:\\\/\\\/altavia-group.com\\\/fr\\\/news\\\/au-sein-du-centre-commercial-westfield-la-part-dieu-des-locaux-sont-mis-a-disposition-pour-des-projets-lies-a-leconomie-sociale-et-solidaire\\\/#primaryimage\"},\"thumbnailUrl\":\"https:\\\/\\\/altavia-group.com\\\/wp-content\\\/uploads\\\/2026\\\/02\\\/Upcycling-1.jpeg\",\"datePublished\":\"2024-03-12T13:42:51+00:00\",\"dateModified\":\"2026-02-09T11:16:01+00:00\",\"breadcrumb\":{\"@id\":\"https:\\\/\\\/altavia-group.com\\\/fr\\\/news\\\/au-sein-du-centre-commercial-westfield-la-part-dieu-des-locaux-sont-mis-a-disposition-pour-des-projets-lies-a-leconomie-sociale-et-solidaire\\\/#breadcrumb\"},\"inLanguage\":\"fr-FR\",\"potentialAction\":[{\"@type\":\"ReadAction\",\"target\":[\"https:\\\/\\\/altavia-group.com\\\/fr\\\/news\\\/au-sein-du-centre-commercial-westfield-la-part-dieu-des-locaux-sont-mis-a-disposition-pour-des-projets-lies-a-leconomie-sociale-et-solidaire\\\/\"]}]},{\"@type\":\"ImageObject\",\"inLanguage\":\"fr-FR\",\"@id\":\"https:\\\/\\\/altavia-group.com\\\/fr\\\/news\\\/au-sein-du-centre-commercial-westfield-la-part-dieu-des-locaux-sont-mis-a-disposition-pour-des-projets-lies-a-leconomie-sociale-et-solidaire\\\/#primaryimage\",\"url\":\"https:\\\/\\\/altavia-group.com\\\/wp-content\\\/uploads\\\/2026\\\/02\\\/Upcycling-1.jpeg\",\"contentUrl\":\"https:\\\/\\\/altavia-group.com\\\/wp-content\\\/uploads\\\/2026\\\/02\\\/Upcycling-1.jpeg\"},{\"@type\":\"BreadcrumbList\",\"@id\":\"https:\\\/\\\/altavia-group.com\\\/fr\\\/news\\\/au-sein-du-centre-commercial-westfield-la-part-dieu-des-locaux-sont-mis-a-disposition-pour-des-projets-lies-a-leconomie-sociale-et-solidaire\\\/#breadcrumb\",\"itemListElement\":[{\"@type\":\"ListItem\",\"position\":1,\"name\":\"Home\",\"item\":\"https:\\\/\\\/altavia-group.com\\\/fr\\\/\"},{\"@type\":\"ListItem\",\"position\":2,\"name\":\"News\",\"item\":\"https:\\\/\\\/altavia-group.com\\\/fr\\\/news\\\/\"},{\"@type\":\"ListItem\",\"position\":3,\"name\":\"Au sein du centre commercial Westfield La Part-Dieu, des locaux sont mis \u00e0 disposition pour des projets li\u00e9s \u00e0 l\u2019\u00e9conomie sociale et solidaire.\"}]},{\"@type\":\"WebSite\",\"@id\":\"https:\\\/\\\/altavia-group.com\\\/#website\",\"url\":\"https:\\\/\\\/altavia-group.com\\\/\",\"name\":\"Altavia\",\"description\":\"Let\u2019s unlock our imagination.\",\"publisher\":{\"@id\":\"https:\\\/\\\/altavia-group.com\\\/#organization\"},\"potentialAction\":[{\"@type\":\"SearchAction\",\"target\":{\"@type\":\"EntryPoint\",\"urlTemplate\":\"https:\\\/\\\/altavia-group.com\\\/?s={search_term_string}\"},\"query-input\":{\"@type\":\"PropertyValueSpecification\",\"valueRequired\":true,\"valueName\":\"search_term_string\"}}],\"inLanguage\":\"fr-FR\"},{\"@type\":\"Organization\",\"@id\":\"https:\\\/\\\/altavia-group.com\\\/#organization\",\"name\":\"Altavia\",\"url\":\"https:\\\/\\\/altavia-group.com\\\/\",\"logo\":{\"@type\":\"ImageObject\",\"inLanguage\":\"fr-FR\",\"@id\":\"https:\\\/\\\/altavia-group.com\\\/#\\\/schema\\\/logo\\\/image\\\/\",\"url\":\"http:\\\/\\\/altavia-group.com\\\/wp-content\\\/uploads\\\/2024\\\/12\\\/cropped-favicon-altavia.png\",\"contentUrl\":\"http:\\\/\\\/altavia-group.com\\\/wp-content\\\/uploads\\\/2024\\\/12\\\/cropped-favicon-altavia.png\",\"width\":512,\"height\":512,\"caption\":\"Altavia\"},\"image\":{\"@id\":\"https:\\\/\\\/altavia-group.com\\\/#\\\/schema\\\/logo\\\/image\\\/\"}}]}<\/script>\n<!-- \/ Yoast SEO plugin. -->","yoast_head_json":{"title":"Au sein du centre commercial Westfield La Part-Dieu, des locaux sont mis \u00e0 disposition pour des projets li\u00e9s \u00e0 l\u2019\u00e9conomie sociale et solidaire. - Altavia","robots":{"index":"index","follow":"follow","max-snippet":"max-snippet:-1","max-image-preview":"max-image-preview:large","max-video-preview":"max-video-preview:-1"},"og_locale":"fr_FR","og_type":"article","og_title":"Au sein du centre commercial Westfield La Part-Dieu, des locaux sont mis \u00e0 disposition pour des projets li\u00e9s \u00e0 l\u2019\u00e9conomie sociale et solidaire. - Altavia","og_description":"Le pop-up store du Collectif Cent fa\u00e7ons a ouvert ses portes en juin 2023, pour promouvoir des marques et des cr\u00e9ateurs ayant une d\u00e9marche \u00e9thique et responsable.","og_url":"https:\/\/altavia-group.com\/fr\/news\/au-sein-du-centre-commercial-westfield-la-part-dieu-des-locaux-sont-mis-a-disposition-pour-des-projets-lies-a-leconomie-sociale-et-solidaire\/","og_site_name":"Altavia","article_modified_time":"2026-02-09T11:16:01+00:00","og_image":[{"url":"https:\/\/altavia-group.com\/wp-content\/uploads\/2026\/02\/Upcycling-1.jpeg","width":1,"height":1,"type":"image\/jpeg"}],"twitter_card":"summary_large_image","twitter_misc":{"Est. reading time":"5 minutes"},"schema":{"@context":"https:\/\/schema.org","@graph":[{"@type":"WebPage","@id":"https:\/\/altavia-group.com\/fr\/news\/au-sein-du-centre-commercial-westfield-la-part-dieu-des-locaux-sont-mis-a-disposition-pour-des-projets-lies-a-leconomie-sociale-et-solidaire\/","url":"https:\/\/altavia-group.com\/fr\/news\/au-sein-du-centre-commercial-westfield-la-part-dieu-des-locaux-sont-mis-a-disposition-pour-des-projets-lies-a-leconomie-sociale-et-solidaire\/","name":"Au sein du centre commercial Westfield La Part-Dieu, des locaux sont mis \u00e0 disposition pour des projets li\u00e9s \u00e0 l\u2019\u00e9conomie sociale et solidaire. - Altavia","isPartOf":{"@id":"https:\/\/altavia-group.com\/#website"},"primaryImageOfPage":{"@id":"https:\/\/altavia-group.com\/fr\/news\/au-sein-du-centre-commercial-westfield-la-part-dieu-des-locaux-sont-mis-a-disposition-pour-des-projets-lies-a-leconomie-sociale-et-solidaire\/#primaryimage"},"image":{"@id":"https:\/\/altavia-group.com\/fr\/news\/au-sein-du-centre-commercial-westfield-la-part-dieu-des-locaux-sont-mis-a-disposition-pour-des-projets-lies-a-leconomie-sociale-et-solidaire\/#primaryimage"},"thumbnailUrl":"https:\/\/altavia-group.com\/wp-content\/uploads\/2026\/02\/Upcycling-1.jpeg","datePublished":"2024-03-12T13:42:51+00:00","dateModified":"2026-02-09T11:16:01+00:00","breadcrumb":{"@id":"https:\/\/altavia-group.com\/fr\/news\/au-sein-du-centre-commercial-westfield-la-part-dieu-des-locaux-sont-mis-a-disposition-pour-des-projets-lies-a-leconomie-sociale-et-solidaire\/#breadcrumb"},"inLanguage":"fr-FR","potentialAction":[{"@type":"ReadAction","target":["https:\/\/altavia-group.com\/fr\/news\/au-sein-du-centre-commercial-westfield-la-part-dieu-des-locaux-sont-mis-a-disposition-pour-des-projets-lies-a-leconomie-sociale-et-solidaire\/"]}]},{"@type":"ImageObject","inLanguage":"fr-FR","@id":"https:\/\/altavia-group.com\/fr\/news\/au-sein-du-centre-commercial-westfield-la-part-dieu-des-locaux-sont-mis-a-disposition-pour-des-projets-lies-a-leconomie-sociale-et-solidaire\/#primaryimage","url":"https:\/\/altavia-group.com\/wp-content\/uploads\/2026\/02\/Upcycling-1.jpeg","contentUrl":"https:\/\/altavia-group.com\/wp-content\/uploads\/2026\/02\/Upcycling-1.jpeg"},{"@type":"BreadcrumbList","@id":"https:\/\/altavia-group.com\/fr\/news\/au-sein-du-centre-commercial-westfield-la-part-dieu-des-locaux-sont-mis-a-disposition-pour-des-projets-lies-a-leconomie-sociale-et-solidaire\/#breadcrumb","itemListElement":[{"@type":"ListItem","position":1,"name":"Home","item":"https:\/\/altavia-group.com\/fr\/"},{"@type":"ListItem","position":2,"name":"News","item":"https:\/\/altavia-group.com\/fr\/news\/"},{"@type":"ListItem","position":3,"name":"Au sein du centre commercial Westfield La Part-Dieu, des locaux sont mis \u00e0 disposition pour des projets li\u00e9s \u00e0 l\u2019\u00e9conomie sociale et solidaire."}]},{"@type":"WebSite","@id":"https:\/\/altavia-group.com\/#website","url":"https:\/\/altavia-group.com\/","name":"Altavia","description":"Let\u2019s unlock our imagination.","publisher":{"@id":"https:\/\/altavia-group.com\/#organization"},"potentialAction":[{"@type":"SearchAction","target":{"@type":"EntryPoint","urlTemplate":"https:\/\/altavia-group.com\/?s={search_term_string}"},"query-input":{"@type":"PropertyValueSpecification","valueRequired":true,"valueName":"search_term_string"}}],"inLanguage":"fr-FR"},{"@type":"Organization","@id":"https:\/\/altavia-group.com\/#organization","name":"Altavia","url":"https:\/\/altavia-group.com\/","logo":{"@type":"ImageObject","inLanguage":"fr-FR","@id":"https:\/\/altavia-group.com\/#\/schema\/logo\/image\/","url":"http:\/\/altavia-group.com\/wp-content\/uploads\/2024\/12\/cropped-favicon-altavia.png","contentUrl":"http:\/\/altavia-group.com\/wp-content\/uploads\/2024\/12\/cropped-favicon-altavia.png","width":512,"height":512,"caption":"Altavia"},"image":{"@id":"https:\/\/altavia-group.com\/#\/schema\/logo\/image\/"}}]}},"_links":{"self":[{"href":"https:\/\/altavia-group.com\/fr\/wp-json\/wp\/v2\/news\/7372","targetHints":{"allow":["GET"]}}],"collection":[{"href":"https:\/\/altavia-group.com\/fr\/wp-json\/wp\/v2\/news"}],"about":[{"href":"https:\/\/altavia-group.com\/fr\/wp-json\/wp\/v2\/types\/news"}],"author":[{"embeddable":true,"href":"https:\/\/altavia-group.com\/fr\/wp-json\/wp\/v2\/users\/17"}],"replies":[{"embeddable":true,"href":"https:\/\/altavia-group.com\/fr\/wp-json\/wp\/v2\/comments?post=7372"}],"version-history":[{"count":0,"href":"https:\/\/altavia-group.com\/fr\/wp-json\/wp\/v2\/news\/7372\/revisions"}],"wp:featuredmedia":[{"embeddable":true,"href":"https:\/\/altavia-group.com\/fr\/wp-json\/wp\/v2\/media\/7373"}],"wp:attachment":[{"href":"https:\/\/altavia-group.com\/fr\/wp-json\/wp\/v2\/media?parent=7372"}],"wp:term":[{"taxonomy":"category","embeddable":true,"href":"https:\/\/altavia-group.com\/fr\/wp-json\/wp\/v2\/categories?post=7372"},{"taxonomy":"post_tag","embeddable":true,"href":"https:\/\/altavia-group.com\/fr\/wp-json\/wp\/v2\/tags?post=7372"},{"taxonomy":"news-type-taxonomy","embeddable":true,"href":"https:\/\/altavia-group.com\/fr\/wp-json\/wp\/v2\/news-type-taxonomy?post=7372"},{"taxonomy":"news-topic-taxonomy","embeddable":true,"href":"https:\/\/altavia-group.com\/fr\/wp-json\/wp\/v2\/news-topic-taxonomy?post=7372"}],"curies":[{"name":"wp","href":"https:\/\/api.w.org\/{rel}","templated":true}]}}