{"id":7392,"date":"2024-03-13T16:31:22","date_gmt":"2024-03-13T15:31:22","guid":{"rendered":"https:\/\/altaviagroudev.wpenginepowered.com\/news\/amsterdam-textile-show-2024-lavenir-du-textile-se-tisse-a-amsterdam\/"},"modified":"2026-02-09T12:16:05","modified_gmt":"2026-02-09T11:16:05","slug":"amsterdam-textile-show-2024-lavenir-du-textile-se-tisse-a-amsterdam","status":"publish","type":"news","link":"https:\/\/altavia-group.com\/fr\/news\/amsterdam-textile-show-2024-lavenir-du-textile-se-tisse-a-amsterdam\/","title":{"rendered":"Amsterdam Textile Show 2024 : L&rsquo;avenir du textile se tisse \u00e0 Amsterdam."},"content":{"rendered":"<section class=\"wpb-content-wrapper\"><p>[vc_row css=\u00a0\u00bb.vc_custom_1519392503248{padding-top: 18px !important;}\u00a0\u00bb][vc_column]<div class=\"edgtf-single-image-holder   \">\n    <div class=\"edgtf-si-inner\" >\n                                    <img decoding=\"async\" src=\"https:\/\/altavia-group.com\/wp-content\/uploads\/2026\/02\/stock-image-47549835-M-1.jpg\" class=\"attachment-full size-full\" alt=\"Amsterdam Textile Show\" \/>                        <\/div>\n<\/div>[vc_empty_space height=\u00a0\u00bb37px\u00a0\u00bb]<div class=\"edgtf-elements-holder   edgtf-one-column  edgtf-responsive-mode-768 \" ><div class=\"edgtf-eh-item    \"  data-item-class=\"edgtf-eh-custom-9691\" data-1280-1600=\"0 0\" data-1024-1280=\"0 0\" data-768-1024=\"0 30px 0 0\" data-680-768=\"0 20px 0 0\" data-680=\"0 0\">\n\t<div class=\"edgtf-eh-item-inner\">\n\t\t<div class=\"edgtf-eh-item-content edgtf-eh-custom-9691\" style=\"padding: 0 50px 0 0\">\n\t\t\t[vc_column_text]<\/p>\n<h4><span class=\"edgtf-dropcaps edgtf-normal\" style=\"color: #1b1c21\">L&rsquo;<\/span><span style=\"font-weight: 400;\">Amsterdam Textile Show s&rsquo;appr\u00eate \u00e0 marquer d&rsquo;une empreinte ind\u00e9l\u00e9bile le secteur du textile lors de sa premi\u00e8re \u00e9dition pr\u00e9vue du 27 au 29 mars 2024. L'\u00e9v\u00e9nement organis\u00e9 par Exponew au RAI Amsterdam, couvrant 24 000 m\u00e8tres carr\u00e9s, ambitionne de devenir le rendez-vous incontournable des professionnels du textile. Cette initiative bisannuelle promet d&rsquo;insuffler une \u00e9nergie nouvelle dans l&rsquo;industrie du textile, en mettant en avant l&rsquo;innovation, le dynamisme et le professionnalisme.<\/span><\/h4>\n<p>\u00a0<\/p>\n<p><span style=\"font-weight: 400;\">Des marques et cha\u00eenes de renomm\u00e9e internationale, venant de pays tels que, notamment, la Turquie, les Pays-Bas, la Chine, se donneront rendez-vous pour pr\u00e9senter une vaste gamme de produits. Des textiles vari\u00e9s et des accessoires de mode aux technologies de pointe seront expos\u00e9s.<\/span><\/p>\n<p>\u00a0<\/p>\n<p><span style=\"font-weight: 400;\">Avec plus de dix mille visiteurs attendus de 24 pays diff\u00e9rents et la participation de 130 fabricants de renom, l&rsquo;Amsterdam Textile Show aspire \u00e0 devenir le nouveau point de ralliement pour les collaborations dans le domaine textile. Soutenu par de nombreux organismes professionnels et commerciaux, cet \u00e9v\u00e9nement s&rsquo;annonce comme une \u00e9tape cl\u00e9 pour l&rsquo;avenir du textile \u00e0 Amsterdam.<\/span>[\/vc_column_text][vc_empty_space height=\u00a0\u00bb37px\u00a0\u00bb]<div class=\"edgtf-section-title-holder  edgtf-st-standard edgtf-st-title-left edgtf-st-normal-space \" >\n\t<div class=\"edgtf-st-inner\">\n\t\t\t\t\t<h4 class=\"edgtf-st-title\" >\n\t\t\t\tPlus de d\u00e9tails sur Fashion United :\t\t\t<\/h4>\n\t\t\t\t\t<\/div>\n<\/div>[vc_empty_space height=\u00a0\u00bb37px\u00a0\u00bb][vc_btn title=\u00a0\u00bbLire l&rsquo;article\u00a0\u00bb style=\u00a0\u00bboutline-custom\u00a0\u00bb outline_custom_color=\u00a0\u00bb#202125&Prime; outline_custom_hover_background=\u00a0\u00bb#202125&Prime; outline_custom_hover_text=\u00a0\u00bb#ffffff\u00a0\u00bb shape=\u00a0\u00bbsquare\u00a0\u00bb class=\u00a0\u00bbc-link\u00a0\u00bb href=\u00a0\u00bbhttp:\/\/2fforms.sbc32.com\/\u00a0\u00bb target=\u00a0\u00bb_blank\u00a0\u00bb rel=\u00a0\u00bbnoopener noreferrer\u00a0\u00bb data-stringify-link=\u00a0\u00bbhttp:\/\/2Fforms.sbc32.com\u00a0\u00bb link=\u00a0\u00bburl:https%3A%2F%2Ffashionunited.fr%2Factualite%2Fsalons%2Famsterdam-textile-show-un-nouveau-souffle-pour-la-mode-au-rai-amsterdam%2F2024031334501%3Fscid%3Ddl1kf7G6VC%26utm_medium%3Dsocial%26utm_source%3Dtwitter%26utm_campaign%3Dtwitter%2Bfr%26id%3DvC2wk7b2d9|target:_blank\u00a0\u00bb][vc_empty_space height=\u00a0\u00bb54px\u00a0\u00bb]\t\t<\/div>\n\t<\/div>\n<\/div><\/div>[\/vc_column][\/vc_row][vc_row content_text_aligment=\u00a0\u00bbcenter\u00a0\u00bb][vc_column parallax=\u00a0\u00bbcontent-moving\u00a0\u00bb parallax_image=\u00a0\u00bb5672&Prime;]<div class=\"edgtf-section-title-holder  edgtf-st-standard edgtf-st-title-left edgtf-st-normal-space \" style=\"text-align: center\">\n\t<div class=\"edgtf-st-inner\">\n\t\t\t\t\t<h2 class=\"edgtf-st-title\" style=\"color: #00dd96\">\n\t\t\t\t.newsletter\t\t\t<\/h2>\n\t\t\t\t\t<\/div>\n<\/div>[vc_column_text]<span style=\"color: #ffffff;\">Recevez les actualit\u00e9s et tendances retail en exclusivit\u00e9 !<\/span>[\/vc_column_text][vc_empty_space][vc_btn title=\u00a0\u00bbJe m&rsquo;abonne\u00a0\u00bb style=\u00a0\u00bboutline-custom\u00a0\u00bb outline_custom_color=\u00a0\u00bb#ffffff\u00a0\u00bb outline_custom_hover_background=\u00a0\u00bb#666666&Prime; outline_custom_hover_text=\u00a0\u00bb#ffffff\u00a0\u00bb shape=\u00a0\u00bbsquare\u00a0\u00bb class=\u00a0\u00bbc-link\u00a0\u00bb href=\u00a0\u00bbhttp:\/\/2fforms.sbc32.com\/\u00a0\u00bb target=\u00a0\u00bb_blank\u00a0\u00bb rel=\u00a0\u00bbnoopener noreferrer\u00a0\u00bb data-stringify-link=\u00a0\u00bbhttp:\/\/2Fforms.sbc32.com\u00a0\u00bb link=\u00a0\u00bburl:https%3A%2F%2Fforms.sbc32.com%2F65046ef85fef6a5fa6e7a5c0%2FwU3RssckT3CNNqCwsRf6Jg%2Fform.html|target:_blank\u00a0\u00bb][vc_empty_space height=\u00a0\u00bb12px\u00a0\u00bb][\/vc_column][\/vc_row]<\/p>\n<\/section>","protected":false},"excerpt":{"rendered":"<p>L&rsquo;Amsterdam Textile Show s&rsquo;appr\u00eate \u00e0 marquer d&rsquo;une empreinte ind\u00e9l\u00e9bile le secteur du textile lors de sa premi\u00e8re \u00e9dition pr\u00e9vue du 27 au 29 mars 2024.<\/p>\n","protected":false},"author":17,"featured_media":7393,"menu_order":0,"comment_status":"closed","ping_status":"closed","template":"","meta":{"_acf_changed":false,"color_menu":"","footer_color_background":"","featured_image_url":"","footnotes":""},"categories":[266,271],"tags":[],"news-type-taxonomy":[],"news-topic-taxonomy":[],"class_list":["post-7392","news","type-news","status-publish","has-post-thumbnail","hentry","category-info-retailers","category-veille-retail"],"acf":[],"yoast_head":"<!-- This site is optimized with the Yoast SEO plugin v27.5 - https:\/\/yoast.com\/product\/yoast-seo-wordpress\/ -->\n<title>Amsterdam Textile Show 2024 : L&#039;avenir du textile se tisse \u00e0 Amsterdam. - Altavia<\/title>\n<meta name=\"robots\" content=\"index, follow, max-snippet:-1, max-image-preview:large, max-video-preview:-1\" \/>\n<meta property=\"og:locale\" content=\"fr_FR\" \/>\n<meta property=\"og:type\" content=\"article\" \/>\n<meta property=\"og:title\" content=\"Amsterdam Textile Show 2024 : L&#039;avenir du textile se tisse \u00e0 Amsterdam. - Altavia\" \/>\n<meta property=\"og:description\" content=\"L&#039;Amsterdam Textile Show s&#039;appr\u00eate \u00e0 marquer d&#039;une empreinte ind\u00e9l\u00e9bile le secteur du textile lors de sa premi\u00e8re \u00e9dition pr\u00e9vue du 27 au 29 mars 2024.\" \/>\n<meta property=\"og:url\" content=\"http:\/\/altavia-group.com\/fr\/news\/amsterdam-textile-show-2024-lavenir-du-textile-se-tisse-a-amsterdam\/\" \/>\n<meta property=\"og:site_name\" content=\"Altavia\" \/>\n<meta property=\"article:modified_time\" content=\"2026-02-09T11:16:05+00:00\" \/>\n<meta property=\"og:image\" content=\"http:\/\/altavia-group.com\/wp-content\/uploads\/2026\/02\/stock-image-47549835-M-1.jpg\" \/>\n\t<meta property=\"og:image:width\" content=\"1\" \/>\n\t<meta property=\"og:image:height\" content=\"1\" \/>\n\t<meta property=\"og:image:type\" content=\"image\/jpeg\" \/>\n<meta name=\"twitter:card\" content=\"summary_large_image\" \/>\n<meta name=\"twitter:label1\" content=\"Est. reading time\" \/>\n\t<meta name=\"twitter:data1\" content=\"2 minutes\" \/>\n<script type=\"application\/ld+json\" class=\"yoast-schema-graph\">{\"@context\":\"https:\\\/\\\/schema.org\",\"@graph\":[{\"@type\":\"WebPage\",\"@id\":\"http:\\\/\\\/altavia-group.com\\\/fr\\\/news\\\/amsterdam-textile-show-2024-lavenir-du-textile-se-tisse-a-amsterdam\\\/\",\"url\":\"http:\\\/\\\/altavia-group.com\\\/fr\\\/news\\\/amsterdam-textile-show-2024-lavenir-du-textile-se-tisse-a-amsterdam\\\/\",\"name\":\"Amsterdam Textile Show 2024 : L'avenir du textile se tisse \u00e0 Amsterdam. - Altavia\",\"isPartOf\":{\"@id\":\"https:\\\/\\\/altavia-group.com\\\/#website\"},\"primaryImageOfPage\":{\"@id\":\"http:\\\/\\\/altavia-group.com\\\/fr\\\/news\\\/amsterdam-textile-show-2024-lavenir-du-textile-se-tisse-a-amsterdam\\\/#primaryimage\"},\"image\":{\"@id\":\"http:\\\/\\\/altavia-group.com\\\/fr\\\/news\\\/amsterdam-textile-show-2024-lavenir-du-textile-se-tisse-a-amsterdam\\\/#primaryimage\"},\"thumbnailUrl\":\"https:\\\/\\\/altavia-group.com\\\/wp-content\\\/uploads\\\/2026\\\/02\\\/stock-image-47549835-M-1.jpg\",\"datePublished\":\"2024-03-13T15:31:22+00:00\",\"dateModified\":\"2026-02-09T11:16:05+00:00\",\"breadcrumb\":{\"@id\":\"http:\\\/\\\/altavia-group.com\\\/fr\\\/news\\\/amsterdam-textile-show-2024-lavenir-du-textile-se-tisse-a-amsterdam\\\/#breadcrumb\"},\"inLanguage\":\"fr-FR\",\"potentialAction\":[{\"@type\":\"ReadAction\",\"target\":[\"http:\\\/\\\/altavia-group.com\\\/fr\\\/news\\\/amsterdam-textile-show-2024-lavenir-du-textile-se-tisse-a-amsterdam\\\/\"]}]},{\"@type\":\"ImageObject\",\"inLanguage\":\"fr-FR\",\"@id\":\"http:\\\/\\\/altavia-group.com\\\/fr\\\/news\\\/amsterdam-textile-show-2024-lavenir-du-textile-se-tisse-a-amsterdam\\\/#primaryimage\",\"url\":\"https:\\\/\\\/altavia-group.com\\\/wp-content\\\/uploads\\\/2026\\\/02\\\/stock-image-47549835-M-1.jpg\",\"contentUrl\":\"https:\\\/\\\/altavia-group.com\\\/wp-content\\\/uploads\\\/2026\\\/02\\\/stock-image-47549835-M-1.jpg\",\"caption\":\"Amsterdam Textile Show\"},{\"@type\":\"BreadcrumbList\",\"@id\":\"http:\\\/\\\/altavia-group.com\\\/fr\\\/news\\\/amsterdam-textile-show-2024-lavenir-du-textile-se-tisse-a-amsterdam\\\/#breadcrumb\",\"itemListElement\":[{\"@type\":\"ListItem\",\"position\":1,\"name\":\"Home\",\"item\":\"https:\\\/\\\/altavia-group.com\\\/fr\\\/\"},{\"@type\":\"ListItem\",\"position\":2,\"name\":\"News\",\"item\":\"https:\\\/\\\/altavia-group.com\\\/fr\\\/news\\\/\"},{\"@type\":\"ListItem\",\"position\":3,\"name\":\"Amsterdam Textile Show 2024 : L&rsquo;avenir du textile se tisse \u00e0 Amsterdam.\"}]},{\"@type\":\"WebSite\",\"@id\":\"https:\\\/\\\/altavia-group.com\\\/#website\",\"url\":\"https:\\\/\\\/altavia-group.com\\\/\",\"name\":\"Altavia\",\"description\":\"Let\u2019s unlock our imagination.\",\"publisher\":{\"@id\":\"https:\\\/\\\/altavia-group.com\\\/#organization\"},\"potentialAction\":[{\"@type\":\"SearchAction\",\"target\":{\"@type\":\"EntryPoint\",\"urlTemplate\":\"https:\\\/\\\/altavia-group.com\\\/?s={search_term_string}\"},\"query-input\":{\"@type\":\"PropertyValueSpecification\",\"valueRequired\":true,\"valueName\":\"search_term_string\"}}],\"inLanguage\":\"fr-FR\"},{\"@type\":\"Organization\",\"@id\":\"https:\\\/\\\/altavia-group.com\\\/#organization\",\"name\":\"Altavia\",\"url\":\"https:\\\/\\\/altavia-group.com\\\/\",\"logo\":{\"@type\":\"ImageObject\",\"inLanguage\":\"fr-FR\",\"@id\":\"https:\\\/\\\/altavia-group.com\\\/#\\\/schema\\\/logo\\\/image\\\/\",\"url\":\"http:\\\/\\\/altavia-group.com\\\/wp-content\\\/uploads\\\/2024\\\/12\\\/cropped-favicon-altavia.png\",\"contentUrl\":\"http:\\\/\\\/altavia-group.com\\\/wp-content\\\/uploads\\\/2024\\\/12\\\/cropped-favicon-altavia.png\",\"width\":512,\"height\":512,\"caption\":\"Altavia\"},\"image\":{\"@id\":\"https:\\\/\\\/altavia-group.com\\\/#\\\/schema\\\/logo\\\/image\\\/\"}}]}<\/script>\n<!-- \/ Yoast SEO plugin. -->","yoast_head_json":{"title":"Amsterdam Textile Show 2024 : L'avenir du textile se tisse \u00e0 Amsterdam. - Altavia","robots":{"index":"index","follow":"follow","max-snippet":"max-snippet:-1","max-image-preview":"max-image-preview:large","max-video-preview":"max-video-preview:-1"},"og_locale":"fr_FR","og_type":"article","og_title":"Amsterdam Textile Show 2024 : L'avenir du textile se tisse \u00e0 Amsterdam. - Altavia","og_description":"L'Amsterdam Textile Show s'appr\u00eate \u00e0 marquer d'une empreinte ind\u00e9l\u00e9bile le secteur du textile lors de sa premi\u00e8re \u00e9dition pr\u00e9vue du 27 au 29 mars 2024.","og_url":"http:\/\/altavia-group.com\/fr\/news\/amsterdam-textile-show-2024-lavenir-du-textile-se-tisse-a-amsterdam\/","og_site_name":"Altavia","article_modified_time":"2026-02-09T11:16:05+00:00","og_image":[{"url":"http:\/\/altavia-group.com\/wp-content\/uploads\/2026\/02\/stock-image-47549835-M-1.jpg","width":1,"height":1,"type":"image\/jpeg"}],"twitter_card":"summary_large_image","twitter_misc":{"Est. reading time":"2 minutes"},"schema":{"@context":"https:\/\/schema.org","@graph":[{"@type":"WebPage","@id":"http:\/\/altavia-group.com\/fr\/news\/amsterdam-textile-show-2024-lavenir-du-textile-se-tisse-a-amsterdam\/","url":"http:\/\/altavia-group.com\/fr\/news\/amsterdam-textile-show-2024-lavenir-du-textile-se-tisse-a-amsterdam\/","name":"Amsterdam Textile Show 2024 : L'avenir du textile se tisse \u00e0 Amsterdam. - Altavia","isPartOf":{"@id":"https:\/\/altavia-group.com\/#website"},"primaryImageOfPage":{"@id":"http:\/\/altavia-group.com\/fr\/news\/amsterdam-textile-show-2024-lavenir-du-textile-se-tisse-a-amsterdam\/#primaryimage"},"image":{"@id":"http:\/\/altavia-group.com\/fr\/news\/amsterdam-textile-show-2024-lavenir-du-textile-se-tisse-a-amsterdam\/#primaryimage"},"thumbnailUrl":"https:\/\/altavia-group.com\/wp-content\/uploads\/2026\/02\/stock-image-47549835-M-1.jpg","datePublished":"2024-03-13T15:31:22+00:00","dateModified":"2026-02-09T11:16:05+00:00","breadcrumb":{"@id":"http:\/\/altavia-group.com\/fr\/news\/amsterdam-textile-show-2024-lavenir-du-textile-se-tisse-a-amsterdam\/#breadcrumb"},"inLanguage":"fr-FR","potentialAction":[{"@type":"ReadAction","target":["http:\/\/altavia-group.com\/fr\/news\/amsterdam-textile-show-2024-lavenir-du-textile-se-tisse-a-amsterdam\/"]}]},{"@type":"ImageObject","inLanguage":"fr-FR","@id":"http:\/\/altavia-group.com\/fr\/news\/amsterdam-textile-show-2024-lavenir-du-textile-se-tisse-a-amsterdam\/#primaryimage","url":"https:\/\/altavia-group.com\/wp-content\/uploads\/2026\/02\/stock-image-47549835-M-1.jpg","contentUrl":"https:\/\/altavia-group.com\/wp-content\/uploads\/2026\/02\/stock-image-47549835-M-1.jpg","caption":"Amsterdam Textile Show"},{"@type":"BreadcrumbList","@id":"http:\/\/altavia-group.com\/fr\/news\/amsterdam-textile-show-2024-lavenir-du-textile-se-tisse-a-amsterdam\/#breadcrumb","itemListElement":[{"@type":"ListItem","position":1,"name":"Home","item":"https:\/\/altavia-group.com\/fr\/"},{"@type":"ListItem","position":2,"name":"News","item":"https:\/\/altavia-group.com\/fr\/news\/"},{"@type":"ListItem","position":3,"name":"Amsterdam Textile Show 2024 : L&rsquo;avenir du textile se tisse \u00e0 Amsterdam."}]},{"@type":"WebSite","@id":"https:\/\/altavia-group.com\/#website","url":"https:\/\/altavia-group.com\/","name":"Altavia","description":"Let\u2019s unlock our imagination.","publisher":{"@id":"https:\/\/altavia-group.com\/#organization"},"potentialAction":[{"@type":"SearchAction","target":{"@type":"EntryPoint","urlTemplate":"https:\/\/altavia-group.com\/?s={search_term_string}"},"query-input":{"@type":"PropertyValueSpecification","valueRequired":true,"valueName":"search_term_string"}}],"inLanguage":"fr-FR"},{"@type":"Organization","@id":"https:\/\/altavia-group.com\/#organization","name":"Altavia","url":"https:\/\/altavia-group.com\/","logo":{"@type":"ImageObject","inLanguage":"fr-FR","@id":"https:\/\/altavia-group.com\/#\/schema\/logo\/image\/","url":"http:\/\/altavia-group.com\/wp-content\/uploads\/2024\/12\/cropped-favicon-altavia.png","contentUrl":"http:\/\/altavia-group.com\/wp-content\/uploads\/2024\/12\/cropped-favicon-altavia.png","width":512,"height":512,"caption":"Altavia"},"image":{"@id":"https:\/\/altavia-group.com\/#\/schema\/logo\/image\/"}}]}},"_links":{"self":[{"href":"https:\/\/altavia-group.com\/fr\/wp-json\/wp\/v2\/news\/7392","targetHints":{"allow":["GET"]}}],"collection":[{"href":"https:\/\/altavia-group.com\/fr\/wp-json\/wp\/v2\/news"}],"about":[{"href":"https:\/\/altavia-group.com\/fr\/wp-json\/wp\/v2\/types\/news"}],"author":[{"embeddable":true,"href":"https:\/\/altavia-group.com\/fr\/wp-json\/wp\/v2\/users\/17"}],"replies":[{"embeddable":true,"href":"https:\/\/altavia-group.com\/fr\/wp-json\/wp\/v2\/comments?post=7392"}],"version-history":[{"count":0,"href":"https:\/\/altavia-group.com\/fr\/wp-json\/wp\/v2\/news\/7392\/revisions"}],"wp:featuredmedia":[{"embeddable":true,"href":"https:\/\/altavia-group.com\/fr\/wp-json\/wp\/v2\/media\/7393"}],"wp:attachment":[{"href":"https:\/\/altavia-group.com\/fr\/wp-json\/wp\/v2\/media?parent=7392"}],"wp:term":[{"taxonomy":"category","embeddable":true,"href":"https:\/\/altavia-group.com\/fr\/wp-json\/wp\/v2\/categories?post=7392"},{"taxonomy":"post_tag","embeddable":true,"href":"https:\/\/altavia-group.com\/fr\/wp-json\/wp\/v2\/tags?post=7392"},{"taxonomy":"news-type-taxonomy","embeddable":true,"href":"https:\/\/altavia-group.com\/fr\/wp-json\/wp\/v2\/news-type-taxonomy?post=7392"},{"taxonomy":"news-topic-taxonomy","embeddable":true,"href":"https:\/\/altavia-group.com\/fr\/wp-json\/wp\/v2\/news-topic-taxonomy?post=7392"}],"curies":[{"name":"wp","href":"https:\/\/api.w.org\/{rel}","templated":true}]}}