{"id":7396,"date":"2024-03-13T16:39:06","date_gmt":"2024-03-13T15:39:06","guid":{"rendered":"https:\/\/altaviagroudev.wpenginepowered.com\/news\/decathlon-nouveau-logo-et-cap-sportif-recentre\/"},"modified":"2026-02-09T12:16:07","modified_gmt":"2026-02-09T11:16:07","slug":"decathlon-nouveau-logo-et-cap-sportif-recentre","status":"publish","type":"news","link":"https:\/\/altavia-group.com\/fr\/news\/decathlon-nouveau-logo-et-cap-sportif-recentre\/","title":{"rendered":"Decathlon, nouveau logo et cap sportif recentr\u00e9."},"content":{"rendered":"<section class=\"wpb-content-wrapper\"><p>[vc_row css=\u00a0\u00bb.vc_custom_1519392503248{padding-top: 18px !important;}\u00a0\u00bb][vc_column]<div class=\"edgtf-single-image-holder   \">\n    <div class=\"edgtf-si-inner\" >\n                                    <img decoding=\"async\" src=\"https:\/\/altavia-group.com\/wp-content\/uploads\/2026\/02\/logo-decathlon_blue_exclusion-zone-1.png\" class=\"attachment-full size-full\" alt=\"Decathlon\" \/>                        <\/div>\n<\/div>[vc_column_text]<\/p>\n<h6>\u00a9 Decathlon<\/h6>\n<p>[\/vc_column_text][vc_empty_space height=\u00a0\u00bb37px\u00a0\u00bb]<div class=\"edgtf-elements-holder   edgtf-one-column  edgtf-responsive-mode-768 \" ><div class=\"edgtf-eh-item    \"  data-item-class=\"edgtf-eh-custom-1163\" data-1280-1600=\"0 0\" data-1024-1280=\"0 0\" data-768-1024=\"0 30px 0 0\" data-680-768=\"0 20px 0 0\" data-680=\"0 0\">\n\t<div class=\"edgtf-eh-item-inner\">\n\t\t<div class=\"edgtf-eh-item-content edgtf-eh-custom-1163\" style=\"padding: 0 50px 0 0\">\n\t\t\t[vc_column_text]<span class=\"edgtf-dropcaps edgtf-normal\" style=\"color: #1b1c21\">D<\/span><span style=\"font-weight: 400;\">ecathlon change de logo et se recentre sur les th\u00e9matiques sportives qui concentrent la majorit\u00e9 de leurs ventes : running, fitness, randonn\u00e9e, v\u00e9lo de route, mobilit\u00e9 urbaine et football.\u00a0<\/span><\/p>\n<p>\u00a0<\/p>\n<p><span style=\"font-weight: 400;\">L'enseigne d'articles de sport et de loisirs a annonc\u00e9 ce mardi 12 mars une refonte de son identit\u00e9 de marque qui passe par le relooking complet du logo et par la disparition de nombreuses marques qui seront regroup\u00e9es sous le nom bien connu de quelques-unes. Le parcours client a \u00e9t\u00e9 revu, les d\u00e9cors, notamment les rayonnages sont d\u00e9sormais moins hauts, le gilet des vendeurs est devenu enti\u00e8rement bleu et les \u00e9tiquettes produits deviennent enti\u00e8rement num\u00e9riques.\u00a0<\/span><\/p>\n<p>\u00a0<\/p>\n<p><span style=\"font-weight: 400;\">L'enseigne a \u00e9galement d\u00e9voil\u00e9 un nouveau slogan, unique pour le monde entier : <\/span><i><span style=\"font-weight: 400;\">Ready to play ?\u00a0 <\/span><\/i><span style=\"font-weight: 400;\">(pr\u00eat \u00e0 jour ?) qui invite \u00e0 la pratique sportive par l'amusement.\u00a0<\/span><\/p>\n<p><span style=\"font-weight: 400;\">Autre nouveaut\u00e9, les marques sportives comme Puma et Adidas, dont la pr\u00e9sence s'\u00e9tait r\u00e9duite dans les rayons, font leur grand retour. Le d\u00e9ploiement de tous ces changements se fera progressivement dans les 1700 magasins dans le monde entier, dont 327 en France, et va durer trois ans.\u00a0<\/span><\/p>\n<p>\u00a0<\/p>\n<p><span style=\"font-weight: 400;\">Cette petite r\u00e9volution a lieu alors que les chiffres de l'entreprise sont en hausse. En 2022, l'enseigne a r\u00e9alis\u00e9 plus de 15 milliards d'euros de chiffre d'affaires et reste l'une des enseignes pr\u00e9f\u00e9r\u00e9es des fran\u00e7ais. Avec cette refonte, Decathlon ambitionne de se d\u00e9gager d'une image \"low cost\" du sport et vise \u00e0 monter en gamme. L'entreprise a notamment annonc\u00e9 vouloir proposer des produits plus design et plus adapt\u00e9s, que les clients pourraient m\u00eame porter \u00e0 la ville.<\/span>[\/vc_column_text][vc_empty_space height=\u00a0\u00bb37px\u00a0\u00bb]<div class=\"edgtf-section-title-holder  edgtf-st-standard edgtf-st-title-left edgtf-st-normal-space \" >\n\t<div class=\"edgtf-st-inner\">\n\t\t\t\t\t<h4 class=\"edgtf-st-title\" >\n\t\t\t\tPlus de d\u00e9tails sur Huffington Post :\t\t\t<\/h4>\n\t\t\t\t\t<\/div>\n<\/div>[vc_empty_space height=\u00a0\u00bb37px\u00a0\u00bb][vc_btn title=\u00a0\u00bbLire l&rsquo;article\u00a0\u00bb style=\u00a0\u00bboutline-custom\u00a0\u00bb outline_custom_color=\u00a0\u00bb#202125&Prime; outline_custom_hover_background=\u00a0\u00bb#202125&Prime; outline_custom_hover_text=\u00a0\u00bb#ffffff\u00a0\u00bb shape=\u00a0\u00bbsquare\u00a0\u00bb class=\u00a0\u00bbc-link\u00a0\u00bb href=\u00a0\u00bbhttp:\/\/2fforms.sbc32.com\/\u00a0\u00bb target=\u00a0\u00bb_blank\u00a0\u00bb rel=\u00a0\u00bbnoopener noreferrer\u00a0\u00bb data-stringify-link=\u00a0\u00bbhttp:\/\/2Fforms.sbc32.com\u00a0\u00bb link=\u00a0\u00bburl:https%3A%2F%2Fwww.huffingtonpost.fr%2Feconomie%2Farticle%2Fdecathlon-change-de-logo-et-annonce-supprimer-de-nombreuses-marques-font-wedze-et-artengo_231126.html|target:_blank\u00a0\u00bb][vc_empty_space height=\u00a0\u00bb54px\u00a0\u00bb]\t\t<\/div>\n\t<\/div>\n<\/div><\/div>[\/vc_column][\/vc_row][vc_row content_text_aligment=\u00a0\u00bbcenter\u00a0\u00bb][vc_column parallax=\u00a0\u00bbcontent-moving\u00a0\u00bb parallax_image=\u00a0\u00bb5672&Prime;]<div class=\"edgtf-section-title-holder  edgtf-st-standard edgtf-st-title-left edgtf-st-normal-space \" style=\"text-align: center\">\n\t<div class=\"edgtf-st-inner\">\n\t\t\t\t\t<h2 class=\"edgtf-st-title\" style=\"color: #00dd96\">\n\t\t\t\t.newsletter\t\t\t<\/h2>\n\t\t\t\t\t<\/div>\n<\/div>[vc_column_text]<span style=\"color: #ffffff;\">Recevez les actualit\u00e9s et tendances retail en exclusivit\u00e9 !<\/span>[\/vc_column_text][vc_empty_space][vc_btn title=\u00a0\u00bbJe m&rsquo;abonne\u00a0\u00bb style=\u00a0\u00bboutline-custom\u00a0\u00bb outline_custom_color=\u00a0\u00bb#ffffff\u00a0\u00bb outline_custom_hover_background=\u00a0\u00bb#666666&Prime; outline_custom_hover_text=\u00a0\u00bb#ffffff\u00a0\u00bb shape=\u00a0\u00bbsquare\u00a0\u00bb class=\u00a0\u00bbc-link\u00a0\u00bb href=\u00a0\u00bbhttp:\/\/2fforms.sbc32.com\/\u00a0\u00bb target=\u00a0\u00bb_blank\u00a0\u00bb rel=\u00a0\u00bbnoopener noreferrer\u00a0\u00bb data-stringify-link=\u00a0\u00bbhttp:\/\/2Fforms.sbc32.com\u00a0\u00bb link=\u00a0\u00bburl:https%3A%2F%2Fforms.sbc32.com%2F65046ef85fef6a5fa6e7a5c0%2FwU3RssckT3CNNqCwsRf6Jg%2Fform.html|target:_blank\u00a0\u00bb][vc_empty_space height=\u00a0\u00bb12px\u00a0\u00bb][\/vc_column][\/vc_row]<\/p>\n<\/section>","protected":false},"excerpt":{"rendered":"<p>Decathlon change de logo et se recentre sur les th\u00e9matiques sportives qui concentrent la majorit\u00e9 de leurs ventes.<\/p>\n","protected":false},"author":17,"featured_media":7397,"menu_order":0,"comment_status":"closed","ping_status":"closed","template":"","meta":{"_acf_changed":false,"color_menu":"","footer_color_background":"","featured_image_url":"","footnotes":""},"categories":[266,271],"tags":[],"news-type-taxonomy":[],"news-topic-taxonomy":[],"class_list":["post-7396","news","type-news","status-publish","has-post-thumbnail","hentry","category-info-retailers","category-veille-retail"],"acf":[],"yoast_head":"<!-- This site is optimized with the Yoast SEO plugin v27.5 - https:\/\/yoast.com\/product\/yoast-seo-wordpress\/ -->\n<title>Decathlon, nouveau logo et cap sportif recentr\u00e9. - Altavia<\/title>\n<meta name=\"robots\" content=\"index, follow, max-snippet:-1, max-image-preview:large, max-video-preview:-1\" \/>\n<meta property=\"og:locale\" content=\"fr_FR\" \/>\n<meta property=\"og:type\" content=\"article\" \/>\n<meta property=\"og:title\" content=\"Decathlon, nouveau logo et cap sportif recentr\u00e9. - Altavia\" \/>\n<meta property=\"og:description\" content=\"Decathlon change de logo et se recentre sur les th\u00e9matiques sportives qui concentrent la majorit\u00e9 de leurs ventes.\" \/>\n<meta property=\"og:url\" content=\"http:\/\/altavia-group.com\/fr\/news\/decathlon-nouveau-logo-et-cap-sportif-recentre\/\" \/>\n<meta property=\"og:site_name\" content=\"Altavia\" \/>\n<meta property=\"article:modified_time\" content=\"2026-02-09T11:16:07+00:00\" \/>\n<meta property=\"og:image\" content=\"http:\/\/altavia-group.com\/wp-content\/uploads\/2026\/02\/logo-decathlon_blue_exclusion-zone-1.png\" \/>\n\t<meta property=\"og:image:width\" content=\"1\" \/>\n\t<meta property=\"og:image:height\" content=\"1\" \/>\n\t<meta property=\"og:image:type\" content=\"image\/png\" \/>\n<meta name=\"twitter:card\" content=\"summary_large_image\" \/>\n<meta name=\"twitter:label1\" content=\"Est. reading time\" \/>\n\t<meta name=\"twitter:data1\" content=\"3 minutes\" \/>\n<script type=\"application\/ld+json\" class=\"yoast-schema-graph\">{\"@context\":\"https:\\\/\\\/schema.org\",\"@graph\":[{\"@type\":\"WebPage\",\"@id\":\"http:\\\/\\\/altavia-group.com\\\/fr\\\/news\\\/decathlon-nouveau-logo-et-cap-sportif-recentre\\\/\",\"url\":\"http:\\\/\\\/altavia-group.com\\\/fr\\\/news\\\/decathlon-nouveau-logo-et-cap-sportif-recentre\\\/\",\"name\":\"Decathlon, nouveau logo et cap sportif recentr\u00e9. - Altavia\",\"isPartOf\":{\"@id\":\"https:\\\/\\\/altavia-group.com\\\/#website\"},\"primaryImageOfPage\":{\"@id\":\"http:\\\/\\\/altavia-group.com\\\/fr\\\/news\\\/decathlon-nouveau-logo-et-cap-sportif-recentre\\\/#primaryimage\"},\"image\":{\"@id\":\"http:\\\/\\\/altavia-group.com\\\/fr\\\/news\\\/decathlon-nouveau-logo-et-cap-sportif-recentre\\\/#primaryimage\"},\"thumbnailUrl\":\"https:\\\/\\\/altavia-group.com\\\/wp-content\\\/uploads\\\/2026\\\/02\\\/logo-decathlon_blue_exclusion-zone-1.png\",\"datePublished\":\"2024-03-13T15:39:06+00:00\",\"dateModified\":\"2026-02-09T11:16:07+00:00\",\"breadcrumb\":{\"@id\":\"http:\\\/\\\/altavia-group.com\\\/fr\\\/news\\\/decathlon-nouveau-logo-et-cap-sportif-recentre\\\/#breadcrumb\"},\"inLanguage\":\"fr-FR\",\"potentialAction\":[{\"@type\":\"ReadAction\",\"target\":[\"http:\\\/\\\/altavia-group.com\\\/fr\\\/news\\\/decathlon-nouveau-logo-et-cap-sportif-recentre\\\/\"]}]},{\"@type\":\"ImageObject\",\"inLanguage\":\"fr-FR\",\"@id\":\"http:\\\/\\\/altavia-group.com\\\/fr\\\/news\\\/decathlon-nouveau-logo-et-cap-sportif-recentre\\\/#primaryimage\",\"url\":\"https:\\\/\\\/altavia-group.com\\\/wp-content\\\/uploads\\\/2026\\\/02\\\/logo-decathlon_blue_exclusion-zone-1.png\",\"contentUrl\":\"https:\\\/\\\/altavia-group.com\\\/wp-content\\\/uploads\\\/2026\\\/02\\\/logo-decathlon_blue_exclusion-zone-1.png\",\"caption\":\"Decathlon\"},{\"@type\":\"BreadcrumbList\",\"@id\":\"http:\\\/\\\/altavia-group.com\\\/fr\\\/news\\\/decathlon-nouveau-logo-et-cap-sportif-recentre\\\/#breadcrumb\",\"itemListElement\":[{\"@type\":\"ListItem\",\"position\":1,\"name\":\"Home\",\"item\":\"https:\\\/\\\/altavia-group.com\\\/fr\\\/\"},{\"@type\":\"ListItem\",\"position\":2,\"name\":\"News\",\"item\":\"https:\\\/\\\/altavia-group.com\\\/fr\\\/news\\\/\"},{\"@type\":\"ListItem\",\"position\":3,\"name\":\"Decathlon, nouveau logo et cap sportif recentr\u00e9.\"}]},{\"@type\":\"WebSite\",\"@id\":\"https:\\\/\\\/altavia-group.com\\\/#website\",\"url\":\"https:\\\/\\\/altavia-group.com\\\/\",\"name\":\"Altavia\",\"description\":\"Let\u2019s unlock our imagination.\",\"publisher\":{\"@id\":\"https:\\\/\\\/altavia-group.com\\\/#organization\"},\"potentialAction\":[{\"@type\":\"SearchAction\",\"target\":{\"@type\":\"EntryPoint\",\"urlTemplate\":\"https:\\\/\\\/altavia-group.com\\\/?s={search_term_string}\"},\"query-input\":{\"@type\":\"PropertyValueSpecification\",\"valueRequired\":true,\"valueName\":\"search_term_string\"}}],\"inLanguage\":\"fr-FR\"},{\"@type\":\"Organization\",\"@id\":\"https:\\\/\\\/altavia-group.com\\\/#organization\",\"name\":\"Altavia\",\"url\":\"https:\\\/\\\/altavia-group.com\\\/\",\"logo\":{\"@type\":\"ImageObject\",\"inLanguage\":\"fr-FR\",\"@id\":\"https:\\\/\\\/altavia-group.com\\\/#\\\/schema\\\/logo\\\/image\\\/\",\"url\":\"http:\\\/\\\/altavia-group.com\\\/wp-content\\\/uploads\\\/2024\\\/12\\\/cropped-favicon-altavia.png\",\"contentUrl\":\"http:\\\/\\\/altavia-group.com\\\/wp-content\\\/uploads\\\/2024\\\/12\\\/cropped-favicon-altavia.png\",\"width\":512,\"height\":512,\"caption\":\"Altavia\"},\"image\":{\"@id\":\"https:\\\/\\\/altavia-group.com\\\/#\\\/schema\\\/logo\\\/image\\\/\"}}]}<\/script>\n<!-- \/ Yoast SEO plugin. -->","yoast_head_json":{"title":"Decathlon, nouveau logo et cap sportif recentr\u00e9. - Altavia","robots":{"index":"index","follow":"follow","max-snippet":"max-snippet:-1","max-image-preview":"max-image-preview:large","max-video-preview":"max-video-preview:-1"},"og_locale":"fr_FR","og_type":"article","og_title":"Decathlon, nouveau logo et cap sportif recentr\u00e9. - Altavia","og_description":"Decathlon change de logo et se recentre sur les th\u00e9matiques sportives qui concentrent la majorit\u00e9 de leurs ventes.","og_url":"http:\/\/altavia-group.com\/fr\/news\/decathlon-nouveau-logo-et-cap-sportif-recentre\/","og_site_name":"Altavia","article_modified_time":"2026-02-09T11:16:07+00:00","og_image":[{"url":"http:\/\/altavia-group.com\/wp-content\/uploads\/2026\/02\/logo-decathlon_blue_exclusion-zone-1.png","width":1,"height":1,"type":"image\/png"}],"twitter_card":"summary_large_image","twitter_misc":{"Est. reading time":"3 minutes"},"schema":{"@context":"https:\/\/schema.org","@graph":[{"@type":"WebPage","@id":"http:\/\/altavia-group.com\/fr\/news\/decathlon-nouveau-logo-et-cap-sportif-recentre\/","url":"http:\/\/altavia-group.com\/fr\/news\/decathlon-nouveau-logo-et-cap-sportif-recentre\/","name":"Decathlon, nouveau logo et cap sportif recentr\u00e9. - Altavia","isPartOf":{"@id":"https:\/\/altavia-group.com\/#website"},"primaryImageOfPage":{"@id":"http:\/\/altavia-group.com\/fr\/news\/decathlon-nouveau-logo-et-cap-sportif-recentre\/#primaryimage"},"image":{"@id":"http:\/\/altavia-group.com\/fr\/news\/decathlon-nouveau-logo-et-cap-sportif-recentre\/#primaryimage"},"thumbnailUrl":"https:\/\/altavia-group.com\/wp-content\/uploads\/2026\/02\/logo-decathlon_blue_exclusion-zone-1.png","datePublished":"2024-03-13T15:39:06+00:00","dateModified":"2026-02-09T11:16:07+00:00","breadcrumb":{"@id":"http:\/\/altavia-group.com\/fr\/news\/decathlon-nouveau-logo-et-cap-sportif-recentre\/#breadcrumb"},"inLanguage":"fr-FR","potentialAction":[{"@type":"ReadAction","target":["http:\/\/altavia-group.com\/fr\/news\/decathlon-nouveau-logo-et-cap-sportif-recentre\/"]}]},{"@type":"ImageObject","inLanguage":"fr-FR","@id":"http:\/\/altavia-group.com\/fr\/news\/decathlon-nouveau-logo-et-cap-sportif-recentre\/#primaryimage","url":"https:\/\/altavia-group.com\/wp-content\/uploads\/2026\/02\/logo-decathlon_blue_exclusion-zone-1.png","contentUrl":"https:\/\/altavia-group.com\/wp-content\/uploads\/2026\/02\/logo-decathlon_blue_exclusion-zone-1.png","caption":"Decathlon"},{"@type":"BreadcrumbList","@id":"http:\/\/altavia-group.com\/fr\/news\/decathlon-nouveau-logo-et-cap-sportif-recentre\/#breadcrumb","itemListElement":[{"@type":"ListItem","position":1,"name":"Home","item":"https:\/\/altavia-group.com\/fr\/"},{"@type":"ListItem","position":2,"name":"News","item":"https:\/\/altavia-group.com\/fr\/news\/"},{"@type":"ListItem","position":3,"name":"Decathlon, nouveau logo et cap sportif recentr\u00e9."}]},{"@type":"WebSite","@id":"https:\/\/altavia-group.com\/#website","url":"https:\/\/altavia-group.com\/","name":"Altavia","description":"Let\u2019s unlock our imagination.","publisher":{"@id":"https:\/\/altavia-group.com\/#organization"},"potentialAction":[{"@type":"SearchAction","target":{"@type":"EntryPoint","urlTemplate":"https:\/\/altavia-group.com\/?s={search_term_string}"},"query-input":{"@type":"PropertyValueSpecification","valueRequired":true,"valueName":"search_term_string"}}],"inLanguage":"fr-FR"},{"@type":"Organization","@id":"https:\/\/altavia-group.com\/#organization","name":"Altavia","url":"https:\/\/altavia-group.com\/","logo":{"@type":"ImageObject","inLanguage":"fr-FR","@id":"https:\/\/altavia-group.com\/#\/schema\/logo\/image\/","url":"http:\/\/altavia-group.com\/wp-content\/uploads\/2024\/12\/cropped-favicon-altavia.png","contentUrl":"http:\/\/altavia-group.com\/wp-content\/uploads\/2024\/12\/cropped-favicon-altavia.png","width":512,"height":512,"caption":"Altavia"},"image":{"@id":"https:\/\/altavia-group.com\/#\/schema\/logo\/image\/"}}]}},"_links":{"self":[{"href":"https:\/\/altavia-group.com\/fr\/wp-json\/wp\/v2\/news\/7396","targetHints":{"allow":["GET"]}}],"collection":[{"href":"https:\/\/altavia-group.com\/fr\/wp-json\/wp\/v2\/news"}],"about":[{"href":"https:\/\/altavia-group.com\/fr\/wp-json\/wp\/v2\/types\/news"}],"author":[{"embeddable":true,"href":"https:\/\/altavia-group.com\/fr\/wp-json\/wp\/v2\/users\/17"}],"replies":[{"embeddable":true,"href":"https:\/\/altavia-group.com\/fr\/wp-json\/wp\/v2\/comments?post=7396"}],"version-history":[{"count":0,"href":"https:\/\/altavia-group.com\/fr\/wp-json\/wp\/v2\/news\/7396\/revisions"}],"wp:featuredmedia":[{"embeddable":true,"href":"https:\/\/altavia-group.com\/fr\/wp-json\/wp\/v2\/media\/7397"}],"wp:attachment":[{"href":"https:\/\/altavia-group.com\/fr\/wp-json\/wp\/v2\/media?parent=7396"}],"wp:term":[{"taxonomy":"category","embeddable":true,"href":"https:\/\/altavia-group.com\/fr\/wp-json\/wp\/v2\/categories?post=7396"},{"taxonomy":"post_tag","embeddable":true,"href":"https:\/\/altavia-group.com\/fr\/wp-json\/wp\/v2\/tags?post=7396"},{"taxonomy":"news-type-taxonomy","embeddable":true,"href":"https:\/\/altavia-group.com\/fr\/wp-json\/wp\/v2\/news-type-taxonomy?post=7396"},{"taxonomy":"news-topic-taxonomy","embeddable":true,"href":"https:\/\/altavia-group.com\/fr\/wp-json\/wp\/v2\/news-topic-taxonomy?post=7396"}],"curies":[{"name":"wp","href":"https:\/\/api.w.org\/{rel}","templated":true}]}}