{"id":7456,"date":"2024-03-25T10:17:27","date_gmt":"2024-03-25T09:17:27","guid":{"rendered":"https:\/\/altaviagroudev.wpenginepowered.com\/news\/comment-leco-conception-va-t-elle-transformer-le-retail\/"},"modified":"2026-02-09T12:16:35","modified_gmt":"2026-02-09T11:16:35","slug":"comment-leco-conception-va-t-elle-transformer-le-retail","status":"publish","type":"news","link":"https:\/\/altavia-group.com\/fr\/news\/comment-leco-conception-va-t-elle-transformer-le-retail\/","title":{"rendered":"Comment l&rsquo;\u00e9co-conception va-t-elle transformer le retail ?"},"content":{"rendered":"<section class=\"wpb-content-wrapper\"><p>[vc_row css=\u00a0\u00bb.vc_custom_1519392503248{padding-top: 18px !important;}\u00a0\u00bb][vc_column]<div class=\"edgtf-single-image-holder   \">\n    <div class=\"edgtf-si-inner\" >\n                                    <img decoding=\"async\" src=\"https:\/\/altavia-group.com\/wp-content\/uploads\/2026\/02\/ecoconception-1.jpeg\" class=\"attachment-full size-full\" alt=\"Comment l&#039;\u00e9co-conception va-t-elle transformer le retail ?\" \/>                        <\/div>\n<\/div>[vc_empty_space height=\u00a0\u00bb54px\u00a0\u00bb][\/vc_column][\/vc_row][vc_row][vc_column][vc_column_text]<\/p>\n<h4><span class=\"edgtf-dropcaps edgtf-normal\" style=\"color: #1b1c21\">D<\/span>urabilit\u00e9, sobri\u00e9t\u00e9, neutralit\u00e9&#8230;. A l&rsquo;heure de l'emballement climatique, ces nouveaux mots d&rsquo;ordre poussent les retailers \u00e0 acc\u00e9l\u00e9rer vers la d\u00e9carbonation et \u00e0 r\u00e9duire toujours plus l&rsquo;impact environnemental de leurs activit\u00e9s. Pour y parvenir, l&rsquo;\u00e9co-conception est une solution prometteuse. Explications.<\/h4>\n<p>\u00a0<\/p>\n<p><span style=\"font-weight: 400;\">Comparativement aux secteurs de l&rsquo;\u00e9nergie, des transports et du b\u00e2timent, principaux responsables de l&rsquo;augmentation des temp\u00e9ratures au niveau mondial, le retail n&rsquo;est pas l&rsquo;activit\u00e9 la plus polluante, mais elle contribue malgr\u00e9 tout de mani\u00e8re significative \u00e0 la crise climatique. La fabrication et la commercialisation des produits, la construction, l&rsquo;am\u00e9nagement et l&rsquo;exploitation des points de vente consomment une grande quantit\u00e9 d&rsquo;\u00e9nergie, g\u00e9n\u00e8rent \u00e9norm\u00e9ment de d\u00e9chets, et n\u00e9cessitent de recourir \u00e0 des \u00e9quipements con\u00e7us gr\u00e2ce \u00e0 l&rsquo;activit\u00e9 extractive, qui a des effets catastrophiques sur l&rsquo;environnement partout dans le monde&#8230; pollution et d\u00e9sorganisation des sols, empoisonnement des cours d&rsquo;eau, des nappes phr\u00e9atiques et des terres agricoles, destruction des \u00e9cosyst\u00e8mes, d\u00e9clin de la biodiversit\u00e9&#8230; A titre d&rsquo;exemple, les mines sont responsables \u00e0 elles seules de 7% de la d\u00e9forestation \u00e0 l&rsquo;\u00e9chelle plan\u00e9taire, selon le rapport <\/span><i><span style=\"font-weight: 400;\">La situation des for\u00eats du monde<\/span><\/i><span style=\"font-weight: 400;\"> \u00e9tabli en 2022 par la F.A.O, l&rsquo;Organisation des Nations Unies pour l&rsquo;alimentation et l&rsquo;agriculture.\u00a0<\/span><\/p>\n<p><span style=\"font-weight: 400;\">La production d&rsquo;une tonne d&rsquo;acier, mat\u00e9riau qui sert notamment \u00e0 fabriquer des portants, des rayonnages, des \u00e9tag\u00e8res et des tables d&rsquo;appoint, \u00e9met 1,8 tonnes de CO2 dans l&rsquo;atmosph\u00e8re et lib\u00e8re massivement, lors de l&rsquo;extraction du fer, le principal minerai qui le compose, des compos\u00e9s chimiques hautement toxiques dans la nature. Il en va de m\u00eame pour l&rsquo;aluminium, lui aussi tr\u00e8s pr\u00e9sent dans le mobilier utilis\u00e9 par le secteur, dont la fabrication g\u00e9n\u00e8re en grande quantit\u00e9 des boues rouges corrosives, charg\u00e9es de\u00a0m\u00e9taux lourds, satur\u00e9es de plomb, de cadmium et de mercure.<\/span><b>\u00a0<\/b><\/p>\n<p><b>\u00a0<\/b><span style=\"font-weight: 400;\">En prenant en compte l&rsquo;ensemble des marques et des magasins \u00e0 travers le monde, la participation du commerce de d\u00e9tail au d\u00e9r\u00e8glement environnemental prend une autre dimension.<\/span> <span style=\"font-weight: 400;\">De fait, pour les retailers, l&rsquo;heure est venue de changer de braquet en mati\u00e8re d'empreinte carbone et de ne plus mettre le curseur uniquement sur les \u00e9missions de CO2. Tout ce qui est constitutif de l&rsquo;impact doit \u00eatre pris en consid\u00e9ration. C&rsquo;est pr\u00e9cis\u00e9ment ce que l&rsquo;\u00e9co-conception permet de faire en agissant sur l&rsquo;ensemble de la cha\u00eene de valeur. Qu&rsquo;est ce que cette nouvelle approche peut apporter aux d\u00e9taillants ? Comment change-t-elle la conception des produits et leur commercialisation ? De quoi parle-t-on exactement ?\u00a0<\/span><\/p>\n<p>\u00a0<\/p>\n<h3>Green New Deal.<\/h3>\n<p>\u00a0<\/p>\n<p><span style=\"font-weight: 400;\">De fait, l&rsquo;\u00e9co-conception propose une fa\u00e7on de faire responsable radicalement diff\u00e9rente de celle qui a cours aujourd&rsquo;hui. Il ne s&rsquo;agit pas uniquement d&rsquo;\u00e9quiper un point de vente avec des panneaux photovolta\u00efques, ou de r\u00e9duire la pollution g\u00e9n\u00e9r\u00e9e par une flotte de livraison en recourant \u00e0 des motorisations \u00e9lectriques, mais d&rsquo;aller au fond des choses, jusqu&rsquo;\u00e0 la racine m\u00eame du probl\u00e8me, en agissant sur toutes les externalit\u00e9s que celui-ci comporte. C&rsquo;est donc une vision de la transition \u00e9cologique qui va au del\u00e0 des mesures de surface qui sont habituellement prises par les entreprises, et qui ne se r\u00e9sument la plupart du temps qu&rsquo;\u00e0 de simples ajustements, comme l&rsquo;explique Val\u00e9rie Fernani, Directrice de l&rsquo;association API'UP, sp\u00e9cialis\u00e9e dans le mobilier \u00e9coresponsable pour espaces professionnels : <\/span><i><span style=\"font-weight: 400;\">\u00ab\u00a0L'\u00e9co-responsabilit\u00e9 ne rel\u00e8ve pas du simple achat de papier recycl\u00e9 ou d'int\u00e9grer les labels \u00ab verts \u00bb dans la politique d'achat de l'entreprise. Il s'agit d'aller plus loin et de consid\u00e9rer tous les aspects d'une \u00e9conomie plus durable, plus collaborative et plus prospective.\u00a0\u00bb<\/span><\/i>[\/vc_column_text][vc_empty_space height=\u00a0\u00bb37px\u00a0\u00bb][vc_empty_space height=\u00a0\u00bb37px\u00a0\u00bb][vc_column_text]<span style=\"font-weight: 400;\">Concr\u00e8tement, cela signifie prendre en compte l&rsquo;environnement d\u00e8s les premi\u00e8res \u00e9tapes de la conception\u00a0et lors de l'ensemble du cycle de vie du produit, sans en changer la fonction ni l&rsquo;usage, sans en augmenter le prix, ni en faire baisser la qualit\u00e9 ou le niveau de confort. C&rsquo;est ce que D\u00e9cathlon cherche actuellement \u00e0 faire avec un programme ambitieux qui vise \u00e0 atteindre 100% de produits \u00e9co-con\u00e7us en 2026 pour les marques dont le groupe est propri\u00e9taire, notamment Quechua, Domyos, Tribord, Btwin, Kipsta ou encore Forclaz.\u00a0<\/span><\/p>\n<p><span style=\"font-weight: 400;\">Pour ce faire, l&rsquo;\u00e9quipementier sportif pr\u00e9f\u00e9r\u00e9 des Fran\u00e7ais entend r\u00e9\u00e9valuer le choix des mati\u00e8res premi\u00e8res qu&rsquo;il utilise en privil\u00e9giant celles qui sont biosourc\u00e9es, transformer les techniques de fabrication pour les rendre vertueuses, r\u00e9duire les distances de transport du lieu de production jusqu&rsquo;au lieu de distribution, am\u00e9liorer la durabilit\u00e9 des produits et travailler sur leur fin de vie en d\u00e9veloppant des offres de r\u00e9paration et de recyclage.\u00a0<\/span><\/p>\n<p><span style=\"font-weight: 400;\">La gamme de vestes de randonn\u00e9e imperm\u00e9ables Minimal Editions Local de Forclaz a d&rsquo;ores et d\u00e9j\u00e0 \u00e9t\u00e9 con\u00e7ue en suivant ces principes. Les chutes de tissu ont \u00e9t\u00e9 r\u00e9duites gr\u00e2ce \u00e0 un bon patronage, les mat\u00e9riaux ont \u00e9t\u00e9 achet\u00e9s aupr\u00e8s de fournisseurs europ\u00e9ens pour limiter le fret, les fils ont \u00e9t\u00e9 teints avant leur tissage pour consommer moins d'eau, et l&rsquo;\u00e9nergie utilis\u00e9e a \u00e9t\u00e9 produite localement, ce qui a permis, gr\u00e2ce \u00e0 tous ces efforts, de faire baisser de\u00a070% les \u00e9missions de CO2 par rapport \u00e0 une production en Asie et de limiter de fa\u00e7on cons\u00e9quente tous les autres impacts sur l&rsquo;environnement.\u00a0<\/span><\/p>\n<p><span style=\"font-weight: 400;\">\u00a0Autre exemple de ce virage vertueux, Roche Bobois a adopt\u00e9 une d\u00e9marche similaire et a m\u00eame d\u00e9velopp\u00e9, en collaboration avec l&rsquo;institut technologique FCBA, un outil d'\u00e9valuation qualitative baptis\u00e9 Eco8. Cet outil permet de mesurer le profil environnemental des mat\u00e9riaux utilis\u00e9s pour les structures et pour les rev\u00eatements de chaque produit, leur qualit\u00e9 et leur s\u00e9parabilit\u00e9 en vue de leur recyclage, et les d\u00e9marches environnementales mises en \u0153uvre dans les ateliers de fabrication.\u00a0<\/span><\/p>\n<p><span style=\"font-weight: 400;\">La transformation radicale que l&rsquo;\u00e9co-conception apporte concerne donc au premier chef la fa\u00e7on dont les produits sont pens\u00e9s, fabriqu\u00e9s et commercialis\u00e9s, mais les points de vente sont eux aussi concern\u00e9s.<\/span><\/p>\n<p>\u00a0<\/p>\n<h3>Am\u00e9nagement z\u00e9ro d\u00e9chet.<\/h3>\n<h3><b>\u00a0<\/b><\/h3>\n<p><span style=\"font-weight: 400;\">Au sein des magasins, l&rsquo;approche z\u00e9ro d\u00e9chets permet de faire rentrer l&rsquo;\u00e9conomie circulaire, un des principaux leviers de l&rsquo;\u00e9co-conception, dans l&rsquo;\u00e9quation pour r\u00e9volutionner l&rsquo;agencement des produits et la fa\u00e7on dont ils sont mis en valeur. Au regard de l&rsquo;urgence climatique, la d\u00e9bauche de mobilier qui pr\u00e9valait jusqu&rsquo;ici, avec des espaces de vente toujours plus spectaculaires pour attirer les clients et les inciter \u00e0 l&rsquo;achat, peut laisser place \u00e0 des am\u00e9nagements raisonn\u00e9s et sobres, sans gaspillage de mat\u00e9riaux, tout aussi attrayants et rentables que les dispositifs actuels.\u00a0<\/span><\/p>\n<p><span style=\"font-weight: 400;\">Pour les d\u00e9taillants, cela veut dire qu&rsquo;ils doivent mettre en place un fonctionnement tout \u00e0 fait diff\u00e9rent de celui auquel ils sont habitu\u00e9s, comme l&rsquo;explique<\/span> <span style=\"font-weight: 400;\">Paul Marchesseau, fondateur d&rsquo; Emilieu Studio, une agence qui accompagne les projets d'architecture d'int\u00e9rieur et de design qui souhaitent basculer vers l'\u00e9cologie : <\/span><i><span style=\"font-weight: 400;\">\"Le merchandising produit beaucoup de d\u00e9chets. Le travail de vitrine est quasi syst\u00e9matiquement jet\u00e9 alors que les mat\u00e9riaux pourraient \u00eatre r\u00e9employ\u00e9s. Il faut penser le cycle de vie de tout ce qui constitue les mises en sc\u00e8ne \u00e9ph\u00e9m\u00e8res. La r\u00e9versibilit\u00e9 est aussi importante. Il faut que les am\u00e9nagements soient d\u00e9montables. Penser la d\u00e9montabilit\u00e9, c'est faire appel \u00e0 des mat\u00e9riaux qui ne seront pas ab\u00eem\u00e9s, d\u00e9t\u00e9rior\u00e9s lors du d\u00e9montage\u00a0\u00bb<\/span><\/i><\/p>\n<p><span style=\"font-weight: 400;\">\u00a0<\/span><span style=\"font-weight: 400;\">L&rsquo;enjeu est d\u00e9sormais de garder le plus longtemps possible le mobilier d'exposition, de pouvoir le r\u00e9parer et le r\u00e9utiliser sur le temps long, et de faire en sorte que les am\u00e9nagements temporaires puissent \u00eatre recyclables pour ne pas avoir \u00e0 les changer.<\/span><\/p>\n<p><span style=\"font-weight: 400;\">C&rsquo;est en suivant ces principes que Faguo, une marque de v\u00eatements engag\u00e9es depuis toujours en faveur de l&rsquo;\u00e9cologie, a inaugur\u00e9 \u00e0 Paris, fin 2022, Fair Fashion, un nouveau concept de magasin \u00ab\u00a0\u00e9co-conscient\u00a0\u00bb qui a \u00e9t\u00e9 con\u00e7u pour favoriser la circularit\u00e9 et le r\u00e9emploi, et qui est un v\u00e9ritable d\u00e9monstrateur des vertus de l&rsquo;\u00e9co-conception. Lors de l&rsquo;ouverture, Faguo pr\u00e9cisait que \u00ab\u00a0<\/span><i><span style=\"font-weight: 400;\">chaque \u00e9l\u00e9ment<\/span><\/i> <i><span style=\"font-weight: 400;\">avait \u00e9t\u00e9 s\u00e9lectionn\u00e9 pour son empreinte carbone minimale et sa durabilit\u00e9\u00a0\u00bb<\/span><\/i><span style=\"font-weight: 400;\">. \u00a0Ainsi, le carrelage <\/span><span style=\"font-weight: 400;\">gr\u00e8s c\u00e9rame, les rideaux en coton, <\/span><span style=\"font-weight: 400;\">et les \u00e9l\u00e9ments muraux sont recycl\u00e9s, tandis que la peinture est \u00e0 base d&rsquo;algues, sans produits chimiques. En compl\u00e9ment, l'empreinte carbone de tous les produits propos\u00e9s aux clients est indiqu\u00e9e sur l&rsquo;\u00e9tiquette. \u00a0Ces diff\u00e9rentes initiatives ont pour r\u00e9sultat une baisse tr\u00e8s nette des \u00e9missions de CO2.<\/span><\/p>\n<p><span style=\"font-weight: 400;\">Pour pousser en avant le curseur de l&rsquo;\u00e9co-conception, il faut donc n\u00e9cessairement revoir le choix des mat\u00e9riaux qui vont servir \u00e0 mettre en valeur les produits. Il faut \u00e9viter ceux qui sont difficilement recyclables, comme le marbre ou le plastique, et privil\u00e9gier ceux qui sont biosourc\u00e9s et qui se pr\u00eatent au r\u00e9emploi. Il faut opter pour des mati\u00e8res premi\u00e8res respectueuses de l'environnement dans une logique de sobri\u00e9t\u00e9 et mettre en \u0153uvre des installations polyvalentes, multifonctionnelles et interchangeables qui peuvent r\u00e9pondre aux diff\u00e9rents besoins d&rsquo;un point de vente, sans n\u00e9cessiter le d\u00e9ploiement de nouveaux \u00e9quipements.<\/span><b>\u00a0<\/b><\/p>\n<p><b>\u00a0<\/b><span style=\"font-weight: 400;\">De fait, l&rsquo;\u00e9co-conception va plus loin que tout ce qui a \u00e9t\u00e9 fait jusqu&rsquo;ici en mati\u00e8re de transition \u00e9cologique. Cette nouvelle approche est n\u00e9anmoins parfaitement soluble avec<\/span><\/p>\n<p><span style=\"font-weight: 400;\">les \u00e9nergies vertes ou le tri des d\u00e9chets. C&rsquo;est en r\u00e9unissant l&rsquo;ensemble des initiatives vertueuses que le commerce de d\u00e9tail pourra progresser dans sa mue responsable.\u00a0<\/span>[\/vc_column_text][vc_empty_space height=\u00a0\u00bb54px\u00a0\u00bb][\/vc_column][\/vc_row][vc_row][vc_column][vc_single_image image=\u00a0\u00bb7132&Prime; img_size=\u00a0\u00bbfull\u00a0\u00bb onclick=\u00a0\u00bbcustom_link\u00a0\u00bb img_link_target=\u00a0\u00bb_blank\u00a0\u00bb link=\u00a0\u00bbhttps:\/\/altavia-group.com\/fr\/tout-recommercer\/?utm_source=article-altaviawatch&#038;utm_medium=banner&#038;utm_campaign=promotion&#038;utm_content=en-savoir-plus\u00a0\u00bb][\/vc_column][\/vc_row]<\/p>\n<\/section>","protected":false},"excerpt":{"rendered":"<p>Durabilit\u00e9, sobri\u00e9t\u00e9, neutralit\u00e9 : A l&rsquo;heure de l&#8217;emballement climatique, ces mots d&rsquo;ordre poussent les retailers \u00e0 acc\u00e9l\u00e9rer vers la d\u00e9carbonation.<\/p>\n","protected":false},"author":17,"featured_media":7457,"menu_order":0,"comment_status":"closed","ping_status":"closed","template":"","meta":{"_acf_changed":false,"color_menu":"","footer_color_background":"","featured_image_url":"","footnotes":""},"categories":[270],"tags":[],"news-type-taxonomy":[],"news-topic-taxonomy":[],"class_list":["post-7456","news","type-news","status-publish","has-post-thumbnail","hentry","category-le-retail-dici-a-2040"],"acf":[],"yoast_head":"<!-- This site is optimized with the Yoast SEO plugin v27.5 - https:\/\/yoast.com\/product\/yoast-seo-wordpress\/ -->\n<title>Comment l&#039;\u00e9co-conception va-t-elle transformer le retail ? - Altavia<\/title>\n<meta name=\"robots\" content=\"index, follow, max-snippet:-1, max-image-preview:large, max-video-preview:-1\" \/>\n<meta property=\"og:locale\" content=\"fr_FR\" \/>\n<meta property=\"og:type\" content=\"article\" \/>\n<meta property=\"og:title\" content=\"Comment l&#039;\u00e9co-conception va-t-elle transformer le retail ? - Altavia\" \/>\n<meta property=\"og:description\" content=\"Durabilit\u00e9, sobri\u00e9t\u00e9, neutralit\u00e9 : A l&#039;heure de l&#039;emballement climatique, ces mots d&#039;ordre poussent les retailers \u00e0 acc\u00e9l\u00e9rer vers la d\u00e9carbonation.\" \/>\n<meta property=\"og:url\" content=\"https:\/\/altavia-group.com\/fr\/news\/comment-leco-conception-va-t-elle-transformer-le-retail\/\" \/>\n<meta property=\"og:site_name\" content=\"Altavia\" \/>\n<meta property=\"article:modified_time\" content=\"2026-02-09T11:16:35+00:00\" \/>\n<meta property=\"og:image\" content=\"https:\/\/altavia-group.com\/wp-content\/uploads\/2026\/02\/promoconf-arnaud3-2.jpg\" \/>\n\t<meta property=\"og:image:width\" content=\"1\" \/>\n\t<meta property=\"og:image:height\" content=\"1\" \/>\n\t<meta property=\"og:image:type\" content=\"image\/jpeg\" \/>\n<meta name=\"twitter:card\" content=\"summary_large_image\" \/>\n<meta name=\"twitter:label1\" content=\"Est. reading time\" \/>\n\t<meta name=\"twitter:data1\" content=\"9 minutes\" \/>\n<script type=\"application\/ld+json\" class=\"yoast-schema-graph\">{\"@context\":\"https:\\\/\\\/schema.org\",\"@graph\":[{\"@type\":\"WebPage\",\"@id\":\"https:\\\/\\\/altavia-group.com\\\/fr\\\/news\\\/comment-leco-conception-va-t-elle-transformer-le-retail\\\/\",\"url\":\"https:\\\/\\\/altavia-group.com\\\/fr\\\/news\\\/comment-leco-conception-va-t-elle-transformer-le-retail\\\/\",\"name\":\"Comment l'\u00e9co-conception va-t-elle transformer le retail ? - Altavia\",\"isPartOf\":{\"@id\":\"https:\\\/\\\/altavia-group.com\\\/#website\"},\"primaryImageOfPage\":{\"@id\":\"https:\\\/\\\/altavia-group.com\\\/fr\\\/news\\\/comment-leco-conception-va-t-elle-transformer-le-retail\\\/#primaryimage\"},\"image\":{\"@id\":\"https:\\\/\\\/altavia-group.com\\\/fr\\\/news\\\/comment-leco-conception-va-t-elle-transformer-le-retail\\\/#primaryimage\"},\"thumbnailUrl\":\"https:\\\/\\\/altavia-group.com\\\/wp-content\\\/uploads\\\/2026\\\/02\\\/promoconf-arnaud3-2.jpg\",\"datePublished\":\"2024-03-25T09:17:27+00:00\",\"dateModified\":\"2026-02-09T11:16:35+00:00\",\"breadcrumb\":{\"@id\":\"https:\\\/\\\/altavia-group.com\\\/fr\\\/news\\\/comment-leco-conception-va-t-elle-transformer-le-retail\\\/#breadcrumb\"},\"inLanguage\":\"fr-FR\",\"potentialAction\":[{\"@type\":\"ReadAction\",\"target\":[\"https:\\\/\\\/altavia-group.com\\\/fr\\\/news\\\/comment-leco-conception-va-t-elle-transformer-le-retail\\\/\"]}]},{\"@type\":\"ImageObject\",\"inLanguage\":\"fr-FR\",\"@id\":\"https:\\\/\\\/altavia-group.com\\\/fr\\\/news\\\/comment-leco-conception-va-t-elle-transformer-le-retail\\\/#primaryimage\",\"url\":\"https:\\\/\\\/altavia-group.com\\\/wp-content\\\/uploads\\\/2026\\\/02\\\/promoconf-arnaud3-2.jpg\",\"contentUrl\":\"https:\\\/\\\/altavia-group.com\\\/wp-content\\\/uploads\\\/2026\\\/02\\\/promoconf-arnaud3-2.jpg\",\"caption\":\"Arnaud Pag\u00e8s conf\u00e9rencier\"},{\"@type\":\"BreadcrumbList\",\"@id\":\"https:\\\/\\\/altavia-group.com\\\/fr\\\/news\\\/comment-leco-conception-va-t-elle-transformer-le-retail\\\/#breadcrumb\",\"itemListElement\":[{\"@type\":\"ListItem\",\"position\":1,\"name\":\"Home\",\"item\":\"https:\\\/\\\/altavia-group.com\\\/fr\\\/\"},{\"@type\":\"ListItem\",\"position\":2,\"name\":\"News\",\"item\":\"https:\\\/\\\/altavia-group.com\\\/fr\\\/news\\\/\"},{\"@type\":\"ListItem\",\"position\":3,\"name\":\"Comment l&rsquo;\u00e9co-conception va-t-elle transformer le retail ?\"}]},{\"@type\":\"WebSite\",\"@id\":\"https:\\\/\\\/altavia-group.com\\\/#website\",\"url\":\"https:\\\/\\\/altavia-group.com\\\/\",\"name\":\"Altavia\",\"description\":\"Let\u2019s unlock our imagination.\",\"publisher\":{\"@id\":\"https:\\\/\\\/altavia-group.com\\\/#organization\"},\"potentialAction\":[{\"@type\":\"SearchAction\",\"target\":{\"@type\":\"EntryPoint\",\"urlTemplate\":\"https:\\\/\\\/altavia-group.com\\\/?s={search_term_string}\"},\"query-input\":{\"@type\":\"PropertyValueSpecification\",\"valueRequired\":true,\"valueName\":\"search_term_string\"}}],\"inLanguage\":\"fr-FR\"},{\"@type\":\"Organization\",\"@id\":\"https:\\\/\\\/altavia-group.com\\\/#organization\",\"name\":\"Altavia\",\"url\":\"https:\\\/\\\/altavia-group.com\\\/\",\"logo\":{\"@type\":\"ImageObject\",\"inLanguage\":\"fr-FR\",\"@id\":\"https:\\\/\\\/altavia-group.com\\\/#\\\/schema\\\/logo\\\/image\\\/\",\"url\":\"http:\\\/\\\/altavia-group.com\\\/wp-content\\\/uploads\\\/2024\\\/12\\\/cropped-favicon-altavia.png\",\"contentUrl\":\"http:\\\/\\\/altavia-group.com\\\/wp-content\\\/uploads\\\/2024\\\/12\\\/cropped-favicon-altavia.png\",\"width\":512,\"height\":512,\"caption\":\"Altavia\"},\"image\":{\"@id\":\"https:\\\/\\\/altavia-group.com\\\/#\\\/schema\\\/logo\\\/image\\\/\"}}]}<\/script>\n<!-- \/ Yoast SEO plugin. -->","yoast_head_json":{"title":"Comment l'\u00e9co-conception va-t-elle transformer le retail ? - Altavia","robots":{"index":"index","follow":"follow","max-snippet":"max-snippet:-1","max-image-preview":"max-image-preview:large","max-video-preview":"max-video-preview:-1"},"og_locale":"fr_FR","og_type":"article","og_title":"Comment l'\u00e9co-conception va-t-elle transformer le retail ? - Altavia","og_description":"Durabilit\u00e9, sobri\u00e9t\u00e9, neutralit\u00e9 : A l'heure de l'emballement climatique, ces mots d'ordre poussent les retailers \u00e0 acc\u00e9l\u00e9rer vers la d\u00e9carbonation.","og_url":"https:\/\/altavia-group.com\/fr\/news\/comment-leco-conception-va-t-elle-transformer-le-retail\/","og_site_name":"Altavia","article_modified_time":"2026-02-09T11:16:35+00:00","og_image":[{"url":"https:\/\/altavia-group.com\/wp-content\/uploads\/2026\/02\/promoconf-arnaud3-2.jpg","width":1,"height":1,"type":"image\/jpeg"}],"twitter_card":"summary_large_image","twitter_misc":{"Est. reading time":"9 minutes"},"schema":{"@context":"https:\/\/schema.org","@graph":[{"@type":"WebPage","@id":"https:\/\/altavia-group.com\/fr\/news\/comment-leco-conception-va-t-elle-transformer-le-retail\/","url":"https:\/\/altavia-group.com\/fr\/news\/comment-leco-conception-va-t-elle-transformer-le-retail\/","name":"Comment l'\u00e9co-conception va-t-elle transformer le retail ? - Altavia","isPartOf":{"@id":"https:\/\/altavia-group.com\/#website"},"primaryImageOfPage":{"@id":"https:\/\/altavia-group.com\/fr\/news\/comment-leco-conception-va-t-elle-transformer-le-retail\/#primaryimage"},"image":{"@id":"https:\/\/altavia-group.com\/fr\/news\/comment-leco-conception-va-t-elle-transformer-le-retail\/#primaryimage"},"thumbnailUrl":"https:\/\/altavia-group.com\/wp-content\/uploads\/2026\/02\/promoconf-arnaud3-2.jpg","datePublished":"2024-03-25T09:17:27+00:00","dateModified":"2026-02-09T11:16:35+00:00","breadcrumb":{"@id":"https:\/\/altavia-group.com\/fr\/news\/comment-leco-conception-va-t-elle-transformer-le-retail\/#breadcrumb"},"inLanguage":"fr-FR","potentialAction":[{"@type":"ReadAction","target":["https:\/\/altavia-group.com\/fr\/news\/comment-leco-conception-va-t-elle-transformer-le-retail\/"]}]},{"@type":"ImageObject","inLanguage":"fr-FR","@id":"https:\/\/altavia-group.com\/fr\/news\/comment-leco-conception-va-t-elle-transformer-le-retail\/#primaryimage","url":"https:\/\/altavia-group.com\/wp-content\/uploads\/2026\/02\/promoconf-arnaud3-2.jpg","contentUrl":"https:\/\/altavia-group.com\/wp-content\/uploads\/2026\/02\/promoconf-arnaud3-2.jpg","caption":"Arnaud Pag\u00e8s conf\u00e9rencier"},{"@type":"BreadcrumbList","@id":"https:\/\/altavia-group.com\/fr\/news\/comment-leco-conception-va-t-elle-transformer-le-retail\/#breadcrumb","itemListElement":[{"@type":"ListItem","position":1,"name":"Home","item":"https:\/\/altavia-group.com\/fr\/"},{"@type":"ListItem","position":2,"name":"News","item":"https:\/\/altavia-group.com\/fr\/news\/"},{"@type":"ListItem","position":3,"name":"Comment l&rsquo;\u00e9co-conception va-t-elle transformer le retail ?"}]},{"@type":"WebSite","@id":"https:\/\/altavia-group.com\/#website","url":"https:\/\/altavia-group.com\/","name":"Altavia","description":"Let\u2019s unlock our imagination.","publisher":{"@id":"https:\/\/altavia-group.com\/#organization"},"potentialAction":[{"@type":"SearchAction","target":{"@type":"EntryPoint","urlTemplate":"https:\/\/altavia-group.com\/?s={search_term_string}"},"query-input":{"@type":"PropertyValueSpecification","valueRequired":true,"valueName":"search_term_string"}}],"inLanguage":"fr-FR"},{"@type":"Organization","@id":"https:\/\/altavia-group.com\/#organization","name":"Altavia","url":"https:\/\/altavia-group.com\/","logo":{"@type":"ImageObject","inLanguage":"fr-FR","@id":"https:\/\/altavia-group.com\/#\/schema\/logo\/image\/","url":"http:\/\/altavia-group.com\/wp-content\/uploads\/2024\/12\/cropped-favicon-altavia.png","contentUrl":"http:\/\/altavia-group.com\/wp-content\/uploads\/2024\/12\/cropped-favicon-altavia.png","width":512,"height":512,"caption":"Altavia"},"image":{"@id":"https:\/\/altavia-group.com\/#\/schema\/logo\/image\/"}}]}},"_links":{"self":[{"href":"https:\/\/altavia-group.com\/fr\/wp-json\/wp\/v2\/news\/7456","targetHints":{"allow":["GET"]}}],"collection":[{"href":"https:\/\/altavia-group.com\/fr\/wp-json\/wp\/v2\/news"}],"about":[{"href":"https:\/\/altavia-group.com\/fr\/wp-json\/wp\/v2\/types\/news"}],"author":[{"embeddable":true,"href":"https:\/\/altavia-group.com\/fr\/wp-json\/wp\/v2\/users\/17"}],"replies":[{"embeddable":true,"href":"https:\/\/altavia-group.com\/fr\/wp-json\/wp\/v2\/comments?post=7456"}],"version-history":[{"count":0,"href":"https:\/\/altavia-group.com\/fr\/wp-json\/wp\/v2\/news\/7456\/revisions"}],"wp:featuredmedia":[{"embeddable":true,"href":"https:\/\/altavia-group.com\/fr\/wp-json\/wp\/v2\/media\/7457"}],"wp:attachment":[{"href":"https:\/\/altavia-group.com\/fr\/wp-json\/wp\/v2\/media?parent=7456"}],"wp:term":[{"taxonomy":"category","embeddable":true,"href":"https:\/\/altavia-group.com\/fr\/wp-json\/wp\/v2\/categories?post=7456"},{"taxonomy":"post_tag","embeddable":true,"href":"https:\/\/altavia-group.com\/fr\/wp-json\/wp\/v2\/tags?post=7456"},{"taxonomy":"news-type-taxonomy","embeddable":true,"href":"https:\/\/altavia-group.com\/fr\/wp-json\/wp\/v2\/news-type-taxonomy?post=7456"},{"taxonomy":"news-topic-taxonomy","embeddable":true,"href":"https:\/\/altavia-group.com\/fr\/wp-json\/wp\/v2\/news-topic-taxonomy?post=7456"}],"curies":[{"name":"wp","href":"https:\/\/api.w.org\/{rel}","templated":true}]}}