{"id":7549,"date":"2024-04-11T15:19:14","date_gmt":"2024-04-11T13:19:14","guid":{"rendered":"https:\/\/altaviagroudev.wpenginepowered.com\/news\/retail-for-good-levenement-qui-met-la-durabilite-et-lethique-au-coeur-des-discussions\/"},"modified":"2026-02-09T13:13:44","modified_gmt":"2026-02-09T12:13:44","slug":"retail-for-good-levenement-qui-met-la-durabilite-et-lethique-au-coeur-des-discussions","status":"publish","type":"news","link":"https:\/\/altavia-group.com\/fr\/news\/retail-for-good-levenement-qui-met-la-durabilite-et-lethique-au-coeur-des-discussions\/","title":{"rendered":"Retail for Good : l&rsquo;\u00e9v\u00e9nement qui met la durabilit\u00e9 et l\u2019\u00e9thique au c\u0153ur des discussions."},"content":{"rendered":"<section class=\"wpb-content-wrapper\"><p>[vc_row css=\u00a0\u00bb.vc_custom_1519392503248{padding-top: 18px !important;}\u00a0\u00bb][vc_column]<div class=\"edgtf-single-image-holder   \">\n    <div class=\"edgtf-si-inner\" >\n                                    <img decoding=\"async\" src=\"https:\/\/altavia-group.com\/wp-content\/uploads\/2026\/02\/Retail-for-good-1.jpeg\" class=\"attachment-full size-full\" alt=\"Retail For Good\" \/>                        <\/div>\n<\/div>[vc_column_text]<\/p>\n<h6>C\u00e9dric Ducrocq, PDG de Diamart Group et Rapha\u00ebl Palti, Pr\u00e9sident-fondateur du groupe Altavia, lancent l&rsquo;\u00e9dition 2024 de Retail For Good.<\/h6>\n<p>[\/vc_column_text][vc_empty_space height=\u00a0\u00bb54px\u00a0\u00bb][\/vc_column][\/vc_row][vc_row][vc_column][vc_column_text]<\/p>\n<h4><span class=\"edgtf-dropcaps edgtf-normal\" style=\"color: #1b1c21\">L<\/span>e 26 mars dernier, <span style=\"color: #778080;\"><strong><a style=\"color: #778080;\" href=\"https:\/\/diamartgroup.fr\/\" target=\"_blank\" rel=\"noopener\">Diamart Group<\/a><\/strong><\/span> organisait en partenariat avec Altavia l'\u00e9v\u00e9nement Retail for Good. Pr\u00e9sent\u00e9 comme le rendez-vous de celles et ceux qui cr\u00e9ent le commerce durable de demain, l'\u00e9v\u00e9nement s'est articul\u00e9 autour des grandes th\u00e9matiques de la RSE, avec, en ligne de mire, l'imp\u00e9rieuse question du <i>comment<\/i> : <i>\"Comment rendre durables des business models nativement fond\u00e9s sur la course aux volumes ? Comment financer la transition alors que la pression \u00e9conomique laisse peu de marge de man\u0153uvre ? Concr\u00e8tement, comment avancer, par quoi commencer, comment le d\u00e9ployer ?\"\u00a0<\/i><\/h4>\n<p>\u00a0<\/p>\n<h3>La d\u00e9carbonation de l'offre.<\/h3>\n<p>\u00a0<\/p>\n<p><span style=\"font-weight: 400;\">Cette seconde \u00e9dition de Retail for Good, introduite par C\u00e9dric Ducrocq, PDG de Diamart Group et Rapha\u00ebl Palti, Pr\u00e9sident-fondateur du groupe Altavia, a notamment vu les interventions de Marie Simunic Leclercq, Directrice G\u00e9n\u00e9rale D\u00e9l\u00e9gu\u00e9e enjeux march\u00e9s &#038; offre chez <a href=\"\/?p=20634\" target=\"_blank\" rel=\"noopener\">Leroy Merlin<\/a>, Katia Ruet, Secr\u00e9taire G\u00e9n\u00e9rale en charge de la RSE au sein d'Altavia, ainsi que Bertrand Swiderski, Chief Sustainability Officer chez <a href=\"\/?p=23251\" target=\"_blank\" rel=\"noopener\">Carrefour,<\/a> pour aborder le sujet de la d\u00e9carbonation de l'offre.\u00a0<\/span><\/p>\n<h4><\/h4>\n<p><span style=\"font-weight: 400;\">Cet \u00e9change a fait ressortir une question primordiale qui s'av\u00e8re on ne peut plus d'actualit\u00e9 : <\/span><i><span style=\"font-weight: 400;\">Quel monde voulons nous construire ?\u00a0<\/span><\/i><\/p>\n<p><span style=\"font-weight: 400;\">Pour y r\u00e9pondre, de nombreux leviers ont pu \u00eatre identifi\u00e9s, comme l'\u00e9coconception, la seconde vie, ou encore le parcours client qui peut aider le consommateur \u00e0 favoriser des produits ayant le moindre impact possible. Consommateur qui, d'apr\u00e8s les intervenants, doit imp\u00e9rativement \u00eatre remis au c\u0153ur des pr\u00e9occupations des acteurs du commerce pour \u00eatre l'orient\u00e9 et activ\u00e9 commercialement sur des th\u00e9matiques environnementales. <\/span>[\/vc_column_text][vc_empty_space]<div class=\"edgtf-single-image-holder   \">\n    <div class=\"edgtf-si-inner\" >\n                                    <img decoding=\"async\" src=\"https:\/\/altavia-group.com\/wp-content\/uploads\/2026\/02\/retail-for-good-comment-decarboner-1.jpeg\" class=\"attachment-full size-full\" alt=\"Retail for Good\" \/>                        <\/div>\n<\/div>[vc_empty_space][vc_column_text]<span style=\"font-weight: 400;\">En encourageant le client \u00e0 opter pour des modes de consommation et des produits plus \u00e9thiques et durables, on l'accompagne dans une v\u00e9ritable d\u00e9marche sur le long terme, en cr\u00e9ant, avec lui, un lien de confiance afin de l'accompagner au mieux vers une consommation plus responsable.\u00a0<\/span><\/p>\n<p><span style=\"font-weight: 400;\">De nombreux retailers s'accordent sur le fait qu'il ne doit pas y avoir de choix \u00e0 faire entre qualit\u00e9, durabilit\u00e9 et accessibilit\u00e9 : l'objectif est de pouvoir offrir \u00e0 tout le monde du bio, du durable, et surtout de la qualit\u00e9. Marie Simunic Leclercq insiste d'ailleurs sur le fait qu'il est imp\u00e9ratif de <\/span><i><span style=\"font-weight: 400;\">\"conna\u00eetre parfaitement la composition de ses produits\"<\/span><\/i><span style=\"font-weight: 400;\"> mais aussi <\/span><i><span style=\"font-weight: 400;\">\"la fa\u00e7on dont ils ont \u00e9t\u00e9 fabriqu\u00e9s\"<\/span><\/i><span style=\"font-weight: 400;\">, afin de pouvoir proposer, si le client en exprime le besoin, des produits alternatifs \u00e0 des tarifs accessibles et tout aussi vertueux et qualitatifs et ce, afin de permettre \u00e0 l'ensemble de la client\u00e8le de r\u00e9duire son impact environnemental.<\/span><\/p>\n<p>\u00a0<\/p>\n<h3>Altavia x L&rsquo;Or\u00e9al : lumi\u00e8re sur le programme Inclusive sourcing.<\/h3>\n<p>\u00a0<\/p>\n<p><span style=\"font-weight: 400;\">Lors de son intervention, L&rsquo;Or\u00e9al a pr\u00e9sent\u00e9 les avanc\u00e9es de son programme <a href=\"https:\/\/www.loreal-paris.fr\/nos-engagements\/notre-engagement-pour-la-planete\/l-oreal-pour-le-futur\/\" target=\"_blank\" rel=\"noopener\">\"L'Or\u00e9al for the future\"<\/a>, lanc\u00e9 en 2020, qui incarne l'ambition du groupe en mati\u00e8re de responsabilit\u00e9 et sa conviction que les entreprises ont un v\u00e9ritable r\u00f4le \u00e0 jouer face aux enjeux environnementaux actuels. Altavia participe activement \u00e0 \u00e9tablir des points de contact et des points d'engagement avec L&rsquo;Or\u00e9al, les deux entreprises travaillant main dans la main pour comprendre et \u00e9valuer les \u00e9cosyst\u00e8mes des diff\u00e9rents pays dans lesquels ils sont implant\u00e9s ou envisagent de se d\u00e9velopper pour \u00e9tablir une d\u00e9marche \u00e9thique et responsable compl\u00e8te, mais aussi pour s'assurer que leurs fournisseurs produisent de mani\u00e8re responsable et ont un impact social positif (Programme Inclusive Sourcing) sur les populations en leur offrant, par exemple, des niveaux de salaires justes et \u00e9quitables.\u00a0<\/span>[\/vc_column_text][vc_empty_space]<div class=\"edgtf-single-image-holder   edgtf-image-behavior-custom-link\">\n    <div class=\"edgtf-si-inner\" >\n        \t            <a itemprop=\"url\" href=\"https:\/\/www.altavia-nantes.com\/projet\/plv-eco-responsables\/?utm_campaign=RetailforGood&#038;utm_source=AltaviaWatch&#038;utm_medium=article\" target=\"_blank\">\n                                    <img decoding=\"async\" src=\"https:\/\/altavia-group.com\/wp-content\/uploads\/2026\/02\/PLV-altavia-nantes-2.png\" class=\"attachment-full size-full\" alt=\"Good is Beautiful\" \/>                                <\/a>\n            <\/div>\n<\/div>[vc_empty_space][vc_column_text]<span style=\"font-weight: 400;\">Gr\u00e2ce \u00e0 cette expertise, L&rsquo;Or\u00e9al s'assure que son premier cercle de fournisseurs est engag\u00e9 dans une v\u00e9ritable d\u00e9marche RSE. Anthony Papin, International Accounts Director chez Altavia et Christophe Prud'homme, Sustainable Sourcing Director Europe Indirect chez L&rsquo;Or\u00e9al, soulignent le fait que le Positive Sourcing\u00ae, via une politique d'achat inclusive, l&rsquo;insertion professionnelle des personnes en rupture de liens, <\/span><i><span style=\"font-weight: 400;\">\"n'a \u00e9t\u00e9 qu'une \u00e9tincelle pour aller plus loin dans notre vision \"Retail for Humans\".\u00a0<\/span><\/i><\/p>\n<p><span style=\"font-weight: 400;\">Au moment du lancement du programme, environ 25 personnes en situation de handicap ou faisant face \u00e0 des discriminations ont pu b\u00e9n\u00e9ficier, \u00e0 travers le Positive Sourcing\u00ae, d'un emploi \u00e0 plein temps. Aujourd'hui, gr\u00e2ce aux connaissances apport\u00e9es par le travail de recherche et d'\u00e9tude des \u00e9cosyst\u00e8mes, on compte 280 employ\u00e9s qui b\u00e9n\u00e9ficient de ce programme. Altavia a notamment r\u00e9alis\u00e9 un v\u00e9ritable travail de formation et de sensibilisation des \u00e9quipes et a contribu\u00e9 \u00e0 la cr\u00e9ation d'un annuaire de fournisseurs engag\u00e9s, afin de permettre \u00e0 ses clients et collaborateurs d'identifier, eux-m\u00eame et facilement, des fournisseurs en parfaite ad\u00e9quation avec leurs imp\u00e9ratifs \u00e0 la fois sociaux et environnementaux.<\/span><\/p>\n<p><span style=\"font-weight: 400;\">Des initiatives et des projets qui rythment le quotidien de nombreuses entreprises d'aujourd'hui et qui gr\u00e2ce \u00e0 des \u00e9v\u00e9nements comme Retail for Good peuvent \u00eatre partag\u00e9es et pr\u00e9sent\u00e9es \u00e0 l'ensemble du secteur du retail.\u00a0<\/span>[\/vc_column_text][vc_empty_space]<div class=\"edgtf-single-image-holder   edgtf-image-behavior-custom-link\">\n    <div class=\"edgtf-si-inner\" >\n                                    <img decoding=\"async\" src=\"https:\/\/altavia-group.com\/wp-content\/uploads\/2026\/02\/anthony-retail-for-good-loreal-1.jpeg\" class=\"attachment-full size-full\" alt=\"Altavia et L&#039;Or\u00e9al, Retail for Good\" \/>                                <\/a>\n            <\/div>\n<\/div>[vc_column_text]<\/p>\n<h6>Christophe Prud'homme, Sustainable Sourcing Director Europe Indirect chez L&rsquo;Or\u00e9al et Anthony Papin, International Accounts Director chez Altavia<\/h6>\n<h6>\u00a9 Diamart Group<\/h6>\n<p>[\/vc_column_text][vc_empty_space][vc_column_text]<i><span style=\"font-weight: 400;\">In fine<\/span><\/i><span style=\"font-weight: 400;\">, Retail for Good aura su regrouper de nombreux acteurs du monde du retail, autour d'objectifs et d'id\u00e9es communes, notamment celle de r\u00e9fl\u00e9chir au monde de demain et de s'efforcer de d\u00e9montrer que des solutions concr\u00e8tes sont possibles et existe pour r\u00e9duire l'impact environnemental des acteurs du commerce, mais aussi pour lutter contre les discriminations sociales et encourager l'insertion professionnelle par l'entraide et la collaboration. <\/span>[\/vc_column_text][\/vc_column][\/vc_row]<\/p>\n<\/section>","protected":false},"excerpt":{"rendered":"<p>Le 26 mars dernier, Diamart Group organisait en partenariat avec Altavia l\u2019\u00e9v\u00e9nement Retail for Good.<\/p>\n","protected":false},"author":17,"featured_media":7550,"menu_order":0,"comment_status":"closed","ping_status":"closed","template":"","meta":{"_acf_changed":false,"color_menu":"","footer_color_background":"","featured_image_url":"","footnotes":""},"categories":[278,290],"tags":[],"news-type-taxonomy":[],"news-topic-taxonomy":[],"class_list":["post-7549","news","type-news","status-publish","has-post-thumbnail","hentry","category-commerce-durable","category-commerce-inclusif"],"acf":[],"yoast_head":"<!-- This site is optimized with the Yoast SEO plugin v27.5 - https:\/\/yoast.com\/product\/yoast-seo-wordpress\/ -->\n<title>Retail for Good : l&#039;\u00e9v\u00e9nement qui met la durabilit\u00e9 et l\u2019\u00e9thique au c\u0153ur des discussions. - Altavia<\/title>\n<meta name=\"robots\" content=\"index, follow, max-snippet:-1, max-image-preview:large, max-video-preview:-1\" \/>\n<meta property=\"og:locale\" content=\"fr_FR\" \/>\n<meta property=\"og:type\" content=\"article\" \/>\n<meta property=\"og:title\" content=\"Retail for Good : l&#039;\u00e9v\u00e9nement qui met la durabilit\u00e9 et l\u2019\u00e9thique au c\u0153ur des discussions. - Altavia\" \/>\n<meta property=\"og:description\" content=\"Le 26 mars dernier, Diamart Group organisait en partenariat avec Altavia l\u2019\u00e9v\u00e9nement Retail for Good.\" \/>\n<meta property=\"og:url\" content=\"https:\/\/altavia-group.com\/fr\/news\/retail-for-good-levenement-qui-met-la-durabilite-et-lethique-au-coeur-des-discussions\/\" \/>\n<meta property=\"og:site_name\" content=\"Altavia\" \/>\n<meta property=\"article:modified_time\" content=\"2026-02-09T12:13:44+00:00\" \/>\n<meta property=\"og:image\" content=\"https:\/\/altavia-group.com\/wp-content\/uploads\/2026\/02\/Retail-for-good-1.jpeg\" \/>\n\t<meta property=\"og:image:width\" content=\"1\" \/>\n\t<meta property=\"og:image:height\" content=\"1\" \/>\n\t<meta property=\"og:image:type\" content=\"image\/jpeg\" \/>\n<meta name=\"twitter:card\" content=\"summary_large_image\" \/>\n<meta name=\"twitter:label1\" content=\"Est. reading time\" \/>\n\t<meta name=\"twitter:data1\" content=\"6 minutes\" \/>\n<script type=\"application\/ld+json\" class=\"yoast-schema-graph\">{\"@context\":\"https:\\\/\\\/schema.org\",\"@graph\":[{\"@type\":\"WebPage\",\"@id\":\"https:\\\/\\\/altavia-group.com\\\/fr\\\/news\\\/retail-for-good-levenement-qui-met-la-durabilite-et-lethique-au-coeur-des-discussions\\\/\",\"url\":\"https:\\\/\\\/altavia-group.com\\\/fr\\\/news\\\/retail-for-good-levenement-qui-met-la-durabilite-et-lethique-au-coeur-des-discussions\\\/\",\"name\":\"Retail for Good : l'\u00e9v\u00e9nement qui met la durabilit\u00e9 et l\u2019\u00e9thique au c\u0153ur des discussions. - Altavia\",\"isPartOf\":{\"@id\":\"https:\\\/\\\/altavia-group.com\\\/#website\"},\"primaryImageOfPage\":{\"@id\":\"https:\\\/\\\/altavia-group.com\\\/fr\\\/news\\\/retail-for-good-levenement-qui-met-la-durabilite-et-lethique-au-coeur-des-discussions\\\/#primaryimage\"},\"image\":{\"@id\":\"https:\\\/\\\/altavia-group.com\\\/fr\\\/news\\\/retail-for-good-levenement-qui-met-la-durabilite-et-lethique-au-coeur-des-discussions\\\/#primaryimage\"},\"thumbnailUrl\":\"https:\\\/\\\/altavia-group.com\\\/wp-content\\\/uploads\\\/2026\\\/02\\\/Retail-for-good-1.jpeg\",\"datePublished\":\"2024-04-11T13:19:14+00:00\",\"dateModified\":\"2026-02-09T12:13:44+00:00\",\"breadcrumb\":{\"@id\":\"https:\\\/\\\/altavia-group.com\\\/fr\\\/news\\\/retail-for-good-levenement-qui-met-la-durabilite-et-lethique-au-coeur-des-discussions\\\/#breadcrumb\"},\"inLanguage\":\"fr-FR\",\"potentialAction\":[{\"@type\":\"ReadAction\",\"target\":[\"https:\\\/\\\/altavia-group.com\\\/fr\\\/news\\\/retail-for-good-levenement-qui-met-la-durabilite-et-lethique-au-coeur-des-discussions\\\/\"]}]},{\"@type\":\"ImageObject\",\"inLanguage\":\"fr-FR\",\"@id\":\"https:\\\/\\\/altavia-group.com\\\/fr\\\/news\\\/retail-for-good-levenement-qui-met-la-durabilite-et-lethique-au-coeur-des-discussions\\\/#primaryimage\",\"url\":\"https:\\\/\\\/altavia-group.com\\\/wp-content\\\/uploads\\\/2026\\\/02\\\/Retail-for-good-1.jpeg\",\"contentUrl\":\"https:\\\/\\\/altavia-group.com\\\/wp-content\\\/uploads\\\/2026\\\/02\\\/Retail-for-good-1.jpeg\",\"caption\":\"Retail For Good\"},{\"@type\":\"BreadcrumbList\",\"@id\":\"https:\\\/\\\/altavia-group.com\\\/fr\\\/news\\\/retail-for-good-levenement-qui-met-la-durabilite-et-lethique-au-coeur-des-discussions\\\/#breadcrumb\",\"itemListElement\":[{\"@type\":\"ListItem\",\"position\":1,\"name\":\"Home\",\"item\":\"https:\\\/\\\/altavia-group.com\\\/fr\\\/\"},{\"@type\":\"ListItem\",\"position\":2,\"name\":\"News\",\"item\":\"https:\\\/\\\/altavia-group.com\\\/fr\\\/news\\\/\"},{\"@type\":\"ListItem\",\"position\":3,\"name\":\"Retail for Good : l&rsquo;\u00e9v\u00e9nement qui met la durabilit\u00e9 et l\u2019\u00e9thique au c\u0153ur des discussions.\"}]},{\"@type\":\"WebSite\",\"@id\":\"https:\\\/\\\/altavia-group.com\\\/#website\",\"url\":\"https:\\\/\\\/altavia-group.com\\\/\",\"name\":\"Altavia\",\"description\":\"Let\u2019s unlock our imagination.\",\"publisher\":{\"@id\":\"https:\\\/\\\/altavia-group.com\\\/#organization\"},\"potentialAction\":[{\"@type\":\"SearchAction\",\"target\":{\"@type\":\"EntryPoint\",\"urlTemplate\":\"https:\\\/\\\/altavia-group.com\\\/?s={search_term_string}\"},\"query-input\":{\"@type\":\"PropertyValueSpecification\",\"valueRequired\":true,\"valueName\":\"search_term_string\"}}],\"inLanguage\":\"fr-FR\"},{\"@type\":\"Organization\",\"@id\":\"https:\\\/\\\/altavia-group.com\\\/#organization\",\"name\":\"Altavia\",\"url\":\"https:\\\/\\\/altavia-group.com\\\/\",\"logo\":{\"@type\":\"ImageObject\",\"inLanguage\":\"fr-FR\",\"@id\":\"https:\\\/\\\/altavia-group.com\\\/#\\\/schema\\\/logo\\\/image\\\/\",\"url\":\"http:\\\/\\\/altavia-group.com\\\/wp-content\\\/uploads\\\/2024\\\/12\\\/cropped-favicon-altavia.png\",\"contentUrl\":\"http:\\\/\\\/altavia-group.com\\\/wp-content\\\/uploads\\\/2024\\\/12\\\/cropped-favicon-altavia.png\",\"width\":512,\"height\":512,\"caption\":\"Altavia\"},\"image\":{\"@id\":\"https:\\\/\\\/altavia-group.com\\\/#\\\/schema\\\/logo\\\/image\\\/\"}}]}<\/script>\n<!-- \/ Yoast SEO plugin. -->","yoast_head_json":{"title":"Retail for Good : l'\u00e9v\u00e9nement qui met la durabilit\u00e9 et l\u2019\u00e9thique au c\u0153ur des discussions. - Altavia","robots":{"index":"index","follow":"follow","max-snippet":"max-snippet:-1","max-image-preview":"max-image-preview:large","max-video-preview":"max-video-preview:-1"},"og_locale":"fr_FR","og_type":"article","og_title":"Retail for Good : l'\u00e9v\u00e9nement qui met la durabilit\u00e9 et l\u2019\u00e9thique au c\u0153ur des discussions. - Altavia","og_description":"Le 26 mars dernier, Diamart Group organisait en partenariat avec Altavia l\u2019\u00e9v\u00e9nement Retail for Good.","og_url":"https:\/\/altavia-group.com\/fr\/news\/retail-for-good-levenement-qui-met-la-durabilite-et-lethique-au-coeur-des-discussions\/","og_site_name":"Altavia","article_modified_time":"2026-02-09T12:13:44+00:00","og_image":[{"url":"https:\/\/altavia-group.com\/wp-content\/uploads\/2026\/02\/Retail-for-good-1.jpeg","width":1,"height":1,"type":"image\/jpeg"}],"twitter_card":"summary_large_image","twitter_misc":{"Est. reading time":"6 minutes"},"schema":{"@context":"https:\/\/schema.org","@graph":[{"@type":"WebPage","@id":"https:\/\/altavia-group.com\/fr\/news\/retail-for-good-levenement-qui-met-la-durabilite-et-lethique-au-coeur-des-discussions\/","url":"https:\/\/altavia-group.com\/fr\/news\/retail-for-good-levenement-qui-met-la-durabilite-et-lethique-au-coeur-des-discussions\/","name":"Retail for Good : l'\u00e9v\u00e9nement qui met la durabilit\u00e9 et l\u2019\u00e9thique au c\u0153ur des discussions. - Altavia","isPartOf":{"@id":"https:\/\/altavia-group.com\/#website"},"primaryImageOfPage":{"@id":"https:\/\/altavia-group.com\/fr\/news\/retail-for-good-levenement-qui-met-la-durabilite-et-lethique-au-coeur-des-discussions\/#primaryimage"},"image":{"@id":"https:\/\/altavia-group.com\/fr\/news\/retail-for-good-levenement-qui-met-la-durabilite-et-lethique-au-coeur-des-discussions\/#primaryimage"},"thumbnailUrl":"https:\/\/altavia-group.com\/wp-content\/uploads\/2026\/02\/Retail-for-good-1.jpeg","datePublished":"2024-04-11T13:19:14+00:00","dateModified":"2026-02-09T12:13:44+00:00","breadcrumb":{"@id":"https:\/\/altavia-group.com\/fr\/news\/retail-for-good-levenement-qui-met-la-durabilite-et-lethique-au-coeur-des-discussions\/#breadcrumb"},"inLanguage":"fr-FR","potentialAction":[{"@type":"ReadAction","target":["https:\/\/altavia-group.com\/fr\/news\/retail-for-good-levenement-qui-met-la-durabilite-et-lethique-au-coeur-des-discussions\/"]}]},{"@type":"ImageObject","inLanguage":"fr-FR","@id":"https:\/\/altavia-group.com\/fr\/news\/retail-for-good-levenement-qui-met-la-durabilite-et-lethique-au-coeur-des-discussions\/#primaryimage","url":"https:\/\/altavia-group.com\/wp-content\/uploads\/2026\/02\/Retail-for-good-1.jpeg","contentUrl":"https:\/\/altavia-group.com\/wp-content\/uploads\/2026\/02\/Retail-for-good-1.jpeg","caption":"Retail For Good"},{"@type":"BreadcrumbList","@id":"https:\/\/altavia-group.com\/fr\/news\/retail-for-good-levenement-qui-met-la-durabilite-et-lethique-au-coeur-des-discussions\/#breadcrumb","itemListElement":[{"@type":"ListItem","position":1,"name":"Home","item":"https:\/\/altavia-group.com\/fr\/"},{"@type":"ListItem","position":2,"name":"News","item":"https:\/\/altavia-group.com\/fr\/news\/"},{"@type":"ListItem","position":3,"name":"Retail for Good : l&rsquo;\u00e9v\u00e9nement qui met la durabilit\u00e9 et l\u2019\u00e9thique au c\u0153ur des discussions."}]},{"@type":"WebSite","@id":"https:\/\/altavia-group.com\/#website","url":"https:\/\/altavia-group.com\/","name":"Altavia","description":"Let\u2019s unlock our imagination.","publisher":{"@id":"https:\/\/altavia-group.com\/#organization"},"potentialAction":[{"@type":"SearchAction","target":{"@type":"EntryPoint","urlTemplate":"https:\/\/altavia-group.com\/?s={search_term_string}"},"query-input":{"@type":"PropertyValueSpecification","valueRequired":true,"valueName":"search_term_string"}}],"inLanguage":"fr-FR"},{"@type":"Organization","@id":"https:\/\/altavia-group.com\/#organization","name":"Altavia","url":"https:\/\/altavia-group.com\/","logo":{"@type":"ImageObject","inLanguage":"fr-FR","@id":"https:\/\/altavia-group.com\/#\/schema\/logo\/image\/","url":"http:\/\/altavia-group.com\/wp-content\/uploads\/2024\/12\/cropped-favicon-altavia.png","contentUrl":"http:\/\/altavia-group.com\/wp-content\/uploads\/2024\/12\/cropped-favicon-altavia.png","width":512,"height":512,"caption":"Altavia"},"image":{"@id":"https:\/\/altavia-group.com\/#\/schema\/logo\/image\/"}}]}},"_links":{"self":[{"href":"https:\/\/altavia-group.com\/fr\/wp-json\/wp\/v2\/news\/7549","targetHints":{"allow":["GET"]}}],"collection":[{"href":"https:\/\/altavia-group.com\/fr\/wp-json\/wp\/v2\/news"}],"about":[{"href":"https:\/\/altavia-group.com\/fr\/wp-json\/wp\/v2\/types\/news"}],"author":[{"embeddable":true,"href":"https:\/\/altavia-group.com\/fr\/wp-json\/wp\/v2\/users\/17"}],"replies":[{"embeddable":true,"href":"https:\/\/altavia-group.com\/fr\/wp-json\/wp\/v2\/comments?post=7549"}],"version-history":[{"count":0,"href":"https:\/\/altavia-group.com\/fr\/wp-json\/wp\/v2\/news\/7549\/revisions"}],"wp:featuredmedia":[{"embeddable":true,"href":"https:\/\/altavia-group.com\/fr\/wp-json\/wp\/v2\/media\/7550"}],"wp:attachment":[{"href":"https:\/\/altavia-group.com\/fr\/wp-json\/wp\/v2\/media?parent=7549"}],"wp:term":[{"taxonomy":"category","embeddable":true,"href":"https:\/\/altavia-group.com\/fr\/wp-json\/wp\/v2\/categories?post=7549"},{"taxonomy":"post_tag","embeddable":true,"href":"https:\/\/altavia-group.com\/fr\/wp-json\/wp\/v2\/tags?post=7549"},{"taxonomy":"news-type-taxonomy","embeddable":true,"href":"https:\/\/altavia-group.com\/fr\/wp-json\/wp\/v2\/news-type-taxonomy?post=7549"},{"taxonomy":"news-topic-taxonomy","embeddable":true,"href":"https:\/\/altavia-group.com\/fr\/wp-json\/wp\/v2\/news-topic-taxonomy?post=7549"}],"curies":[{"name":"wp","href":"https:\/\/api.w.org\/{rel}","templated":true}]}}