{"id":7565,"date":"2024-04-12T15:12:30","date_gmt":"2024-04-12T13:12:30","guid":{"rendered":"https:\/\/altaviagroudev.wpenginepowered.com\/news\/reparation-des-vetements-et-des-chaussures-un-reflexe-essentiel-qui-entre-peu-a-peu-dans-les-moeurs-des-francais\/"},"modified":"2026-02-09T13:14:01","modified_gmt":"2026-02-09T12:14:01","slug":"reparation-des-vetements-et-des-chaussures-un-reflexe-essentiel-qui-entre-peu-a-peu-dans-les-moeurs-des-francais","status":"publish","type":"news","link":"https:\/\/altavia-group.com\/fr\/news\/reparation-des-vetements-et-des-chaussures-un-reflexe-essentiel-qui-entre-peu-a-peu-dans-les-moeurs-des-francais\/","title":{"rendered":"R\u00e9paration des v\u00eatements et des chaussures : un r\u00e9flexe essentiel, qui entre peu \u00e0 peu dans les m\u0153urs des Fran\u00e7ais."},"content":{"rendered":"<section class=\"wpb-content-wrapper\"><p>[vc_row css=\u00a0\u00bb.vc_custom_1519392503248{padding-top: 18px !important;}\u00a0\u00bb][vc_column][vc_column_text]<\/p>\n<h6>\u00a9 Les R\u00e9parables<\/h6>\n<p>[\/vc_column_text][vc_empty_space height=\u00a0\u00bb54px\u00a0\u00bb][\/vc_column][\/vc_row][vc_row][vc_column][vc_column_text]<\/p>\n<h4><span class=\"edgtf-dropcaps edgtf-normal\" style=\"color: #1b1c21\">L<\/span>e recours \u00e0 la r\u00e9paration des v\u00eatements et des chaussures n'est plus un ph\u00e9nom\u00e8ne marginal. Il s'impose chaque jour un peu plus, port\u00e9 par des acteurs engag\u00e9s, comme l'\u00e9quipe des R\u00e9parables, en lien avec marques impliqu\u00e9es, telle que Faguo. Le Bonus R\u00e9paration, initie\u0301 par l'E\u0301tat dans le cadre de la loi AGEC et men\u00e9 par Refashion, devrait contribuer \u00e0 installer davantage la pratique.<\/h4>\n<p>\u00a0<\/p>\n<p><span style=\"font-weight: 400;\">Si la r\u00e9paration n'est pas encore un r\u00e9flexe partag\u00e9 par un grand nombre de Fran\u00e7ais, elle le deviendra de plus en plus gr\u00e2ce aux diff\u00e9rentes initiatives qui \u00e9mergent \u00e0 tous les niveaux.<\/span>[\/vc_column_text][vc_empty_space height=\u00a0\u00bb37px\u00a0\u00bb][vc_gallery type=\u00a0\u00bbflexslider_slide\u00a0\u00bb interval=\u00a0\u00bb3&Prime; images=\u00a0\u00bb7570,7571,7572,7573,7574,7575,7576&Prime; img_size=\u00a0\u00bbfull\u00a0\u00bb][vc_column_text]<\/p>\n<h6><span style=\"font-weight: 400;\">Atelier Les R\u00e9parables<br \/>\n<\/span>Cr\u00e9dits :\u00a0<span style=\"font-weight: 400;\">Charlotte Cheneau<br \/>\n<\/span><\/h6>\n<p>[\/vc_column_text][vc_empty_space height=\u00a0\u00bb37px\u00a0\u00bb][\/vc_column][\/vc_row][vc_row][vc_column][vc_column_text]<\/p>\n<h3><b>83% des Fran\u00e7ais sont pre\u0302ts a\u0300 faire re\u0301parer des ve\u0302tements ou des chaussures pour leur permettre de les porter plus longtemps.<\/b><\/h3>\n<p>\u00a0<\/p>\n<p><span style=\"font-weight: 400;\">Selon une \u00e9tude r\u00e9alis\u00e9e en partenariat avec l'\u00e9co-organisme de la Fili\u00e8re Textile d'habillement, Linge de maison et chaussure\u00a0<\/span><a href=\"\/?p=17094\" target=\"_blank\" rel=\"noopener\"><span style=\"font-weight: 400;\">Refashion<\/span><\/a><span style=\"font-weight: 400;\">, l'Ifop a pu constater que \u00ab\u00a073% des Franc\u0327ais ont avou\u00e9 s'e\u0302tre de\u0301ja\u0300 de\u0301barrasse\u0301s d'un ve\u0302tement ou d'une paire de chaussure qui aurait pu e\u0302tre re\u0301pare\u0301s, dont 20% affirment que c'est arrive\u0301 \"souvent\u00a0\u00bb. Parmi les raisons invoque\u0301es,\u00a043% des personnes interroge\u0301es conside\u0301raient que cela revenait plus cher de faire re\u0301parer que d'acheter neuf ; 32% ne savaient pas a\u0300 qui s'adresser pour faire la re\u0301paration ; 18% n'ont pas du tout pense\u0301 qu'ils pouvaient faire re\u0301parer leurs ve\u0302tements ou chaussures abi\u0302me\u0301s.\u00a0<\/span><\/p>\n<p>\u00a0<\/p>\n<p><span style=\"font-weight: 400;\">Mais, \u00e0 la question de savoir s'ils \u00e9taient pre\u0302ts a\u0300 faire re\u0301parer des ve\u0302tements ou des chaussures pour leur permettre de les porter plus longtemps, \u00ab\u00a083% des Franc\u0327ais ont re\u0301pondu favorablement, dont 33% se sont dit \"tout a\u0300 fait pre\u0302ts\". 69% des Franc\u0327ais ont me\u0302me consid\u00e9r\u00e9 que faire re\u0301parer un ve\u0302tement ou une paire de chaussures est \"un acte tendance\".\u00a0\u00bb<\/span><\/p>\n<p>\u00a0<\/p>\n<p><span style=\"font-weight: 400;\">Des chiffres encourageants si l'on consid\u00e8re l'urgence \u00e0 trouver des moyens de rallonger la dur\u00e9e de vie des nombreux v\u00eatements et chaussures achet\u00e9s chaque ann\u00e9e par les Fran\u00e7ais. \u00ab\u00a0La consommation de ve\u0302tements et de chaussures est en nette progression en France ces dernie\u0300res anne\u0301es, avec notamment 826 935 tonnes achete\u0301es en 2022, soit 400 millions de pie\u0300ces supple\u0301mentaires achete\u0301es sur un an par rapport a\u0300 2018, d'apr\u00e8s Refashion. Chaque anne\u0301e, environ 260 000 tonnes de produits sont collecte\u0301es, soit environ 31% de la production annuelle.\u00a0<\/span><\/p>\n<p>\u00a0<\/p>\n<p><span style=\"font-weight: 400;\">Pour limiter l'impact de consommation de ve\u0302tements et de chaussures et inciter les Fran\u00e7ais faire re\u0301parer leurs produits, Refashion a lanc\u00e9 le Bonus Re\u0301paration ve\u0302tements &#038; chaussures, dispositif initie\u0301 par l'E\u0301tat dans le cadre de la loi AGEC et finance\u0301 par les marques.\u00a0<\/span><\/p>\n<p>\u00a0<\/p>\n<h3><b>Le Bonus R\u00e9paration textile conna\u00eet \u00ab\u00a0un tr\u00e8s bon d\u00e9marrage\u00a0\u00bb<\/b><span style=\"font-weight: 400;\">.<\/span><\/h3>\n<p>\u00a0<\/p>\n<p><span style=\"font-weight: 400;\">Avec \u00ab\u00a0une multiplication des r\u00e9parations par dix depuis d\u00e9cembre 2023\u00a0\u00bb chez les r\u00e9parateurs labellis\u00e9s, \u00ab\u00a0c&rsquo;est un tr\u00e8s bon d\u00e9marrage\u00a0\u00bb a annonc\u00e9 Elsa Chassagnette de Refashion. Environ 250.000 r\u00e9parations ont \u00e9t\u00e9 effectu\u00e9es dans le cadre de ce dispositif dont 84% de cordonnerie et 16% de retoucherie, a-t-elle pr\u00e9cis\u00e9. Le bonus aurait<\/span> <span style=\"font-weight: 400;\">permis aux Fran\u00e7ais d&rsquo;\u00e9conomiser 2,3 millions d&rsquo;euros apr\u00e8s six mois d&rsquo;existence,\u00a0<\/span><\/p>\n<p><span style=\"font-weight: 400;\">\u00ab\u00a0<\/span><i><span style=\"font-weight: 400;\">En tant que \u00ab\u00a0r\u00e9parateur labellis\u00e9 Refashion, Les R\u00e9parables<\/span><\/i> <i><span style=\"font-weight: 400;\">a vu son activit\u00e9 cro\u00eetre, <\/span><\/i><span style=\"font-weight: 400;\">confirme Mathilde, charg\u00e9e de communication et marketing de l'entreprise vend\u00e9enne. <\/span><i><span style=\"font-weight: 400;\">Cet hiver, nous avons en effet r\u00e9par\u00e9 beaucoup de doudounes, en provenance notamment de la marque Jott avec qui nous avons nou\u00e9 un partenariat\u00a0\u00bb.<\/span><\/i><\/p>\n<p><span style=\"font-weight: 400;\">En septembre dernier, Les R\u00e9parables ouvrait un second atelier \u00e0 Lyon pour r\u00e9pondre \u00e0 la demande grandissante et prendre en charge tous les colis de textiles \u00e0 r\u00e9parer, en provenance de la France enti\u00e8re.<\/span><\/p>\n<p><span style=\"font-weight: 400;\">\u00ab\u00a0<\/span><i><span style=\"font-weight: 400;\">La plupart des personnes qui rejoignent l'atelier pour y travailler ont une formation de couture mais pas forc\u00e9ment de r\u00e9paration, car c'est une expertise diff\u00e9rente, <\/span><\/i><span style=\"font-weight: 400;\">pr\u00e9cise Mathilde<\/span><i><span style=\"font-weight: 400;\">. Nous les formons \u00e0 ce nouveau m\u00e9tier\u00a0<\/span><\/i><span style=\"font-weight: 400;\">\u00bb.<\/span>[\/vc_column_text][vc_empty_space height=\u00a0\u00bb37px\u00a0\u00bb][vc_single_image image=\u00a0\u00bb7568&Prime; img_size=\u00a0\u00bbfull\u00a0\u00bb add_caption=\u00a0\u00bbyes\u00a0\u00bb][vc_column_text]<\/p>\n<h6>Faguo<br \/>\n\u00a9 Les R\u00e9parables<\/h6>\n<h6><\/h6>\n<p>[\/vc_column_text][vc_empty_space height=\u00a0\u00bb37px\u00a0\u00bb][\/vc_column][\/vc_row][vc_row][vc_column][vc_column_text]<\/p>\n<h3><b>Accompagner les marques d\u00e9sireuses de d\u00e9velopper leurs services responsables.<\/b><\/h3>\n<p>\u00a0<\/p>\n<p><span style=\"font-weight: 400;\">Les R\u00e9parables accompagnent \u00e9galement les marques d\u00e9sireuses de d\u00e9velopper leurs services de r\u00e9paration, \u00e0 travers des pop-up. \u00ab\u00a0Ces<\/span><i><span style=\"font-weight: 400;\"> \u00e9v\u00e8nements de la r\u00e9paration dynamisent les espaces de vente, animent et favorisent le contact client et fid\u00e9liser les communaut\u00e9s en apportant un nouveau service\u00a0<\/span><\/i><span style=\"font-weight: 400;\">\u00bb souligne<\/span> <span style=\"font-weight: 400;\">Mathilde.<\/span><\/p>\n<p>\u00a0<\/p>\n<p><span style=\"font-weight: 400;\">Parmi les marques partenaires, Faguo, entreprise \u00e0 mission certifi\u00e9e B CorpTM, pour qui l'atelier de r\u00e9paration propos\u00e9 r\u00e9guli\u00e8rement au sein de ses boutiques r\u00e9pond \u00e0 un double objectif\u00a0: sensibiliser les clients et allonger la vie des v\u00eatements de la marque.<\/span><\/p>\n<p><i><span style=\"font-weight: 400;\">\u00ab D\u00e8s 2020, Faguo a commenc\u00e9 \u00e0 proposer un atelier de r\u00e9paration avec le service Tilli, <\/span><\/i><span style=\"font-weight: 400;\">raconte Romain Teissedre<\/span><span style=\"font-weight: 400;\">, <\/span><span style=\"font-weight: 400;\">responsable Communication &#038; Partenariats de la marque fond\u00e9e en 2009 par Nicolas Rohr et Fr\u00e9d\u00e9ric Mugnier.<\/span> <i><span style=\"font-weight: 400;\">Mais avec le d\u00e9veloppement de nos boutiques, &#8211; une cinquantaine en France -, nous avons eu besoin de faire appel \u00e0 un second partenaire\u00a0: Les R\u00e9parables sont alors venus pr\u00eater main forte. Nous proposons ainsi tous les deux mois dans nos boutiques un atelier de r\u00e9paration gratuit pour nos clients. Pr\u00e8s de 500 r\u00e9parations ont ainsi \u00e9t\u00e9 effectu\u00e9es en 2023\u00a0\u00bb.<\/span><\/i><\/p>\n<p>\u00a0<\/p>\n<p><span style=\"font-weight: 400;\">Le 16 f\u00e9vrier dernier, dans les boutiques Faguo de Nantes, La Rochelle, La Baule et Le Touquet, les couturi\u00e8res des R\u00e9parables ont \u00e9t\u00e9 occup\u00e9es tout l'apr\u00e8s-midi \u00e0 des petits travaux de couture : petits trous, fil tir\u00e9, bouton d\u00e9croch\u00e9, fermeture zip d\u00e9cousues, couture arrach\u00e9es\u2026 Des interventions n\u00e9cessitant peu de temps et de mat\u00e9riel.<\/span><i><span style=\"font-weight: 400;\">\u00a0<\/span><\/i><\/p>\n<p>\u00a0<\/p>\n<p><i><span style=\"font-weight: 400;\">\u00ab\u00a0En 2024, nous chercherons \u00e0 rendre ce service plus flexible et adapt\u00e9 aux besoins de nos clients, <\/span><\/i><span style=\"font-weight: 400;\">annonce Romain Teissedre<\/span><i><span style=\"font-weight: 400;\">. Quand on a un unique jean et qu'il est trou\u00e9, difficile d'attendre un mois avant de pouvoir le faire r\u00e9parer\u00a0! Nous essaierons donc de proposer une version plus permanente de notre service r\u00e9paration.\u00a0\u00bb<\/span><\/i><\/p>\n<p><span style=\"font-weight: 400;\">Ce futur projet aura \u00e9galement pour objectif d'inclure davantage les revendeurs muti-marques pour leur donner acc\u00e8s \u00e0 la r\u00e9paration Faguo, pour les pi\u00e8ces de la marque. \u00ab <\/span><i><span style=\"font-weight: 400;\">Si la r\u00e9paration chez Faguo est d\u00e9j\u00e0 omnicanale, elle se renforcera consid\u00e9rablement dans les prochains mois.<\/span><\/i><span style=\"font-weight: 400;\">\u00a0\u00bb<\/span><\/p>\n<p>\u00a0<\/p>\n<p><span style=\"font-weight: 400;\">En dehors de ces \u00e9v\u00e9nements ponctuels, la r\u00e9paration permet aussi d'intervenir sur les productions Faguo l\u00e9g\u00e8rement d\u00e9fectueuses, qui peuvent ensuite rejoindre l'offre de seconde main.<\/span><\/p>\n<p>\u00a0<\/p>\n<h3><b>La r\u00e9paration gagne du terrain, c'est certain.<\/b><\/h3>\n<p>\u00a0<\/p>\n<p><span style=\"font-weight: 400;\">Oui, on entendra de plus en plus parler de r\u00e9paration dans les prochaines ann\u00e9es. Les start-up de la French Tech s&rsquo;engouffrent aussi dans cette nouvelle opportunit\u00e9, comme le souligne Camille Wong dans son article pour Les Echos. \u00ab\u00a0Apr\u00e8s la seconde main, voici venu le temps de la r\u00e9paration. C&rsquo;est en tout cas le parti pris de Prolong, une start-up qui d\u00e9veloppe un logiciel en marque blanche pour accompagner les marques de mode qui veulent proposer \u00e0 leurs clients un panel de services d&rsquo;entretien et de r\u00e9paration. Pour l&rsquo;y aider, cette start-up, accompagn\u00e9e par le studio nantais\u00a0Imagination Machine\u00a0fond\u00e9 par l&rsquo;entrepreneur californien Rob Spiro, annonce lever 1,5\u00a0million d&rsquo;euros (dont 500.000\u00a0euros de non dilutif) aupr\u00e8s d&rsquo;AFI Ventures et de business angels\u00a0\u00bb.<\/span><\/p>\n<p>\u00a0<\/p>\n<p><span style=\"font-weight: 400;\">Des \u00e9v\u00e9nements d'envergure nationale commencent \u00e0 \u00e9clore, comme \u00a0<\/span><a href=\"https:\/\/journeesreparation.fr\/\" target=\"_blank\" rel=\"noopener\"><span style=\"font-weight: 400;\">les Journ\u00e9es nationales de la r\u00e9paration<\/span><\/a><span style=\"font-weight: 400;\">\u00a0(JNR), coorganis\u00e9es par<\/span><b>\u00a0<\/b><span style=\"font-weight: 400;\">l'association<\/span><b>\u00a0<\/b><a href=\"https:\/\/services.hosting.augure.com\/Response\/cHyn3\/%7b8ea12092-c984-41e2-b278-cf1dec47d622%7d\" target=\"_blank\" rel=\"noopener\"><span style=\"font-weight: 400;\">HOP (Halte \u00e0 l'obsolescence programm\u00e9e)<\/span><\/a><span style=\"font-weight: 400;\">\u00a0et\u00a0<\/span><a href=\"https:\/\/services.hosting.augure.com\/Response\/cHyn4\/%7b8ea12092-c984-41e2-b278-cf1dec47d622%7d\" target=\"_blank\" rel=\"noopener\"><span style=\"font-weight: 400;\">Make.org Foundation<\/span><\/a><span style=\"font-weight: 400;\">, dont la premi\u00e8re \u00e9dition a eu lieu les 20, 21 et 22 octobre 2023, rassemblant des centaines d'\u00e9v\u00e9nements en France.<\/span><\/p>\n<p>\u00a0<\/p>\n<p><span style=\"font-weight: 400;\">Certaines marques mettent en place des services de r\u00e9paration permanents, comme <\/span><a href=\"https:\/\/www.balibaris.com\/pages\/latelier\" target=\"_blank\" rel=\"noopener\"><span style=\"font-weight: 400;\">l'Atelier Balibaris<\/span><\/a><span style=\"font-weight: 400;\">, \u00ab\u00a0un programme vertueux de r\u00e9paration gr\u00e2ce auquel l'int\u00e9gralit\u00e9 de nos pi\u00e8ces serait entretenue par nos soins. Et comme la r\u00e9ussite d'un projet aussi ambitieux n\u00e9cessite des \u00e9tapes, l'atelier Balibaris se mat\u00e9rialise par la mise en place imm\u00e9diate de notre Garantie \u00e0 Vie, symbole de la p\u00e9rennit\u00e9 de nos v\u00eatements.\u00a0\u00bb<\/span><\/p>\n<p><a href=\"https:\/\/laines-paysannes.fr\/reparer_mon_pull\/\" target=\"_blank\" rel=\"noopener\"><span style=\"font-weight: 400;\">Les Laines paysannes<\/span><\/a><span style=\"font-weight: 400;\"> proposent \u00e9galement un service de r\u00e9paration de leurs pulls, \u00ab\u00a0parce que faire de la mode \u00e9thique, c'est aussi chouchouter nos pi\u00e8ces pour qu'elles tiennent dans le temps\u00a0\u00bb.<\/span>[\/vc_column_text][vc_empty_space height=\u00a0\u00bb37px\u00a0\u00bb][vc_single_image image=\u00a0\u00bb7569&Prime; img_size=\u00a0\u00bbfull\u00a0\u00bb add_caption=\u00a0\u00bbyes\u00a0\u00bb][vc_column_text]<\/p>\n<h6>Cr\u00e9dits : @david.gllt<\/h6>\n<p>[\/vc_column_text][vc_empty_space height=\u00a0\u00bb37px\u00a0\u00bb][\/vc_column][\/vc_row][vc_row][vc_column css=\u00a0\u00bb.vc_custom_1710870563930{background-color: #00db96 !important;}\u00a0\u00bb][vc_column_text css=\u00a0\u00bb.vc_custom_1712926489422{padding-right: 5% !important;padding-bottom: 5% !important;padding-left: 5% !important;}\u00a0\u00bb]<\/p>\n<h3><b>Focus bonus r\u00e9paration.<\/b><\/h3>\n<p>\u00a0<\/p>\n<p><span style=\"font-weight: 400;\">Le bonus r\u00e9paration sur le textile et les chaussures repose sur le m\u00eame principe que\u00a0<\/span><a href=\"https:\/\/www.service-public.fr\/particuliers\/actualites\/A16858\" target=\"_blank\" rel=\"noopener\"><span style=\"font-weight: 400;\">celui sur les produits \u00e9lectroniques et d'\u00e9lectrom\u00e9nager<\/span><\/a><span style=\"font-weight: 400;\">. Une remise imm\u00e9diate est accord\u00e9e chez un r\u00e9parateur labellis\u00e9 pour faire rapi\u00e9cer vos v\u00eatements ou vos chaussures. Une\u00a0<\/span><a href=\"https:\/\/www.media-kit.org\/reparateurs-refashion\/\" target=\"_blank\" rel=\"noopener\"><span style=\"font-weight: 400;\">carte des r\u00e9parateurs agr\u00e9\u00e9s<\/span><\/a><span style=\"font-weight: 400;\"> a \u00e9t\u00e9 dress\u00e9e pour faciliter l'identification des cordonniers et couturiers concern\u00e9s. Une liste des sites internet agr\u00e9\u00e9s de r\u00e9paration de v\u00eatements ou de chaussures est \u00e9galement accessible.\u00a0<\/span><\/p>\n<p><span style=\"font-weight: 400;\">Le montant de la r\u00e9duction appliqu\u00e9e d\u00e9pend du type de r\u00e9paration souhait\u00e9e :<\/span><\/p>\n<p><b>8\u00a0\u20ac<\/b><span style=\"font-weight: 400;\">\u00a0pour la pose d'un patin sur vos chaussures\u00a0;<\/span><\/p>\n<p><b>8\u00a0\u20ac<\/b><span style=\"font-weight: 400;\">\u00a0pour un travail de couture ou de collage sur vos chaussures\u00a0;<\/span><\/p>\n<p><b>7\u00a0\u20ac<\/b><span style=\"font-weight: 400;\">\u00a0pour le changement du bonbout de vos chaussures (le bonbout, derni\u00e8re \u00e9paisseur du bloc talon directement en contact avec le sol, sert de protection contre l'usure pr\u00e9matur\u00e9e de cette partie de vos souliers)\u00a0;<\/span><\/p>\n<p><b>7\u00a0\u20ac<\/b><span style=\"font-weight: 400;\">\u00a0pour le rapi\u00e8cement d'un trou, d'un accroc ou d'une d\u00e9chirure sur vos v\u00eatements\u00a0;<\/span><\/p>\n<p><b>10\u00a0\u20ac<\/b><span style=\"font-weight: 400;\">\u00a0pour le changement d'une doublure simple sur un habit, et\u00a0<\/span><b>25\u00a0\u20ac<\/b><span style=\"font-weight: 400;\">\u00a0pour une doublure complexe.<\/span><\/p>\n<p><span style=\"font-weight: 400;\">Les diff\u00e9rentes r\u00e9ductions propos\u00e9es dans le cadre du bonus r\u00e9paration ne peuvent \u00eatre mises en \u0153uvre que si le raccommodage co\u00fbte au moins 12\u00a0\u20ac.<\/span><\/p>\n<p><span style=\"font-weight: 400;\">Dispositif exclusivement finance\u0301 sur fonds prive\u0301s (et non publics), via les e\u0301co-contributions verse\u0301es par les marques a\u0300 Refashion, le Bonus Re\u0301paration ve\u0302tements &#038; chaussures est financ\u00e9 par le budget du Fonds Re\u0301paration, ge\u0301re\u0301 par Refashion, qui s'e\u0301le\u0300ve a\u0300 154 millions d'euros sur la pe\u0301riode 2023-2028. Le fond soutient \u00e9galement des actions de sensibilisation \u00e0 la r\u00e9paration aupr\u00e8s des consommateurs et des formations dispens\u00e9es aux r\u00e9parateurs agr\u00e9\u00e9s.<\/span>[\/vc_column_text][\/vc_column][\/vc_row][vc_row][vc_column][vc_column_text]<\/p>\n<h3><b>Pour aller plus loin\u00a0:\u00a0<\/b><\/h3>\n<p>\u00a0<\/p>\n<p><b><a href=\"https:\/\/www.lesreparables.fr\" target=\"_blank\" rel=\"noopener\">Les R\u00e9parables<\/a><\/b><\/p>\n<p><a href=\"\/?p=12971\" target=\"_blank\" rel=\"noopener\">Avec Les R\u00e9parables, d\u00e9mocratiser le m\u00e9tier de la r\u00e9paration textile.<\/a><\/p>\n<p><b><a href=\"https:\/\/tilli.fr\" target=\"_blank\" rel=\"noopener\">Tilli<\/a><\/b><\/p>\n<p><b><a href=\"https:\/\/www.faguo-store.com\/fr\/content\/category\/2-notre-mission\" target=\"_blank\" rel=\"noopener\">Faguo<\/a><\/b>[\/vc_column_text][vc_empty_space height=\u00a0\u00bb37px\u00a0\u00bb][\/vc_column][\/vc_row][vc_row][vc_column][vc_empty_space height=\u00a0\u00bb37px\u00a0\u00bb][vc_single_image image=\u00a0\u00bb7132&Prime; img_size=\u00a0\u00bbfull\u00a0\u00bb onclick=\u00a0\u00bbcustom_link\u00a0\u00bb img_link_target=\u00a0\u00bb_blank\u00a0\u00bb link=\u00a0\u00bbhttps:\/\/altavia-group.com\/fr\/tout-recommercer\/?utm_source=article-altaviawatch&#038;utm_medium=banner&#038;utm_campaign=promotion&#038;utm_content=en-savoir-plus\u00a0\u00bb][\/vc_column][\/vc_row]<\/p>\n<\/section>","protected":false},"excerpt":{"rendered":"<p>Le recours \u00e0 la r\u00e9paration des v\u00eatements et des chaussures n\u2019est plus un ph\u00e9nom\u00e8ne marginal.<\/p>\n","protected":false},"author":17,"featured_media":7566,"menu_order":0,"comment_status":"closed","ping_status":"closed","template":"","meta":{"_acf_changed":false,"color_menu":"","footer_color_background":"","featured_image_url":"","footnotes":""},"categories":[278],"tags":[],"news-type-taxonomy":[],"news-topic-taxonomy":[],"class_list":["post-7565","news","type-news","status-publish","has-post-thumbnail","hentry","category-commerce-durable"],"acf":[],"yoast_head":"<!-- This site is optimized with the Yoast SEO plugin v27.5 - https:\/\/yoast.com\/product\/yoast-seo-wordpress\/ -->\n<title>R\u00e9paration des v\u00eatements et des chaussures : un r\u00e9flexe essentiel, qui entre peu \u00e0 peu dans les m\u0153urs des Fran\u00e7ais. - Altavia<\/title>\n<meta name=\"robots\" content=\"index, follow, max-snippet:-1, max-image-preview:large, max-video-preview:-1\" \/>\n<meta property=\"og:locale\" content=\"fr_FR\" \/>\n<meta property=\"og:type\" content=\"article\" \/>\n<meta property=\"og:title\" content=\"R\u00e9paration des v\u00eatements et des chaussures : un r\u00e9flexe essentiel, qui entre peu \u00e0 peu dans les m\u0153urs des Fran\u00e7ais. - Altavia\" \/>\n<meta property=\"og:description\" content=\"Le recours \u00e0 la r\u00e9paration des v\u00eatements et des chaussures n\u2019est plus un ph\u00e9nom\u00e8ne marginal.\" \/>\n<meta property=\"og:url\" content=\"https:\/\/altavia-group.com\/fr\/news\/reparation-des-vetements-et-des-chaussures-un-reflexe-essentiel-qui-entre-peu-a-peu-dans-les-moeurs-des-francais\/\" \/>\n<meta property=\"og:site_name\" content=\"Altavia\" \/>\n<meta property=\"article:modified_time\" content=\"2026-02-09T12:14:01+00:00\" \/>\n<meta property=\"og:image\" content=\"https:\/\/altavia-group.com\/wp-content\/uploads\/2026\/02\/11fee64e-8efc-4748-a576-129a90a53155-1.jpg\" \/>\n\t<meta property=\"og:image:width\" content=\"1\" \/>\n\t<meta property=\"og:image:height\" content=\"1\" \/>\n\t<meta property=\"og:image:type\" content=\"image\/jpeg\" \/>\n<meta name=\"twitter:card\" content=\"summary_large_image\" \/>\n<meta name=\"twitter:label1\" content=\"Est. reading time\" \/>\n\t<meta name=\"twitter:data1\" content=\"10 minutes\" \/>\n<script type=\"application\/ld+json\" class=\"yoast-schema-graph\">{\"@context\":\"https:\\\/\\\/schema.org\",\"@graph\":[{\"@type\":\"WebPage\",\"@id\":\"https:\\\/\\\/altavia-group.com\\\/fr\\\/news\\\/reparation-des-vetements-et-des-chaussures-un-reflexe-essentiel-qui-entre-peu-a-peu-dans-les-moeurs-des-francais\\\/\",\"url\":\"https:\\\/\\\/altavia-group.com\\\/fr\\\/news\\\/reparation-des-vetements-et-des-chaussures-un-reflexe-essentiel-qui-entre-peu-a-peu-dans-les-moeurs-des-francais\\\/\",\"name\":\"R\u00e9paration des v\u00eatements et des chaussures : un r\u00e9flexe essentiel, qui entre peu \u00e0 peu dans les m\u0153urs des Fran\u00e7ais. - Altavia\",\"isPartOf\":{\"@id\":\"https:\\\/\\\/altavia-group.com\\\/#website\"},\"primaryImageOfPage\":{\"@id\":\"https:\\\/\\\/altavia-group.com\\\/fr\\\/news\\\/reparation-des-vetements-et-des-chaussures-un-reflexe-essentiel-qui-entre-peu-a-peu-dans-les-moeurs-des-francais\\\/#primaryimage\"},\"image\":{\"@id\":\"https:\\\/\\\/altavia-group.com\\\/fr\\\/news\\\/reparation-des-vetements-et-des-chaussures-un-reflexe-essentiel-qui-entre-peu-a-peu-dans-les-moeurs-des-francais\\\/#primaryimage\"},\"thumbnailUrl\":\"https:\\\/\\\/altavia-group.com\\\/wp-content\\\/uploads\\\/2026\\\/02\\\/11fee64e-8efc-4748-a576-129a90a53155-1.jpg\",\"datePublished\":\"2024-04-12T13:12:30+00:00\",\"dateModified\":\"2026-02-09T12:14:01+00:00\",\"breadcrumb\":{\"@id\":\"https:\\\/\\\/altavia-group.com\\\/fr\\\/news\\\/reparation-des-vetements-et-des-chaussures-un-reflexe-essentiel-qui-entre-peu-a-peu-dans-les-moeurs-des-francais\\\/#breadcrumb\"},\"inLanguage\":\"fr-FR\",\"potentialAction\":[{\"@type\":\"ReadAction\",\"target\":[\"https:\\\/\\\/altavia-group.com\\\/fr\\\/news\\\/reparation-des-vetements-et-des-chaussures-un-reflexe-essentiel-qui-entre-peu-a-peu-dans-les-moeurs-des-francais\\\/\"]}]},{\"@type\":\"ImageObject\",\"inLanguage\":\"fr-FR\",\"@id\":\"https:\\\/\\\/altavia-group.com\\\/fr\\\/news\\\/reparation-des-vetements-et-des-chaussures-un-reflexe-essentiel-qui-entre-peu-a-peu-dans-les-moeurs-des-francais\\\/#primaryimage\",\"url\":\"https:\\\/\\\/altavia-group.com\\\/wp-content\\\/uploads\\\/2026\\\/02\\\/11fee64e-8efc-4748-a576-129a90a53155-1.jpg\",\"contentUrl\":\"https:\\\/\\\/altavia-group.com\\\/wp-content\\\/uploads\\\/2026\\\/02\\\/11fee64e-8efc-4748-a576-129a90a53155-1.jpg\",\"caption\":\"Les R\u00e9parables\"},{\"@type\":\"BreadcrumbList\",\"@id\":\"https:\\\/\\\/altavia-group.com\\\/fr\\\/news\\\/reparation-des-vetements-et-des-chaussures-un-reflexe-essentiel-qui-entre-peu-a-peu-dans-les-moeurs-des-francais\\\/#breadcrumb\",\"itemListElement\":[{\"@type\":\"ListItem\",\"position\":1,\"name\":\"Home\",\"item\":\"https:\\\/\\\/altavia-group.com\\\/fr\\\/\"},{\"@type\":\"ListItem\",\"position\":2,\"name\":\"News\",\"item\":\"https:\\\/\\\/altavia-group.com\\\/fr\\\/news\\\/\"},{\"@type\":\"ListItem\",\"position\":3,\"name\":\"R\u00e9paration des v\u00eatements et des chaussures : un r\u00e9flexe essentiel, qui entre peu \u00e0 peu dans les m\u0153urs des Fran\u00e7ais.\"}]},{\"@type\":\"WebSite\",\"@id\":\"https:\\\/\\\/altavia-group.com\\\/#website\",\"url\":\"https:\\\/\\\/altavia-group.com\\\/\",\"name\":\"Altavia\",\"description\":\"Let\u2019s unlock our imagination.\",\"publisher\":{\"@id\":\"https:\\\/\\\/altavia-group.com\\\/#organization\"},\"potentialAction\":[{\"@type\":\"SearchAction\",\"target\":{\"@type\":\"EntryPoint\",\"urlTemplate\":\"https:\\\/\\\/altavia-group.com\\\/?s={search_term_string}\"},\"query-input\":{\"@type\":\"PropertyValueSpecification\",\"valueRequired\":true,\"valueName\":\"search_term_string\"}}],\"inLanguage\":\"fr-FR\"},{\"@type\":\"Organization\",\"@id\":\"https:\\\/\\\/altavia-group.com\\\/#organization\",\"name\":\"Altavia\",\"url\":\"https:\\\/\\\/altavia-group.com\\\/\",\"logo\":{\"@type\":\"ImageObject\",\"inLanguage\":\"fr-FR\",\"@id\":\"https:\\\/\\\/altavia-group.com\\\/#\\\/schema\\\/logo\\\/image\\\/\",\"url\":\"http:\\\/\\\/altavia-group.com\\\/wp-content\\\/uploads\\\/2024\\\/12\\\/cropped-favicon-altavia.png\",\"contentUrl\":\"http:\\\/\\\/altavia-group.com\\\/wp-content\\\/uploads\\\/2024\\\/12\\\/cropped-favicon-altavia.png\",\"width\":512,\"height\":512,\"caption\":\"Altavia\"},\"image\":{\"@id\":\"https:\\\/\\\/altavia-group.com\\\/#\\\/schema\\\/logo\\\/image\\\/\"}}]}<\/script>\n<!-- \/ Yoast SEO plugin. -->","yoast_head_json":{"title":"R\u00e9paration des v\u00eatements et des chaussures : un r\u00e9flexe essentiel, qui entre peu \u00e0 peu dans les m\u0153urs des Fran\u00e7ais. - Altavia","robots":{"index":"index","follow":"follow","max-snippet":"max-snippet:-1","max-image-preview":"max-image-preview:large","max-video-preview":"max-video-preview:-1"},"og_locale":"fr_FR","og_type":"article","og_title":"R\u00e9paration des v\u00eatements et des chaussures : un r\u00e9flexe essentiel, qui entre peu \u00e0 peu dans les m\u0153urs des Fran\u00e7ais. - Altavia","og_description":"Le recours \u00e0 la r\u00e9paration des v\u00eatements et des chaussures n\u2019est plus un ph\u00e9nom\u00e8ne marginal.","og_url":"https:\/\/altavia-group.com\/fr\/news\/reparation-des-vetements-et-des-chaussures-un-reflexe-essentiel-qui-entre-peu-a-peu-dans-les-moeurs-des-francais\/","og_site_name":"Altavia","article_modified_time":"2026-02-09T12:14:01+00:00","og_image":[{"url":"https:\/\/altavia-group.com\/wp-content\/uploads\/2026\/02\/11fee64e-8efc-4748-a576-129a90a53155-1.jpg","width":1,"height":1,"type":"image\/jpeg"}],"twitter_card":"summary_large_image","twitter_misc":{"Est. reading time":"10 minutes"},"schema":{"@context":"https:\/\/schema.org","@graph":[{"@type":"WebPage","@id":"https:\/\/altavia-group.com\/fr\/news\/reparation-des-vetements-et-des-chaussures-un-reflexe-essentiel-qui-entre-peu-a-peu-dans-les-moeurs-des-francais\/","url":"https:\/\/altavia-group.com\/fr\/news\/reparation-des-vetements-et-des-chaussures-un-reflexe-essentiel-qui-entre-peu-a-peu-dans-les-moeurs-des-francais\/","name":"R\u00e9paration des v\u00eatements et des chaussures : un r\u00e9flexe essentiel, qui entre peu \u00e0 peu dans les m\u0153urs des Fran\u00e7ais. - Altavia","isPartOf":{"@id":"https:\/\/altavia-group.com\/#website"},"primaryImageOfPage":{"@id":"https:\/\/altavia-group.com\/fr\/news\/reparation-des-vetements-et-des-chaussures-un-reflexe-essentiel-qui-entre-peu-a-peu-dans-les-moeurs-des-francais\/#primaryimage"},"image":{"@id":"https:\/\/altavia-group.com\/fr\/news\/reparation-des-vetements-et-des-chaussures-un-reflexe-essentiel-qui-entre-peu-a-peu-dans-les-moeurs-des-francais\/#primaryimage"},"thumbnailUrl":"https:\/\/altavia-group.com\/wp-content\/uploads\/2026\/02\/11fee64e-8efc-4748-a576-129a90a53155-1.jpg","datePublished":"2024-04-12T13:12:30+00:00","dateModified":"2026-02-09T12:14:01+00:00","breadcrumb":{"@id":"https:\/\/altavia-group.com\/fr\/news\/reparation-des-vetements-et-des-chaussures-un-reflexe-essentiel-qui-entre-peu-a-peu-dans-les-moeurs-des-francais\/#breadcrumb"},"inLanguage":"fr-FR","potentialAction":[{"@type":"ReadAction","target":["https:\/\/altavia-group.com\/fr\/news\/reparation-des-vetements-et-des-chaussures-un-reflexe-essentiel-qui-entre-peu-a-peu-dans-les-moeurs-des-francais\/"]}]},{"@type":"ImageObject","inLanguage":"fr-FR","@id":"https:\/\/altavia-group.com\/fr\/news\/reparation-des-vetements-et-des-chaussures-un-reflexe-essentiel-qui-entre-peu-a-peu-dans-les-moeurs-des-francais\/#primaryimage","url":"https:\/\/altavia-group.com\/wp-content\/uploads\/2026\/02\/11fee64e-8efc-4748-a576-129a90a53155-1.jpg","contentUrl":"https:\/\/altavia-group.com\/wp-content\/uploads\/2026\/02\/11fee64e-8efc-4748-a576-129a90a53155-1.jpg","caption":"Les R\u00e9parables"},{"@type":"BreadcrumbList","@id":"https:\/\/altavia-group.com\/fr\/news\/reparation-des-vetements-et-des-chaussures-un-reflexe-essentiel-qui-entre-peu-a-peu-dans-les-moeurs-des-francais\/#breadcrumb","itemListElement":[{"@type":"ListItem","position":1,"name":"Home","item":"https:\/\/altavia-group.com\/fr\/"},{"@type":"ListItem","position":2,"name":"News","item":"https:\/\/altavia-group.com\/fr\/news\/"},{"@type":"ListItem","position":3,"name":"R\u00e9paration des v\u00eatements et des chaussures : un r\u00e9flexe essentiel, qui entre peu \u00e0 peu dans les m\u0153urs des Fran\u00e7ais."}]},{"@type":"WebSite","@id":"https:\/\/altavia-group.com\/#website","url":"https:\/\/altavia-group.com\/","name":"Altavia","description":"Let\u2019s unlock our imagination.","publisher":{"@id":"https:\/\/altavia-group.com\/#organization"},"potentialAction":[{"@type":"SearchAction","target":{"@type":"EntryPoint","urlTemplate":"https:\/\/altavia-group.com\/?s={search_term_string}"},"query-input":{"@type":"PropertyValueSpecification","valueRequired":true,"valueName":"search_term_string"}}],"inLanguage":"fr-FR"},{"@type":"Organization","@id":"https:\/\/altavia-group.com\/#organization","name":"Altavia","url":"https:\/\/altavia-group.com\/","logo":{"@type":"ImageObject","inLanguage":"fr-FR","@id":"https:\/\/altavia-group.com\/#\/schema\/logo\/image\/","url":"http:\/\/altavia-group.com\/wp-content\/uploads\/2024\/12\/cropped-favicon-altavia.png","contentUrl":"http:\/\/altavia-group.com\/wp-content\/uploads\/2024\/12\/cropped-favicon-altavia.png","width":512,"height":512,"caption":"Altavia"},"image":{"@id":"https:\/\/altavia-group.com\/#\/schema\/logo\/image\/"}}]}},"_links":{"self":[{"href":"https:\/\/altavia-group.com\/fr\/wp-json\/wp\/v2\/news\/7565","targetHints":{"allow":["GET"]}}],"collection":[{"href":"https:\/\/altavia-group.com\/fr\/wp-json\/wp\/v2\/news"}],"about":[{"href":"https:\/\/altavia-group.com\/fr\/wp-json\/wp\/v2\/types\/news"}],"author":[{"embeddable":true,"href":"https:\/\/altavia-group.com\/fr\/wp-json\/wp\/v2\/users\/17"}],"replies":[{"embeddable":true,"href":"https:\/\/altavia-group.com\/fr\/wp-json\/wp\/v2\/comments?post=7565"}],"version-history":[{"count":0,"href":"https:\/\/altavia-group.com\/fr\/wp-json\/wp\/v2\/news\/7565\/revisions"}],"wp:featuredmedia":[{"embeddable":true,"href":"https:\/\/altavia-group.com\/fr\/wp-json\/wp\/v2\/media\/7566"}],"wp:attachment":[{"href":"https:\/\/altavia-group.com\/fr\/wp-json\/wp\/v2\/media?parent=7565"}],"wp:term":[{"taxonomy":"category","embeddable":true,"href":"https:\/\/altavia-group.com\/fr\/wp-json\/wp\/v2\/categories?post=7565"},{"taxonomy":"post_tag","embeddable":true,"href":"https:\/\/altavia-group.com\/fr\/wp-json\/wp\/v2\/tags?post=7565"},{"taxonomy":"news-type-taxonomy","embeddable":true,"href":"https:\/\/altavia-group.com\/fr\/wp-json\/wp\/v2\/news-type-taxonomy?post=7565"},{"taxonomy":"news-topic-taxonomy","embeddable":true,"href":"https:\/\/altavia-group.com\/fr\/wp-json\/wp\/v2\/news-topic-taxonomy?post=7565"}],"curies":[{"name":"wp","href":"https:\/\/api.w.org\/{rel}","templated":true}]}}