{"id":7625,"date":"2024-04-22T18:23:17","date_gmt":"2024-04-22T16:23:17","guid":{"rendered":"https:\/\/altaviagroudev.wpenginepowered.com\/news\/la-redoute-interieurs-rejoint-la-marketplace-de-leroy-merlin-pour-renforcer-sa-presence-dans-lunivers-de-la-maison\/"},"modified":"2026-02-09T13:15:19","modified_gmt":"2026-02-09T12:15:19","slug":"la-redoute-interieurs-rejoint-la-marketplace-de-leroy-merlin-pour-renforcer-sa-presence-dans-lunivers-de-la-maison","status":"publish","type":"news","link":"https:\/\/altavia-group.com\/fr\/news\/la-redoute-interieurs-rejoint-la-marketplace-de-leroy-merlin-pour-renforcer-sa-presence-dans-lunivers-de-la-maison\/","title":{"rendered":"La Redoute Int\u00e9rieurs rejoint la marketplace de Leroy Merlin pour renforcer sa pr\u00e9sence dans l&rsquo;univers de la maison."},"content":{"rendered":"<section class=\"wpb-content-wrapper\"><p>[vc_row css=\u00a0\u00bb.vc_custom_1519392503248{padding-top: 18px !important;}\u00a0\u00bb][vc_column]<div class=\"edgtf-single-image-holder   \">\n    <div class=\"edgtf-si-inner\" >\n                                    <img decoding=\"async\" src=\"https:\/\/altavia-group.com\/wp-content\/uploads\/2026\/02\/la-redoute-interieurs-1.jpeg\" class=\"attachment-full size-full\" alt=\"La Redoute Int\u00e9rieurs rejoint la marketplace de Leroy Merlin pour renforcer sa pr\u00e9sence dans l&#039;univers de la maison.\" \/>                        <\/div>\n<\/div>[vc_empty_space height=\u00a0\u00bb37px\u00a0\u00bb]<div class=\"edgtf-elements-holder   edgtf-one-column  edgtf-responsive-mode-768 \" ><div class=\"edgtf-eh-item    \"  data-item-class=\"edgtf-eh-custom-3156\" data-1280-1600=\"0 0\" data-1024-1280=\"0 0\" data-768-1024=\"0 30px 0 0\" data-680-768=\"0 20px 0 0\" data-680=\"0 0\">\n\t<div class=\"edgtf-eh-item-inner\">\n\t\t<div class=\"edgtf-eh-item-content edgtf-eh-custom-3156\" style=\"padding: 0 50px 0 0\">\n\t\t\t[vc_column_text]<span class=\"edgtf-dropcaps edgtf-normal\" style=\"color: #1b1c21\">L<\/span><span style=\"font-weight: 400;\">a Redoute Int\u00e9rieurs, la branche d\u00e9coration de La Redoute, \u00e9tend son empreinte sur le march\u00e9 de la maison <\/span><a href=\"https:\/\/www.ecommercemag.fr\/Thematique\/retail-1220\/strategie-retail-2163\/Breves\/La-Redoute-Interieurs-integre-la-marketplace-de-Leroy-Merlin-458838.htm\" target=\"_blank\" rel=\"noopener\"><span style=\"font-weight: 400;\">en int\u00e9grant la marketplace<\/span><\/a><span style=\"font-weight: 400;\"> de Leroy Merlin. Ce nouveau partenariat va voir environ 15 000 produits de La Redoute, incluant meubles, linge de lit, d\u00e9corations et luminaires, enrichir les offres d\u00e9j\u00e0 pl\u00e9thoriques de Leroy Merlin, qui compte plus de 4 millions de r\u00e9f\u00e9rences.<\/span><\/p>\n<p><span style=\"font-weight: 400;\">Cette collaboration entre deux g\u00e9ants du retail fran\u00e7ais est strat\u00e9giquement align\u00e9e avec leurs objectifs respectifs : \u00e9largir et affirmer la position de La Redoute dans le secteur maison et enrichir l&rsquo;offre de Leroy Merlin avec des produits de qualit\u00e9 et durables, comme le linge de maison Oekotex et les meubles certifi\u00e9s FSC\/PEFC.<\/span>[\/vc_column_text][vc_empty_space height=\u00a0\u00bb37px\u00a0\u00bb]\t\t<\/div>\n\t<\/div>\n<\/div><\/div>[\/vc_column][\/vc_row][vc_row content_text_aligment=\u00a0\u00bbcenter\u00a0\u00bb][vc_column parallax=\u00a0\u00bbcontent-moving\u00a0\u00bb parallax_image=\u00a0\u00bb5672&Prime;]<div class=\"edgtf-section-title-holder  edgtf-st-standard edgtf-st-title-left edgtf-st-normal-space \" style=\"text-align: center\">\n\t<div class=\"edgtf-st-inner\">\n\t\t\t\t\t<h2 class=\"edgtf-st-title\" style=\"color: #00dd96\">\n\t\t\t\t.newsletter\t\t\t<\/h2>\n\t\t\t\t\t<\/div>\n<\/div>[vc_column_text]<span style=\"color: #ffffff;\">Recevez les actualit\u00e9s et tendances retail en exclusivit\u00e9 !<\/span>[\/vc_column_text][vc_empty_space][vc_btn title=\u00a0\u00bbJe m&rsquo;abonne\u00a0\u00bb style=\u00a0\u00bboutline-custom\u00a0\u00bb outline_custom_color=\u00a0\u00bb#ffffff\u00a0\u00bb outline_custom_hover_background=\u00a0\u00bb#666666&Prime; outline_custom_hover_text=\u00a0\u00bb#ffffff\u00a0\u00bb shape=\u00a0\u00bbsquare\u00a0\u00bb class=\u00a0\u00bbc-link\u00a0\u00bb href=\u00a0\u00bbhttp:\/\/2fforms.sbc32.com\/\u00a0\u00bb target=\u00a0\u00bb_blank\u00a0\u00bb rel=\u00a0\u00bbnoopener noreferrer\u00a0\u00bb data-stringify-link=\u00a0\u00bbhttp:\/\/2Fforms.sbc32.com\u00a0\u00bb link=\u00a0\u00bburl:https%3A%2F%2Fforms.sbc32.com%2F65046ef85fef6a5fa6e7a5c0%2FwU3RssckT3CNNqCwsRf6Jg%2Fform.html|target:_blank\u00a0\u00bb][vc_empty_space height=\u00a0\u00bb12px\u00a0\u00bb][\/vc_column][\/vc_row]<\/p>\n<\/section>","protected":false},"excerpt":{"rendered":"<p>La Redoute Int\u00e9rieurs \u00e9tend son empreinte sur le march\u00e9 de la maison en int\u00e9grant la marketplace de Leroy Merlin. <\/p>\n","protected":false},"author":17,"featured_media":7626,"menu_order":0,"comment_status":"closed","ping_status":"closed","template":"","meta":{"_acf_changed":false,"color_menu":"","footer_color_background":"","featured_image_url":"","footnotes":""},"categories":[266,271],"tags":[],"news-type-taxonomy":[],"news-topic-taxonomy":[],"class_list":["post-7625","news","type-news","status-publish","has-post-thumbnail","hentry","category-info-retailers","category-veille-retail"],"acf":[],"yoast_head":"<!-- This site is optimized with the Yoast SEO plugin v27.5 - https:\/\/yoast.com\/product\/yoast-seo-wordpress\/ -->\n<title>La Redoute Int\u00e9rieurs rejoint la marketplace de Leroy Merlin pour renforcer sa pr\u00e9sence dans l&#039;univers de la maison. - Altavia<\/title>\n<meta name=\"robots\" content=\"index, follow, max-snippet:-1, max-image-preview:large, max-video-preview:-1\" \/>\n<meta property=\"og:locale\" content=\"fr_FR\" \/>\n<meta property=\"og:type\" content=\"article\" \/>\n<meta property=\"og:title\" content=\"La Redoute Int\u00e9rieurs rejoint la marketplace de Leroy Merlin pour renforcer sa pr\u00e9sence dans l&#039;univers de la maison. - Altavia\" \/>\n<meta property=\"og:description\" content=\"La Redoute Int\u00e9rieurs \u00e9tend son empreinte sur le march\u00e9 de la maison en int\u00e9grant la marketplace de Leroy Merlin.\" \/>\n<meta property=\"og:url\" content=\"https:\/\/altavia-group.com\/fr\/news\/la-redoute-interieurs-rejoint-la-marketplace-de-leroy-merlin-pour-renforcer-sa-presence-dans-lunivers-de-la-maison\/\" \/>\n<meta property=\"og:site_name\" content=\"Altavia\" \/>\n<meta property=\"article:modified_time\" content=\"2026-02-09T12:15:19+00:00\" \/>\n<meta property=\"og:image\" content=\"https:\/\/altavia-group.com\/wp-content\/uploads\/2026\/02\/la-redoute-interieurs-1.jpeg\" \/>\n\t<meta property=\"og:image:width\" content=\"1\" \/>\n\t<meta property=\"og:image:height\" content=\"1\" \/>\n\t<meta property=\"og:image:type\" content=\"image\/jpeg\" \/>\n<meta name=\"twitter:card\" content=\"summary_large_image\" \/>\n<meta name=\"twitter:label1\" content=\"Est. reading time\" \/>\n\t<meta name=\"twitter:data1\" content=\"2 minutes\" \/>\n<script type=\"application\/ld+json\" class=\"yoast-schema-graph\">{\"@context\":\"https:\\\/\\\/schema.org\",\"@graph\":[{\"@type\":\"WebPage\",\"@id\":\"https:\\\/\\\/altavia-group.com\\\/fr\\\/news\\\/la-redoute-interieurs-rejoint-la-marketplace-de-leroy-merlin-pour-renforcer-sa-presence-dans-lunivers-de-la-maison\\\/\",\"url\":\"https:\\\/\\\/altavia-group.com\\\/fr\\\/news\\\/la-redoute-interieurs-rejoint-la-marketplace-de-leroy-merlin-pour-renforcer-sa-presence-dans-lunivers-de-la-maison\\\/\",\"name\":\"La Redoute Int\u00e9rieurs rejoint la marketplace de Leroy Merlin pour renforcer sa pr\u00e9sence dans l'univers de la maison. - Altavia\",\"isPartOf\":{\"@id\":\"https:\\\/\\\/altavia-group.com\\\/#website\"},\"primaryImageOfPage\":{\"@id\":\"https:\\\/\\\/altavia-group.com\\\/fr\\\/news\\\/la-redoute-interieurs-rejoint-la-marketplace-de-leroy-merlin-pour-renforcer-sa-presence-dans-lunivers-de-la-maison\\\/#primaryimage\"},\"image\":{\"@id\":\"https:\\\/\\\/altavia-group.com\\\/fr\\\/news\\\/la-redoute-interieurs-rejoint-la-marketplace-de-leroy-merlin-pour-renforcer-sa-presence-dans-lunivers-de-la-maison\\\/#primaryimage\"},\"thumbnailUrl\":\"https:\\\/\\\/altavia-group.com\\\/wp-content\\\/uploads\\\/2026\\\/02\\\/la-redoute-interieurs-1.jpeg\",\"datePublished\":\"2024-04-22T16:23:17+00:00\",\"dateModified\":\"2026-02-09T12:15:19+00:00\",\"breadcrumb\":{\"@id\":\"https:\\\/\\\/altavia-group.com\\\/fr\\\/news\\\/la-redoute-interieurs-rejoint-la-marketplace-de-leroy-merlin-pour-renforcer-sa-presence-dans-lunivers-de-la-maison\\\/#breadcrumb\"},\"inLanguage\":\"fr-FR\",\"potentialAction\":[{\"@type\":\"ReadAction\",\"target\":[\"https:\\\/\\\/altavia-group.com\\\/fr\\\/news\\\/la-redoute-interieurs-rejoint-la-marketplace-de-leroy-merlin-pour-renforcer-sa-presence-dans-lunivers-de-la-maison\\\/\"]}]},{\"@type\":\"ImageObject\",\"inLanguage\":\"fr-FR\",\"@id\":\"https:\\\/\\\/altavia-group.com\\\/fr\\\/news\\\/la-redoute-interieurs-rejoint-la-marketplace-de-leroy-merlin-pour-renforcer-sa-presence-dans-lunivers-de-la-maison\\\/#primaryimage\",\"url\":\"https:\\\/\\\/altavia-group.com\\\/wp-content\\\/uploads\\\/2026\\\/02\\\/la-redoute-interieurs-1.jpeg\",\"contentUrl\":\"https:\\\/\\\/altavia-group.com\\\/wp-content\\\/uploads\\\/2026\\\/02\\\/la-redoute-interieurs-1.jpeg\",\"caption\":\"La Redoute Int\u00e9rieurs rejoint la marketplace de Leroy Merlin pour renforcer sa pr\u00e9sence dans l'univers de la maison.\"},{\"@type\":\"BreadcrumbList\",\"@id\":\"https:\\\/\\\/altavia-group.com\\\/fr\\\/news\\\/la-redoute-interieurs-rejoint-la-marketplace-de-leroy-merlin-pour-renforcer-sa-presence-dans-lunivers-de-la-maison\\\/#breadcrumb\",\"itemListElement\":[{\"@type\":\"ListItem\",\"position\":1,\"name\":\"Home\",\"item\":\"https:\\\/\\\/altavia-group.com\\\/fr\\\/\"},{\"@type\":\"ListItem\",\"position\":2,\"name\":\"News\",\"item\":\"https:\\\/\\\/altavia-group.com\\\/fr\\\/news\\\/\"},{\"@type\":\"ListItem\",\"position\":3,\"name\":\"La Redoute Int\u00e9rieurs rejoint la marketplace de Leroy Merlin pour renforcer sa pr\u00e9sence dans l&rsquo;univers de la maison.\"}]},{\"@type\":\"WebSite\",\"@id\":\"https:\\\/\\\/altavia-group.com\\\/#website\",\"url\":\"https:\\\/\\\/altavia-group.com\\\/\",\"name\":\"Altavia\",\"description\":\"Let\u2019s unlock our imagination.\",\"publisher\":{\"@id\":\"https:\\\/\\\/altavia-group.com\\\/#organization\"},\"potentialAction\":[{\"@type\":\"SearchAction\",\"target\":{\"@type\":\"EntryPoint\",\"urlTemplate\":\"https:\\\/\\\/altavia-group.com\\\/?s={search_term_string}\"},\"query-input\":{\"@type\":\"PropertyValueSpecification\",\"valueRequired\":true,\"valueName\":\"search_term_string\"}}],\"inLanguage\":\"fr-FR\"},{\"@type\":\"Organization\",\"@id\":\"https:\\\/\\\/altavia-group.com\\\/#organization\",\"name\":\"Altavia\",\"url\":\"https:\\\/\\\/altavia-group.com\\\/\",\"logo\":{\"@type\":\"ImageObject\",\"inLanguage\":\"fr-FR\",\"@id\":\"https:\\\/\\\/altavia-group.com\\\/#\\\/schema\\\/logo\\\/image\\\/\",\"url\":\"http:\\\/\\\/altavia-group.com\\\/wp-content\\\/uploads\\\/2024\\\/12\\\/cropped-favicon-altavia.png\",\"contentUrl\":\"http:\\\/\\\/altavia-group.com\\\/wp-content\\\/uploads\\\/2024\\\/12\\\/cropped-favicon-altavia.png\",\"width\":512,\"height\":512,\"caption\":\"Altavia\"},\"image\":{\"@id\":\"https:\\\/\\\/altavia-group.com\\\/#\\\/schema\\\/logo\\\/image\\\/\"}}]}<\/script>\n<!-- \/ Yoast SEO plugin. -->","yoast_head_json":{"title":"La Redoute Int\u00e9rieurs rejoint la marketplace de Leroy Merlin pour renforcer sa pr\u00e9sence dans l'univers de la maison. - Altavia","robots":{"index":"index","follow":"follow","max-snippet":"max-snippet:-1","max-image-preview":"max-image-preview:large","max-video-preview":"max-video-preview:-1"},"og_locale":"fr_FR","og_type":"article","og_title":"La Redoute Int\u00e9rieurs rejoint la marketplace de Leroy Merlin pour renforcer sa pr\u00e9sence dans l'univers de la maison. - Altavia","og_description":"La Redoute Int\u00e9rieurs \u00e9tend son empreinte sur le march\u00e9 de la maison en int\u00e9grant la marketplace de Leroy Merlin.","og_url":"https:\/\/altavia-group.com\/fr\/news\/la-redoute-interieurs-rejoint-la-marketplace-de-leroy-merlin-pour-renforcer-sa-presence-dans-lunivers-de-la-maison\/","og_site_name":"Altavia","article_modified_time":"2026-02-09T12:15:19+00:00","og_image":[{"url":"https:\/\/altavia-group.com\/wp-content\/uploads\/2026\/02\/la-redoute-interieurs-1.jpeg","width":1,"height":1,"type":"image\/jpeg"}],"twitter_card":"summary_large_image","twitter_misc":{"Est. reading time":"2 minutes"},"schema":{"@context":"https:\/\/schema.org","@graph":[{"@type":"WebPage","@id":"https:\/\/altavia-group.com\/fr\/news\/la-redoute-interieurs-rejoint-la-marketplace-de-leroy-merlin-pour-renforcer-sa-presence-dans-lunivers-de-la-maison\/","url":"https:\/\/altavia-group.com\/fr\/news\/la-redoute-interieurs-rejoint-la-marketplace-de-leroy-merlin-pour-renforcer-sa-presence-dans-lunivers-de-la-maison\/","name":"La Redoute Int\u00e9rieurs rejoint la marketplace de Leroy Merlin pour renforcer sa pr\u00e9sence dans l'univers de la maison. - Altavia","isPartOf":{"@id":"https:\/\/altavia-group.com\/#website"},"primaryImageOfPage":{"@id":"https:\/\/altavia-group.com\/fr\/news\/la-redoute-interieurs-rejoint-la-marketplace-de-leroy-merlin-pour-renforcer-sa-presence-dans-lunivers-de-la-maison\/#primaryimage"},"image":{"@id":"https:\/\/altavia-group.com\/fr\/news\/la-redoute-interieurs-rejoint-la-marketplace-de-leroy-merlin-pour-renforcer-sa-presence-dans-lunivers-de-la-maison\/#primaryimage"},"thumbnailUrl":"https:\/\/altavia-group.com\/wp-content\/uploads\/2026\/02\/la-redoute-interieurs-1.jpeg","datePublished":"2024-04-22T16:23:17+00:00","dateModified":"2026-02-09T12:15:19+00:00","breadcrumb":{"@id":"https:\/\/altavia-group.com\/fr\/news\/la-redoute-interieurs-rejoint-la-marketplace-de-leroy-merlin-pour-renforcer-sa-presence-dans-lunivers-de-la-maison\/#breadcrumb"},"inLanguage":"fr-FR","potentialAction":[{"@type":"ReadAction","target":["https:\/\/altavia-group.com\/fr\/news\/la-redoute-interieurs-rejoint-la-marketplace-de-leroy-merlin-pour-renforcer-sa-presence-dans-lunivers-de-la-maison\/"]}]},{"@type":"ImageObject","inLanguage":"fr-FR","@id":"https:\/\/altavia-group.com\/fr\/news\/la-redoute-interieurs-rejoint-la-marketplace-de-leroy-merlin-pour-renforcer-sa-presence-dans-lunivers-de-la-maison\/#primaryimage","url":"https:\/\/altavia-group.com\/wp-content\/uploads\/2026\/02\/la-redoute-interieurs-1.jpeg","contentUrl":"https:\/\/altavia-group.com\/wp-content\/uploads\/2026\/02\/la-redoute-interieurs-1.jpeg","caption":"La Redoute Int\u00e9rieurs rejoint la marketplace de Leroy Merlin pour renforcer sa pr\u00e9sence dans l'univers de la maison."},{"@type":"BreadcrumbList","@id":"https:\/\/altavia-group.com\/fr\/news\/la-redoute-interieurs-rejoint-la-marketplace-de-leroy-merlin-pour-renforcer-sa-presence-dans-lunivers-de-la-maison\/#breadcrumb","itemListElement":[{"@type":"ListItem","position":1,"name":"Home","item":"https:\/\/altavia-group.com\/fr\/"},{"@type":"ListItem","position":2,"name":"News","item":"https:\/\/altavia-group.com\/fr\/news\/"},{"@type":"ListItem","position":3,"name":"La Redoute Int\u00e9rieurs rejoint la marketplace de Leroy Merlin pour renforcer sa pr\u00e9sence dans l&rsquo;univers de la maison."}]},{"@type":"WebSite","@id":"https:\/\/altavia-group.com\/#website","url":"https:\/\/altavia-group.com\/","name":"Altavia","description":"Let\u2019s unlock our imagination.","publisher":{"@id":"https:\/\/altavia-group.com\/#organization"},"potentialAction":[{"@type":"SearchAction","target":{"@type":"EntryPoint","urlTemplate":"https:\/\/altavia-group.com\/?s={search_term_string}"},"query-input":{"@type":"PropertyValueSpecification","valueRequired":true,"valueName":"search_term_string"}}],"inLanguage":"fr-FR"},{"@type":"Organization","@id":"https:\/\/altavia-group.com\/#organization","name":"Altavia","url":"https:\/\/altavia-group.com\/","logo":{"@type":"ImageObject","inLanguage":"fr-FR","@id":"https:\/\/altavia-group.com\/#\/schema\/logo\/image\/","url":"http:\/\/altavia-group.com\/wp-content\/uploads\/2024\/12\/cropped-favicon-altavia.png","contentUrl":"http:\/\/altavia-group.com\/wp-content\/uploads\/2024\/12\/cropped-favicon-altavia.png","width":512,"height":512,"caption":"Altavia"},"image":{"@id":"https:\/\/altavia-group.com\/#\/schema\/logo\/image\/"}}]}},"_links":{"self":[{"href":"https:\/\/altavia-group.com\/fr\/wp-json\/wp\/v2\/news\/7625","targetHints":{"allow":["GET"]}}],"collection":[{"href":"https:\/\/altavia-group.com\/fr\/wp-json\/wp\/v2\/news"}],"about":[{"href":"https:\/\/altavia-group.com\/fr\/wp-json\/wp\/v2\/types\/news"}],"author":[{"embeddable":true,"href":"https:\/\/altavia-group.com\/fr\/wp-json\/wp\/v2\/users\/17"}],"replies":[{"embeddable":true,"href":"https:\/\/altavia-group.com\/fr\/wp-json\/wp\/v2\/comments?post=7625"}],"version-history":[{"count":0,"href":"https:\/\/altavia-group.com\/fr\/wp-json\/wp\/v2\/news\/7625\/revisions"}],"wp:featuredmedia":[{"embeddable":true,"href":"https:\/\/altavia-group.com\/fr\/wp-json\/wp\/v2\/media\/7626"}],"wp:attachment":[{"href":"https:\/\/altavia-group.com\/fr\/wp-json\/wp\/v2\/media?parent=7625"}],"wp:term":[{"taxonomy":"category","embeddable":true,"href":"https:\/\/altavia-group.com\/fr\/wp-json\/wp\/v2\/categories?post=7625"},{"taxonomy":"post_tag","embeddable":true,"href":"https:\/\/altavia-group.com\/fr\/wp-json\/wp\/v2\/tags?post=7625"},{"taxonomy":"news-type-taxonomy","embeddable":true,"href":"https:\/\/altavia-group.com\/fr\/wp-json\/wp\/v2\/news-type-taxonomy?post=7625"},{"taxonomy":"news-topic-taxonomy","embeddable":true,"href":"https:\/\/altavia-group.com\/fr\/wp-json\/wp\/v2\/news-topic-taxonomy?post=7625"}],"curies":[{"name":"wp","href":"https:\/\/api.w.org\/{rel}","templated":true}]}}