{"id":7628,"date":"2024-04-24T17:40:51","date_gmt":"2024-04-24T15:40:51","guid":{"rendered":"https:\/\/altaviagroudev.wpenginepowered.com\/news\/7-eleven-vise-une-expansion-a-linternational-dans-un-contexte-de-restructuration-et-dacquisitions\/"},"modified":"2026-02-09T13:15:19","modified_gmt":"2026-02-09T12:15:19","slug":"7-eleven-vise-une-expansion-a-linternational-dans-un-contexte-de-restructuration-et-dacquisitions","status":"publish","type":"news","link":"https:\/\/altavia-group.com\/fr\/news\/7-eleven-vise-une-expansion-a-linternational-dans-un-contexte-de-restructuration-et-dacquisitions\/","title":{"rendered":"7-Eleven vise une expansion \u00e0 l\u2019international dans un contexte de restructuration et d&rsquo;acquisitions."},"content":{"rendered":"<section class=\"wpb-content-wrapper\"><p>[vc_row css=\u00a0\u00bb.vc_custom_1519392503248{padding-top: 18px !important;}\u00a0\u00bb][vc_column]<div class=\"edgtf-single-image-holder   edgtf-image-behavior-lightbox\">\n    <div class=\"edgtf-si-inner\" >\n                    <a itemprop=\"image\" href=\"https:\/\/altavia-group.com\/wp-content\/uploads\/2026\/02\/7-eleven-1.jpeg\" data-rel=\"prettyPhoto[si_pretty_photo]\" title=\"7-Eleven eyes global expansion amid restructuring and acquisitions.\">\n                                    <img decoding=\"async\" src=\"https:\/\/altavia-group.com\/wp-content\/uploads\/2026\/02\/7-eleven-1.jpeg\" class=\"attachment-full size-full\" alt=\"7-Eleven eyes global expansion amid restructuring and acquisitions.\" \/>                                <\/a>\n            <\/div>\n<\/div>[vc_empty_space height=\u00a0\u00bb54px\u00a0\u00bb][\/vc_column][\/vc_row][vc_row][vc_column][vc_column_text]<span class=\"edgtf-dropcaps edgtf-normal\" style=\"color: #1b1c21\">L<\/span><span style=\"font-weight: 400;\">e conglom\u00e9rat japonais Seven &#038; I Holdings ambitionne d'\u00e9tendre consid\u00e9rablement sa cha\u00eene 7-Eleven \u00e0 l'international, en ciblant de nouveaux march\u00e9s en Europe, en Am\u00e9rique Latine, au Moyen-Orient et en Afrique, dans le cadre d&rsquo;un vaste plan de restructuration.\u00a0<\/span><\/p>\n<p><span style=\"font-weight: 400;\">D&rsquo;ici \u00e0 2030, l&rsquo;entreprise vise \u00e0 exploiter environ 100 000 magasins \u00e0 travers le monde, ce qui repr\u00e9sente une augmentation de pr\u00e8s de 18 %, et \u00e0 \u00e9tendre sa pr\u00e9sence de 20 \u00e0 30 pays.<\/span><\/p>\n<p><span style=\"font-weight: 400;\">Cette strat\u00e9gie d'expansion agressive fait suite \u00e0 la cession d&rsquo;actifs de supermarch\u00e9s sous-performants et au retrait des secteurs non essentiels, y compris les v\u00eatements et les grands magasins.\u00a0<\/span><\/p>\n<p><span style=\"font-weight: 400;\">Ce pivot strat\u00e9gique, aliment\u00e9 par des acquisitions de plus de 2 milliards de dollars en Australie et aux \u00c9tats-Unis, a re\u00e7u le soutien d&rsquo;investisseurs cl\u00e9s comme ValueAct Capital, approuvant ainsi la nouvelle orientation de l&rsquo;entreprise.<\/span>[\/vc_column_text][vc_empty_space height=\u00a0\u00bb57px\u00a0\u00bb][\/vc_column][\/vc_row][vc_row content_text_aligment=\u00a0\u00bbcenter\u00a0\u00bb][vc_column parallax=\u00a0\u00bbcontent-moving\u00a0\u00bb parallax_image=\u00a0\u00bb5672&Prime;]<div class=\"edgtf-section-title-holder  edgtf-st-standard edgtf-st-title-left edgtf-st-normal-space \" style=\"text-align: center\">\n\t<div class=\"edgtf-st-inner\">\n\t\t\t\t\t<h2 class=\"edgtf-st-title\" style=\"color: #00dd96\">\n\t\t\t\t.newsletter\t\t\t<\/h2>\n\t\t\t\t\t<\/div>\n<\/div>[vc_column_text]<span style=\"color: #ffffff;\">Recevez les actualit\u00e9s et tendances retail en exclusivit\u00e9 !<\/span>[\/vc_column_text][vc_empty_space][vc_btn title=\u00a0\u00bbJe m&rsquo;abonne\u00a0\u00bb style=\u00a0\u00bboutline-custom\u00a0\u00bb outline_custom_color=\u00a0\u00bb#ffffff\u00a0\u00bb outline_custom_hover_background=\u00a0\u00bb#666666&Prime; outline_custom_hover_text=\u00a0\u00bb#ffffff\u00a0\u00bb shape=\u00a0\u00bbsquare\u00a0\u00bb class=\u00a0\u00bbc-link\u00a0\u00bb href=\u00a0\u00bbhttp:\/\/2fforms.sbc32.com\/\u00a0\u00bb target=\u00a0\u00bb_blank\u00a0\u00bb rel=\u00a0\u00bbnoopener noreferrer\u00a0\u00bb data-stringify-link=\u00a0\u00bbhttp:\/\/2Fforms.sbc32.com\u00a0\u00bb link=\u00a0\u00bburl:https%3A%2F%2Fforms.sbc32.com%2F65046ef85fef6a5fa6e7a5c0%2FwU3RssckT3CNNqCwsRf6Jg%2Fform.html|target:_blank\u00a0\u00bb][vc_empty_space height=\u00a0\u00bb12px\u00a0\u00bb][\/vc_column][\/vc_row]<\/p>\n<\/section>","protected":false},"excerpt":{"rendered":"<p>Le conglom\u00e9rat japonais Seven &#038; I Holdings ambitionne d\u2019\u00e9tendre consid\u00e9rablement sa cha\u00eene 7-Eleven \u00e0 l\u2019international.<\/p>\n","protected":false},"author":17,"featured_media":7629,"menu_order":0,"comment_status":"closed","ping_status":"closed","template":"","meta":{"_acf_changed":false,"color_menu":"","footer_color_background":"","featured_image_url":"","footnotes":""},"categories":[266,271],"tags":[],"news-type-taxonomy":[],"news-topic-taxonomy":[],"class_list":["post-7628","news","type-news","status-publish","has-post-thumbnail","hentry","category-info-retailers","category-veille-retail"],"acf":[],"yoast_head":"<!-- This site is optimized with the Yoast SEO plugin v27.5 - https:\/\/yoast.com\/product\/yoast-seo-wordpress\/ -->\n<title>7-Eleven vise une expansion \u00e0 l\u2019international dans un contexte de restructuration et d&#039;acquisitions. - Altavia<\/title>\n<meta name=\"robots\" content=\"index, follow, max-snippet:-1, max-image-preview:large, max-video-preview:-1\" \/>\n<meta property=\"og:locale\" content=\"fr_FR\" \/>\n<meta property=\"og:type\" content=\"article\" \/>\n<meta property=\"og:title\" content=\"7-Eleven vise une expansion \u00e0 l\u2019international dans un contexte de restructuration et d&#039;acquisitions. - Altavia\" \/>\n<meta property=\"og:description\" content=\"Le conglom\u00e9rat japonais Seven &amp; I Holdings ambitionne d\u2019\u00e9tendre consid\u00e9rablement sa cha\u00eene 7-Eleven \u00e0 l\u2019international.\" \/>\n<meta property=\"og:url\" content=\"https:\/\/altavia-group.com\/fr\/news\/7-eleven-vise-une-expansion-a-linternational-dans-un-contexte-de-restructuration-et-dacquisitions\/\" \/>\n<meta property=\"og:site_name\" content=\"Altavia\" \/>\n<meta property=\"article:modified_time\" content=\"2026-02-09T12:15:19+00:00\" \/>\n<meta property=\"og:image\" content=\"https:\/\/altavia-group.com\/wp-content\/uploads\/2026\/02\/7-eleven-1.jpeg\" \/>\n\t<meta property=\"og:image:width\" content=\"1\" \/>\n\t<meta property=\"og:image:height\" content=\"1\" \/>\n\t<meta property=\"og:image:type\" content=\"image\/jpeg\" \/>\n<meta name=\"twitter:card\" content=\"summary_large_image\" \/>\n<meta name=\"twitter:label1\" content=\"Est. reading time\" \/>\n\t<meta name=\"twitter:data1\" content=\"2 minutes\" \/>\n<script type=\"application\/ld+json\" class=\"yoast-schema-graph\">{\"@context\":\"https:\\\/\\\/schema.org\",\"@graph\":[{\"@type\":\"WebPage\",\"@id\":\"https:\\\/\\\/altavia-group.com\\\/fr\\\/news\\\/7-eleven-vise-une-expansion-a-linternational-dans-un-contexte-de-restructuration-et-dacquisitions\\\/\",\"url\":\"https:\\\/\\\/altavia-group.com\\\/fr\\\/news\\\/7-eleven-vise-une-expansion-a-linternational-dans-un-contexte-de-restructuration-et-dacquisitions\\\/\",\"name\":\"7-Eleven vise une expansion \u00e0 l\u2019international dans un contexte de restructuration et d'acquisitions. - Altavia\",\"isPartOf\":{\"@id\":\"https:\\\/\\\/altavia-group.com\\\/#website\"},\"primaryImageOfPage\":{\"@id\":\"https:\\\/\\\/altavia-group.com\\\/fr\\\/news\\\/7-eleven-vise-une-expansion-a-linternational-dans-un-contexte-de-restructuration-et-dacquisitions\\\/#primaryimage\"},\"image\":{\"@id\":\"https:\\\/\\\/altavia-group.com\\\/fr\\\/news\\\/7-eleven-vise-une-expansion-a-linternational-dans-un-contexte-de-restructuration-et-dacquisitions\\\/#primaryimage\"},\"thumbnailUrl\":\"https:\\\/\\\/altavia-group.com\\\/wp-content\\\/uploads\\\/2026\\\/02\\\/7-eleven-1.jpeg\",\"datePublished\":\"2024-04-24T15:40:51+00:00\",\"dateModified\":\"2026-02-09T12:15:19+00:00\",\"breadcrumb\":{\"@id\":\"https:\\\/\\\/altavia-group.com\\\/fr\\\/news\\\/7-eleven-vise-une-expansion-a-linternational-dans-un-contexte-de-restructuration-et-dacquisitions\\\/#breadcrumb\"},\"inLanguage\":\"fr-FR\",\"potentialAction\":[{\"@type\":\"ReadAction\",\"target\":[\"https:\\\/\\\/altavia-group.com\\\/fr\\\/news\\\/7-eleven-vise-une-expansion-a-linternational-dans-un-contexte-de-restructuration-et-dacquisitions\\\/\"]}]},{\"@type\":\"ImageObject\",\"inLanguage\":\"fr-FR\",\"@id\":\"https:\\\/\\\/altavia-group.com\\\/fr\\\/news\\\/7-eleven-vise-une-expansion-a-linternational-dans-un-contexte-de-restructuration-et-dacquisitions\\\/#primaryimage\",\"url\":\"https:\\\/\\\/altavia-group.com\\\/wp-content\\\/uploads\\\/2026\\\/02\\\/7-eleven-1.jpeg\",\"contentUrl\":\"https:\\\/\\\/altavia-group.com\\\/wp-content\\\/uploads\\\/2026\\\/02\\\/7-eleven-1.jpeg\",\"caption\":\"7-Eleven eyes global expansion amid restructuring and acquisitions.\"},{\"@type\":\"BreadcrumbList\",\"@id\":\"https:\\\/\\\/altavia-group.com\\\/fr\\\/news\\\/7-eleven-vise-une-expansion-a-linternational-dans-un-contexte-de-restructuration-et-dacquisitions\\\/#breadcrumb\",\"itemListElement\":[{\"@type\":\"ListItem\",\"position\":1,\"name\":\"Home\",\"item\":\"https:\\\/\\\/altavia-group.com\\\/fr\\\/\"},{\"@type\":\"ListItem\",\"position\":2,\"name\":\"News\",\"item\":\"https:\\\/\\\/altavia-group.com\\\/fr\\\/news\\\/\"},{\"@type\":\"ListItem\",\"position\":3,\"name\":\"7-Eleven vise une expansion \u00e0 l\u2019international dans un contexte de restructuration et d&rsquo;acquisitions.\"}]},{\"@type\":\"WebSite\",\"@id\":\"https:\\\/\\\/altavia-group.com\\\/#website\",\"url\":\"https:\\\/\\\/altavia-group.com\\\/\",\"name\":\"Altavia\",\"description\":\"Let\u2019s unlock our imagination.\",\"publisher\":{\"@id\":\"https:\\\/\\\/altavia-group.com\\\/#organization\"},\"potentialAction\":[{\"@type\":\"SearchAction\",\"target\":{\"@type\":\"EntryPoint\",\"urlTemplate\":\"https:\\\/\\\/altavia-group.com\\\/?s={search_term_string}\"},\"query-input\":{\"@type\":\"PropertyValueSpecification\",\"valueRequired\":true,\"valueName\":\"search_term_string\"}}],\"inLanguage\":\"fr-FR\"},{\"@type\":\"Organization\",\"@id\":\"https:\\\/\\\/altavia-group.com\\\/#organization\",\"name\":\"Altavia\",\"url\":\"https:\\\/\\\/altavia-group.com\\\/\",\"logo\":{\"@type\":\"ImageObject\",\"inLanguage\":\"fr-FR\",\"@id\":\"https:\\\/\\\/altavia-group.com\\\/#\\\/schema\\\/logo\\\/image\\\/\",\"url\":\"http:\\\/\\\/altavia-group.com\\\/wp-content\\\/uploads\\\/2024\\\/12\\\/cropped-favicon-altavia.png\",\"contentUrl\":\"http:\\\/\\\/altavia-group.com\\\/wp-content\\\/uploads\\\/2024\\\/12\\\/cropped-favicon-altavia.png\",\"width\":512,\"height\":512,\"caption\":\"Altavia\"},\"image\":{\"@id\":\"https:\\\/\\\/altavia-group.com\\\/#\\\/schema\\\/logo\\\/image\\\/\"}}]}<\/script>\n<!-- \/ Yoast SEO plugin. -->","yoast_head_json":{"title":"7-Eleven vise une expansion \u00e0 l\u2019international dans un contexte de restructuration et d'acquisitions. - Altavia","robots":{"index":"index","follow":"follow","max-snippet":"max-snippet:-1","max-image-preview":"max-image-preview:large","max-video-preview":"max-video-preview:-1"},"og_locale":"fr_FR","og_type":"article","og_title":"7-Eleven vise une expansion \u00e0 l\u2019international dans un contexte de restructuration et d'acquisitions. - Altavia","og_description":"Le conglom\u00e9rat japonais Seven & I Holdings ambitionne d\u2019\u00e9tendre consid\u00e9rablement sa cha\u00eene 7-Eleven \u00e0 l\u2019international.","og_url":"https:\/\/altavia-group.com\/fr\/news\/7-eleven-vise-une-expansion-a-linternational-dans-un-contexte-de-restructuration-et-dacquisitions\/","og_site_name":"Altavia","article_modified_time":"2026-02-09T12:15:19+00:00","og_image":[{"url":"https:\/\/altavia-group.com\/wp-content\/uploads\/2026\/02\/7-eleven-1.jpeg","width":1,"height":1,"type":"image\/jpeg"}],"twitter_card":"summary_large_image","twitter_misc":{"Est. reading time":"2 minutes"},"schema":{"@context":"https:\/\/schema.org","@graph":[{"@type":"WebPage","@id":"https:\/\/altavia-group.com\/fr\/news\/7-eleven-vise-une-expansion-a-linternational-dans-un-contexte-de-restructuration-et-dacquisitions\/","url":"https:\/\/altavia-group.com\/fr\/news\/7-eleven-vise-une-expansion-a-linternational-dans-un-contexte-de-restructuration-et-dacquisitions\/","name":"7-Eleven vise une expansion \u00e0 l\u2019international dans un contexte de restructuration et d'acquisitions. - Altavia","isPartOf":{"@id":"https:\/\/altavia-group.com\/#website"},"primaryImageOfPage":{"@id":"https:\/\/altavia-group.com\/fr\/news\/7-eleven-vise-une-expansion-a-linternational-dans-un-contexte-de-restructuration-et-dacquisitions\/#primaryimage"},"image":{"@id":"https:\/\/altavia-group.com\/fr\/news\/7-eleven-vise-une-expansion-a-linternational-dans-un-contexte-de-restructuration-et-dacquisitions\/#primaryimage"},"thumbnailUrl":"https:\/\/altavia-group.com\/wp-content\/uploads\/2026\/02\/7-eleven-1.jpeg","datePublished":"2024-04-24T15:40:51+00:00","dateModified":"2026-02-09T12:15:19+00:00","breadcrumb":{"@id":"https:\/\/altavia-group.com\/fr\/news\/7-eleven-vise-une-expansion-a-linternational-dans-un-contexte-de-restructuration-et-dacquisitions\/#breadcrumb"},"inLanguage":"fr-FR","potentialAction":[{"@type":"ReadAction","target":["https:\/\/altavia-group.com\/fr\/news\/7-eleven-vise-une-expansion-a-linternational-dans-un-contexte-de-restructuration-et-dacquisitions\/"]}]},{"@type":"ImageObject","inLanguage":"fr-FR","@id":"https:\/\/altavia-group.com\/fr\/news\/7-eleven-vise-une-expansion-a-linternational-dans-un-contexte-de-restructuration-et-dacquisitions\/#primaryimage","url":"https:\/\/altavia-group.com\/wp-content\/uploads\/2026\/02\/7-eleven-1.jpeg","contentUrl":"https:\/\/altavia-group.com\/wp-content\/uploads\/2026\/02\/7-eleven-1.jpeg","caption":"7-Eleven eyes global expansion amid restructuring and acquisitions."},{"@type":"BreadcrumbList","@id":"https:\/\/altavia-group.com\/fr\/news\/7-eleven-vise-une-expansion-a-linternational-dans-un-contexte-de-restructuration-et-dacquisitions\/#breadcrumb","itemListElement":[{"@type":"ListItem","position":1,"name":"Home","item":"https:\/\/altavia-group.com\/fr\/"},{"@type":"ListItem","position":2,"name":"News","item":"https:\/\/altavia-group.com\/fr\/news\/"},{"@type":"ListItem","position":3,"name":"7-Eleven vise une expansion \u00e0 l\u2019international dans un contexte de restructuration et d&rsquo;acquisitions."}]},{"@type":"WebSite","@id":"https:\/\/altavia-group.com\/#website","url":"https:\/\/altavia-group.com\/","name":"Altavia","description":"Let\u2019s unlock our imagination.","publisher":{"@id":"https:\/\/altavia-group.com\/#organization"},"potentialAction":[{"@type":"SearchAction","target":{"@type":"EntryPoint","urlTemplate":"https:\/\/altavia-group.com\/?s={search_term_string}"},"query-input":{"@type":"PropertyValueSpecification","valueRequired":true,"valueName":"search_term_string"}}],"inLanguage":"fr-FR"},{"@type":"Organization","@id":"https:\/\/altavia-group.com\/#organization","name":"Altavia","url":"https:\/\/altavia-group.com\/","logo":{"@type":"ImageObject","inLanguage":"fr-FR","@id":"https:\/\/altavia-group.com\/#\/schema\/logo\/image\/","url":"http:\/\/altavia-group.com\/wp-content\/uploads\/2024\/12\/cropped-favicon-altavia.png","contentUrl":"http:\/\/altavia-group.com\/wp-content\/uploads\/2024\/12\/cropped-favicon-altavia.png","width":512,"height":512,"caption":"Altavia"},"image":{"@id":"https:\/\/altavia-group.com\/#\/schema\/logo\/image\/"}}]}},"_links":{"self":[{"href":"https:\/\/altavia-group.com\/fr\/wp-json\/wp\/v2\/news\/7628","targetHints":{"allow":["GET"]}}],"collection":[{"href":"https:\/\/altavia-group.com\/fr\/wp-json\/wp\/v2\/news"}],"about":[{"href":"https:\/\/altavia-group.com\/fr\/wp-json\/wp\/v2\/types\/news"}],"author":[{"embeddable":true,"href":"https:\/\/altavia-group.com\/fr\/wp-json\/wp\/v2\/users\/17"}],"replies":[{"embeddable":true,"href":"https:\/\/altavia-group.com\/fr\/wp-json\/wp\/v2\/comments?post=7628"}],"version-history":[{"count":0,"href":"https:\/\/altavia-group.com\/fr\/wp-json\/wp\/v2\/news\/7628\/revisions"}],"wp:featuredmedia":[{"embeddable":true,"href":"https:\/\/altavia-group.com\/fr\/wp-json\/wp\/v2\/media\/7629"}],"wp:attachment":[{"href":"https:\/\/altavia-group.com\/fr\/wp-json\/wp\/v2\/media?parent=7628"}],"wp:term":[{"taxonomy":"category","embeddable":true,"href":"https:\/\/altavia-group.com\/fr\/wp-json\/wp\/v2\/categories?post=7628"},{"taxonomy":"post_tag","embeddable":true,"href":"https:\/\/altavia-group.com\/fr\/wp-json\/wp\/v2\/tags?post=7628"},{"taxonomy":"news-type-taxonomy","embeddable":true,"href":"https:\/\/altavia-group.com\/fr\/wp-json\/wp\/v2\/news-type-taxonomy?post=7628"},{"taxonomy":"news-topic-taxonomy","embeddable":true,"href":"https:\/\/altavia-group.com\/fr\/wp-json\/wp\/v2\/news-topic-taxonomy?post=7628"}],"curies":[{"name":"wp","href":"https:\/\/api.w.org\/{rel}","templated":true}]}}