{"id":7634,"date":"2024-04-25T11:13:57","date_gmt":"2024-04-25T09:13:57","guid":{"rendered":"https:\/\/altaviagroudev.wpenginepowered.com\/news\/le-plastique-recycle-prend-peu-a-peu-sa-place-dans-le-developpement-des-produits-frederic-delaval-skytech\/"},"modified":"2026-02-09T13:15:32","modified_gmt":"2026-02-09T12:15:32","slug":"le-plastique-recycle-prend-peu-a-peu-sa-place-dans-le-developpement-des-produits-frederic-delaval-skytech","status":"publish","type":"news","link":"https:\/\/altavia-group.com\/fr\/news\/le-plastique-recycle-prend-peu-a-peu-sa-place-dans-le-developpement-des-produits-frederic-delaval-skytech\/","title":{"rendered":"\u201cLe plastique recycl\u00e9 prend peu \u00e0 peu sa place dans le d\u00e9veloppement des produits\u201d, Fr\u00e9d\u00e9ric Delaval, SKYTECH."},"content":{"rendered":"<section class=\"wpb-content-wrapper\"><p>[vc_row css=\u00a0\u00bb.vc_custom_1519392503248{padding-top: 18px !important;}\u00a0\u00bb][vc_column][vc_gallery type=\u00a0\u00bbflexslider_slide\u00a0\u00bb interval=\u00a0\u00bb0&Prime; images=\u00a0\u00bb7635,7636,7637&Prime; img_size=\u00a0\u00bbfull\u00a0\u00bb][vc_column_text]<\/p>\n<h6>\u00a9 Rapha\u00ebl Demaret<\/h6>\n<p>[\/vc_column_text][vc_empty_space height=\u00a0\u00bb54px\u00a0\u00bb][\/vc_column][\/vc_row][vc_row][vc_column][vc_column_text]<\/p>\n<h4><span class=\"edgtf-dropcaps edgtf-normal\" style=\"color: #1b1c21\">P<\/span>our atteindre les objectifs de la communaut\u00e9 europ\u00e9enne visant \u00e0 r\u00e9duire consid\u00e9rablement les plastiques sourc\u00e9s \u00e0 partir de mati\u00e8res fossiles, des entreprises \u0153uvrent, parfois dans l'ombre. C'est le cas de <span style=\"color: #778080;\"><a style=\"color: #778080;\" href=\"https:\/\/skytechslp.com\/\">SKYTECH<\/a><\/span>, PME industrielle fran\u00e7aise, sp\u00e9cialis\u00e9e dans la transformation des plastiques issus du recyclage, au service d'acteurs importants du retail et de l'industrie (automobile, petit \u00e9lectrom\u00e9nager, \u00e9quipements sportifs\u2026), qu'il aide dans la d\u00e9carbonation du processus de production. Un maillon cl\u00e9 de l'\u00e9conomie circulaire que nous pr\u00e9sente Fr\u00e9d\u00e9ric Delaval, son directeur g\u00e9n\u00e9ral.<\/h4>\n<p>\u00a0<\/p>\n<h3>Comment d\u00e9crire la solution mise au point par SKYTECH ?<\/h3>\n<p>\u00a0<\/p>\n<p><strong>Fr\u00e9d\u00e9ric Delaval :<\/strong> SKYTECH est une PME industrielle sp\u00e9cialis\u00e9e dans la transformation des plastiques issus du recyclage, en r\u00e9sines premium, directement employables par les industriels et les plasturgistes dans leur processus de production. Plus concr\u00e8tement, nous achetons des gisements plastiques (DEEE ou d\u00e9mant\u00e8lements divers) \u00e0 des recycleurs pour les valoriser. SKYTECH a en effet d\u00e9velopp\u00e9 une plateforme de tri innovante, solidement brevet\u00e9e, fruit de nombreuses ann\u00e9es de R&#038;D men\u00e9es avec le soutien de l'ADEME. Une fois chez nous, ces plastiques sont donc nettoy\u00e9s, retri\u00e9s et broy\u00e9s pour former une base dont les diff\u00e9rents composants sont s\u00e9par\u00e9s en 3 plastiques techniques : ABS, PS, PP, utilis\u00e9s par de nombreuses industries. Nous les incluons ensuite dans un processus de granulation qui permet de cr\u00e9er un polym\u00e8re similaire aux polym\u00e8res vierges issus de l'industrie p\u00e9trochimique (indice de puret\u00e9 >99%).[\/vc_column_text][vc_empty_space height=\u00a0\u00bb54px\u00a0\u00bb]<div class=\"edgtf-single-image-holder   \">\n    <div class=\"edgtf-si-inner\" >\n                                    <img decoding=\"async\" src=\"https:\/\/altavia-group.com\/wp-content\/uploads\/2026\/02\/Frederic-Delaval-scaled-2-scaled.jpg\" class=\"attachment-full size-full\" alt=\"Fr\u00e9d\u00e9ric Delaval\" \/>                        <\/div>\n<\/div>[vc_column_text]<\/p>\n<h6>Fr\u00e9d\u00e9ric Delaval, directeur g\u00e9n\u00e9ral de SKYTECH.<\/h6>\n<p>[\/vc_column_text][vc_empty_space height=\u00a0\u00bb54px\u00a0\u00bb][vc_column_text]<\/p>\n<h3>Quels sont les secteurs qui peuvent int\u00e9grer ce type de plastique recycl\u00e9 ?<\/h3>\n<p>\u00a0<\/p>\n<p><strong>F. D :<\/strong> L'automobile, le petit \u00e9lectrom\u00e9nager, le luxe, le design de mobiliers, les loisirs\u2026 Toutes ces industries utilisent des plastiques techniques et commencent \u00e0 int\u00e9grer dans leur d\u00e9veloppement des plastiques r\u00e9g\u00e9n\u00e9r\u00e9s issus du recyclage.<br \/>\nEn fonction des additifs que l'on ajoute &#8211; pour la r\u00e9sistance \u00e0 la chaleur, aux chocs, \u00e0 la lumi\u00e8re ou encore \u00e0 la rayure\u2026- et les diff\u00e9rentes couleurs que l'on peut proposer, nous pouvons r\u00e9pondre aux besoins de chaque industrie.<\/p>\n<p>\u00a0<\/p>\n<h3>Quels sont les avantages de la solution SKYTECH ?<\/h3>\n<p>\u00a0<\/p>\n<p><strong>F. D :<\/strong> \u00c9viter d'utiliser de nouveaux plastiques vierges issus de l'\u00e9nergie fossile ! Au lieu d'enfouir ou de br\u00fbler les plastiques, on les r\u00e9utilise, pour leur donner une seconde vie. Le plastique r\u00e9employ\u00e9 repr\u00e9sente 10 fois moins d'\u00e9mission de gaz \u00e0 effet de serre.<br \/>\nSKYTECH est \u00e9galement un acteur de la r\u00e9industrialisation des territoires puisqu'elle a inaugur\u00e9 sa principale usine de production en Normandie au Val d'Hazey.[\/vc_column_text][vc_empty_space]<div class=\"edgtf-single-image-holder   edgtf-image-behavior-custom-link\">\n    <div class=\"edgtf-si-inner\" >\n        \t            <a itemprop=\"url\" href=\"https:\/\/www.altavia-nantes.com\/projet\/plv-eco-responsables\/?utm_campaign=Lead+gen&#038;utm_source=article&#038;utm_medium=altaviawatch\" target=\"_blank\">\n                                    <img decoding=\"async\" src=\"https:\/\/altavia-group.com\/wp-content\/uploads\/2026\/02\/Banner-altavia-nantes-mdm-1-1.png\" class=\"attachment-full size-full\" alt=\"Altavia Nantes\" \/>                                <\/a>\n            <\/div>\n<\/div>[vc_empty_space][vc_column_text]<\/p>\n<h3>Pour quels acteurs du retail travaillez-vous ?<\/h3>\n<p>\u00a0<\/p>\n<p><strong>F. D :<\/strong> Nous travaillons depuis plusieurs ann\u00e9es avec des acteurs du retail sportif, sur diff\u00e9rentes parties d'\u00e9quipement de v\u00e9lo par exemple, en apportant la mati\u00e8re recycl\u00e9e \u00e0 leur propre fournisseur. La demande est croissance dans ce secteur, \u00e0 l'image de Decathlon qui a annonc\u00e9 en mars 2022 un changement strat\u00e9gique de la marque et des investissements non n\u00e9gligeables dans les mati\u00e8res recycl\u00e9es. Cette orientation forte, pour un grand acteur du retail sportif, est tr\u00e8s encourageante. Et sans doute inspirante pour d'autres acteurs.<br \/>\nNous travaillons aussi pour plusieurs acteurs tricolores sp\u00e9cialis\u00e9s dans le petit \u00e9lectrom\u00e9nager. Nous leur fournissons des pi\u00e8ces tr\u00e8s sp\u00e9cifiques.<\/p>\n<p>\u00a0<\/p>\n<h3>Quel r\u00f4le peut jouer SKYTECH aupr\u00e8s de l'industrie du luxe et du design par exemple ?<\/h3>\n<p>\u00a0<\/p>\n<p><strong>F. D :<\/strong> Les flacons de parfum, par exemple, qui sont souvent l'assemblage de plusieurs mati\u00e8res, peuvent facilement incorporer des mati\u00e8res recycl\u00e9es. Ces derni\u00e8res sont tr\u00e8s techniques : on peut travailler leur forme, ajouter de la couleur\u2026mais aussi int\u00e9grer une volum\u00e9trie et une r\u00e9p\u00e9titivit\u00e9 importantes, lorsqu'on a les bons gisements d'approvisionnement.[\/vc_column_text][vc_empty_space][vc_gallery type=\u00a0\u00bbflexslider_slide\u00a0\u00bb interval=\u00a0\u00bb0&Prime; images=\u00a0\u00bb7638,7639,7640&Prime; img_size=\u00a0\u00bbfull\u00a0\u00bb][vc_column_text]<\/p>\n<h6>\u00a9 Rapha\u00ebl Demaret<\/h6>\n<p>[\/vc_column_text][vc_empty_space][vc_column_text]<\/p>\n<h3>Constatez-vous que les choses bougent et que le plastique recycl\u00e9 gagne du terrain ?<\/h3>\n<p>\u00a0<\/p>\n<p><strong>F. D :<\/strong> Le r\u00e9f\u00e9rentiel reste certes le r\u00e9f\u00e9rentiel p\u00e9trochimique traditionnel mais beaucoup d'entreprises essaient d'utiliser davantage de plastiques recycl\u00e9s pour d\u00e9velopper leurs produits, dans une logique d'\u00e9co-design, soit en incorporant des pi\u00e8ces enti\u00e8rement compos\u00e9es de plastiques recycl\u00e9es, soit en utilisant des m\u00e9langes.<br \/>\nLe d\u00e9fi pour SKYTECH est de proposer une qualit\u00e9 \u00e9gale voire sup\u00e9rieure \u00e0 certains plastiques vierges et un co\u00fbt identique ou moindre. Nous devons aussi \u00eatre en capacit\u00e9 de partager clairement le bilan environnemental de l'usage de ces produits.<br \/>\nAvec ces trois b\u00e9n\u00e9fices bien en t\u00eate, les entreprises volontaristes envisagent plus facilement d'appliquer une politique RSE plus engag\u00e9e.<br \/>\nPour la majorit\u00e9, il faut bien l'avouer, c'est la contrainte r\u00e9glementaire qui motive \u00e0 int\u00e9grer des mati\u00e8res plastiques recycl\u00e9es dans les produits. Mettre en place un nouveau cycle de qualification repr\u00e9sente en effet un co\u00fbt, ce qui explique que les mati\u00e8res recycl\u00e9es soient plus facilement envisag\u00e9es au d\u00e9but d'un projet.<br \/>\nQuoiqu'il en soit, en 2050, les objectifs de la communaut\u00e9 europ\u00e9enne fixent le taux de 35% de plastiques sourc\u00e9s \u00e0 partir de mati\u00e8res fossiles. Le reste devra provenir de diff\u00e9rentes sources comme le bio-plastique, la r\u00e9utilisation, le recyclage m\u00e9canique\u2026 Les industriels doivent donc commencer d\u00e8s \u00e0 pr\u00e9sent \u00e0 repenser leur processus de production.[\/vc_column_text][vc_empty_space][\/vc_column][\/vc_row][vc_row][vc_column]<div class=\"edgtf-single-image-holder   edgtf-image-behavior-custom-link\">\n    <div class=\"edgtf-si-inner\" >\n        \t            <a itemprop=\"url\" href=\"https:\/\/altavia-group.com\/retail-speakers\/conferences\/\" target=\"_blank\">\n                                    <img decoding=\"async\" src=\"https:\/\/altavia-group.com\/wp-content\/uploads\/2026\/02\/promoconf-arnaud3-3.jpg\" class=\"attachment-full size-full\" alt=\"Conf\u00e9rences Arnaud Pag\u00e8s\" \/>                                <\/a>\n            <\/div>\n<\/div>[vc_empty_space][\/vc_column][\/vc_row]<\/p>\n<\/section>","protected":false},"excerpt":{"rendered":"<p>Tr\u00e8s li\u00e9e \u00e0 l\u2019identit\u00e9 d\u2019une marque, la couleur est une composante essentielle de l\u2019univers du retail. Elle forme, avec l\u2019\u00e9clairage, un bin\u00f4me indissociable, au service du produit ou d\u2019un univers.<\/p>\n","protected":false},"author":17,"featured_media":7635,"menu_order":0,"comment_status":"closed","ping_status":"closed","template":"","meta":{"_acf_changed":false,"color_menu":"","footer_color_background":"","featured_image_url":"","footnotes":""},"categories":[278],"tags":[],"news-type-taxonomy":[],"news-topic-taxonomy":[],"class_list":["post-7634","news","type-news","status-publish","has-post-thumbnail","hentry","category-commerce-durable"],"acf":[],"yoast_head":"<!-- This site is optimized with the Yoast SEO plugin v27.5 - https:\/\/yoast.com\/product\/yoast-seo-wordpress\/ -->\n<title>\u201cLe plastique recycl\u00e9 prend peu \u00e0 peu sa place dans le d\u00e9veloppement des produits\u201d, Fr\u00e9d\u00e9ric Delaval, SKYTECH. - Altavia<\/title>\n<meta name=\"robots\" content=\"index, follow, max-snippet:-1, max-image-preview:large, max-video-preview:-1\" \/>\n<meta property=\"og:locale\" content=\"fr_FR\" \/>\n<meta property=\"og:type\" content=\"article\" \/>\n<meta property=\"og:title\" content=\"\u201cLe plastique recycl\u00e9 prend peu \u00e0 peu sa place dans le d\u00e9veloppement des produits\u201d, Fr\u00e9d\u00e9ric Delaval, SKYTECH. - Altavia\" \/>\n<meta property=\"og:description\" content=\"Tr\u00e8s li\u00e9e \u00e0 l\u2019identit\u00e9 d\u2019une marque, la couleur est une composante essentielle de l\u2019univers du retail. Elle forme, avec l\u2019\u00e9clairage, un bin\u00f4me indissociable, au service du produit ou d\u2019un univers.\" \/>\n<meta property=\"og:url\" content=\"https:\/\/altavia-group.com\/fr\/news\/le-plastique-recycle-prend-peu-a-peu-sa-place-dans-le-developpement-des-produits-frederic-delaval-skytech\/\" \/>\n<meta property=\"og:site_name\" content=\"Altavia\" \/>\n<meta property=\"article:modified_time\" content=\"2026-02-09T12:15:32+00:00\" \/>\n<meta property=\"og:image\" content=\"https:\/\/altavia-group.com\/wp-content\/uploads\/2026\/02\/Skytech-5-credit-Raphael-Demaret-scaled-2-scaled.jpg\" \/>\n\t<meta property=\"og:image:width\" content=\"1\" \/>\n\t<meta property=\"og:image:height\" content=\"1\" \/>\n\t<meta property=\"og:image:type\" content=\"image\/jpeg\" \/>\n<meta name=\"twitter:card\" content=\"summary_large_image\" \/>\n<meta name=\"twitter:label1\" content=\"Est. reading time\" \/>\n\t<meta name=\"twitter:data1\" content=\"6 minutes\" \/>\n<script type=\"application\/ld+json\" class=\"yoast-schema-graph\">{\"@context\":\"https:\\\/\\\/schema.org\",\"@graph\":[{\"@type\":\"WebPage\",\"@id\":\"https:\\\/\\\/altavia-group.com\\\/fr\\\/news\\\/le-plastique-recycle-prend-peu-a-peu-sa-place-dans-le-developpement-des-produits-frederic-delaval-skytech\\\/\",\"url\":\"https:\\\/\\\/altavia-group.com\\\/fr\\\/news\\\/le-plastique-recycle-prend-peu-a-peu-sa-place-dans-le-developpement-des-produits-frederic-delaval-skytech\\\/\",\"name\":\"\u201cLe plastique recycl\u00e9 prend peu \u00e0 peu sa place dans le d\u00e9veloppement des produits\u201d, Fr\u00e9d\u00e9ric Delaval, SKYTECH. - Altavia\",\"isPartOf\":{\"@id\":\"https:\\\/\\\/altavia-group.com\\\/#website\"},\"primaryImageOfPage\":{\"@id\":\"https:\\\/\\\/altavia-group.com\\\/fr\\\/news\\\/le-plastique-recycle-prend-peu-a-peu-sa-place-dans-le-developpement-des-produits-frederic-delaval-skytech\\\/#primaryimage\"},\"image\":{\"@id\":\"https:\\\/\\\/altavia-group.com\\\/fr\\\/news\\\/le-plastique-recycle-prend-peu-a-peu-sa-place-dans-le-developpement-des-produits-frederic-delaval-skytech\\\/#primaryimage\"},\"thumbnailUrl\":\"https:\\\/\\\/altavia-group.com\\\/wp-content\\\/uploads\\\/2026\\\/02\\\/Skytech-5-credit-Raphael-Demaret-scaled-2-scaled.jpg\",\"datePublished\":\"2024-04-25T09:13:57+00:00\",\"dateModified\":\"2026-02-09T12:15:32+00:00\",\"breadcrumb\":{\"@id\":\"https:\\\/\\\/altavia-group.com\\\/fr\\\/news\\\/le-plastique-recycle-prend-peu-a-peu-sa-place-dans-le-developpement-des-produits-frederic-delaval-skytech\\\/#breadcrumb\"},\"inLanguage\":\"fr-FR\",\"potentialAction\":[{\"@type\":\"ReadAction\",\"target\":[\"https:\\\/\\\/altavia-group.com\\\/fr\\\/news\\\/le-plastique-recycle-prend-peu-a-peu-sa-place-dans-le-developpement-des-produits-frederic-delaval-skytech\\\/\"]}]},{\"@type\":\"ImageObject\",\"inLanguage\":\"fr-FR\",\"@id\":\"https:\\\/\\\/altavia-group.com\\\/fr\\\/news\\\/le-plastique-recycle-prend-peu-a-peu-sa-place-dans-le-developpement-des-produits-frederic-delaval-skytech\\\/#primaryimage\",\"url\":\"https:\\\/\\\/altavia-group.com\\\/wp-content\\\/uploads\\\/2026\\\/02\\\/Skytech-5-credit-Raphael-Demaret-scaled-2-scaled.jpg\",\"contentUrl\":\"https:\\\/\\\/altavia-group.com\\\/wp-content\\\/uploads\\\/2026\\\/02\\\/Skytech-5-credit-Raphael-Demaret-scaled-2-scaled.jpg\",\"caption\":\"Skytech\"},{\"@type\":\"BreadcrumbList\",\"@id\":\"https:\\\/\\\/altavia-group.com\\\/fr\\\/news\\\/le-plastique-recycle-prend-peu-a-peu-sa-place-dans-le-developpement-des-produits-frederic-delaval-skytech\\\/#breadcrumb\",\"itemListElement\":[{\"@type\":\"ListItem\",\"position\":1,\"name\":\"Home\",\"item\":\"https:\\\/\\\/altavia-group.com\\\/fr\\\/\"},{\"@type\":\"ListItem\",\"position\":2,\"name\":\"News\",\"item\":\"https:\\\/\\\/altavia-group.com\\\/fr\\\/news\\\/\"},{\"@type\":\"ListItem\",\"position\":3,\"name\":\"\u201cLe plastique recycl\u00e9 prend peu \u00e0 peu sa place dans le d\u00e9veloppement des produits\u201d, Fr\u00e9d\u00e9ric Delaval, SKYTECH.\"}]},{\"@type\":\"WebSite\",\"@id\":\"https:\\\/\\\/altavia-group.com\\\/#website\",\"url\":\"https:\\\/\\\/altavia-group.com\\\/\",\"name\":\"Altavia\",\"description\":\"Let\u2019s unlock our imagination.\",\"publisher\":{\"@id\":\"https:\\\/\\\/altavia-group.com\\\/#organization\"},\"potentialAction\":[{\"@type\":\"SearchAction\",\"target\":{\"@type\":\"EntryPoint\",\"urlTemplate\":\"https:\\\/\\\/altavia-group.com\\\/?s={search_term_string}\"},\"query-input\":{\"@type\":\"PropertyValueSpecification\",\"valueRequired\":true,\"valueName\":\"search_term_string\"}}],\"inLanguage\":\"fr-FR\"},{\"@type\":\"Organization\",\"@id\":\"https:\\\/\\\/altavia-group.com\\\/#organization\",\"name\":\"Altavia\",\"url\":\"https:\\\/\\\/altavia-group.com\\\/\",\"logo\":{\"@type\":\"ImageObject\",\"inLanguage\":\"fr-FR\",\"@id\":\"https:\\\/\\\/altavia-group.com\\\/#\\\/schema\\\/logo\\\/image\\\/\",\"url\":\"http:\\\/\\\/altavia-group.com\\\/wp-content\\\/uploads\\\/2024\\\/12\\\/cropped-favicon-altavia.png\",\"contentUrl\":\"http:\\\/\\\/altavia-group.com\\\/wp-content\\\/uploads\\\/2024\\\/12\\\/cropped-favicon-altavia.png\",\"width\":512,\"height\":512,\"caption\":\"Altavia\"},\"image\":{\"@id\":\"https:\\\/\\\/altavia-group.com\\\/#\\\/schema\\\/logo\\\/image\\\/\"}}]}<\/script>\n<!-- \/ Yoast SEO plugin. -->","yoast_head_json":{"title":"\u201cLe plastique recycl\u00e9 prend peu \u00e0 peu sa place dans le d\u00e9veloppement des produits\u201d, Fr\u00e9d\u00e9ric Delaval, SKYTECH. - Altavia","robots":{"index":"index","follow":"follow","max-snippet":"max-snippet:-1","max-image-preview":"max-image-preview:large","max-video-preview":"max-video-preview:-1"},"og_locale":"fr_FR","og_type":"article","og_title":"\u201cLe plastique recycl\u00e9 prend peu \u00e0 peu sa place dans le d\u00e9veloppement des produits\u201d, Fr\u00e9d\u00e9ric Delaval, SKYTECH. - Altavia","og_description":"Tr\u00e8s li\u00e9e \u00e0 l\u2019identit\u00e9 d\u2019une marque, la couleur est une composante essentielle de l\u2019univers du retail. Elle forme, avec l\u2019\u00e9clairage, un bin\u00f4me indissociable, au service du produit ou d\u2019un univers.","og_url":"https:\/\/altavia-group.com\/fr\/news\/le-plastique-recycle-prend-peu-a-peu-sa-place-dans-le-developpement-des-produits-frederic-delaval-skytech\/","og_site_name":"Altavia","article_modified_time":"2026-02-09T12:15:32+00:00","og_image":[{"url":"https:\/\/altavia-group.com\/wp-content\/uploads\/2026\/02\/Skytech-5-credit-Raphael-Demaret-scaled-2-scaled.jpg","width":1,"height":1,"type":"image\/jpeg"}],"twitter_card":"summary_large_image","twitter_misc":{"Est. reading time":"6 minutes"},"schema":{"@context":"https:\/\/schema.org","@graph":[{"@type":"WebPage","@id":"https:\/\/altavia-group.com\/fr\/news\/le-plastique-recycle-prend-peu-a-peu-sa-place-dans-le-developpement-des-produits-frederic-delaval-skytech\/","url":"https:\/\/altavia-group.com\/fr\/news\/le-plastique-recycle-prend-peu-a-peu-sa-place-dans-le-developpement-des-produits-frederic-delaval-skytech\/","name":"\u201cLe plastique recycl\u00e9 prend peu \u00e0 peu sa place dans le d\u00e9veloppement des produits\u201d, Fr\u00e9d\u00e9ric Delaval, SKYTECH. - Altavia","isPartOf":{"@id":"https:\/\/altavia-group.com\/#website"},"primaryImageOfPage":{"@id":"https:\/\/altavia-group.com\/fr\/news\/le-plastique-recycle-prend-peu-a-peu-sa-place-dans-le-developpement-des-produits-frederic-delaval-skytech\/#primaryimage"},"image":{"@id":"https:\/\/altavia-group.com\/fr\/news\/le-plastique-recycle-prend-peu-a-peu-sa-place-dans-le-developpement-des-produits-frederic-delaval-skytech\/#primaryimage"},"thumbnailUrl":"https:\/\/altavia-group.com\/wp-content\/uploads\/2026\/02\/Skytech-5-credit-Raphael-Demaret-scaled-2-scaled.jpg","datePublished":"2024-04-25T09:13:57+00:00","dateModified":"2026-02-09T12:15:32+00:00","breadcrumb":{"@id":"https:\/\/altavia-group.com\/fr\/news\/le-plastique-recycle-prend-peu-a-peu-sa-place-dans-le-developpement-des-produits-frederic-delaval-skytech\/#breadcrumb"},"inLanguage":"fr-FR","potentialAction":[{"@type":"ReadAction","target":["https:\/\/altavia-group.com\/fr\/news\/le-plastique-recycle-prend-peu-a-peu-sa-place-dans-le-developpement-des-produits-frederic-delaval-skytech\/"]}]},{"@type":"ImageObject","inLanguage":"fr-FR","@id":"https:\/\/altavia-group.com\/fr\/news\/le-plastique-recycle-prend-peu-a-peu-sa-place-dans-le-developpement-des-produits-frederic-delaval-skytech\/#primaryimage","url":"https:\/\/altavia-group.com\/wp-content\/uploads\/2026\/02\/Skytech-5-credit-Raphael-Demaret-scaled-2-scaled.jpg","contentUrl":"https:\/\/altavia-group.com\/wp-content\/uploads\/2026\/02\/Skytech-5-credit-Raphael-Demaret-scaled-2-scaled.jpg","caption":"Skytech"},{"@type":"BreadcrumbList","@id":"https:\/\/altavia-group.com\/fr\/news\/le-plastique-recycle-prend-peu-a-peu-sa-place-dans-le-developpement-des-produits-frederic-delaval-skytech\/#breadcrumb","itemListElement":[{"@type":"ListItem","position":1,"name":"Home","item":"https:\/\/altavia-group.com\/fr\/"},{"@type":"ListItem","position":2,"name":"News","item":"https:\/\/altavia-group.com\/fr\/news\/"},{"@type":"ListItem","position":3,"name":"\u201cLe plastique recycl\u00e9 prend peu \u00e0 peu sa place dans le d\u00e9veloppement des produits\u201d, Fr\u00e9d\u00e9ric Delaval, SKYTECH."}]},{"@type":"WebSite","@id":"https:\/\/altavia-group.com\/#website","url":"https:\/\/altavia-group.com\/","name":"Altavia","description":"Let\u2019s unlock our imagination.","publisher":{"@id":"https:\/\/altavia-group.com\/#organization"},"potentialAction":[{"@type":"SearchAction","target":{"@type":"EntryPoint","urlTemplate":"https:\/\/altavia-group.com\/?s={search_term_string}"},"query-input":{"@type":"PropertyValueSpecification","valueRequired":true,"valueName":"search_term_string"}}],"inLanguage":"fr-FR"},{"@type":"Organization","@id":"https:\/\/altavia-group.com\/#organization","name":"Altavia","url":"https:\/\/altavia-group.com\/","logo":{"@type":"ImageObject","inLanguage":"fr-FR","@id":"https:\/\/altavia-group.com\/#\/schema\/logo\/image\/","url":"http:\/\/altavia-group.com\/wp-content\/uploads\/2024\/12\/cropped-favicon-altavia.png","contentUrl":"http:\/\/altavia-group.com\/wp-content\/uploads\/2024\/12\/cropped-favicon-altavia.png","width":512,"height":512,"caption":"Altavia"},"image":{"@id":"https:\/\/altavia-group.com\/#\/schema\/logo\/image\/"}}]}},"_links":{"self":[{"href":"https:\/\/altavia-group.com\/fr\/wp-json\/wp\/v2\/news\/7634","targetHints":{"allow":["GET"]}}],"collection":[{"href":"https:\/\/altavia-group.com\/fr\/wp-json\/wp\/v2\/news"}],"about":[{"href":"https:\/\/altavia-group.com\/fr\/wp-json\/wp\/v2\/types\/news"}],"author":[{"embeddable":true,"href":"https:\/\/altavia-group.com\/fr\/wp-json\/wp\/v2\/users\/17"}],"replies":[{"embeddable":true,"href":"https:\/\/altavia-group.com\/fr\/wp-json\/wp\/v2\/comments?post=7634"}],"version-history":[{"count":0,"href":"https:\/\/altavia-group.com\/fr\/wp-json\/wp\/v2\/news\/7634\/revisions"}],"wp:featuredmedia":[{"embeddable":true,"href":"https:\/\/altavia-group.com\/fr\/wp-json\/wp\/v2\/media\/7635"}],"wp:attachment":[{"href":"https:\/\/altavia-group.com\/fr\/wp-json\/wp\/v2\/media?parent=7634"}],"wp:term":[{"taxonomy":"category","embeddable":true,"href":"https:\/\/altavia-group.com\/fr\/wp-json\/wp\/v2\/categories?post=7634"},{"taxonomy":"post_tag","embeddable":true,"href":"https:\/\/altavia-group.com\/fr\/wp-json\/wp\/v2\/tags?post=7634"},{"taxonomy":"news-type-taxonomy","embeddable":true,"href":"https:\/\/altavia-group.com\/fr\/wp-json\/wp\/v2\/news-type-taxonomy?post=7634"},{"taxonomy":"news-topic-taxonomy","embeddable":true,"href":"https:\/\/altavia-group.com\/fr\/wp-json\/wp\/v2\/news-topic-taxonomy?post=7634"}],"curies":[{"name":"wp","href":"https:\/\/api.w.org\/{rel}","templated":true}]}}