{"id":7678,"date":"2024-05-06T12:20:17","date_gmt":"2024-05-06T10:20:17","guid":{"rendered":"https:\/\/altaviagroudev.wpenginepowered.com\/news\/allemagne-mediamarkt-saturn-ouvre-un-pop-up-store-ecoresponsable\/"},"modified":"2026-02-09T13:16:22","modified_gmt":"2026-02-09T12:16:22","slug":"allemagne-mediamarkt-saturn-ouvre-un-pop-up-store-ecoresponsable","status":"publish","type":"news","link":"https:\/\/altavia-group.com\/fr\/news\/allemagne-mediamarkt-saturn-ouvre-un-pop-up-store-ecoresponsable\/","title":{"rendered":"Allemagne : MediaMarkt-Saturn ouvre un pop-up store \u00e9coresponsable."},"content":{"rendered":"<section class=\"wpb-content-wrapper\"><p>[vc_row css=\u00a0\u00bb.vc_custom_1519392503248{padding-top: 18px !important;}\u00a0\u00bb][vc_column]<div class=\"edgtf-single-image-holder   \">\n    <div class=\"edgtf-si-inner\" >\n                                    <img decoding=\"async\" src=\"https:\/\/altavia-group.com\/wp-content\/uploads\/2026\/02\/Media-Markt-1.jpeg\" class=\"attachment-full size-full\" alt=\"MediaMarkt\" \/>                        <\/div>\n<\/div>[vc_empty_space height=\u00a0\u00bb37px\u00a0\u00bb]<div class=\"edgtf-elements-holder   edgtf-one-column  edgtf-responsive-mode-768 \" ><div class=\"edgtf-eh-item    \"  data-item-class=\"edgtf-eh-custom-3890\" data-1280-1600=\"0 0\" data-1024-1280=\"0 0\" data-768-1024=\"0 30px 0 0\" data-680-768=\"0 20px 0 0\" data-680=\"0 0\">\n\t<div class=\"edgtf-eh-item-inner\">\n\t\t<div class=\"edgtf-eh-item-content edgtf-eh-custom-3890\" style=\"padding: 0 50px 0 0\">\n\t\t\t[vc_column_text]<span class=\"edgtf-dropcaps edgtf-normal\" style=\"color: #1b1c21\">M<\/span><span style=\"font-weight: 400;\">ediaMarkt-Saturn ouvre un magasin \u00e9ph\u00e9m\u00e8re \u00e0 T\u00fcbingen, en Allemagne, pour promouvoir sa gamme BetterWay, une initiative en faveur d'une plus grande durabilit\u00e9 dans l&rsquo;univers de l&rsquo;\u00e9lectronique.\u00a0<\/span><\/p>\n<p><span style=\"font-weight: 400;\">Ouvert depuis le 2 mai dernier, le pop-up store met en avant des produits \u00e9lectroniques respectueux de l&rsquo;environnement dont, notamment, des smartphones, des smartwatches et des articles d'e-mobilit\u00e9.\u00a0<\/span><\/p>\n<p><span style=\"font-weight: 400;\">Destin\u00e9 \u00e0 \u00eatre d\u00e9ploy\u00e9 dans d&rsquo;autres villes allemandes, le concept store propose aussi un service de rachat visant \u00e0 favoriser le recyclage des appareils usag\u00e9s.<\/span><\/p>\n<p><span style=\"font-weight: 400;\">Cette d\u00e9marche s&rsquo;inscrit dans la strat\u00e9gie omnicanale de l&rsquo;enseigne, visant \u00e0 int\u00e9grer les produits et vendeurs de sa marketplace en ligne \u00e0 l&rsquo;exp\u00e9rience en magasin.<\/span>[\/vc_column_text][vc_empty_space height=\u00a0\u00bb37px\u00a0\u00bb]\t\t<\/div>\n\t<\/div>\n<\/div><\/div>[\/vc_column][\/vc_row][vc_row content_text_aligment=\u00a0\u00bbcenter\u00a0\u00bb][vc_column parallax=\u00a0\u00bbcontent-moving\u00a0\u00bb parallax_image=\u00a0\u00bb5672&Prime;]<div class=\"edgtf-section-title-holder  edgtf-st-standard edgtf-st-title-left edgtf-st-normal-space \" style=\"text-align: center\">\n\t<div class=\"edgtf-st-inner\">\n\t\t\t\t\t<h2 class=\"edgtf-st-title\" style=\"color: #00dd96\">\n\t\t\t\t.newsletter\t\t\t<\/h2>\n\t\t\t\t\t<\/div>\n<\/div>[vc_column_text]<span style=\"color: #ffffff;\">Recevez les actualit\u00e9s et tendances retail en exclusivit\u00e9 !<\/span>[\/vc_column_text][vc_empty_space][vc_btn title=\u00a0\u00bbJe m&rsquo;abonne\u00a0\u00bb style=\u00a0\u00bboutline-custom\u00a0\u00bb outline_custom_color=\u00a0\u00bb#ffffff\u00a0\u00bb outline_custom_hover_background=\u00a0\u00bb#666666&Prime; outline_custom_hover_text=\u00a0\u00bb#ffffff\u00a0\u00bb shape=\u00a0\u00bbsquare\u00a0\u00bb class=\u00a0\u00bbc-link\u00a0\u00bb href=\u00a0\u00bbhttp:\/\/2fforms.sbc32.com\/\u00a0\u00bb target=\u00a0\u00bb_blank\u00a0\u00bb rel=\u00a0\u00bbnoopener noreferrer\u00a0\u00bb data-stringify-link=\u00a0\u00bbhttp:\/\/2Fforms.sbc32.com\u00a0\u00bb link=\u00a0\u00bburl:https%3A%2F%2Fforms.sbc32.com%2F65046ef85fef6a5fa6e7a5c0%2FwU3RssckT3CNNqCwsRf6Jg%2Fform.html|target:_blank\u00a0\u00bb][vc_empty_space height=\u00a0\u00bb12px\u00a0\u00bb][\/vc_column][\/vc_row]<\/p>\n<\/section>","protected":false},"excerpt":{"rendered":"<p>MediaMarkt-Saturn ouvre un magasin \u00e9ph\u00e9m\u00e8re \u00e0 T\u00fcbingen, en Allemagne, pour promouvoir sa gamme BetterWay.<\/p>\n","protected":false},"author":17,"featured_media":7679,"menu_order":0,"comment_status":"closed","ping_status":"closed","template":"","meta":{"_acf_changed":false,"color_menu":"","footer_color_background":"","featured_image_url":"","footnotes":""},"categories":[266,271],"tags":[],"news-type-taxonomy":[],"news-topic-taxonomy":[],"class_list":["post-7678","news","type-news","status-publish","has-post-thumbnail","hentry","category-info-retailers","category-veille-retail"],"acf":[],"yoast_head":"<!-- This site is optimized with the Yoast SEO plugin v27.5 - https:\/\/yoast.com\/product\/yoast-seo-wordpress\/ -->\n<title>Allemagne : MediaMarkt-Saturn ouvre un pop-up store \u00e9coresponsable. - Altavia<\/title>\n<meta name=\"robots\" content=\"index, follow, max-snippet:-1, max-image-preview:large, max-video-preview:-1\" \/>\n<meta property=\"og:locale\" content=\"fr_FR\" \/>\n<meta property=\"og:type\" content=\"article\" \/>\n<meta property=\"og:title\" content=\"Allemagne : MediaMarkt-Saturn ouvre un pop-up store \u00e9coresponsable. - Altavia\" \/>\n<meta property=\"og:description\" content=\"MediaMarkt-Saturn ouvre un magasin \u00e9ph\u00e9m\u00e8re \u00e0 T\u00fcbingen, en Allemagne, pour promouvoir sa gamme BetterWay.\" \/>\n<meta property=\"og:url\" content=\"https:\/\/altavia-group.com\/fr\/news\/allemagne-mediamarkt-saturn-ouvre-un-pop-up-store-ecoresponsable\/\" \/>\n<meta property=\"og:site_name\" content=\"Altavia\" \/>\n<meta property=\"article:modified_time\" content=\"2026-02-09T12:16:22+00:00\" \/>\n<meta property=\"og:image\" content=\"https:\/\/altavia-group.com\/wp-content\/uploads\/2026\/02\/Media-Markt-1.jpeg\" \/>\n\t<meta property=\"og:image:width\" content=\"1\" \/>\n\t<meta property=\"og:image:height\" content=\"1\" \/>\n\t<meta property=\"og:image:type\" content=\"image\/jpeg\" \/>\n<meta name=\"twitter:card\" content=\"summary_large_image\" \/>\n<meta name=\"twitter:label1\" content=\"Est. reading time\" \/>\n\t<meta name=\"twitter:data1\" content=\"2 minutes\" \/>\n<script type=\"application\/ld+json\" class=\"yoast-schema-graph\">{\"@context\":\"https:\\\/\\\/schema.org\",\"@graph\":[{\"@type\":\"WebPage\",\"@id\":\"https:\\\/\\\/altavia-group.com\\\/fr\\\/news\\\/allemagne-mediamarkt-saturn-ouvre-un-pop-up-store-ecoresponsable\\\/\",\"url\":\"https:\\\/\\\/altavia-group.com\\\/fr\\\/news\\\/allemagne-mediamarkt-saturn-ouvre-un-pop-up-store-ecoresponsable\\\/\",\"name\":\"Allemagne : MediaMarkt-Saturn ouvre un pop-up store \u00e9coresponsable. - Altavia\",\"isPartOf\":{\"@id\":\"https:\\\/\\\/altavia-group.com\\\/#website\"},\"primaryImageOfPage\":{\"@id\":\"https:\\\/\\\/altavia-group.com\\\/fr\\\/news\\\/allemagne-mediamarkt-saturn-ouvre-un-pop-up-store-ecoresponsable\\\/#primaryimage\"},\"image\":{\"@id\":\"https:\\\/\\\/altavia-group.com\\\/fr\\\/news\\\/allemagne-mediamarkt-saturn-ouvre-un-pop-up-store-ecoresponsable\\\/#primaryimage\"},\"thumbnailUrl\":\"https:\\\/\\\/altavia-group.com\\\/wp-content\\\/uploads\\\/2026\\\/02\\\/Media-Markt-1.jpeg\",\"datePublished\":\"2024-05-06T10:20:17+00:00\",\"dateModified\":\"2026-02-09T12:16:22+00:00\",\"breadcrumb\":{\"@id\":\"https:\\\/\\\/altavia-group.com\\\/fr\\\/news\\\/allemagne-mediamarkt-saturn-ouvre-un-pop-up-store-ecoresponsable\\\/#breadcrumb\"},\"inLanguage\":\"fr-FR\",\"potentialAction\":[{\"@type\":\"ReadAction\",\"target\":[\"https:\\\/\\\/altavia-group.com\\\/fr\\\/news\\\/allemagne-mediamarkt-saturn-ouvre-un-pop-up-store-ecoresponsable\\\/\"]}]},{\"@type\":\"ImageObject\",\"inLanguage\":\"fr-FR\",\"@id\":\"https:\\\/\\\/altavia-group.com\\\/fr\\\/news\\\/allemagne-mediamarkt-saturn-ouvre-un-pop-up-store-ecoresponsable\\\/#primaryimage\",\"url\":\"https:\\\/\\\/altavia-group.com\\\/wp-content\\\/uploads\\\/2026\\\/02\\\/Media-Markt-1.jpeg\",\"contentUrl\":\"https:\\\/\\\/altavia-group.com\\\/wp-content\\\/uploads\\\/2026\\\/02\\\/Media-Markt-1.jpeg\",\"caption\":\"SAMSUNG CSC\"},{\"@type\":\"BreadcrumbList\",\"@id\":\"https:\\\/\\\/altavia-group.com\\\/fr\\\/news\\\/allemagne-mediamarkt-saturn-ouvre-un-pop-up-store-ecoresponsable\\\/#breadcrumb\",\"itemListElement\":[{\"@type\":\"ListItem\",\"position\":1,\"name\":\"Home\",\"item\":\"https:\\\/\\\/altavia-group.com\\\/fr\\\/\"},{\"@type\":\"ListItem\",\"position\":2,\"name\":\"News\",\"item\":\"https:\\\/\\\/altavia-group.com\\\/fr\\\/news\\\/\"},{\"@type\":\"ListItem\",\"position\":3,\"name\":\"Allemagne : MediaMarkt-Saturn ouvre un pop-up store \u00e9coresponsable.\"}]},{\"@type\":\"WebSite\",\"@id\":\"https:\\\/\\\/altavia-group.com\\\/#website\",\"url\":\"https:\\\/\\\/altavia-group.com\\\/\",\"name\":\"Altavia\",\"description\":\"Let\u2019s unlock our imagination.\",\"publisher\":{\"@id\":\"https:\\\/\\\/altavia-group.com\\\/#organization\"},\"potentialAction\":[{\"@type\":\"SearchAction\",\"target\":{\"@type\":\"EntryPoint\",\"urlTemplate\":\"https:\\\/\\\/altavia-group.com\\\/?s={search_term_string}\"},\"query-input\":{\"@type\":\"PropertyValueSpecification\",\"valueRequired\":true,\"valueName\":\"search_term_string\"}}],\"inLanguage\":\"fr-FR\"},{\"@type\":\"Organization\",\"@id\":\"https:\\\/\\\/altavia-group.com\\\/#organization\",\"name\":\"Altavia\",\"url\":\"https:\\\/\\\/altavia-group.com\\\/\",\"logo\":{\"@type\":\"ImageObject\",\"inLanguage\":\"fr-FR\",\"@id\":\"https:\\\/\\\/altavia-group.com\\\/#\\\/schema\\\/logo\\\/image\\\/\",\"url\":\"http:\\\/\\\/altavia-group.com\\\/wp-content\\\/uploads\\\/2024\\\/12\\\/cropped-favicon-altavia.png\",\"contentUrl\":\"http:\\\/\\\/altavia-group.com\\\/wp-content\\\/uploads\\\/2024\\\/12\\\/cropped-favicon-altavia.png\",\"width\":512,\"height\":512,\"caption\":\"Altavia\"},\"image\":{\"@id\":\"https:\\\/\\\/altavia-group.com\\\/#\\\/schema\\\/logo\\\/image\\\/\"}}]}<\/script>\n<!-- \/ Yoast SEO plugin. -->","yoast_head_json":{"title":"Allemagne : MediaMarkt-Saturn ouvre un pop-up store \u00e9coresponsable. - Altavia","robots":{"index":"index","follow":"follow","max-snippet":"max-snippet:-1","max-image-preview":"max-image-preview:large","max-video-preview":"max-video-preview:-1"},"og_locale":"fr_FR","og_type":"article","og_title":"Allemagne : MediaMarkt-Saturn ouvre un pop-up store \u00e9coresponsable. - Altavia","og_description":"MediaMarkt-Saturn ouvre un magasin \u00e9ph\u00e9m\u00e8re \u00e0 T\u00fcbingen, en Allemagne, pour promouvoir sa gamme BetterWay.","og_url":"https:\/\/altavia-group.com\/fr\/news\/allemagne-mediamarkt-saturn-ouvre-un-pop-up-store-ecoresponsable\/","og_site_name":"Altavia","article_modified_time":"2026-02-09T12:16:22+00:00","og_image":[{"url":"https:\/\/altavia-group.com\/wp-content\/uploads\/2026\/02\/Media-Markt-1.jpeg","width":1,"height":1,"type":"image\/jpeg"}],"twitter_card":"summary_large_image","twitter_misc":{"Est. reading time":"2 minutes"},"schema":{"@context":"https:\/\/schema.org","@graph":[{"@type":"WebPage","@id":"https:\/\/altavia-group.com\/fr\/news\/allemagne-mediamarkt-saturn-ouvre-un-pop-up-store-ecoresponsable\/","url":"https:\/\/altavia-group.com\/fr\/news\/allemagne-mediamarkt-saturn-ouvre-un-pop-up-store-ecoresponsable\/","name":"Allemagne : MediaMarkt-Saturn ouvre un pop-up store \u00e9coresponsable. - Altavia","isPartOf":{"@id":"https:\/\/altavia-group.com\/#website"},"primaryImageOfPage":{"@id":"https:\/\/altavia-group.com\/fr\/news\/allemagne-mediamarkt-saturn-ouvre-un-pop-up-store-ecoresponsable\/#primaryimage"},"image":{"@id":"https:\/\/altavia-group.com\/fr\/news\/allemagne-mediamarkt-saturn-ouvre-un-pop-up-store-ecoresponsable\/#primaryimage"},"thumbnailUrl":"https:\/\/altavia-group.com\/wp-content\/uploads\/2026\/02\/Media-Markt-1.jpeg","datePublished":"2024-05-06T10:20:17+00:00","dateModified":"2026-02-09T12:16:22+00:00","breadcrumb":{"@id":"https:\/\/altavia-group.com\/fr\/news\/allemagne-mediamarkt-saturn-ouvre-un-pop-up-store-ecoresponsable\/#breadcrumb"},"inLanguage":"fr-FR","potentialAction":[{"@type":"ReadAction","target":["https:\/\/altavia-group.com\/fr\/news\/allemagne-mediamarkt-saturn-ouvre-un-pop-up-store-ecoresponsable\/"]}]},{"@type":"ImageObject","inLanguage":"fr-FR","@id":"https:\/\/altavia-group.com\/fr\/news\/allemagne-mediamarkt-saturn-ouvre-un-pop-up-store-ecoresponsable\/#primaryimage","url":"https:\/\/altavia-group.com\/wp-content\/uploads\/2026\/02\/Media-Markt-1.jpeg","contentUrl":"https:\/\/altavia-group.com\/wp-content\/uploads\/2026\/02\/Media-Markt-1.jpeg","caption":"SAMSUNG CSC"},{"@type":"BreadcrumbList","@id":"https:\/\/altavia-group.com\/fr\/news\/allemagne-mediamarkt-saturn-ouvre-un-pop-up-store-ecoresponsable\/#breadcrumb","itemListElement":[{"@type":"ListItem","position":1,"name":"Home","item":"https:\/\/altavia-group.com\/fr\/"},{"@type":"ListItem","position":2,"name":"News","item":"https:\/\/altavia-group.com\/fr\/news\/"},{"@type":"ListItem","position":3,"name":"Allemagne : MediaMarkt-Saturn ouvre un pop-up store \u00e9coresponsable."}]},{"@type":"WebSite","@id":"https:\/\/altavia-group.com\/#website","url":"https:\/\/altavia-group.com\/","name":"Altavia","description":"Let\u2019s unlock our imagination.","publisher":{"@id":"https:\/\/altavia-group.com\/#organization"},"potentialAction":[{"@type":"SearchAction","target":{"@type":"EntryPoint","urlTemplate":"https:\/\/altavia-group.com\/?s={search_term_string}"},"query-input":{"@type":"PropertyValueSpecification","valueRequired":true,"valueName":"search_term_string"}}],"inLanguage":"fr-FR"},{"@type":"Organization","@id":"https:\/\/altavia-group.com\/#organization","name":"Altavia","url":"https:\/\/altavia-group.com\/","logo":{"@type":"ImageObject","inLanguage":"fr-FR","@id":"https:\/\/altavia-group.com\/#\/schema\/logo\/image\/","url":"http:\/\/altavia-group.com\/wp-content\/uploads\/2024\/12\/cropped-favicon-altavia.png","contentUrl":"http:\/\/altavia-group.com\/wp-content\/uploads\/2024\/12\/cropped-favicon-altavia.png","width":512,"height":512,"caption":"Altavia"},"image":{"@id":"https:\/\/altavia-group.com\/#\/schema\/logo\/image\/"}}]}},"_links":{"self":[{"href":"https:\/\/altavia-group.com\/fr\/wp-json\/wp\/v2\/news\/7678","targetHints":{"allow":["GET"]}}],"collection":[{"href":"https:\/\/altavia-group.com\/fr\/wp-json\/wp\/v2\/news"}],"about":[{"href":"https:\/\/altavia-group.com\/fr\/wp-json\/wp\/v2\/types\/news"}],"author":[{"embeddable":true,"href":"https:\/\/altavia-group.com\/fr\/wp-json\/wp\/v2\/users\/17"}],"replies":[{"embeddable":true,"href":"https:\/\/altavia-group.com\/fr\/wp-json\/wp\/v2\/comments?post=7678"}],"version-history":[{"count":0,"href":"https:\/\/altavia-group.com\/fr\/wp-json\/wp\/v2\/news\/7678\/revisions"}],"wp:featuredmedia":[{"embeddable":true,"href":"https:\/\/altavia-group.com\/fr\/wp-json\/wp\/v2\/media\/7679"}],"wp:attachment":[{"href":"https:\/\/altavia-group.com\/fr\/wp-json\/wp\/v2\/media?parent=7678"}],"wp:term":[{"taxonomy":"category","embeddable":true,"href":"https:\/\/altavia-group.com\/fr\/wp-json\/wp\/v2\/categories?post=7678"},{"taxonomy":"post_tag","embeddable":true,"href":"https:\/\/altavia-group.com\/fr\/wp-json\/wp\/v2\/tags?post=7678"},{"taxonomy":"news-type-taxonomy","embeddable":true,"href":"https:\/\/altavia-group.com\/fr\/wp-json\/wp\/v2\/news-type-taxonomy?post=7678"},{"taxonomy":"news-topic-taxonomy","embeddable":true,"href":"https:\/\/altavia-group.com\/fr\/wp-json\/wp\/v2\/news-topic-taxonomy?post=7678"}],"curies":[{"name":"wp","href":"https:\/\/api.w.org\/{rel}","templated":true}]}}