{"id":7699,"date":"2024-05-13T12:04:02","date_gmt":"2024-05-13T10:04:02","guid":{"rendered":"https:\/\/altaviagroudev.wpenginepowered.com\/news\/frederique-picard-carel-nos-valeurs-et-notre-savoir-faire-nous-soutiennent-dans-un-marche-changeant\/"},"modified":"2026-02-09T13:16:44","modified_gmt":"2026-02-09T12:16:44","slug":"frederique-picard-carel-nos-valeurs-et-notre-savoir-faire-nous-soutiennent-dans-un-marche-changeant","status":"publish","type":"news","link":"https:\/\/altavia-group.com\/fr\/news\/frederique-picard-carel-nos-valeurs-et-notre-savoir-faire-nous-soutiennent-dans-un-marche-changeant\/","title":{"rendered":"Fr\u00e9d\u00e9rique Picard, Carel : \u00ab\u00a0Nos valeurs et notre savoir-faire nous soutiennent dans un march\u00e9 changeant.\u00a0\u00bb"},"content":{"rendered":"<section class=\"wpb-content-wrapper\"><p>[vc_row css=\u00a0\u00bb.vc_custom_1519392503248{padding-top: 18px !important;}\u00a0\u00bb][vc_column]<div class=\"edgtf-single-image-holder   \">\n    <div class=\"edgtf-si-inner\" >\n                                    <img decoding=\"async\" src=\"https:\/\/altavia-group.com\/wp-content\/uploads\/2026\/02\/Portrait-Frederique-Picard-1-1.jpeg\" class=\"attachment-full size-full\" alt=\"Fr\u00e9d\u00e9rique Picard Carel\" \/>                        <\/div>\n<\/div>[vc_column_text]<\/p>\n<h6>Fr\u00e9d\u00e9rique Picard, Carel<br \/>\n\u00a9 Carel<\/h6>\n<p>[\/vc_column_text][vc_empty_space height=\u00a0\u00bb54px\u00a0\u00bb][\/vc_column][\/vc_row][vc_row][vc_column][vc_column_text]<\/p>\n<h4><span class=\"edgtf-dropcaps edgtf-normal\" style=\"color: #1b1c21\">L<\/span>a digitalisation toujours plus marqu\u00e9e de la soci\u00e9t\u00e9 transforme en profondeur nos habitudes d&rsquo;achat, et fait le jeu des acteurs de la fast fashion qui misent sur les r\u00e9seaux sociaux et sur tout ce que les nouvelles technologies peuvent offrir pour atteindre efficacement les consommateurs. Comment r\u00e9sister \u00e0 ce ph\u00e9nom\u00e8ne ?<\/h4>\n<p>\u00a0<\/p>\n<p><span style=\"font-weight: 400;\">L&rsquo;intemporalit\u00e9. Voil\u00e0 une valeur que les marques semblent avoir oubli\u00e9 \u00e0 l&rsquo;heure ou la mode se d\u00e9mode toujours plus vite, o\u00f9 les collections se succ\u00e8dent \u00e0 un rythme effr\u00e9n\u00e9 et o\u00f9 le train des tendances est d\u00e9sormais plus v\u00e9loce qu&rsquo;un TGV.\u00a0\u00a0<\/span><\/p>\n<p><span style=\"font-weight: 400;\">Pourtant, l&rsquo;intemporalit\u00e9 est une arme redoutable. Elle permet \u00e0 une enseigne de penser le temps long, d&rsquo;inscrire ses collections sur la dur\u00e9e, de faire partie du quotidien des consommateurs durant toute une vie, parfois m\u00eame sur plusieurs g\u00e9n\u00e9rations. Elle permet de se maintenir contre vents et mar\u00e9e face aux turbulences du si\u00e8cle, aux nouvelles habitudes, aux changements soci\u00e9taux,\u00a0 et de r\u00e9sister \u00e0 cet affolement, \u00e0 cette acc\u00e9l\u00e9ration sans fin qui est d\u00e9sormais la norme pour les acteurs de la mode. Depuis que le digital est devenu un levier incontournable pour s\u00e9duire les consommateurs, tout\u00a0 va plus vite, beaucoup plus vite m\u00eame, et parfois beaucoup trop vite pour certaines marques.\u00a0<\/span><\/p>\n<p><span style=\"font-weight: 400;\">Et si, dans le contexte actuel, l&rsquo;intemporalit\u00e9 \u00e9tait le meilleur moyen de r\u00e9inventer la mode et de r\u00e9sister \u00e0 la mont\u00e9e en puissance de la fast fashion et de l&rsquo;ultra fast fashion ? C&rsquo;est le pari que fait Carel. Explications avec Fr\u00e9d\u00e9rique Picard, pr\u00e9sidente de ce groupe familial qui existe depuis plus de soixante-dix ans.\u00a0<\/span><\/p>\n<p>\u00a0<\/p>\n<h3><b>Comment est n\u00e9e Carel ? Quelle est l&rsquo;histoire de votre marque et qui sont vos clientes ?<\/b><\/h3>\n<p>\u00a0<\/p>\n<p><span style=\"font-weight: 400;\">Carel est n\u00e9 en 1952. Notre premi\u00e8re boutique se situait boulevard Saint-Michel, \u00e0 deux pas de la Sorbonne. Notre cr\u00e9ation est marqu\u00e9e par la p\u00e9riode d&rsquo;apr\u00e8s-guerre. La chaussure Carel \u00e9tait au service de la femme \u00e9mancip\u00e9e, une hauteur et un chaussant parfait pour leur permettre de trotter toute la journ\u00e9e.<\/span><\/p>\n<p><span style=\"font-weight: 400;\">La force de Carel est de proposer, en plus du confort, des nouveaux mod\u00e8les funs, innovants et pops. Cette innovation nous a permis d&rsquo;\u00eatre la premi\u00e8re marque de chaussures \u00e0 avoir un stand aux Galeries Lafayettes dans les ann\u00e9es 60. Par la suite, Air France a choisi de chausser ses h\u00f4tesses de l'air en Carel, appuyant notre place de chausseur iconique Fran\u00e7ais.<\/span><\/p>\n<p>\u00a0<\/p>\n<h3><b>Qu&rsquo;est ce que qui vous diff\u00e9rencie des autres marques ?<\/b><\/h3>\n<p>\u00a0<\/p>\n<p><span style=\"font-weight: 400;\">Carel continue de se d\u00e9marquer d'une concurrence plus abordable gr\u00e2ce \u00e0 nos mod\u00e8les<\/span><\/p>\n<p><span style=\"font-weight: 400;\">iconiques et tr\u00e8s d\u00e9sirables, notre qualit\u00e9 et notre chaussant reconnus. Nous travaillons depuis 60 ans avec les m\u00eames ateliers. En Italie pour 90% de notre production et 10% en Espagne et en France pour des produits plus sp\u00e9cifiques. Nos valeurs et notre savoir-faire nous soutiennent dans un march\u00e9 changeant. Notre \u00e9volution se tourne vers un futur toujours plus \u00e9coresponsable, gr\u00e2ce \u00e0 nos cuirs v\u00e9g\u00e9taux notamment.<\/span><\/p>\n<p>\u00a0<\/p>\n<h3><b>La fast fashion a introduit un mod\u00e8le redoutablement efficace : celui du renouvellement permanent des collections pour pouvoir r\u00e9pondre \u00e0 toutes les attentes, ce qui permet par ailleurs de cr\u00e9er constamment le buzz sur les r\u00e9seaux sociaux. Est-ce que cette strat\u00e9gie pourrait vous inspirer ?<\/b><\/h3>\n<p>\u00a0<\/p>\n<p><span style=\"font-weight: 400;\">Nos collections se d\u00e9tournent en fonction de nos mod\u00e8les iconiques et gr\u00e2ce \u00e0 nos archives, nous utilisons des stocks dormants pour pouvoir cr\u00e9er plus. Notre mod\u00e8le n'est donc pas victime de l&rsquo;acc\u00e9l\u00e9ration du monde de la mode. D&rsquo;autant plus que nos chaussures sont con\u00e7ues pour \u00eatre port\u00e9es toute une vie et pour toutes les occasions. C'est cette intemporalit\u00e9 qui en fait la force et le charme .<\/span><\/p>\n<p>\u00a0<\/p>\n<h3><b>Alors que les g\u00e9n\u00e9rations ultra-connect\u00e9es des millennials et des Z vont repr\u00e9senter entre 65 et 70% des consommateurs d&rsquo;ici 2025, et qu&rsquo;une grande partie de leurs d\u00e9cisions d&rsquo;achat sont prises sur Tik Tok ou sur Instagram, comment \u00e9tablissez-vous le contact avec ces nouveaux clients ?<\/b><\/h3>\n<p>\u00a0<\/p>\n<p><span style=\"font-weight: 400;\">Notre compte Instagram atteint aujourd&rsquo;hui presque 160k et notre compte tiktok est en plein essor. Ils nous permettent de montrer \u00e0 nos clientes la versatilit\u00e9 de nos mod\u00e8les, pour les inspirer et leur transmettre nos valeurs.<\/span><\/p>\n<p><span style=\"font-weight: 400;\">Nous sommes entour\u00e9s de \u00ab\u00a0Carel girls\u00a0\u00bb, nos ambassadrices, qui \u00e9voluent avec le temps. Qu&rsquo;elles soient chanteuses, influenceuses ou actrices, elles pr\u00f4nent nos valeurs du tapis rouge de Cannes aux rues parisiennes en passant par une sc\u00e8ne de concert. Parmi les plus fid\u00e8les, nous comptons Clara Luciani, Alexa Chung, Lily-Rose Depp et Isabelle Huppert. Nous sommes apparus dans Emily in Paris et le biopic Bardot, ce qui nous permet de s\u00e9duire une nouvelle client\u00e8le.<\/span><\/p>\n<p><span style=\"font-weight: 400;\">Pour garder des prix justes, nous ne nous lan\u00e7ons pas dans de grandes machineries publicitaires, comme ce que font les grands groupes. Nous ne voulons pas proposer \u00e0 notre client\u00e8le un prix gonfl\u00e9 par le marketing, mais plut\u00f4t le juste prix pour des mod\u00e8les cr\u00e9\u00e9s \u00e0 Paris et faits \u00e0 la main en Italie.<\/span><\/p>\n<p><span style=\"font-weight: 400;\">Nous effectuons aussi beaucoup de collaborations, ce qui nous permet de diversifier nos offres. Par exemple, nous avons cr\u00e9\u00e9 des lunettes de soleil et des sacs avec Jimmy Fairly. Cela nous permet aussi de rhabiller nos mod\u00e8les iconiques, avec Gucci Vault et d'asseoir nos qualit\u00e9s \u00e9coresponsables avec Imparfaite plus derni\u00e8rement.<\/span><\/p>\n<p>\u00a0<\/p>\n<h3><b>Vous avez r\u00e9cemment lanc\u00e9 l&rsquo;initiative \u00ab\u00a0Le livre \u00e9change\u00a0\u00bb qui permet aux clientes de s&rsquo;\u00e9changer leurs lectures favorites en leur offrant un livre lors d&rsquo;un achat en boutique. Est-ce que renforcer les liens qui unissent votre communaut\u00e9 et r\u00e9enchanter l&rsquo;exp\u00e9rience d&rsquo;achat est un moyen pour vous adapter aux bouleversements du march\u00e9 ?<\/b><\/h3>\n<p>\u00a0<\/p>\n<p><span style=\"font-weight: 400;\">Il est tr\u00e8s important de garder le lien avec nos clients historiques mais aussi notre nouvelle client\u00e8le, car elle est changeante&#8230; Notre c\u0153ur de cible est aux alentours de 25 ans maintenant. En plus d&rsquo;\u00eatre plus jeunes, elles sont internationales, c'est pourquoi nous avons ouvert une nouvelle boutique \u00e0 S\u00e9oul. L&rsquo;op\u00e9ration \u00ab\u00a0Livre \u00e9change\u00a0\u00bb est arriv\u00e9e assez naturellement, notre histoire \u00e9tant li\u00e9e \u00e0 celle de la Sorbonne. Notre premi\u00e8re boutique \u00e9tait au pied de cette universit\u00e9. Et nos premi\u00e8res clientes \u00e9taient ses professeurs et \u00e9l\u00e8ves. nous sommes une marque intellectuelle, et \u00e9coresponsable. Cette op\u00e9ration est donc le m\u00e9lange parfait pour nous.<\/span><\/p>\n<p>\u00a0<\/p>\n<h3><b>Quels sont les projets \u00e0 venir de Carel ? Quelles sont vos ambitions pour les prochaines ann\u00e9es ?<\/b><\/h3>\n<p>\u00a0<\/p>\n<p><span style=\"font-weight: 400;\">Continuer \u00e0 rendre Carel d\u00e9sirable en alliant h\u00e9ritage et modernit\u00e9 tout en pr\u00f4nant nos valeurs de durabilit\u00e9 et de circularit\u00e9. Nous avons aussi pour but de mettre \u00e0 l'honneur et de toujours faire \u00e9voluer notre maroquinerie.<\/span>[\/vc_column_text][vc_empty_space height=\u00a0\u00bb54px\u00a0\u00bb][\/vc_column][\/vc_row][vc_row][vc_column][vc_column_text]<\/p>\n<h4><em>Cette interview est tir\u00e9e de notre ouvrage \u00ab\u00a0Le pr\u00eat-\u00e0-porter, chronique d&rsquo;un d\u00e9clin annonc\u00e9\u00a0\u00bb qui d\u00e9crypte la crise sans pr\u00e9c\u00e9dent qui frappe le secteur.<\/em><\/h4>\n<h4><em>Une analyse notamment enrichie par les interviews et t\u00e9moignages de Fr\u00e9d\u00e9ric Godart, sociologue de la mode ; Yann Rivoallan, Pr\u00e9sident de la F\u00e9d\u00e9ration fran\u00e7aise du pr\u00eat-\u00e0-porter f\u00e9minin ; Sophie Bocquet, DG du r\u00e9seau Citadium ; Fr\u00e9d\u00e9rique Picard, pr\u00e9sidente du groupe Carel :\u00a0<\/em><\/h4>\n<p>[\/vc_column_text][vc_empty_space height=\u00a0\u00bb54px\u00a0\u00bb][\/vc_column][\/vc_row][vc_row][vc_column css=\u00a0\u00bb.vc_custom_1698141672070{background-color: #f1dce2 !important;}\u00a0\u00bb]<div class=\"edgtf-single-image-holder   edgtf-image-behavior-custom-link\">\n    <div class=\"edgtf-si-inner\" >\n        \t            <a itemprop=\"url\" href=\"https:\/\/altavia-group.com\/le-pret-a-porter\/\" target=\"_blank\">\n                                    <img decoding=\"async\" src=\"https:\/\/altavia-group.com\/wp-content\/uploads\/2026\/02\/Banner-NL-pret-a-porter-desktop-1.jpeg\" class=\"attachment-full size-full\" alt=\"eBook Pr\u00eat-\u00e0-porter\" \/>                                <\/a>\n            <\/div>\n<\/div>[vc_empty_space height=\u00a0\u00bb54px\u00a0\u00bb][\/vc_column][\/vc_row]<\/p>\n<\/section>","protected":false},"excerpt":{"rendered":"<p>La digitalisation toujours plus marqu\u00e9e de la soci\u00e9t\u00e9 transforme en profondeur nos habitudes d&rsquo;achat, et fait le jeu des acteurs de la fast fashion.<\/p>\n","protected":false},"author":17,"featured_media":7700,"menu_order":0,"comment_status":"closed","ping_status":"closed","template":"","meta":{"_acf_changed":false,"color_menu":"","footer_color_background":"","featured_image_url":"","footnotes":""},"categories":[267],"tags":[],"news-type-taxonomy":[],"news-topic-taxonomy":[],"class_list":["post-7699","news","type-news","status-publish","has-post-thumbnail","hentry","category-au-service-du-lien-client"],"acf":[],"yoast_head":"<!-- This site is optimized with the Yoast SEO plugin v27.5 - https:\/\/yoast.com\/product\/yoast-seo-wordpress\/ -->\n<title>Fr\u00e9d\u00e9rique Picard, Carel : &quot;Nos valeurs et notre savoir-faire nous soutiennent dans un march\u00e9 changeant.&quot; - Altavia<\/title>\n<meta name=\"robots\" content=\"index, follow, max-snippet:-1, max-image-preview:large, max-video-preview:-1\" \/>\n<meta property=\"og:locale\" content=\"fr_FR\" \/>\n<meta property=\"og:type\" content=\"article\" \/>\n<meta property=\"og:title\" content=\"Fr\u00e9d\u00e9rique Picard, Carel : &quot;Nos valeurs et notre savoir-faire nous soutiennent dans un march\u00e9 changeant.&quot; - Altavia\" \/>\n<meta property=\"og:description\" content=\"La digitalisation toujours plus marqu\u00e9e de la soci\u00e9t\u00e9 transforme en profondeur nos habitudes d&#039;achat, et fait le jeu des acteurs de la fast fashion.\" \/>\n<meta property=\"og:url\" content=\"http:\/\/altavia-group.com\/fr\/news\/frederique-picard-carel-nos-valeurs-et-notre-savoir-faire-nous-soutiennent-dans-un-marche-changeant\/\" \/>\n<meta property=\"og:site_name\" content=\"Altavia\" \/>\n<meta property=\"article:modified_time\" content=\"2026-02-09T12:16:44+00:00\" \/>\n<meta property=\"og:image\" content=\"http:\/\/altavia-group.com\/wp-content\/uploads\/2026\/02\/Portrait-Frederique-Picard-1-1.jpeg\" \/>\n\t<meta property=\"og:image:width\" content=\"1\" \/>\n\t<meta property=\"og:image:height\" content=\"1\" \/>\n\t<meta property=\"og:image:type\" content=\"image\/jpeg\" \/>\n<meta name=\"twitter:card\" content=\"summary_large_image\" \/>\n<meta name=\"twitter:label1\" content=\"Est. reading time\" \/>\n\t<meta name=\"twitter:data1\" content=\"7 minutes\" \/>\n<script type=\"application\/ld+json\" class=\"yoast-schema-graph\">{\"@context\":\"https:\\\/\\\/schema.org\",\"@graph\":[{\"@type\":\"WebPage\",\"@id\":\"http:\\\/\\\/altavia-group.com\\\/fr\\\/news\\\/frederique-picard-carel-nos-valeurs-et-notre-savoir-faire-nous-soutiennent-dans-un-marche-changeant\\\/\",\"url\":\"http:\\\/\\\/altavia-group.com\\\/fr\\\/news\\\/frederique-picard-carel-nos-valeurs-et-notre-savoir-faire-nous-soutiennent-dans-un-marche-changeant\\\/\",\"name\":\"Fr\u00e9d\u00e9rique Picard, Carel : \\\"Nos valeurs et notre savoir-faire nous soutiennent dans un march\u00e9 changeant.\\\" - Altavia\",\"isPartOf\":{\"@id\":\"https:\\\/\\\/altavia-group.com\\\/#website\"},\"primaryImageOfPage\":{\"@id\":\"http:\\\/\\\/altavia-group.com\\\/fr\\\/news\\\/frederique-picard-carel-nos-valeurs-et-notre-savoir-faire-nous-soutiennent-dans-un-marche-changeant\\\/#primaryimage\"},\"image\":{\"@id\":\"http:\\\/\\\/altavia-group.com\\\/fr\\\/news\\\/frederique-picard-carel-nos-valeurs-et-notre-savoir-faire-nous-soutiennent-dans-un-marche-changeant\\\/#primaryimage\"},\"thumbnailUrl\":\"https:\\\/\\\/altavia-group.com\\\/wp-content\\\/uploads\\\/2026\\\/02\\\/Portrait-Frederique-Picard-1-1.jpeg\",\"datePublished\":\"2024-05-13T10:04:02+00:00\",\"dateModified\":\"2026-02-09T12:16:44+00:00\",\"breadcrumb\":{\"@id\":\"http:\\\/\\\/altavia-group.com\\\/fr\\\/news\\\/frederique-picard-carel-nos-valeurs-et-notre-savoir-faire-nous-soutiennent-dans-un-marche-changeant\\\/#breadcrumb\"},\"inLanguage\":\"fr-FR\",\"potentialAction\":[{\"@type\":\"ReadAction\",\"target\":[\"http:\\\/\\\/altavia-group.com\\\/fr\\\/news\\\/frederique-picard-carel-nos-valeurs-et-notre-savoir-faire-nous-soutiennent-dans-un-marche-changeant\\\/\"]}]},{\"@type\":\"ImageObject\",\"inLanguage\":\"fr-FR\",\"@id\":\"http:\\\/\\\/altavia-group.com\\\/fr\\\/news\\\/frederique-picard-carel-nos-valeurs-et-notre-savoir-faire-nous-soutiennent-dans-un-marche-changeant\\\/#primaryimage\",\"url\":\"https:\\\/\\\/altavia-group.com\\\/wp-content\\\/uploads\\\/2026\\\/02\\\/Portrait-Frederique-Picard-1-1.jpeg\",\"contentUrl\":\"https:\\\/\\\/altavia-group.com\\\/wp-content\\\/uploads\\\/2026\\\/02\\\/Portrait-Frederique-Picard-1-1.jpeg\",\"caption\":\"Fr\u00e9d\u00e9rique Picard Carel\"},{\"@type\":\"BreadcrumbList\",\"@id\":\"http:\\\/\\\/altavia-group.com\\\/fr\\\/news\\\/frederique-picard-carel-nos-valeurs-et-notre-savoir-faire-nous-soutiennent-dans-un-marche-changeant\\\/#breadcrumb\",\"itemListElement\":[{\"@type\":\"ListItem\",\"position\":1,\"name\":\"Home\",\"item\":\"https:\\\/\\\/altavia-group.com\\\/fr\\\/\"},{\"@type\":\"ListItem\",\"position\":2,\"name\":\"News\",\"item\":\"https:\\\/\\\/altavia-group.com\\\/fr\\\/news\\\/\"},{\"@type\":\"ListItem\",\"position\":3,\"name\":\"Fr\u00e9d\u00e9rique Picard, Carel : \u00ab\u00a0Nos valeurs et notre savoir-faire nous soutiennent dans un march\u00e9 changeant.\u00a0\u00bb\"}]},{\"@type\":\"WebSite\",\"@id\":\"https:\\\/\\\/altavia-group.com\\\/#website\",\"url\":\"https:\\\/\\\/altavia-group.com\\\/\",\"name\":\"Altavia\",\"description\":\"Let\u2019s unlock our imagination.\",\"publisher\":{\"@id\":\"https:\\\/\\\/altavia-group.com\\\/#organization\"},\"potentialAction\":[{\"@type\":\"SearchAction\",\"target\":{\"@type\":\"EntryPoint\",\"urlTemplate\":\"https:\\\/\\\/altavia-group.com\\\/?s={search_term_string}\"},\"query-input\":{\"@type\":\"PropertyValueSpecification\",\"valueRequired\":true,\"valueName\":\"search_term_string\"}}],\"inLanguage\":\"fr-FR\"},{\"@type\":\"Organization\",\"@id\":\"https:\\\/\\\/altavia-group.com\\\/#organization\",\"name\":\"Altavia\",\"url\":\"https:\\\/\\\/altavia-group.com\\\/\",\"logo\":{\"@type\":\"ImageObject\",\"inLanguage\":\"fr-FR\",\"@id\":\"https:\\\/\\\/altavia-group.com\\\/#\\\/schema\\\/logo\\\/image\\\/\",\"url\":\"http:\\\/\\\/altavia-group.com\\\/wp-content\\\/uploads\\\/2024\\\/12\\\/cropped-favicon-altavia.png\",\"contentUrl\":\"http:\\\/\\\/altavia-group.com\\\/wp-content\\\/uploads\\\/2024\\\/12\\\/cropped-favicon-altavia.png\",\"width\":512,\"height\":512,\"caption\":\"Altavia\"},\"image\":{\"@id\":\"https:\\\/\\\/altavia-group.com\\\/#\\\/schema\\\/logo\\\/image\\\/\"}}]}<\/script>\n<!-- \/ Yoast SEO plugin. -->","yoast_head_json":{"title":"Fr\u00e9d\u00e9rique Picard, Carel : \"Nos valeurs et notre savoir-faire nous soutiennent dans un march\u00e9 changeant.\" - Altavia","robots":{"index":"index","follow":"follow","max-snippet":"max-snippet:-1","max-image-preview":"max-image-preview:large","max-video-preview":"max-video-preview:-1"},"og_locale":"fr_FR","og_type":"article","og_title":"Fr\u00e9d\u00e9rique Picard, Carel : \"Nos valeurs et notre savoir-faire nous soutiennent dans un march\u00e9 changeant.\" - Altavia","og_description":"La digitalisation toujours plus marqu\u00e9e de la soci\u00e9t\u00e9 transforme en profondeur nos habitudes d'achat, et fait le jeu des acteurs de la fast fashion.","og_url":"http:\/\/altavia-group.com\/fr\/news\/frederique-picard-carel-nos-valeurs-et-notre-savoir-faire-nous-soutiennent-dans-un-marche-changeant\/","og_site_name":"Altavia","article_modified_time":"2026-02-09T12:16:44+00:00","og_image":[{"url":"http:\/\/altavia-group.com\/wp-content\/uploads\/2026\/02\/Portrait-Frederique-Picard-1-1.jpeg","width":1,"height":1,"type":"image\/jpeg"}],"twitter_card":"summary_large_image","twitter_misc":{"Est. reading time":"7 minutes"},"schema":{"@context":"https:\/\/schema.org","@graph":[{"@type":"WebPage","@id":"http:\/\/altavia-group.com\/fr\/news\/frederique-picard-carel-nos-valeurs-et-notre-savoir-faire-nous-soutiennent-dans-un-marche-changeant\/","url":"http:\/\/altavia-group.com\/fr\/news\/frederique-picard-carel-nos-valeurs-et-notre-savoir-faire-nous-soutiennent-dans-un-marche-changeant\/","name":"Fr\u00e9d\u00e9rique Picard, Carel : \"Nos valeurs et notre savoir-faire nous soutiennent dans un march\u00e9 changeant.\" - Altavia","isPartOf":{"@id":"https:\/\/altavia-group.com\/#website"},"primaryImageOfPage":{"@id":"http:\/\/altavia-group.com\/fr\/news\/frederique-picard-carel-nos-valeurs-et-notre-savoir-faire-nous-soutiennent-dans-un-marche-changeant\/#primaryimage"},"image":{"@id":"http:\/\/altavia-group.com\/fr\/news\/frederique-picard-carel-nos-valeurs-et-notre-savoir-faire-nous-soutiennent-dans-un-marche-changeant\/#primaryimage"},"thumbnailUrl":"https:\/\/altavia-group.com\/wp-content\/uploads\/2026\/02\/Portrait-Frederique-Picard-1-1.jpeg","datePublished":"2024-05-13T10:04:02+00:00","dateModified":"2026-02-09T12:16:44+00:00","breadcrumb":{"@id":"http:\/\/altavia-group.com\/fr\/news\/frederique-picard-carel-nos-valeurs-et-notre-savoir-faire-nous-soutiennent-dans-un-marche-changeant\/#breadcrumb"},"inLanguage":"fr-FR","potentialAction":[{"@type":"ReadAction","target":["http:\/\/altavia-group.com\/fr\/news\/frederique-picard-carel-nos-valeurs-et-notre-savoir-faire-nous-soutiennent-dans-un-marche-changeant\/"]}]},{"@type":"ImageObject","inLanguage":"fr-FR","@id":"http:\/\/altavia-group.com\/fr\/news\/frederique-picard-carel-nos-valeurs-et-notre-savoir-faire-nous-soutiennent-dans-un-marche-changeant\/#primaryimage","url":"https:\/\/altavia-group.com\/wp-content\/uploads\/2026\/02\/Portrait-Frederique-Picard-1-1.jpeg","contentUrl":"https:\/\/altavia-group.com\/wp-content\/uploads\/2026\/02\/Portrait-Frederique-Picard-1-1.jpeg","caption":"Fr\u00e9d\u00e9rique Picard Carel"},{"@type":"BreadcrumbList","@id":"http:\/\/altavia-group.com\/fr\/news\/frederique-picard-carel-nos-valeurs-et-notre-savoir-faire-nous-soutiennent-dans-un-marche-changeant\/#breadcrumb","itemListElement":[{"@type":"ListItem","position":1,"name":"Home","item":"https:\/\/altavia-group.com\/fr\/"},{"@type":"ListItem","position":2,"name":"News","item":"https:\/\/altavia-group.com\/fr\/news\/"},{"@type":"ListItem","position":3,"name":"Fr\u00e9d\u00e9rique Picard, Carel : \u00ab\u00a0Nos valeurs et notre savoir-faire nous soutiennent dans un march\u00e9 changeant.\u00a0\u00bb"}]},{"@type":"WebSite","@id":"https:\/\/altavia-group.com\/#website","url":"https:\/\/altavia-group.com\/","name":"Altavia","description":"Let\u2019s unlock our imagination.","publisher":{"@id":"https:\/\/altavia-group.com\/#organization"},"potentialAction":[{"@type":"SearchAction","target":{"@type":"EntryPoint","urlTemplate":"https:\/\/altavia-group.com\/?s={search_term_string}"},"query-input":{"@type":"PropertyValueSpecification","valueRequired":true,"valueName":"search_term_string"}}],"inLanguage":"fr-FR"},{"@type":"Organization","@id":"https:\/\/altavia-group.com\/#organization","name":"Altavia","url":"https:\/\/altavia-group.com\/","logo":{"@type":"ImageObject","inLanguage":"fr-FR","@id":"https:\/\/altavia-group.com\/#\/schema\/logo\/image\/","url":"http:\/\/altavia-group.com\/wp-content\/uploads\/2024\/12\/cropped-favicon-altavia.png","contentUrl":"http:\/\/altavia-group.com\/wp-content\/uploads\/2024\/12\/cropped-favicon-altavia.png","width":512,"height":512,"caption":"Altavia"},"image":{"@id":"https:\/\/altavia-group.com\/#\/schema\/logo\/image\/"}}]}},"_links":{"self":[{"href":"https:\/\/altavia-group.com\/fr\/wp-json\/wp\/v2\/news\/7699","targetHints":{"allow":["GET"]}}],"collection":[{"href":"https:\/\/altavia-group.com\/fr\/wp-json\/wp\/v2\/news"}],"about":[{"href":"https:\/\/altavia-group.com\/fr\/wp-json\/wp\/v2\/types\/news"}],"author":[{"embeddable":true,"href":"https:\/\/altavia-group.com\/fr\/wp-json\/wp\/v2\/users\/17"}],"replies":[{"embeddable":true,"href":"https:\/\/altavia-group.com\/fr\/wp-json\/wp\/v2\/comments?post=7699"}],"version-history":[{"count":0,"href":"https:\/\/altavia-group.com\/fr\/wp-json\/wp\/v2\/news\/7699\/revisions"}],"wp:featuredmedia":[{"embeddable":true,"href":"https:\/\/altavia-group.com\/fr\/wp-json\/wp\/v2\/media\/7700"}],"wp:attachment":[{"href":"https:\/\/altavia-group.com\/fr\/wp-json\/wp\/v2\/media?parent=7699"}],"wp:term":[{"taxonomy":"category","embeddable":true,"href":"https:\/\/altavia-group.com\/fr\/wp-json\/wp\/v2\/categories?post=7699"},{"taxonomy":"post_tag","embeddable":true,"href":"https:\/\/altavia-group.com\/fr\/wp-json\/wp\/v2\/tags?post=7699"},{"taxonomy":"news-type-taxonomy","embeddable":true,"href":"https:\/\/altavia-group.com\/fr\/wp-json\/wp\/v2\/news-type-taxonomy?post=7699"},{"taxonomy":"news-topic-taxonomy","embeddable":true,"href":"https:\/\/altavia-group.com\/fr\/wp-json\/wp\/v2\/news-topic-taxonomy?post=7699"}],"curies":[{"name":"wp","href":"https:\/\/api.w.org\/{rel}","templated":true}]}}