{"id":7720,"date":"2024-05-14T11:04:08","date_gmt":"2024-05-14T09:04:08","guid":{"rendered":"https:\/\/altaviagroudev.wpenginepowered.com\/news\/le-role-de-usave-est-avant-tout-social-lukas-lienard-cofondateur-de-usave\/"},"modified":"2026-02-09T13:17:12","modified_gmt":"2026-02-09T12:17:12","slug":"le-role-de-usave-est-avant-tout-social-lukas-lienard-cofondateur-de-usave","status":"publish","type":"news","link":"https:\/\/altavia-group.com\/fr\/news\/le-role-de-usave-est-avant-tout-social-lukas-lienard-cofondateur-de-usave\/","title":{"rendered":"\u201cLe r\u00f4le de Usave est avant tout social\u201d, Lukas Li\u00e9nard, cofondateur de Usave."},"content":{"rendered":"<section class=\"wpb-content-wrapper\"><p>[vc_row css=\u00a0\u00bb.vc_custom_1519392503248{padding-top: 18px !important;}\u00a0\u00bb][vc_column]<div class=\"edgtf-single-image-holder   \">\n    <div class=\"edgtf-si-inner\" >\n                                    <img decoding=\"async\" src=\"https:\/\/altavia-group.com\/wp-content\/uploads\/2026\/02\/Usave-Fondateur-app-1-1.png\" class=\"attachment-full size-full\" alt=\"Usave\" \/>                        <\/div>\n<\/div>[vc_column_text]<\/p>\n<h6>\u00a9 Usave<\/h6>\n<p>[\/vc_column_text][vc_empty_space height=\u00a0\u00bb54px\u00a0\u00bb][\/vc_column][\/vc_row][vc_row][vc_column][vc_column_text]<\/p>\n<h4><span class=\"edgtf-dropcaps edgtf-normal\" style=\"color: #1b1c21\">C<\/span>haque ann\u00e9e, plus de 4 milliards d'euros de produits seraient invendus et ind\u00e9finiment stock\u00e9s dans les r\u00e9serves des magasins. Gr\u00e2ce \u00e0 l'application gratuite Usave, destin\u00e9e \u00e0 \u00e9viter ce gaspillage non alimentaire, les clients particuliers peuvent d\u00e9sormais acheter ces marchandises dormantes, entre -30% et -90% de leur prix. Entretien avec Lukas Li\u00e9nard, cofondateur de la start-up incub\u00e9e \u00e0 Euratechnologies depuis mars 2022.<\/h4>\n<p>\u00a0<\/p>\n<h3>Sur quel principe repose Usave, l'application que vous avez lanc\u00e9e avec Rafael Lopes ?<\/h3>\n<p>\u00a0<\/p>\n<p><strong>Lukas Li\u00e9nard :<\/strong> Usave est une vitrine digitale permettant aux particuliers de d\u00e9couvrir les invendus stock\u00e9s dans les magasins situ\u00e9s \u00e0 proximit\u00e9 et de les acheter en b\u00e9n\u00e9ficiant de r\u00e9ductions. Ces stocks dormants co\u00fbtent en effet tr\u00e8s cher aux magasins, qui n'ont aucun moyen \u00e0 leur disposition pour les revaloriser efficacement.<\/p>\n<p>Dans cette aventure, Rafael et moi avons r\u00e9cemment \u00e9t\u00e9 rejoints par Cyril Maertens, qui occupe la fonction de responsable tech.<\/p>\n<p>\u00a0<\/p>\n<h3>A qui vous adressez-vous principalement ?<\/h3>\n<p>\u00a0<\/p>\n<p><strong>L.L :<\/strong> Aux supermarch\u00e9s et aux hypermarch\u00e9s, dont 15% de l'assortiment correspond \u00e0 du non alimentaire. Il peut s'agir d'\u00e9quipement du foyer, de multim\u00e9dia, de jeux et jouets, ou encore de d\u00e9co, d'ameublement \u2026 Parmi nos clients figurent Carrefour Maket et deux hypermarch\u00e9s Leclerc situ\u00e9s dans le Nord.<\/p>\n<p>Nous nous adressons \u00e9galement aux grandes surfaces sp\u00e9cialis\u00e9es sur le multim\u00e9dia, le bricolage ou encore l'ameublement, comme Boulanger, Leroy Merlin ou Castorama &#8211; avec qui nous d\u00e9ployons d'ailleurs un test sur 3 points de vente -.<\/p>\n<p>Enfin, aux boutiques ind\u00e9pendantes, dont 80% vendent du pr\u00eat-\u00e0-porter,<\/p>\n<p>Comme c'est le cas de Levi's, avec qui nous travaillons beaucoup dans la r\u00e9gion.<\/p>\n<p>\u00a0<\/p>\n<p>Si les r\u00e9sultats de tous ces pilotes se r\u00e9v\u00e8lent positifs, l'id\u00e9e est de dupliquer notre solution, pour atteindre la rentabilit\u00e9.<\/p>\n<p>\u00a0<\/p>\n<h3>Quels sont les b\u00e9n\u00e9fices de Usave pour les retailers\u00a0?<\/h3>\n<p>\u00a0<\/p>\n<p><strong>L.L :<\/strong> Usave s'attaque \u00e0 une probl\u00e9matique \u00e9conomique tr\u00e8s importante pour les retailers et repr\u00e9sente une vraie valeur ajout\u00e9e. La solution permet tout d'abord d'\u00e9conomiser significativement sur les co\u00fbts de reverse logistique\u00a0: tout ce qui est vendu gr\u00e2ce \u00e0 Usave en magasin permet d'\u00e9viter les transports des produits jusqu'\u00e0 l'entrep\u00f4t r\u00e9gional ou m\u00eame national, pour une revente souvent mis\u00e9rable \u00e0 un soldeur ou un grossiste. Ces ventes engendr\u00e9es permettent aussi de renflouer la tr\u00e9sorerie des enseignes. Enfin l'atout de Usave est de reconnecter les magasins aux clients locaux, qui viennent chercher leurs produits sur place.<\/p>\n<p>\u00a0<\/p>\n<h3>Quel secteur g\u00e9ographique couvrez-vous ?<\/h3>\n<p>\u00a0<\/p>\n<p><strong>L.L :<\/strong> Usave est principalement actif dans le Nord. Les Hauts-de-France, notre fief, nous sert de terrain d'exp\u00e9rimentation dans l'objectif, par la suite, d'\u00e9tendre notre concept ailleurs. Nous souhaitons \u00eatre pr\u00e9sents sur tout le territoire fran\u00e7ais d'ici 3 ans.[\/vc_column_text][vc_empty_space height=\u00a0\u00bb54px\u00a0\u00bb]<div class=\"edgtf-single-image-holder   \">\n    <div class=\"edgtf-si-inner\" >\n                                    <img decoding=\"async\" src=\"https:\/\/altavia-group.com\/wp-content\/uploads\/2026\/02\/Newsletter-Auchan-Englos-1-scaled.png\" class=\"attachment-full size-full\" alt=\"Usave\" \/>                        <\/div>\n<\/div>[vc_column_text]<\/p>\n<h6>\u00a9 Usave<\/h6>\n<p>[\/vc_column_text][vc_empty_space][\/vc_column][\/vc_row][vc_row][vc_column][vc_column_text]<\/p>\n<h3>Usave a d\u00e9j\u00e0 remport\u00e9 plusieurs concours (prix climat de la MEL, prix coup de c\u0153ur du public Challenge RSE, prix concours de Pitch de la MEL, prix Cr\u00e9asup, prix CAP Magellan, Prix Coup de c\u0153ur du comit\u00e9 2024 au salon One to One Retail e-commerce, Prix Retail Tech des <a href=\"\/?p=19644\" target=\"_blank\" rel=\"noopener\">Grands Prix Focus Retail<\/a>) \u2026 Que repr\u00e9sentent toutes ces distinctions pour l'\u00e9quipe\u00a0?<\/h3>\n<p>\u00a0<\/p>\n<p><strong>L.L :<\/strong> <span style=\"font-weight: 400;\">Au-del\u00e0 de la reconnaissance que ces prix traduisent pour le travail accompli et l'engagement des \u00e9quipes, ils prouvent que Usave s'attaque \u00e0 des sujets de soci\u00e9t\u00e9 absolument centraux : l'anti-gaspi et le pouvoir d'achat des Fran\u00e7ais.\u00a0<\/span><\/p>\n<p>\u00a0<\/p>\n<h3>Soutenir le pouvoir d'achat des Fran\u00e7ais semble \u00eatre le moteur N\u00b01 de Usave\u2026<\/h3>\n<p>\u00a0<\/p>\n<p><strong>L.L :<\/strong> <span style=\"font-weight: 400;\">C'est tout \u00e0 fait juste. Usave a surtout \u00e9t\u00e9 cr\u00e9\u00e9 pour am\u00e9liorer le pouvoir d'achat des Fran\u00e7ais. Notre r\u00f4le est avant tout social.<\/span><\/p>\n<p><span style=\"font-weight: 400;\">Nous sommes tous habit\u00e9s par l'envie de faire mieux pour pr\u00e9server l'environnement et il est clair que l'achat d'invendus est vertueux \u00e9cologiquement mais notre moteur No1 est d'aider les Fran\u00e7ais \u00e0 acheter ce dont ils ont besoin sans \u00eatre oblig\u00e9s de prioriser ni m\u00eame de renoncer.<\/span><\/p>\n<p>\u00a0<\/p>\n<h3>Au fait, quel a \u00e9t\u00e9 votre parcours avant de fonder Usave ?<\/h3>\n<p>\u00a0<\/p>\n<p><strong>L.L :<\/strong> <span style=\"font-weight: 400;\">J'ai suivi un DUT technique de commercialisation \u00e0 Roubaix, o\u00f9 j'ai rencontr\u00e9 Rafael. Puis direction S\u00e9ville, en Erasmus, pour \u00e9tudier l'administration des entreprises. Je suis ensuite all\u00e9 \u00e0 l'IAE de Lille, o\u00f9 j'ai ador\u00e9 \u00e9tudier. Pendant mon master, j'ai pr\u00e9sent\u00e9 un concours de n\u00e9gociation\u00a0: je suis arriv\u00e9 2<\/span><span style=\"font-weight: 400;\">e<\/span><span style=\"font-weight: 400;\"> place sur 5000, ce qui m'a permis de tester une alternance diff\u00e9rente dans la Tech. Je me suis plong\u00e9 dans le sujet de Usave \u00e0 cette p\u00e9riode-l\u00e0 et j'ai vite r\u00e9alis\u00e9 qu'il me faudrait y consacrer tout mon temps.<\/span>[\/vc_column_text][vc_empty_space height=\u00a0\u00bb54px\u00a0\u00bb]<div class=\"edgtf-single-image-holder   edgtf-image-behavior-custom-link\">\n    <div class=\"edgtf-si-inner\" >\n        \t            <a itemprop=\"url\" href=\"https:\/\/www.altavia-nantes.com\/projet\/plv-eco-responsables\/?utm_campaign=EcoEmballage&#038;utm_source=AltaviaWatch&#038;utm_medium=article\" target=\"_blank\">\n                                                                    <\/a>\n            <\/div>\n<\/div>[vc_column_text]<\/p>\n<h6>\u00a9 Usave<\/h6>\n<p>[\/vc_column_text][vc_empty_space][\/vc_column][\/vc_row]<\/p>\n<\/section>","protected":false},"excerpt":{"rendered":"<p>Chaque ann\u00e9e, plus de 4 milliards d\u2019euros de produits seraient invendus et ind\u00e9finiment stock\u00e9s dans les r\u00e9serves des magasins.<\/p>\n","protected":false},"author":17,"featured_media":7721,"menu_order":0,"comment_status":"closed","ping_status":"closed","template":"","meta":{"_acf_changed":false,"color_menu":"","footer_color_background":"","featured_image_url":"","footnotes":""},"categories":[291],"tags":[],"news-type-taxonomy":[],"news-topic-taxonomy":[],"class_list":["post-7720","news","type-news","status-publish","has-post-thumbnail","hentry","category-retailtech-good-care"],"acf":[],"yoast_head":"<!-- This site is optimized with the Yoast SEO plugin v27.5 - https:\/\/yoast.com\/product\/yoast-seo-wordpress\/ -->\n<title>\u201cLe r\u00f4le de Usave est avant tout social\u201d, Lukas Li\u00e9nard, cofondateur de Usave. - Altavia<\/title>\n<meta name=\"robots\" content=\"index, follow, max-snippet:-1, max-image-preview:large, max-video-preview:-1\" \/>\n<meta property=\"og:locale\" content=\"fr_FR\" \/>\n<meta property=\"og:type\" content=\"article\" \/>\n<meta property=\"og:title\" content=\"\u201cLe r\u00f4le de Usave est avant tout social\u201d, Lukas Li\u00e9nard, cofondateur de Usave. - Altavia\" \/>\n<meta property=\"og:description\" content=\"Chaque ann\u00e9e, plus de 4 milliards d\u2019euros de produits seraient invendus et ind\u00e9finiment stock\u00e9s dans les r\u00e9serves des magasins.\" \/>\n<meta property=\"og:url\" content=\"http:\/\/altavia-group.com\/fr\/news\/le-role-de-usave-est-avant-tout-social-lukas-lienard-cofondateur-de-usave\/\" \/>\n<meta property=\"og:site_name\" content=\"Altavia\" \/>\n<meta property=\"article:modified_time\" content=\"2026-02-09T12:17:12+00:00\" \/>\n<meta property=\"og:image\" content=\"http:\/\/altavia-group.com\/wp-content\/uploads\/2026\/02\/Usave-Fondateur-app-1-1.png\" \/>\n\t<meta property=\"og:image:width\" content=\"1\" \/>\n\t<meta property=\"og:image:height\" content=\"1\" \/>\n\t<meta property=\"og:image:type\" content=\"image\/png\" \/>\n<meta name=\"twitter:card\" content=\"summary_large_image\" \/>\n<meta name=\"twitter:label1\" content=\"Est. reading time\" \/>\n\t<meta name=\"twitter:data1\" content=\"5 minutes\" \/>\n<script type=\"application\/ld+json\" class=\"yoast-schema-graph\">{\"@context\":\"https:\\\/\\\/schema.org\",\"@graph\":[{\"@type\":\"WebPage\",\"@id\":\"http:\\\/\\\/altavia-group.com\\\/fr\\\/news\\\/le-role-de-usave-est-avant-tout-social-lukas-lienard-cofondateur-de-usave\\\/\",\"url\":\"http:\\\/\\\/altavia-group.com\\\/fr\\\/news\\\/le-role-de-usave-est-avant-tout-social-lukas-lienard-cofondateur-de-usave\\\/\",\"name\":\"\u201cLe r\u00f4le de Usave est avant tout social\u201d, Lukas Li\u00e9nard, cofondateur de Usave. - Altavia\",\"isPartOf\":{\"@id\":\"https:\\\/\\\/altavia-group.com\\\/#website\"},\"primaryImageOfPage\":{\"@id\":\"http:\\\/\\\/altavia-group.com\\\/fr\\\/news\\\/le-role-de-usave-est-avant-tout-social-lukas-lienard-cofondateur-de-usave\\\/#primaryimage\"},\"image\":{\"@id\":\"http:\\\/\\\/altavia-group.com\\\/fr\\\/news\\\/le-role-de-usave-est-avant-tout-social-lukas-lienard-cofondateur-de-usave\\\/#primaryimage\"},\"thumbnailUrl\":\"https:\\\/\\\/altavia-group.com\\\/wp-content\\\/uploads\\\/2026\\\/02\\\/Usave-Fondateur-app-1-1.png\",\"datePublished\":\"2024-05-14T09:04:08+00:00\",\"dateModified\":\"2026-02-09T12:17:12+00:00\",\"breadcrumb\":{\"@id\":\"http:\\\/\\\/altavia-group.com\\\/fr\\\/news\\\/le-role-de-usave-est-avant-tout-social-lukas-lienard-cofondateur-de-usave\\\/#breadcrumb\"},\"inLanguage\":\"fr-FR\",\"potentialAction\":[{\"@type\":\"ReadAction\",\"target\":[\"http:\\\/\\\/altavia-group.com\\\/fr\\\/news\\\/le-role-de-usave-est-avant-tout-social-lukas-lienard-cofondateur-de-usave\\\/\"]}]},{\"@type\":\"ImageObject\",\"inLanguage\":\"fr-FR\",\"@id\":\"http:\\\/\\\/altavia-group.com\\\/fr\\\/news\\\/le-role-de-usave-est-avant-tout-social-lukas-lienard-cofondateur-de-usave\\\/#primaryimage\",\"url\":\"https:\\\/\\\/altavia-group.com\\\/wp-content\\\/uploads\\\/2026\\\/02\\\/Usave-Fondateur-app-1-1.png\",\"contentUrl\":\"https:\\\/\\\/altavia-group.com\\\/wp-content\\\/uploads\\\/2026\\\/02\\\/Usave-Fondateur-app-1-1.png\",\"caption\":\"Usave\"},{\"@type\":\"BreadcrumbList\",\"@id\":\"http:\\\/\\\/altavia-group.com\\\/fr\\\/news\\\/le-role-de-usave-est-avant-tout-social-lukas-lienard-cofondateur-de-usave\\\/#breadcrumb\",\"itemListElement\":[{\"@type\":\"ListItem\",\"position\":1,\"name\":\"Home\",\"item\":\"https:\\\/\\\/altavia-group.com\\\/fr\\\/\"},{\"@type\":\"ListItem\",\"position\":2,\"name\":\"News\",\"item\":\"https:\\\/\\\/altavia-group.com\\\/fr\\\/news\\\/\"},{\"@type\":\"ListItem\",\"position\":3,\"name\":\"\u201cLe r\u00f4le de Usave est avant tout social\u201d, Lukas Li\u00e9nard, cofondateur de Usave.\"}]},{\"@type\":\"WebSite\",\"@id\":\"https:\\\/\\\/altavia-group.com\\\/#website\",\"url\":\"https:\\\/\\\/altavia-group.com\\\/\",\"name\":\"Altavia\",\"description\":\"Let\u2019s unlock our imagination.\",\"publisher\":{\"@id\":\"https:\\\/\\\/altavia-group.com\\\/#organization\"},\"potentialAction\":[{\"@type\":\"SearchAction\",\"target\":{\"@type\":\"EntryPoint\",\"urlTemplate\":\"https:\\\/\\\/altavia-group.com\\\/?s={search_term_string}\"},\"query-input\":{\"@type\":\"PropertyValueSpecification\",\"valueRequired\":true,\"valueName\":\"search_term_string\"}}],\"inLanguage\":\"fr-FR\"},{\"@type\":\"Organization\",\"@id\":\"https:\\\/\\\/altavia-group.com\\\/#organization\",\"name\":\"Altavia\",\"url\":\"https:\\\/\\\/altavia-group.com\\\/\",\"logo\":{\"@type\":\"ImageObject\",\"inLanguage\":\"fr-FR\",\"@id\":\"https:\\\/\\\/altavia-group.com\\\/#\\\/schema\\\/logo\\\/image\\\/\",\"url\":\"http:\\\/\\\/altavia-group.com\\\/wp-content\\\/uploads\\\/2024\\\/12\\\/cropped-favicon-altavia.png\",\"contentUrl\":\"http:\\\/\\\/altavia-group.com\\\/wp-content\\\/uploads\\\/2024\\\/12\\\/cropped-favicon-altavia.png\",\"width\":512,\"height\":512,\"caption\":\"Altavia\"},\"image\":{\"@id\":\"https:\\\/\\\/altavia-group.com\\\/#\\\/schema\\\/logo\\\/image\\\/\"}}]}<\/script>\n<!-- \/ Yoast SEO plugin. -->","yoast_head_json":{"title":"\u201cLe r\u00f4le de Usave est avant tout social\u201d, Lukas Li\u00e9nard, cofondateur de Usave. - Altavia","robots":{"index":"index","follow":"follow","max-snippet":"max-snippet:-1","max-image-preview":"max-image-preview:large","max-video-preview":"max-video-preview:-1"},"og_locale":"fr_FR","og_type":"article","og_title":"\u201cLe r\u00f4le de Usave est avant tout social\u201d, Lukas Li\u00e9nard, cofondateur de Usave. - Altavia","og_description":"Chaque ann\u00e9e, plus de 4 milliards d\u2019euros de produits seraient invendus et ind\u00e9finiment stock\u00e9s dans les r\u00e9serves des magasins.","og_url":"http:\/\/altavia-group.com\/fr\/news\/le-role-de-usave-est-avant-tout-social-lukas-lienard-cofondateur-de-usave\/","og_site_name":"Altavia","article_modified_time":"2026-02-09T12:17:12+00:00","og_image":[{"url":"http:\/\/altavia-group.com\/wp-content\/uploads\/2026\/02\/Usave-Fondateur-app-1-1.png","width":1,"height":1,"type":"image\/png"}],"twitter_card":"summary_large_image","twitter_misc":{"Est. reading time":"5 minutes"},"schema":{"@context":"https:\/\/schema.org","@graph":[{"@type":"WebPage","@id":"http:\/\/altavia-group.com\/fr\/news\/le-role-de-usave-est-avant-tout-social-lukas-lienard-cofondateur-de-usave\/","url":"http:\/\/altavia-group.com\/fr\/news\/le-role-de-usave-est-avant-tout-social-lukas-lienard-cofondateur-de-usave\/","name":"\u201cLe r\u00f4le de Usave est avant tout social\u201d, Lukas Li\u00e9nard, cofondateur de Usave. - Altavia","isPartOf":{"@id":"https:\/\/altavia-group.com\/#website"},"primaryImageOfPage":{"@id":"http:\/\/altavia-group.com\/fr\/news\/le-role-de-usave-est-avant-tout-social-lukas-lienard-cofondateur-de-usave\/#primaryimage"},"image":{"@id":"http:\/\/altavia-group.com\/fr\/news\/le-role-de-usave-est-avant-tout-social-lukas-lienard-cofondateur-de-usave\/#primaryimage"},"thumbnailUrl":"https:\/\/altavia-group.com\/wp-content\/uploads\/2026\/02\/Usave-Fondateur-app-1-1.png","datePublished":"2024-05-14T09:04:08+00:00","dateModified":"2026-02-09T12:17:12+00:00","breadcrumb":{"@id":"http:\/\/altavia-group.com\/fr\/news\/le-role-de-usave-est-avant-tout-social-lukas-lienard-cofondateur-de-usave\/#breadcrumb"},"inLanguage":"fr-FR","potentialAction":[{"@type":"ReadAction","target":["http:\/\/altavia-group.com\/fr\/news\/le-role-de-usave-est-avant-tout-social-lukas-lienard-cofondateur-de-usave\/"]}]},{"@type":"ImageObject","inLanguage":"fr-FR","@id":"http:\/\/altavia-group.com\/fr\/news\/le-role-de-usave-est-avant-tout-social-lukas-lienard-cofondateur-de-usave\/#primaryimage","url":"https:\/\/altavia-group.com\/wp-content\/uploads\/2026\/02\/Usave-Fondateur-app-1-1.png","contentUrl":"https:\/\/altavia-group.com\/wp-content\/uploads\/2026\/02\/Usave-Fondateur-app-1-1.png","caption":"Usave"},{"@type":"BreadcrumbList","@id":"http:\/\/altavia-group.com\/fr\/news\/le-role-de-usave-est-avant-tout-social-lukas-lienard-cofondateur-de-usave\/#breadcrumb","itemListElement":[{"@type":"ListItem","position":1,"name":"Home","item":"https:\/\/altavia-group.com\/fr\/"},{"@type":"ListItem","position":2,"name":"News","item":"https:\/\/altavia-group.com\/fr\/news\/"},{"@type":"ListItem","position":3,"name":"\u201cLe r\u00f4le de Usave est avant tout social\u201d, Lukas Li\u00e9nard, cofondateur de Usave."}]},{"@type":"WebSite","@id":"https:\/\/altavia-group.com\/#website","url":"https:\/\/altavia-group.com\/","name":"Altavia","description":"Let\u2019s unlock our imagination.","publisher":{"@id":"https:\/\/altavia-group.com\/#organization"},"potentialAction":[{"@type":"SearchAction","target":{"@type":"EntryPoint","urlTemplate":"https:\/\/altavia-group.com\/?s={search_term_string}"},"query-input":{"@type":"PropertyValueSpecification","valueRequired":true,"valueName":"search_term_string"}}],"inLanguage":"fr-FR"},{"@type":"Organization","@id":"https:\/\/altavia-group.com\/#organization","name":"Altavia","url":"https:\/\/altavia-group.com\/","logo":{"@type":"ImageObject","inLanguage":"fr-FR","@id":"https:\/\/altavia-group.com\/#\/schema\/logo\/image\/","url":"http:\/\/altavia-group.com\/wp-content\/uploads\/2024\/12\/cropped-favicon-altavia.png","contentUrl":"http:\/\/altavia-group.com\/wp-content\/uploads\/2024\/12\/cropped-favicon-altavia.png","width":512,"height":512,"caption":"Altavia"},"image":{"@id":"https:\/\/altavia-group.com\/#\/schema\/logo\/image\/"}}]}},"_links":{"self":[{"href":"https:\/\/altavia-group.com\/fr\/wp-json\/wp\/v2\/news\/7720","targetHints":{"allow":["GET"]}}],"collection":[{"href":"https:\/\/altavia-group.com\/fr\/wp-json\/wp\/v2\/news"}],"about":[{"href":"https:\/\/altavia-group.com\/fr\/wp-json\/wp\/v2\/types\/news"}],"author":[{"embeddable":true,"href":"https:\/\/altavia-group.com\/fr\/wp-json\/wp\/v2\/users\/17"}],"replies":[{"embeddable":true,"href":"https:\/\/altavia-group.com\/fr\/wp-json\/wp\/v2\/comments?post=7720"}],"version-history":[{"count":0,"href":"https:\/\/altavia-group.com\/fr\/wp-json\/wp\/v2\/news\/7720\/revisions"}],"wp:featuredmedia":[{"embeddable":true,"href":"https:\/\/altavia-group.com\/fr\/wp-json\/wp\/v2\/media\/7721"}],"wp:attachment":[{"href":"https:\/\/altavia-group.com\/fr\/wp-json\/wp\/v2\/media?parent=7720"}],"wp:term":[{"taxonomy":"category","embeddable":true,"href":"https:\/\/altavia-group.com\/fr\/wp-json\/wp\/v2\/categories?post=7720"},{"taxonomy":"post_tag","embeddable":true,"href":"https:\/\/altavia-group.com\/fr\/wp-json\/wp\/v2\/tags?post=7720"},{"taxonomy":"news-type-taxonomy","embeddable":true,"href":"https:\/\/altavia-group.com\/fr\/wp-json\/wp\/v2\/news-type-taxonomy?post=7720"},{"taxonomy":"news-topic-taxonomy","embeddable":true,"href":"https:\/\/altavia-group.com\/fr\/wp-json\/wp\/v2\/news-topic-taxonomy?post=7720"}],"curies":[{"name":"wp","href":"https:\/\/api.w.org\/{rel}","templated":true}]}}