{"id":7756,"date":"2024-05-29T18:06:34","date_gmt":"2024-05-29T16:06:34","guid":{"rendered":"https:\/\/altaviagroudev.wpenginepowered.com\/news\/fastned-ouvre-sa-1re-station-service-autoroutiere-en-belgique-et-offre-un-apercu-de-lavenir-de-la-recharge-des-vehicules-electriques\/"},"modified":"2026-02-09T13:17:35","modified_gmt":"2026-02-09T12:17:35","slug":"fastned-ouvre-sa-1re-station-service-autoroutiere-en-belgique-et-offre-un-apercu-de-lavenir-de-la-recharge-des-vehicules-electriques","status":"publish","type":"news","link":"https:\/\/altavia-group.com\/fr\/news\/fastned-ouvre-sa-1re-station-service-autoroutiere-en-belgique-et-offre-un-apercu-de-lavenir-de-la-recharge-des-vehicules-electriques\/","title":{"rendered":"Fastned ouvre sa 1re station-service autorouti\u00e8re en Belgique et offre un aper\u00e7u de l&rsquo;avenir de la recharge des v\u00e9hicules \u00e9lectriques."},"content":{"rendered":"<section class=\"wpb-content-wrapper\"><p>[vc_row css=\u00a0\u00bb.vc_custom_1519392503248{padding-top: 18px !important;}\u00a0\u00bb][vc_column]<div class=\"edgtf-single-image-holder   \">\n    <div class=\"edgtf-si-inner\" >\n                                                            <\/div>\n<\/div>[vc_column_text]<em>\u00a9 Fastned<\/em>[\/vc_column_text][vc_empty_space height=\u00a0\u00bb54px\u00a0\u00bb][vc_column_text]<span class=\"edgtf-dropcaps edgtf-normal\" style=\"color: #1b1c21\">F<\/span><span style=\"font-weight: 400;\">astned a inaugur\u00e9 sa premi\u00e8re station-service autorouti\u00e8re en Belgique, marquant une \u00e9tape importante dans les infrastructures de voyage durables. Situ\u00e9e sur l&rsquo;E19 \u00e0 Brecht, entre Anvers et Breda, cette nouvelle installation est bien plus qu&rsquo;une simple station de recharge \u2014 c&rsquo;est un m\u00e9lange innovant de commodit\u00e9 et de durabilit\u00e9, con\u00e7u pour r\u00e9pondre aux besoins \u00e9volutifs des conducteurs de VE.<\/span><\/p>\n<p>\u00a0<\/p>\n<h3><b>L&rsquo;avenir des stations services d'autoroute.<\/b><\/h3>\n<p>\u00a0<\/p>\n<p><span style=\"font-weight: 400;\">La nouvelle station-service de Fastned repr\u00e9sente une approche avant-gardiste des commodit\u00e9s autorouti\u00e8res, offrant une gamme de services qui am\u00e9liorent l&rsquo;exp\u00e9rience de recharge. Elle est la premi\u00e8re de son genre \u00e0 proposer un magasin, un restaurant et des installations sanitaires, fournissant une solution holistique pour les voyageurs. L&rsquo;entreprise a judicieusement surnomm\u00e9 ce concept la \"station-service autorouti\u00e8re de l&rsquo;avenir\", soulignant son engagement envers la durabilit\u00e9 et le confort des clients.<\/span><\/p>\n<p>\u00a0<\/p>\n<div id=\"attachment_28344\" class=\"wp-caption aligncenter\" style=\"width: 1200px\"><img decoding=\"async\" loading=\"lazy\" class=\"wp-image-7757 size-full\" src=\"https:\/\/altavia-group.com\/wp-content\/uploads\/2024\/05\/fastnedbrecht3.jpeg\" alt=\"Fastned\" width=\"1200\" height=\"675\" \/><p class=\"wp-caption-text\">\u00a9 Fastned<\/p><\/div>\n<h3><\/h3>\n<p><b>Conception durable et confort.<\/b><\/p>\n<p><span style=\"font-weight: 400;\">Le design de la station t\u00e9moigne de l&rsquo;engagement de Fastned en faveur de la durabilit\u00e9. Construit avec des mat\u00e9riaux durables comme le bois, le b\u00e2timent vise l&rsquo;efficacit\u00e9 \u00e9nerg\u00e9tique, int\u00e9grant une pompe \u00e0 chaleur et des panneaux solaires sur son toit v\u00e9g\u00e9talis\u00e9 pour g\u00e9n\u00e9rer sa propre \u00e9nergie. Un parti pris \u00e9cologique dont l'int\u00e9rieur du b\u00e2timent, o\u00f9 les visiteurs peuvent se d\u00e9tendre sur des canap\u00e9s confortables dans la zone \u00ab Greenhouse \u00bb, en savourant un caf\u00e9 frais de Bocca se fait aussi l'\u00e9cho. <\/span><\/p>\n<p>\u00a0<\/p>\n<a href=\"\/?page_id=28394\" target=\"_blank\" rel=\"noopener\"><img decoding=\"async\" loading=\"lazy\" class=\"aligncenter wp-image-7758 size-full\" src=\"https:\/\/altavia-group.com\/wp-content\/uploads\/2024\/05\/Hyundai-Altavia-Unite-FR.png\" alt=\"Hyundai Altavia Unite\" width=\"1600\" height=\"810\" \/><\/a>\n<p>\u00a0<\/p>\n<h3><b>Des ambitions plus grandes.<\/b><\/h3>\n<p>\u00a0<\/p>\n<p><span style=\"font-weight: 400;\">La vision de Fastned s&rsquo;\u00e9tend au-del\u00e0 de la Belgique. L&rsquo;entreprise pr\u00e9voit d&rsquo;introduire des stations-service similaires dans d&rsquo;autres lieux, la prochaine devant ouvrir l&rsquo;ann\u00e9e prochaine, \u00e0 Gentbrugge sur l&rsquo;autoroute E17. Une expansion qui s'int\u00e8gre dans une strat\u00e9gie plus vaste, visant \u00e0 am\u00e9liorer l&rsquo;infrastructure de recharge \u00e0 travers l&rsquo;Europe.\u00a0<\/span><\/p>\n<p><span style=\"font-weight: 400;\">En Allemagne, Fastned ambitionne de transformer les 34 emplacements autoroutiers qu&rsquo;elle a obtenus par le biais d&rsquo;un appel d&rsquo;offres, en se concentrant sur une am\u00e9lioration significative de l&rsquo;exp\u00e9rience client.<\/span><\/p>\n<p><span style=\"font-weight: 400;\">La premi\u00e8re station-service autorouti\u00e8re de Fastned en Belgique est une \u00e9tape pionni\u00e8re vers un avenir o\u00f9 la recharge des v\u00e9hicules \u00e9lectriques se veut non seulement plus efficace et durable, mais offre aussi au client une exp\u00e9rience plus agr\u00e9able. En int\u00e9grant au sein de ses stations des magasins, des restaurants et des espaces de d\u00e9tente, Fastned d\u00e9finit ici les nouveaux standards des infrastructures VE.\u00a0 Alors que l&rsquo;entreprise continue de s&rsquo;\u00e9tendre et d&rsquo;innover, la vision d&rsquo;un r\u00e9seau de recharge complet et ax\u00e9 sur le client devient une r\u00e9alit\u00e9.<\/span>[\/vc_column_text][\/vc_column][\/vc_row][vc_row][vc_column][vc_empty_space height=\u00a0\u00bb37px\u00a0\u00bb][\/vc_column][\/vc_row][vc_row][vc_column][vc_empty_space height=\u00a0\u00bb54px\u00a0\u00bb][vc_column_text]<\/p>\n<h4><em>Cet article est tir\u00e9 de notre dossier sp\u00e9cial \u00ab\u00a0Nouvelle mobilit\u00e9\u00a0\u00bb, consacr\u00e9 aux bouleversements profonds que conna\u00eet l'industrie automobile :<\/em><\/h4>\n<p>[\/vc_column_text][vc_empty_space][vc_btn title=\u00a0\u00bbD\u00e9couvrir\u00a0\u00bb style=\u00a0\u00bboutline-custom\u00a0\u00bb outline_custom_color=\u00a0\u00bb#202125&Prime; outline_custom_hover_background=\u00a0\u00bb#202125&Prime; outline_custom_hover_text=\u00a0\u00bb#ffffff\u00a0\u00bb shape=\u00a0\u00bbsquare\u00a0\u00bb link=\u00a0\u00bburl:https%3A%2F%2Faltaviawatch.com%2Fnew-mobility%2F\u00a0\u00bb][\/vc_column][\/vc_row]<\/p>\n<\/section>","protected":false},"excerpt":{"rendered":"<p>La nouvelle station-service de Fastned repr\u00e9sente une approche avant-gardiste des commodit\u00e9s autorouti\u00e8res, offrant une gamme de services qui am\u00e9liorent l&rsquo;exp\u00e9rience de recharge.<\/p>\n","protected":false},"author":17,"featured_media":7757,"menu_order":0,"comment_status":"closed","ping_status":"closed","template":"","meta":{"_acf_changed":false,"color_menu":"","footer_color_background":"","featured_image_url":"","footnotes":""},"categories":[264],"tags":[275],"news-type-taxonomy":[],"news-topic-taxonomy":[],"class_list":["post-7756","news","type-news","status-publish","has-post-thumbnail","hentry","category-retail-analyses","tag-nouvelle-mobilite"],"acf":[],"yoast_head":"<!-- This site is optimized with the Yoast SEO plugin v27.5 - https:\/\/yoast.com\/product\/yoast-seo-wordpress\/ -->\n<title>Fastned ouvre sa 1re station-service autorouti\u00e8re en Belgique et offre un aper\u00e7u de l&#039;avenir de la recharge des v\u00e9hicules \u00e9lectriques. - Altavia<\/title>\n<meta name=\"robots\" content=\"index, follow, max-snippet:-1, max-image-preview:large, max-video-preview:-1\" \/>\n<meta property=\"og:locale\" content=\"fr_FR\" \/>\n<meta property=\"og:type\" content=\"article\" \/>\n<meta property=\"og:title\" content=\"Fastned ouvre sa 1re station-service autorouti\u00e8re en Belgique et offre un aper\u00e7u de l&#039;avenir de la recharge des v\u00e9hicules \u00e9lectriques. - Altavia\" \/>\n<meta property=\"og:description\" content=\"La nouvelle station-service de Fastned repr\u00e9sente une approche avant-gardiste des commodit\u00e9s autorouti\u00e8res, offrant une gamme de services qui am\u00e9liorent l&#039;exp\u00e9rience de recharge.\" \/>\n<meta property=\"og:url\" content=\"https:\/\/altavia-group.com\/fr\/news\/fastned-ouvre-sa-1re-station-service-autoroutiere-en-belgique-et-offre-un-apercu-de-lavenir-de-la-recharge-des-vehicules-electriques\/\" \/>\n<meta property=\"og:site_name\" content=\"Altavia\" \/>\n<meta property=\"article:modified_time\" content=\"2026-02-09T12:17:35+00:00\" \/>\n<meta property=\"og:image\" content=\"https:\/\/altavia-group.com\/wp-content\/uploads\/2026\/02\/fastnedbrecht3-1.jpeg\" \/>\n\t<meta property=\"og:image:width\" content=\"1\" \/>\n\t<meta property=\"og:image:height\" content=\"1\" \/>\n\t<meta property=\"og:image:type\" content=\"image\/jpeg\" \/>\n<meta name=\"twitter:card\" content=\"summary_large_image\" \/>\n<meta name=\"twitter:label1\" content=\"Est. reading time\" \/>\n\t<meta name=\"twitter:data1\" content=\"3 minutes\" \/>\n<script type=\"application\/ld+json\" class=\"yoast-schema-graph\">{\"@context\":\"https:\\\/\\\/schema.org\",\"@graph\":[{\"@type\":\"WebPage\",\"@id\":\"https:\\\/\\\/altavia-group.com\\\/fr\\\/news\\\/fastned-ouvre-sa-1re-station-service-autoroutiere-en-belgique-et-offre-un-apercu-de-lavenir-de-la-recharge-des-vehicules-electriques\\\/\",\"url\":\"https:\\\/\\\/altavia-group.com\\\/fr\\\/news\\\/fastned-ouvre-sa-1re-station-service-autoroutiere-en-belgique-et-offre-un-apercu-de-lavenir-de-la-recharge-des-vehicules-electriques\\\/\",\"name\":\"Fastned ouvre sa 1re station-service autorouti\u00e8re en Belgique et offre un aper\u00e7u de l'avenir de la recharge des v\u00e9hicules \u00e9lectriques. - Altavia\",\"isPartOf\":{\"@id\":\"https:\\\/\\\/altavia-group.com\\\/#website\"},\"primaryImageOfPage\":{\"@id\":\"https:\\\/\\\/altavia-group.com\\\/fr\\\/news\\\/fastned-ouvre-sa-1re-station-service-autoroutiere-en-belgique-et-offre-un-apercu-de-lavenir-de-la-recharge-des-vehicules-electriques\\\/#primaryimage\"},\"image\":{\"@id\":\"https:\\\/\\\/altavia-group.com\\\/fr\\\/news\\\/fastned-ouvre-sa-1re-station-service-autoroutiere-en-belgique-et-offre-un-apercu-de-lavenir-de-la-recharge-des-vehicules-electriques\\\/#primaryimage\"},\"thumbnailUrl\":\"https:\\\/\\\/altavia-group.com\\\/wp-content\\\/uploads\\\/2026\\\/02\\\/fastnedbrecht3-1.jpeg\",\"datePublished\":\"2024-05-29T16:06:34+00:00\",\"dateModified\":\"2026-02-09T12:17:35+00:00\",\"breadcrumb\":{\"@id\":\"https:\\\/\\\/altavia-group.com\\\/fr\\\/news\\\/fastned-ouvre-sa-1re-station-service-autoroutiere-en-belgique-et-offre-un-apercu-de-lavenir-de-la-recharge-des-vehicules-electriques\\\/#breadcrumb\"},\"inLanguage\":\"fr-FR\",\"potentialAction\":[{\"@type\":\"ReadAction\",\"target\":[\"https:\\\/\\\/altavia-group.com\\\/fr\\\/news\\\/fastned-ouvre-sa-1re-station-service-autoroutiere-en-belgique-et-offre-un-apercu-de-lavenir-de-la-recharge-des-vehicules-electriques\\\/\"]}]},{\"@type\":\"ImageObject\",\"inLanguage\":\"fr-FR\",\"@id\":\"https:\\\/\\\/altavia-group.com\\\/fr\\\/news\\\/fastned-ouvre-sa-1re-station-service-autoroutiere-en-belgique-et-offre-un-apercu-de-lavenir-de-la-recharge-des-vehicules-electriques\\\/#primaryimage\",\"url\":\"https:\\\/\\\/altavia-group.com\\\/wp-content\\\/uploads\\\/2026\\\/02\\\/fastnedbrecht3-1.jpeg\",\"contentUrl\":\"https:\\\/\\\/altavia-group.com\\\/wp-content\\\/uploads\\\/2026\\\/02\\\/fastnedbrecht3-1.jpeg\",\"caption\":\"created by dji camera\"},{\"@type\":\"BreadcrumbList\",\"@id\":\"https:\\\/\\\/altavia-group.com\\\/fr\\\/news\\\/fastned-ouvre-sa-1re-station-service-autoroutiere-en-belgique-et-offre-un-apercu-de-lavenir-de-la-recharge-des-vehicules-electriques\\\/#breadcrumb\",\"itemListElement\":[{\"@type\":\"ListItem\",\"position\":1,\"name\":\"Home\",\"item\":\"https:\\\/\\\/altavia-group.com\\\/fr\\\/\"},{\"@type\":\"ListItem\",\"position\":2,\"name\":\"News\",\"item\":\"https:\\\/\\\/altavia-group.com\\\/fr\\\/news\\\/\"},{\"@type\":\"ListItem\",\"position\":3,\"name\":\"Fastned ouvre sa 1re station-service autorouti\u00e8re en Belgique et offre un aper\u00e7u de l&rsquo;avenir de la recharge des v\u00e9hicules \u00e9lectriques.\"}]},{\"@type\":\"WebSite\",\"@id\":\"https:\\\/\\\/altavia-group.com\\\/#website\",\"url\":\"https:\\\/\\\/altavia-group.com\\\/\",\"name\":\"Altavia\",\"description\":\"Let\u2019s unlock our imagination.\",\"publisher\":{\"@id\":\"https:\\\/\\\/altavia-group.com\\\/#organization\"},\"potentialAction\":[{\"@type\":\"SearchAction\",\"target\":{\"@type\":\"EntryPoint\",\"urlTemplate\":\"https:\\\/\\\/altavia-group.com\\\/?s={search_term_string}\"},\"query-input\":{\"@type\":\"PropertyValueSpecification\",\"valueRequired\":true,\"valueName\":\"search_term_string\"}}],\"inLanguage\":\"fr-FR\"},{\"@type\":\"Organization\",\"@id\":\"https:\\\/\\\/altavia-group.com\\\/#organization\",\"name\":\"Altavia\",\"url\":\"https:\\\/\\\/altavia-group.com\\\/\",\"logo\":{\"@type\":\"ImageObject\",\"inLanguage\":\"fr-FR\",\"@id\":\"https:\\\/\\\/altavia-group.com\\\/#\\\/schema\\\/logo\\\/image\\\/\",\"url\":\"http:\\\/\\\/altavia-group.com\\\/wp-content\\\/uploads\\\/2024\\\/12\\\/cropped-favicon-altavia.png\",\"contentUrl\":\"http:\\\/\\\/altavia-group.com\\\/wp-content\\\/uploads\\\/2024\\\/12\\\/cropped-favicon-altavia.png\",\"width\":512,\"height\":512,\"caption\":\"Altavia\"},\"image\":{\"@id\":\"https:\\\/\\\/altavia-group.com\\\/#\\\/schema\\\/logo\\\/image\\\/\"}}]}<\/script>\n<!-- \/ Yoast SEO plugin. -->","yoast_head_json":{"title":"Fastned ouvre sa 1re station-service autorouti\u00e8re en Belgique et offre un aper\u00e7u de l'avenir de la recharge des v\u00e9hicules \u00e9lectriques. - Altavia","robots":{"index":"index","follow":"follow","max-snippet":"max-snippet:-1","max-image-preview":"max-image-preview:large","max-video-preview":"max-video-preview:-1"},"og_locale":"fr_FR","og_type":"article","og_title":"Fastned ouvre sa 1re station-service autorouti\u00e8re en Belgique et offre un aper\u00e7u de l'avenir de la recharge des v\u00e9hicules \u00e9lectriques. - Altavia","og_description":"La nouvelle station-service de Fastned repr\u00e9sente une approche avant-gardiste des commodit\u00e9s autorouti\u00e8res, offrant une gamme de services qui am\u00e9liorent l'exp\u00e9rience de recharge.","og_url":"https:\/\/altavia-group.com\/fr\/news\/fastned-ouvre-sa-1re-station-service-autoroutiere-en-belgique-et-offre-un-apercu-de-lavenir-de-la-recharge-des-vehicules-electriques\/","og_site_name":"Altavia","article_modified_time":"2026-02-09T12:17:35+00:00","og_image":[{"url":"https:\/\/altavia-group.com\/wp-content\/uploads\/2026\/02\/fastnedbrecht3-1.jpeg","width":1,"height":1,"type":"image\/jpeg"}],"twitter_card":"summary_large_image","twitter_misc":{"Est. reading time":"3 minutes"},"schema":{"@context":"https:\/\/schema.org","@graph":[{"@type":"WebPage","@id":"https:\/\/altavia-group.com\/fr\/news\/fastned-ouvre-sa-1re-station-service-autoroutiere-en-belgique-et-offre-un-apercu-de-lavenir-de-la-recharge-des-vehicules-electriques\/","url":"https:\/\/altavia-group.com\/fr\/news\/fastned-ouvre-sa-1re-station-service-autoroutiere-en-belgique-et-offre-un-apercu-de-lavenir-de-la-recharge-des-vehicules-electriques\/","name":"Fastned ouvre sa 1re station-service autorouti\u00e8re en Belgique et offre un aper\u00e7u de l'avenir de la recharge des v\u00e9hicules \u00e9lectriques. - Altavia","isPartOf":{"@id":"https:\/\/altavia-group.com\/#website"},"primaryImageOfPage":{"@id":"https:\/\/altavia-group.com\/fr\/news\/fastned-ouvre-sa-1re-station-service-autoroutiere-en-belgique-et-offre-un-apercu-de-lavenir-de-la-recharge-des-vehicules-electriques\/#primaryimage"},"image":{"@id":"https:\/\/altavia-group.com\/fr\/news\/fastned-ouvre-sa-1re-station-service-autoroutiere-en-belgique-et-offre-un-apercu-de-lavenir-de-la-recharge-des-vehicules-electriques\/#primaryimage"},"thumbnailUrl":"https:\/\/altavia-group.com\/wp-content\/uploads\/2026\/02\/fastnedbrecht3-1.jpeg","datePublished":"2024-05-29T16:06:34+00:00","dateModified":"2026-02-09T12:17:35+00:00","breadcrumb":{"@id":"https:\/\/altavia-group.com\/fr\/news\/fastned-ouvre-sa-1re-station-service-autoroutiere-en-belgique-et-offre-un-apercu-de-lavenir-de-la-recharge-des-vehicules-electriques\/#breadcrumb"},"inLanguage":"fr-FR","potentialAction":[{"@type":"ReadAction","target":["https:\/\/altavia-group.com\/fr\/news\/fastned-ouvre-sa-1re-station-service-autoroutiere-en-belgique-et-offre-un-apercu-de-lavenir-de-la-recharge-des-vehicules-electriques\/"]}]},{"@type":"ImageObject","inLanguage":"fr-FR","@id":"https:\/\/altavia-group.com\/fr\/news\/fastned-ouvre-sa-1re-station-service-autoroutiere-en-belgique-et-offre-un-apercu-de-lavenir-de-la-recharge-des-vehicules-electriques\/#primaryimage","url":"https:\/\/altavia-group.com\/wp-content\/uploads\/2026\/02\/fastnedbrecht3-1.jpeg","contentUrl":"https:\/\/altavia-group.com\/wp-content\/uploads\/2026\/02\/fastnedbrecht3-1.jpeg","caption":"created by dji camera"},{"@type":"BreadcrumbList","@id":"https:\/\/altavia-group.com\/fr\/news\/fastned-ouvre-sa-1re-station-service-autoroutiere-en-belgique-et-offre-un-apercu-de-lavenir-de-la-recharge-des-vehicules-electriques\/#breadcrumb","itemListElement":[{"@type":"ListItem","position":1,"name":"Home","item":"https:\/\/altavia-group.com\/fr\/"},{"@type":"ListItem","position":2,"name":"News","item":"https:\/\/altavia-group.com\/fr\/news\/"},{"@type":"ListItem","position":3,"name":"Fastned ouvre sa 1re station-service autorouti\u00e8re en Belgique et offre un aper\u00e7u de l&rsquo;avenir de la recharge des v\u00e9hicules \u00e9lectriques."}]},{"@type":"WebSite","@id":"https:\/\/altavia-group.com\/#website","url":"https:\/\/altavia-group.com\/","name":"Altavia","description":"Let\u2019s unlock our imagination.","publisher":{"@id":"https:\/\/altavia-group.com\/#organization"},"potentialAction":[{"@type":"SearchAction","target":{"@type":"EntryPoint","urlTemplate":"https:\/\/altavia-group.com\/?s={search_term_string}"},"query-input":{"@type":"PropertyValueSpecification","valueRequired":true,"valueName":"search_term_string"}}],"inLanguage":"fr-FR"},{"@type":"Organization","@id":"https:\/\/altavia-group.com\/#organization","name":"Altavia","url":"https:\/\/altavia-group.com\/","logo":{"@type":"ImageObject","inLanguage":"fr-FR","@id":"https:\/\/altavia-group.com\/#\/schema\/logo\/image\/","url":"http:\/\/altavia-group.com\/wp-content\/uploads\/2024\/12\/cropped-favicon-altavia.png","contentUrl":"http:\/\/altavia-group.com\/wp-content\/uploads\/2024\/12\/cropped-favicon-altavia.png","width":512,"height":512,"caption":"Altavia"},"image":{"@id":"https:\/\/altavia-group.com\/#\/schema\/logo\/image\/"}}]}},"_links":{"self":[{"href":"https:\/\/altavia-group.com\/fr\/wp-json\/wp\/v2\/news\/7756","targetHints":{"allow":["GET"]}}],"collection":[{"href":"https:\/\/altavia-group.com\/fr\/wp-json\/wp\/v2\/news"}],"about":[{"href":"https:\/\/altavia-group.com\/fr\/wp-json\/wp\/v2\/types\/news"}],"author":[{"embeddable":true,"href":"https:\/\/altavia-group.com\/fr\/wp-json\/wp\/v2\/users\/17"}],"replies":[{"embeddable":true,"href":"https:\/\/altavia-group.com\/fr\/wp-json\/wp\/v2\/comments?post=7756"}],"version-history":[{"count":0,"href":"https:\/\/altavia-group.com\/fr\/wp-json\/wp\/v2\/news\/7756\/revisions"}],"wp:featuredmedia":[{"embeddable":true,"href":"https:\/\/altavia-group.com\/fr\/wp-json\/wp\/v2\/media\/7757"}],"wp:attachment":[{"href":"https:\/\/altavia-group.com\/fr\/wp-json\/wp\/v2\/media?parent=7756"}],"wp:term":[{"taxonomy":"category","embeddable":true,"href":"https:\/\/altavia-group.com\/fr\/wp-json\/wp\/v2\/categories?post=7756"},{"taxonomy":"post_tag","embeddable":true,"href":"https:\/\/altavia-group.com\/fr\/wp-json\/wp\/v2\/tags?post=7756"},{"taxonomy":"news-type-taxonomy","embeddable":true,"href":"https:\/\/altavia-group.com\/fr\/wp-json\/wp\/v2\/news-type-taxonomy?post=7756"},{"taxonomy":"news-topic-taxonomy","embeddable":true,"href":"https:\/\/altavia-group.com\/fr\/wp-json\/wp\/v2\/news-topic-taxonomy?post=7756"}],"curies":[{"name":"wp","href":"https:\/\/api.w.org\/{rel}","templated":true}]}}