{"id":7761,"date":"2024-05-30T14:29:50","date_gmt":"2024-05-30T12:29:50","guid":{"rendered":"https:\/\/altaviagroudev.wpenginepowered.com\/news\/le-bresil-1er-marche-dexportation-des-vehicules-electriques-chinois\/"},"modified":"2026-02-09T13:17:35","modified_gmt":"2026-02-09T12:17:35","slug":"le-bresil-1er-marche-dexportation-des-vehicules-electriques-chinois","status":"publish","type":"news","link":"https:\/\/altavia-group.com\/fr\/news\/le-bresil-1er-marche-dexportation-des-vehicules-electriques-chinois\/","title":{"rendered":"Le Br\u00e9sil, 1er march\u00e9 d\u2019exportation des v\u00e9hicules \u00e9lectriques chinois."},"content":{"rendered":"<section class=\"wpb-content-wrapper\"><p>[vc_row css=\u00a0\u00bb.vc_custom_1519392503248{padding-top: 18px !important;}\u00a0\u00bb][vc_column]<div class=\"edgtf-single-image-holder   \">\n    <div class=\"edgtf-si-inner\" >\n                                    <img decoding=\"async\" src=\"https:\/\/altavia-group.com\/wp-content\/uploads\/2026\/02\/Byd-1.jpeg\" class=\"attachment-full size-full\" alt=\"Chinese electric vehicle exports to Brazil soar amid EU market challenges.\" \/>                        <\/div>\n<\/div>[vc_empty_space height=\u00a0\u00bb54px\u00a0\u00bb][\/vc_column][\/vc_row][vc_row][vc_column][vc_column_text]<span class=\"edgtf-dropcaps edgtf-normal\" style=\"color: #1b1c21\">L<\/span><span style=\"font-weight: 400;\">e Br\u00e9sil est devenu le premier march\u00e9 d'exportation des v\u00e9hicules \u00e9lectriques et hybrides chinois, surpassant la Belgique. Selon l'Association chinoise des constructeurs automobiles (CPCA), les exportations de v\u00e9hicules \u00e9lectriques et hybrides rechargeables vers le Br\u00e9sil ont augment\u00e9 de 1300 % en avril par rapport \u00e0 2023, atteignant 40 163 unit\u00e9s.<\/span><\/p>\n<p><span style=\"font-weight: 400;\">Cette progression fulgurante intervient alors que l'Union europ\u00e9enne enqu\u00eate sur les subventions accord\u00e9es aux importations chinoises et que les \u00c9tats-Unis et l&rsquo;UE pr\u00e9voient d&rsquo;augmenter les droits de douane sur les v\u00e9hicules chinois. En r\u00e9ponse, plusieurs constructeurs chinois renforcent leurs investissements au Br\u00e9sil. BYD construit par exemple une usine qui devrait \u00eatre op\u00e9rationnelle en 2025, tandis que Great Wall Motor lance ce mois-ci les activit\u00e9s de sa nouvelle usine.<\/span><\/p>\n<p><span style=\"font-weight: 400;\">En avril, le Br\u00e9sil est \u00e9galement devenu le deuxi\u00e8me plus grand importateur de voitures chinoises tous types confondus, derri\u00e8re la Russie. Les constructeurs chinois diversifient ainsi leurs march\u00e9s, visant l'Am\u00e9rique du Sud, l'Australie et l'Asie du Sud-Est.<\/span>[\/vc_column_text][vc_empty_space height=\u00a0\u00bb54px\u00a0\u00bb][vc_column_text]<\/p>\n<h4><em>Cet article est tir\u00e9 de notre dossier sp\u00e9cial \u00ab\u00a0Nouvelle mobilit\u00e9\u00a0\u00bb, consacr\u00e9 aux bouleversements profonds que conna\u00eet l'industrie automobile :<\/em><\/h4>\n<p>[\/vc_column_text][vc_empty_space][vc_btn title=\u00a0\u00bbD\u00e9couvrir\u00a0\u00bb style=\u00a0\u00bboutline-custom\u00a0\u00bb outline_custom_color=\u00a0\u00bb#202125&Prime; outline_custom_hover_background=\u00a0\u00bb#202125&Prime; outline_custom_hover_text=\u00a0\u00bb#ffffff\u00a0\u00bb shape=\u00a0\u00bbsquare\u00a0\u00bb link=\u00a0\u00bburl:https%3A%2F%2Faltaviawatch.com%2Fnew-mobility%2F|target:_blank\u00a0\u00bb][\/vc_column][\/vc_row]<\/p>\n<\/section>","protected":false},"excerpt":{"rendered":"<p>Les exportations de v\u00e9hicules \u00e9lectriques et hybrides rechargeables vers le Br\u00e9sil ont augment\u00e9 de 1300 % en avril par rapport \u00e0 2023.<\/p>\n","protected":false},"author":17,"featured_media":7762,"menu_order":0,"comment_status":"closed","ping_status":"closed","template":"","meta":{"_acf_changed":false,"color_menu":"","footer_color_background":"","featured_image_url":"","footnotes":""},"categories":[266,271],"tags":[275],"news-type-taxonomy":[],"news-topic-taxonomy":[],"class_list":["post-7761","news","type-news","status-publish","has-post-thumbnail","hentry","category-info-retailers","category-veille-retail","tag-nouvelle-mobilite"],"acf":[],"yoast_head":"<!-- This site is optimized with the Yoast SEO plugin v27.5 - https:\/\/yoast.com\/product\/yoast-seo-wordpress\/ -->\n<title>Le Br\u00e9sil, 1er march\u00e9 d\u2019exportation des v\u00e9hicules \u00e9lectriques chinois. - Altavia<\/title>\n<meta name=\"robots\" content=\"index, follow, max-snippet:-1, max-image-preview:large, max-video-preview:-1\" \/>\n<meta property=\"og:locale\" content=\"fr_FR\" \/>\n<meta property=\"og:type\" content=\"article\" \/>\n<meta property=\"og:title\" content=\"Le Br\u00e9sil, 1er march\u00e9 d\u2019exportation des v\u00e9hicules \u00e9lectriques chinois. - Altavia\" \/>\n<meta property=\"og:description\" content=\"Les exportations de v\u00e9hicules \u00e9lectriques et hybrides rechargeables vers le Br\u00e9sil ont augment\u00e9 de 1300 % en avril par rapport \u00e0 2023.\" \/>\n<meta property=\"og:url\" content=\"https:\/\/altavia-group.com\/fr\/news\/le-bresil-1er-marche-dexportation-des-vehicules-electriques-chinois\/\" \/>\n<meta property=\"og:site_name\" content=\"Altavia\" \/>\n<meta property=\"article:modified_time\" content=\"2026-02-09T12:17:35+00:00\" \/>\n<meta property=\"og:image\" content=\"https:\/\/altavia-group.com\/wp-content\/uploads\/2026\/02\/Byd-1.jpeg\" \/>\n\t<meta property=\"og:image:width\" content=\"1\" \/>\n\t<meta property=\"og:image:height\" content=\"1\" \/>\n\t<meta property=\"og:image:type\" content=\"image\/jpeg\" \/>\n<meta name=\"twitter:card\" content=\"summary_large_image\" \/>\n<meta name=\"twitter:label1\" content=\"Est. reading time\" \/>\n\t<meta name=\"twitter:data1\" content=\"1 minute\" \/>\n<script type=\"application\/ld+json\" class=\"yoast-schema-graph\">{\"@context\":\"https:\\\/\\\/schema.org\",\"@graph\":[{\"@type\":\"WebPage\",\"@id\":\"https:\\\/\\\/altavia-group.com\\\/fr\\\/news\\\/le-bresil-1er-marche-dexportation-des-vehicules-electriques-chinois\\\/\",\"url\":\"https:\\\/\\\/altavia-group.com\\\/fr\\\/news\\\/le-bresil-1er-marche-dexportation-des-vehicules-electriques-chinois\\\/\",\"name\":\"Le Br\u00e9sil, 1er march\u00e9 d\u2019exportation des v\u00e9hicules \u00e9lectriques chinois. - Altavia\",\"isPartOf\":{\"@id\":\"https:\\\/\\\/altavia-group.com\\\/#website\"},\"primaryImageOfPage\":{\"@id\":\"https:\\\/\\\/altavia-group.com\\\/fr\\\/news\\\/le-bresil-1er-marche-dexportation-des-vehicules-electriques-chinois\\\/#primaryimage\"},\"image\":{\"@id\":\"https:\\\/\\\/altavia-group.com\\\/fr\\\/news\\\/le-bresil-1er-marche-dexportation-des-vehicules-electriques-chinois\\\/#primaryimage\"},\"thumbnailUrl\":\"https:\\\/\\\/altavia-group.com\\\/wp-content\\\/uploads\\\/2026\\\/02\\\/Byd-1.jpeg\",\"datePublished\":\"2024-05-30T12:29:50+00:00\",\"dateModified\":\"2026-02-09T12:17:35+00:00\",\"breadcrumb\":{\"@id\":\"https:\\\/\\\/altavia-group.com\\\/fr\\\/news\\\/le-bresil-1er-marche-dexportation-des-vehicules-electriques-chinois\\\/#breadcrumb\"},\"inLanguage\":\"fr-FR\",\"potentialAction\":[{\"@type\":\"ReadAction\",\"target\":[\"https:\\\/\\\/altavia-group.com\\\/fr\\\/news\\\/le-bresil-1er-marche-dexportation-des-vehicules-electriques-chinois\\\/\"]}]},{\"@type\":\"ImageObject\",\"inLanguage\":\"fr-FR\",\"@id\":\"https:\\\/\\\/altavia-group.com\\\/fr\\\/news\\\/le-bresil-1er-marche-dexportation-des-vehicules-electriques-chinois\\\/#primaryimage\",\"url\":\"https:\\\/\\\/altavia-group.com\\\/wp-content\\\/uploads\\\/2026\\\/02\\\/Byd-1.jpeg\",\"contentUrl\":\"https:\\\/\\\/altavia-group.com\\\/wp-content\\\/uploads\\\/2026\\\/02\\\/Byd-1.jpeg\",\"caption\":\"BYD Dolphin EV car on display at The 40th Thailand International Motor Expo 2023 on November 29, 2023 in Nonthaburi, Thailand.\"},{\"@type\":\"BreadcrumbList\",\"@id\":\"https:\\\/\\\/altavia-group.com\\\/fr\\\/news\\\/le-bresil-1er-marche-dexportation-des-vehicules-electriques-chinois\\\/#breadcrumb\",\"itemListElement\":[{\"@type\":\"ListItem\",\"position\":1,\"name\":\"Home\",\"item\":\"https:\\\/\\\/altavia-group.com\\\/fr\\\/\"},{\"@type\":\"ListItem\",\"position\":2,\"name\":\"News\",\"item\":\"https:\\\/\\\/altavia-group.com\\\/fr\\\/news\\\/\"},{\"@type\":\"ListItem\",\"position\":3,\"name\":\"Le Br\u00e9sil, 1er march\u00e9 d\u2019exportation des v\u00e9hicules \u00e9lectriques chinois.\"}]},{\"@type\":\"WebSite\",\"@id\":\"https:\\\/\\\/altavia-group.com\\\/#website\",\"url\":\"https:\\\/\\\/altavia-group.com\\\/\",\"name\":\"Altavia\",\"description\":\"Let\u2019s unlock our imagination.\",\"publisher\":{\"@id\":\"https:\\\/\\\/altavia-group.com\\\/#organization\"},\"potentialAction\":[{\"@type\":\"SearchAction\",\"target\":{\"@type\":\"EntryPoint\",\"urlTemplate\":\"https:\\\/\\\/altavia-group.com\\\/?s={search_term_string}\"},\"query-input\":{\"@type\":\"PropertyValueSpecification\",\"valueRequired\":true,\"valueName\":\"search_term_string\"}}],\"inLanguage\":\"fr-FR\"},{\"@type\":\"Organization\",\"@id\":\"https:\\\/\\\/altavia-group.com\\\/#organization\",\"name\":\"Altavia\",\"url\":\"https:\\\/\\\/altavia-group.com\\\/\",\"logo\":{\"@type\":\"ImageObject\",\"inLanguage\":\"fr-FR\",\"@id\":\"https:\\\/\\\/altavia-group.com\\\/#\\\/schema\\\/logo\\\/image\\\/\",\"url\":\"http:\\\/\\\/altavia-group.com\\\/wp-content\\\/uploads\\\/2024\\\/12\\\/cropped-favicon-altavia.png\",\"contentUrl\":\"http:\\\/\\\/altavia-group.com\\\/wp-content\\\/uploads\\\/2024\\\/12\\\/cropped-favicon-altavia.png\",\"width\":512,\"height\":512,\"caption\":\"Altavia\"},\"image\":{\"@id\":\"https:\\\/\\\/altavia-group.com\\\/#\\\/schema\\\/logo\\\/image\\\/\"}}]}<\/script>\n<!-- \/ Yoast SEO plugin. -->","yoast_head_json":{"title":"Le Br\u00e9sil, 1er march\u00e9 d\u2019exportation des v\u00e9hicules \u00e9lectriques chinois. - Altavia","robots":{"index":"index","follow":"follow","max-snippet":"max-snippet:-1","max-image-preview":"max-image-preview:large","max-video-preview":"max-video-preview:-1"},"og_locale":"fr_FR","og_type":"article","og_title":"Le Br\u00e9sil, 1er march\u00e9 d\u2019exportation des v\u00e9hicules \u00e9lectriques chinois. - Altavia","og_description":"Les exportations de v\u00e9hicules \u00e9lectriques et hybrides rechargeables vers le Br\u00e9sil ont augment\u00e9 de 1300 % en avril par rapport \u00e0 2023.","og_url":"https:\/\/altavia-group.com\/fr\/news\/le-bresil-1er-marche-dexportation-des-vehicules-electriques-chinois\/","og_site_name":"Altavia","article_modified_time":"2026-02-09T12:17:35+00:00","og_image":[{"url":"https:\/\/altavia-group.com\/wp-content\/uploads\/2026\/02\/Byd-1.jpeg","width":1,"height":1,"type":"image\/jpeg"}],"twitter_card":"summary_large_image","twitter_misc":{"Est. reading time":"1 minute"},"schema":{"@context":"https:\/\/schema.org","@graph":[{"@type":"WebPage","@id":"https:\/\/altavia-group.com\/fr\/news\/le-bresil-1er-marche-dexportation-des-vehicules-electriques-chinois\/","url":"https:\/\/altavia-group.com\/fr\/news\/le-bresil-1er-marche-dexportation-des-vehicules-electriques-chinois\/","name":"Le Br\u00e9sil, 1er march\u00e9 d\u2019exportation des v\u00e9hicules \u00e9lectriques chinois. - Altavia","isPartOf":{"@id":"https:\/\/altavia-group.com\/#website"},"primaryImageOfPage":{"@id":"https:\/\/altavia-group.com\/fr\/news\/le-bresil-1er-marche-dexportation-des-vehicules-electriques-chinois\/#primaryimage"},"image":{"@id":"https:\/\/altavia-group.com\/fr\/news\/le-bresil-1er-marche-dexportation-des-vehicules-electriques-chinois\/#primaryimage"},"thumbnailUrl":"https:\/\/altavia-group.com\/wp-content\/uploads\/2026\/02\/Byd-1.jpeg","datePublished":"2024-05-30T12:29:50+00:00","dateModified":"2026-02-09T12:17:35+00:00","breadcrumb":{"@id":"https:\/\/altavia-group.com\/fr\/news\/le-bresil-1er-marche-dexportation-des-vehicules-electriques-chinois\/#breadcrumb"},"inLanguage":"fr-FR","potentialAction":[{"@type":"ReadAction","target":["https:\/\/altavia-group.com\/fr\/news\/le-bresil-1er-marche-dexportation-des-vehicules-electriques-chinois\/"]}]},{"@type":"ImageObject","inLanguage":"fr-FR","@id":"https:\/\/altavia-group.com\/fr\/news\/le-bresil-1er-marche-dexportation-des-vehicules-electriques-chinois\/#primaryimage","url":"https:\/\/altavia-group.com\/wp-content\/uploads\/2026\/02\/Byd-1.jpeg","contentUrl":"https:\/\/altavia-group.com\/wp-content\/uploads\/2026\/02\/Byd-1.jpeg","caption":"BYD Dolphin EV car on display at The 40th Thailand International Motor Expo 2023 on November 29, 2023 in Nonthaburi, Thailand."},{"@type":"BreadcrumbList","@id":"https:\/\/altavia-group.com\/fr\/news\/le-bresil-1er-marche-dexportation-des-vehicules-electriques-chinois\/#breadcrumb","itemListElement":[{"@type":"ListItem","position":1,"name":"Home","item":"https:\/\/altavia-group.com\/fr\/"},{"@type":"ListItem","position":2,"name":"News","item":"https:\/\/altavia-group.com\/fr\/news\/"},{"@type":"ListItem","position":3,"name":"Le Br\u00e9sil, 1er march\u00e9 d\u2019exportation des v\u00e9hicules \u00e9lectriques chinois."}]},{"@type":"WebSite","@id":"https:\/\/altavia-group.com\/#website","url":"https:\/\/altavia-group.com\/","name":"Altavia","description":"Let\u2019s unlock our imagination.","publisher":{"@id":"https:\/\/altavia-group.com\/#organization"},"potentialAction":[{"@type":"SearchAction","target":{"@type":"EntryPoint","urlTemplate":"https:\/\/altavia-group.com\/?s={search_term_string}"},"query-input":{"@type":"PropertyValueSpecification","valueRequired":true,"valueName":"search_term_string"}}],"inLanguage":"fr-FR"},{"@type":"Organization","@id":"https:\/\/altavia-group.com\/#organization","name":"Altavia","url":"https:\/\/altavia-group.com\/","logo":{"@type":"ImageObject","inLanguage":"fr-FR","@id":"https:\/\/altavia-group.com\/#\/schema\/logo\/image\/","url":"http:\/\/altavia-group.com\/wp-content\/uploads\/2024\/12\/cropped-favicon-altavia.png","contentUrl":"http:\/\/altavia-group.com\/wp-content\/uploads\/2024\/12\/cropped-favicon-altavia.png","width":512,"height":512,"caption":"Altavia"},"image":{"@id":"https:\/\/altavia-group.com\/#\/schema\/logo\/image\/"}}]}},"_links":{"self":[{"href":"https:\/\/altavia-group.com\/fr\/wp-json\/wp\/v2\/news\/7761","targetHints":{"allow":["GET"]}}],"collection":[{"href":"https:\/\/altavia-group.com\/fr\/wp-json\/wp\/v2\/news"}],"about":[{"href":"https:\/\/altavia-group.com\/fr\/wp-json\/wp\/v2\/types\/news"}],"author":[{"embeddable":true,"href":"https:\/\/altavia-group.com\/fr\/wp-json\/wp\/v2\/users\/17"}],"replies":[{"embeddable":true,"href":"https:\/\/altavia-group.com\/fr\/wp-json\/wp\/v2\/comments?post=7761"}],"version-history":[{"count":0,"href":"https:\/\/altavia-group.com\/fr\/wp-json\/wp\/v2\/news\/7761\/revisions"}],"wp:featuredmedia":[{"embeddable":true,"href":"https:\/\/altavia-group.com\/fr\/wp-json\/wp\/v2\/media\/7762"}],"wp:attachment":[{"href":"https:\/\/altavia-group.com\/fr\/wp-json\/wp\/v2\/media?parent=7761"}],"wp:term":[{"taxonomy":"category","embeddable":true,"href":"https:\/\/altavia-group.com\/fr\/wp-json\/wp\/v2\/categories?post=7761"},{"taxonomy":"post_tag","embeddable":true,"href":"https:\/\/altavia-group.com\/fr\/wp-json\/wp\/v2\/tags?post=7761"},{"taxonomy":"news-type-taxonomy","embeddable":true,"href":"https:\/\/altavia-group.com\/fr\/wp-json\/wp\/v2\/news-type-taxonomy?post=7761"},{"taxonomy":"news-topic-taxonomy","embeddable":true,"href":"https:\/\/altavia-group.com\/fr\/wp-json\/wp\/v2\/news-topic-taxonomy?post=7761"}],"curies":[{"name":"wp","href":"https:\/\/api.w.org\/{rel}","templated":true}]}}