{"id":7833,"date":"2024-06-17T15:27:02","date_gmt":"2024-06-17T13:27:02","guid":{"rendered":"https:\/\/altaviagroudev.wpenginepowered.com\/news\/calvin-klein-inaugure-son-plus-grand-flagship-sur-les-champs-elysees\/"},"modified":"2026-02-09T13:18:19","modified_gmt":"2026-02-09T12:18:19","slug":"calvin-klein-inaugure-son-plus-grand-flagship-sur-les-champs-elysees","status":"publish","type":"news","link":"https:\/\/altavia-group.com\/fr\/news\/calvin-klein-inaugure-son-plus-grand-flagship-sur-les-champs-elysees\/","title":{"rendered":"Calvin Klein inaugure son plus grand flagship sur les Champs-\u00c9lys\u00e9es."},"content":{"rendered":"<section class=\"wpb-content-wrapper\"><p>[vc_row css=\u00a0\u00bb.vc_custom_1519392503248{padding-top: 18px !important;}\u00a0\u00bb][vc_column][vc_empty_space height=\u00a0\u00bb54px\u00a0\u00bb][\/vc_column][\/vc_row][vc_row][vc_column][vc_column_text]<span class=\"edgtf-dropcaps edgtf-normal\" style=\"color: #1b1c21\">C<\/span><span style=\"font-weight: 400;\">alvin Klein a choisi les Champs-\u00c9lys\u00e9es pour ouvrir son plus grand flagship, affirmant ainsi sa pr\u00e9sence dans la capitale mondiale de la mode. Situ\u00e9 au 44 avenue des Champs-Elys\u00e9es, ce magasin de 600 m\u00b2 r\u00e9parti sur trois \u00e9tages incarne le nouveau concept de la marque, combinant modernit\u00e9 et minimalisme.<\/span><\/p>\n<p><span style=\"font-weight: 400;\">La fa\u00e7ade conserve la pierre d&rsquo;origine et les vitrines offrent une lumi\u00e8re naturelle abondante. Les collections f\u00e9minines occupent au rez-de-chauss\u00e9e et les collections masculines la mezzanine. Le sous-sol abrite quant \u00e0 lui le plus grand rayon sous-v\u00eatements et tenues d&rsquo;int\u00e9rieur d&rsquo;Europe.<\/span><\/p>\n<p><span style=\"font-weight: 400;\">Le design int\u00e9rieur mise sur des finitions contemporaines, des palettes monochromatiques et des surfaces en acier inoxydable. Les cabines d&rsquo;essayage, en bois de Douglas et moquettes textur\u00e9es, promettent une exp\u00e9rience confortable.<\/span><\/p>\n<p><span style=\"font-weight: 400;\">\u00c0 l'occasion de son inauguration, le magasin propose une capsule en \u00e9dition limit\u00e9e, avec des v\u00eatements personnalis\u00e9s Calvin Klein Paris.<\/span><\/p>\n<p><b>D\u00e9couvrir le magasin en images sur <\/b><span style=\"color: #778080;\"><a style=\"color: #778080;\" href=\"https:\/\/fashionunited.fr\/actualite\/retail\/calvin-klein-ouvre-sa-plus-grande-boutique-sur-les-champs-elysees\/2024061335207\" target=\"_blank\" rel=\"noopener\"><b>Fashion United.<\/b><\/a><\/span>[\/vc_column_text][vc_empty_space height=\u00a0\u00bb57px\u00a0\u00bb][\/vc_column][\/vc_row][vc_row content_text_aligment=\u00a0\u00bbcenter\u00a0\u00bb][vc_column parallax=\u00a0\u00bbcontent-moving\u00a0\u00bb parallax_image=\u00a0\u00bb5672&Prime;]<div class=\"edgtf-section-title-holder  edgtf-st-standard edgtf-st-title-left edgtf-st-normal-space \" style=\"text-align: center\">\n\t<div class=\"edgtf-st-inner\">\n\t\t\t\t\t<h2 class=\"edgtf-st-title\" style=\"color: #00dd96\">\n\t\t\t\t.newsletter\t\t\t<\/h2>\n\t\t\t\t\t<\/div>\n<\/div>[vc_column_text]<span style=\"color: #ffffff;\">Recevez les actualit\u00e9s et tendances retail en exclusivit\u00e9 !<\/span>[\/vc_column_text][vc_empty_space][vc_btn title=\u00a0\u00bbJe m&rsquo;abonne\u00a0\u00bb style=\u00a0\u00bboutline-custom\u00a0\u00bb outline_custom_color=\u00a0\u00bb#ffffff\u00a0\u00bb outline_custom_hover_background=\u00a0\u00bb#666666&Prime; outline_custom_hover_text=\u00a0\u00bb#ffffff\u00a0\u00bb shape=\u00a0\u00bbsquare\u00a0\u00bb class=\u00a0\u00bbc-link\u00a0\u00bb href=\u00a0\u00bbhttp:\/\/2fforms.sbc32.com\/\u00a0\u00bb target=\u00a0\u00bb_blank\u00a0\u00bb rel=\u00a0\u00bbnoopener noreferrer\u00a0\u00bb data-stringify-link=\u00a0\u00bbhttp:\/\/2Fforms.sbc32.com\u00a0\u00bb link=\u00a0\u00bburl:https%3A%2F%2Fforms.sbc32.com%2F65046ef85fef6a5fa6e7a5c0%2FwU3RssckT3CNNqCwsRf6Jg%2Fform.html|target:_blank\u00a0\u00bb][vc_empty_space height=\u00a0\u00bb12px\u00a0\u00bb][\/vc_column][\/vc_row]<\/p>\n<\/section>","protected":false},"excerpt":{"rendered":"<p>Situ\u00e9 au 44 avenue des Champs-Elys\u00e9es, ce magasin de 600 m\u00b2 r\u00e9parti sur trois \u00e9tages incarne le nouveau concept de la marque, combinant modernit\u00e9 et minimalisme.<\/p>\n","protected":false},"author":17,"featured_media":7834,"menu_order":0,"comment_status":"closed","ping_status":"closed","template":"","meta":{"_acf_changed":false,"color_menu":"","footer_color_background":"","featured_image_url":"","footnotes":""},"categories":[273,271],"tags":[],"news-type-taxonomy":[],"news-topic-taxonomy":[],"class_list":["post-7833","news","type-news","status-publish","has-post-thumbnail","hentry","category-store-checks","category-veille-retail"],"acf":[],"yoast_head":"<!-- This site is optimized with the Yoast SEO plugin v27.5 - https:\/\/yoast.com\/product\/yoast-seo-wordpress\/ -->\n<title>Calvin Klein inaugure son plus grand flagship sur les Champs-\u00c9lys\u00e9es. - Altavia<\/title>\n<meta name=\"robots\" content=\"index, follow, max-snippet:-1, max-image-preview:large, max-video-preview:-1\" \/>\n<meta property=\"og:locale\" content=\"fr_FR\" \/>\n<meta property=\"og:type\" content=\"article\" \/>\n<meta property=\"og:title\" content=\"Calvin Klein inaugure son plus grand flagship sur les Champs-\u00c9lys\u00e9es. - Altavia\" \/>\n<meta property=\"og:description\" content=\"Situ\u00e9 au 44 avenue des Champs-Elys\u00e9es, ce magasin de 600 m\u00b2 r\u00e9parti sur trois \u00e9tages incarne le nouveau concept de la marque, combinant modernit\u00e9 et minimalisme.\" \/>\n<meta property=\"og:url\" content=\"http:\/\/altavia-group.com\/fr\/news\/calvin-klein-inaugure-son-plus-grand-flagship-sur-les-champs-elysees\/\" \/>\n<meta property=\"og:site_name\" content=\"Altavia\" \/>\n<meta property=\"article:modified_time\" content=\"2026-02-09T12:18:19+00:00\" \/>\n<meta property=\"og:image\" content=\"http:\/\/altavia-group.com\/wp-content\/uploads\/2026\/02\/stock-image-353318858-M-1.jpg\" \/>\n\t<meta property=\"og:image:width\" content=\"1\" \/>\n\t<meta property=\"og:image:height\" content=\"1\" \/>\n\t<meta property=\"og:image:type\" content=\"image\/jpeg\" \/>\n<meta name=\"twitter:card\" content=\"summary_large_image\" \/>\n<meta name=\"twitter:label1\" content=\"Est. reading time\" \/>\n\t<meta name=\"twitter:data1\" content=\"2 minutes\" \/>\n<script type=\"application\/ld+json\" class=\"yoast-schema-graph\">{\"@context\":\"https:\\\/\\\/schema.org\",\"@graph\":[{\"@type\":\"WebPage\",\"@id\":\"http:\\\/\\\/altavia-group.com\\\/fr\\\/news\\\/calvin-klein-inaugure-son-plus-grand-flagship-sur-les-champs-elysees\\\/\",\"url\":\"http:\\\/\\\/altavia-group.com\\\/fr\\\/news\\\/calvin-klein-inaugure-son-plus-grand-flagship-sur-les-champs-elysees\\\/\",\"name\":\"Calvin Klein inaugure son plus grand flagship sur les Champs-\u00c9lys\u00e9es. - Altavia\",\"isPartOf\":{\"@id\":\"https:\\\/\\\/altavia-group.com\\\/#website\"},\"primaryImageOfPage\":{\"@id\":\"http:\\\/\\\/altavia-group.com\\\/fr\\\/news\\\/calvin-klein-inaugure-son-plus-grand-flagship-sur-les-champs-elysees\\\/#primaryimage\"},\"image\":{\"@id\":\"http:\\\/\\\/altavia-group.com\\\/fr\\\/news\\\/calvin-klein-inaugure-son-plus-grand-flagship-sur-les-champs-elysees\\\/#primaryimage\"},\"thumbnailUrl\":\"https:\\\/\\\/altavia-group.com\\\/wp-content\\\/uploads\\\/2026\\\/02\\\/stock-image-353318858-M-1.jpg\",\"datePublished\":\"2024-06-17T13:27:02+00:00\",\"dateModified\":\"2026-02-09T12:18:19+00:00\",\"breadcrumb\":{\"@id\":\"http:\\\/\\\/altavia-group.com\\\/fr\\\/news\\\/calvin-klein-inaugure-son-plus-grand-flagship-sur-les-champs-elysees\\\/#breadcrumb\"},\"inLanguage\":\"fr-FR\",\"potentialAction\":[{\"@type\":\"ReadAction\",\"target\":[\"http:\\\/\\\/altavia-group.com\\\/fr\\\/news\\\/calvin-klein-inaugure-son-plus-grand-flagship-sur-les-champs-elysees\\\/\"]}]},{\"@type\":\"ImageObject\",\"inLanguage\":\"fr-FR\",\"@id\":\"http:\\\/\\\/altavia-group.com\\\/fr\\\/news\\\/calvin-klein-inaugure-son-plus-grand-flagship-sur-les-champs-elysees\\\/#primaryimage\",\"url\":\"https:\\\/\\\/altavia-group.com\\\/wp-content\\\/uploads\\\/2026\\\/02\\\/stock-image-353318858-M-1.jpg\",\"contentUrl\":\"https:\\\/\\\/altavia-group.com\\\/wp-content\\\/uploads\\\/2026\\\/02\\\/stock-image-353318858-M-1.jpg\",\"caption\":\"Dusseldorf, Germany - February 18th 2020: The Calvin Klein logo above the entrance to one of their stores in the city of Dusseldorf in Germany.\"},{\"@type\":\"BreadcrumbList\",\"@id\":\"http:\\\/\\\/altavia-group.com\\\/fr\\\/news\\\/calvin-klein-inaugure-son-plus-grand-flagship-sur-les-champs-elysees\\\/#breadcrumb\",\"itemListElement\":[{\"@type\":\"ListItem\",\"position\":1,\"name\":\"Home\",\"item\":\"https:\\\/\\\/altavia-group.com\\\/fr\\\/\"},{\"@type\":\"ListItem\",\"position\":2,\"name\":\"News\",\"item\":\"https:\\\/\\\/altavia-group.com\\\/fr\\\/news\\\/\"},{\"@type\":\"ListItem\",\"position\":3,\"name\":\"Calvin Klein inaugure son plus grand flagship sur les Champs-\u00c9lys\u00e9es.\"}]},{\"@type\":\"WebSite\",\"@id\":\"https:\\\/\\\/altavia-group.com\\\/#website\",\"url\":\"https:\\\/\\\/altavia-group.com\\\/\",\"name\":\"Altavia\",\"description\":\"Let\u2019s unlock our imagination.\",\"publisher\":{\"@id\":\"https:\\\/\\\/altavia-group.com\\\/#organization\"},\"potentialAction\":[{\"@type\":\"SearchAction\",\"target\":{\"@type\":\"EntryPoint\",\"urlTemplate\":\"https:\\\/\\\/altavia-group.com\\\/?s={search_term_string}\"},\"query-input\":{\"@type\":\"PropertyValueSpecification\",\"valueRequired\":true,\"valueName\":\"search_term_string\"}}],\"inLanguage\":\"fr-FR\"},{\"@type\":\"Organization\",\"@id\":\"https:\\\/\\\/altavia-group.com\\\/#organization\",\"name\":\"Altavia\",\"url\":\"https:\\\/\\\/altavia-group.com\\\/\",\"logo\":{\"@type\":\"ImageObject\",\"inLanguage\":\"fr-FR\",\"@id\":\"https:\\\/\\\/altavia-group.com\\\/#\\\/schema\\\/logo\\\/image\\\/\",\"url\":\"http:\\\/\\\/altavia-group.com\\\/wp-content\\\/uploads\\\/2024\\\/12\\\/cropped-favicon-altavia.png\",\"contentUrl\":\"http:\\\/\\\/altavia-group.com\\\/wp-content\\\/uploads\\\/2024\\\/12\\\/cropped-favicon-altavia.png\",\"width\":512,\"height\":512,\"caption\":\"Altavia\"},\"image\":{\"@id\":\"https:\\\/\\\/altavia-group.com\\\/#\\\/schema\\\/logo\\\/image\\\/\"}}]}<\/script>\n<!-- \/ Yoast SEO plugin. -->","yoast_head_json":{"title":"Calvin Klein inaugure son plus grand flagship sur les Champs-\u00c9lys\u00e9es. - Altavia","robots":{"index":"index","follow":"follow","max-snippet":"max-snippet:-1","max-image-preview":"max-image-preview:large","max-video-preview":"max-video-preview:-1"},"og_locale":"fr_FR","og_type":"article","og_title":"Calvin Klein inaugure son plus grand flagship sur les Champs-\u00c9lys\u00e9es. - Altavia","og_description":"Situ\u00e9 au 44 avenue des Champs-Elys\u00e9es, ce magasin de 600 m\u00b2 r\u00e9parti sur trois \u00e9tages incarne le nouveau concept de la marque, combinant modernit\u00e9 et minimalisme.","og_url":"http:\/\/altavia-group.com\/fr\/news\/calvin-klein-inaugure-son-plus-grand-flagship-sur-les-champs-elysees\/","og_site_name":"Altavia","article_modified_time":"2026-02-09T12:18:19+00:00","og_image":[{"url":"http:\/\/altavia-group.com\/wp-content\/uploads\/2026\/02\/stock-image-353318858-M-1.jpg","width":1,"height":1,"type":"image\/jpeg"}],"twitter_card":"summary_large_image","twitter_misc":{"Est. reading time":"2 minutes"},"schema":{"@context":"https:\/\/schema.org","@graph":[{"@type":"WebPage","@id":"http:\/\/altavia-group.com\/fr\/news\/calvin-klein-inaugure-son-plus-grand-flagship-sur-les-champs-elysees\/","url":"http:\/\/altavia-group.com\/fr\/news\/calvin-klein-inaugure-son-plus-grand-flagship-sur-les-champs-elysees\/","name":"Calvin Klein inaugure son plus grand flagship sur les Champs-\u00c9lys\u00e9es. - Altavia","isPartOf":{"@id":"https:\/\/altavia-group.com\/#website"},"primaryImageOfPage":{"@id":"http:\/\/altavia-group.com\/fr\/news\/calvin-klein-inaugure-son-plus-grand-flagship-sur-les-champs-elysees\/#primaryimage"},"image":{"@id":"http:\/\/altavia-group.com\/fr\/news\/calvin-klein-inaugure-son-plus-grand-flagship-sur-les-champs-elysees\/#primaryimage"},"thumbnailUrl":"https:\/\/altavia-group.com\/wp-content\/uploads\/2026\/02\/stock-image-353318858-M-1.jpg","datePublished":"2024-06-17T13:27:02+00:00","dateModified":"2026-02-09T12:18:19+00:00","breadcrumb":{"@id":"http:\/\/altavia-group.com\/fr\/news\/calvin-klein-inaugure-son-plus-grand-flagship-sur-les-champs-elysees\/#breadcrumb"},"inLanguage":"fr-FR","potentialAction":[{"@type":"ReadAction","target":["http:\/\/altavia-group.com\/fr\/news\/calvin-klein-inaugure-son-plus-grand-flagship-sur-les-champs-elysees\/"]}]},{"@type":"ImageObject","inLanguage":"fr-FR","@id":"http:\/\/altavia-group.com\/fr\/news\/calvin-klein-inaugure-son-plus-grand-flagship-sur-les-champs-elysees\/#primaryimage","url":"https:\/\/altavia-group.com\/wp-content\/uploads\/2026\/02\/stock-image-353318858-M-1.jpg","contentUrl":"https:\/\/altavia-group.com\/wp-content\/uploads\/2026\/02\/stock-image-353318858-M-1.jpg","caption":"Dusseldorf, Germany - February 18th 2020: The Calvin Klein logo above the entrance to one of their stores in the city of Dusseldorf in Germany."},{"@type":"BreadcrumbList","@id":"http:\/\/altavia-group.com\/fr\/news\/calvin-klein-inaugure-son-plus-grand-flagship-sur-les-champs-elysees\/#breadcrumb","itemListElement":[{"@type":"ListItem","position":1,"name":"Home","item":"https:\/\/altavia-group.com\/fr\/"},{"@type":"ListItem","position":2,"name":"News","item":"https:\/\/altavia-group.com\/fr\/news\/"},{"@type":"ListItem","position":3,"name":"Calvin Klein inaugure son plus grand flagship sur les Champs-\u00c9lys\u00e9es."}]},{"@type":"WebSite","@id":"https:\/\/altavia-group.com\/#website","url":"https:\/\/altavia-group.com\/","name":"Altavia","description":"Let\u2019s unlock our imagination.","publisher":{"@id":"https:\/\/altavia-group.com\/#organization"},"potentialAction":[{"@type":"SearchAction","target":{"@type":"EntryPoint","urlTemplate":"https:\/\/altavia-group.com\/?s={search_term_string}"},"query-input":{"@type":"PropertyValueSpecification","valueRequired":true,"valueName":"search_term_string"}}],"inLanguage":"fr-FR"},{"@type":"Organization","@id":"https:\/\/altavia-group.com\/#organization","name":"Altavia","url":"https:\/\/altavia-group.com\/","logo":{"@type":"ImageObject","inLanguage":"fr-FR","@id":"https:\/\/altavia-group.com\/#\/schema\/logo\/image\/","url":"http:\/\/altavia-group.com\/wp-content\/uploads\/2024\/12\/cropped-favicon-altavia.png","contentUrl":"http:\/\/altavia-group.com\/wp-content\/uploads\/2024\/12\/cropped-favicon-altavia.png","width":512,"height":512,"caption":"Altavia"},"image":{"@id":"https:\/\/altavia-group.com\/#\/schema\/logo\/image\/"}}]}},"_links":{"self":[{"href":"https:\/\/altavia-group.com\/fr\/wp-json\/wp\/v2\/news\/7833","targetHints":{"allow":["GET"]}}],"collection":[{"href":"https:\/\/altavia-group.com\/fr\/wp-json\/wp\/v2\/news"}],"about":[{"href":"https:\/\/altavia-group.com\/fr\/wp-json\/wp\/v2\/types\/news"}],"author":[{"embeddable":true,"href":"https:\/\/altavia-group.com\/fr\/wp-json\/wp\/v2\/users\/17"}],"replies":[{"embeddable":true,"href":"https:\/\/altavia-group.com\/fr\/wp-json\/wp\/v2\/comments?post=7833"}],"version-history":[{"count":0,"href":"https:\/\/altavia-group.com\/fr\/wp-json\/wp\/v2\/news\/7833\/revisions"}],"wp:featuredmedia":[{"embeddable":true,"href":"https:\/\/altavia-group.com\/fr\/wp-json\/wp\/v2\/media\/7834"}],"wp:attachment":[{"href":"https:\/\/altavia-group.com\/fr\/wp-json\/wp\/v2\/media?parent=7833"}],"wp:term":[{"taxonomy":"category","embeddable":true,"href":"https:\/\/altavia-group.com\/fr\/wp-json\/wp\/v2\/categories?post=7833"},{"taxonomy":"post_tag","embeddable":true,"href":"https:\/\/altavia-group.com\/fr\/wp-json\/wp\/v2\/tags?post=7833"},{"taxonomy":"news-type-taxonomy","embeddable":true,"href":"https:\/\/altavia-group.com\/fr\/wp-json\/wp\/v2\/news-type-taxonomy?post=7833"},{"taxonomy":"news-topic-taxonomy","embeddable":true,"href":"https:\/\/altavia-group.com\/fr\/wp-json\/wp\/v2\/news-topic-taxonomy?post=7833"}],"curies":[{"name":"wp","href":"https:\/\/api.w.org\/{rel}","templated":true}]}}