{"id":7901,"date":"2024-07-01T11:45:23","date_gmt":"2024-07-01T09:45:23","guid":{"rendered":"https:\/\/altaviagroudev.wpenginepowered.com\/news\/5-choses-a-savoir-sur-la-federation-des-acteurs-du-commerce-dans-les-territoires\/"},"modified":"2026-02-09T13:19:07","modified_gmt":"2026-02-09T12:19:07","slug":"5-choses-a-savoir-sur-la-federation-des-acteurs-du-commerce-dans-les-territoires","status":"publish","type":"news","link":"https:\/\/altavia-group.com\/fr\/news\/5-choses-a-savoir-sur-la-federation-des-acteurs-du-commerce-dans-les-territoires\/","title":{"rendered":"5 choses \u00e0 savoir sur la F\u00e9d\u00e9ration des Acteurs du Commerce dans les Territoires."},"content":{"rendered":"<section class=\"wpb-content-wrapper\"><p>[vc_row css=\u00a0\u00bb.vc_custom_1519392503248{padding-top: 18px !important;}\u00a0\u00bb][vc_column]<div class=\"edgtf-single-image-holder   \">\n    <div class=\"edgtf-si-inner\" >\n                                    <img decoding=\"async\" src=\"https:\/\/altavia-group.com\/wp-content\/uploads\/2026\/02\/Village-de-Marques-Paris-Giverny-par-McArthurGlen-1.jpeg\" class=\"attachment-full size-full\" alt=\"F\u00e9d\u00e9ration des Acteurs du Commerce dans les Territoires\" \/>                        <\/div>\n<\/div>[vc_column_text]<\/p>\n<h6><span style=\"font-weight: 400;\">Village de Marques Paris-Giverny<br \/>\n\u00a9 <\/span><span style=\"font-weight: 400;\">McArthurGlen<\/span><\/h6>\n<p>[\/vc_column_text][vc_empty_space height=\u00a0\u00bb54px\u00a0\u00bb][\/vc_column][\/vc_row][vc_row][vc_column][vc_column_text]<\/p>\n<h4><span class=\"edgtf-dropcaps edgtf-normal\" style=\"color: #1b1c21\">R<\/span>epr\u00e9sentant de r\u00e9f\u00e9rence de toutes les formes du commerce physique, la F\u00e9d\u00e9ration des Acteurs du Commerce dans les Territoires (anciennement Conseil national des centres commerciaux) partage les bonnes pratiques de la profession et d\u00e9fend les int\u00e9r\u00eats des professionnels du secteur. Face au triple enjeu environnemental, territorial et comportemental, ses actions sont multiples. \u00c9clairage, avec l'aide d'Adrien Pr\u00e9gui\u00e7a , charg\u00e9 de mission Communication et Affaires Publiques et Dorian Lamarre Directeur des Affaires Publiques.<\/h4>\n<p>\u00a0<\/p>\n<h3><b>1<\/b><\/h3>\n<h3><b>La FACT r\u00e9unit plus de 300 adh\u00e9rents, sp\u00e9cialistes de l'immobilier commercial<\/b><\/h3>\n<p>\u00a0<\/p>\n<p><a href=\"https:\/\/www.lesacteursducommerce.com\/\" target=\"_blank\" rel=\"noopener\"><span style=\"font-weight: 400;\">La F\u00e9d\u00e9ration des Acteurs du Commerce dans les Territoires<\/span><\/a><span style=\"font-weight: 400;\"> (FACT &#8211; Ex-CNCC) r\u00e9unit plus de 300 adh\u00e9rents, sp\u00e9cialistes de l'immobilier commercial, principalement des propri\u00e9taires et des gestionnaires de sites commerciaux de tous types : centres commerciaux, retail parks, villages de marques, commerces de centre-ville, gares&#8230;\u00a0<\/span><\/p>\n<p><span style=\"font-weight: 400;\">Sa mission\u00a0: promouvoir toutes les formes de commerces, de transformer et d'animer la ville et d'accompagner ses adh\u00e9rents dans la transition \u00e9cologique.\u00a0<\/span><\/p>\n<p><span style=\"font-weight: 400;\">\u00ab Notre activit\u00e9 est au c\u0153ur de la vie des Fran\u00e7ais, a soulign\u00e9 Marie Cheval, Pr\u00e9sidente de la F\u00e9d\u00e9ration des Acteurs du Commerce dans les Territoires. Alors que nous faisons face \u00e0 un triple enjeu environnemental, territorial et d'\u00e9volution des comportements, je souhaite porter une vision positive pour mettre en avant nos propositions, notamment sur la requalification des entr\u00e9es de ville. \u00bb <\/span>[\/vc_column_text][vc_empty_space height=\u00a0\u00bb54px\u00a0\u00bb][\/vc_column][\/vc_row][vc_row css=\u00a0\u00bb.vc_custom_1519392503248{padding-top: 18px !important;}\u00a0\u00bb][vc_column]<div class=\"edgtf-single-image-holder   \">\n    <div class=\"edgtf-si-inner\" >\n                                    <img decoding=\"async\" src=\"https:\/\/altavia-group.com\/wp-content\/uploads\/2026\/02\/Centre-commercial-Atlantis-Nantes-1.jpg\" class=\"attachment-full size-full\" alt=\"F\u00e9d\u00e9ration des Acteurs du Commerce dans les Territoires\" \/>                        <\/div>\n<\/div>[vc_column_text]<\/p>\n<h6><span style=\"font-weight: 400;\">Centre commercial Atlantis<\/span><\/h6>\n<p>[\/vc_column_text][vc_empty_space height=\u00a0\u00bb54px\u00a0\u00bb][\/vc_column][\/vc_row][vc_row][vc_column][vc_column_text]<\/p>\n<h3><b>2\u00a0<\/b><\/h3>\n<h3><b>L<\/b><strong>a FACT s'engage pleinement dans la requalification des entr\u00e9es de ville<\/strong><b>.<\/b><\/h3>\n<p>\u00a0<\/p>\n<p><span style=\"font-weight: 400;\">Apr\u00e8s avoir identifi\u00e9 les freins r\u00e9glementaires, \u00e9conomiques et politiques emp\u00eachant de restructurer massivement ces zones, la FACT a souhait\u00e9, \u00e0 l'image des dispositifs ORT pr\u00e9vus pour la revitalisation des centres villes, cr\u00e9er un dispositif ad hoc permettant de faciliter et acc\u00e9l\u00e9rer cette transformation. Lors de l'examen de la loi \u00ab\u00a0Industrie verte\u00a0\u00bb, au sein de laquelle le gouvernement a cr\u00e9\u00e9 une v\u00e9ritable \u00ab\u00a0boite \u00e0 outils\u00a0\u00bb, concr\u00e9tisant l\u00e9gislativement cette volont\u00e9 politique au travers de l'adaptation du dispositif de projet partenarial d'am\u00e9nagement, la FACT a \u00e9t\u00e9 \u00e0 l'initiative de mesures compl\u00e9mentaires. Notamment, la possibilit\u00e9 de transf\u00e9rer les autorisations d'exploitation commerciale dans certains cas, la possibilit\u00e9 pour le maire de conserver ses pr\u00e9rogatives en mati\u00e8re d'urbanisme ou encore la possibilit\u00e9 de d\u00e9roger aux Plans Locaux d'Urbanisme et enfin des facilit\u00e9s administratives.<\/span>[\/vc_column_text][vc_empty_space height=\u00a0\u00bb54px\u00a0\u00bb][\/vc_column][\/vc_row][vc_row css=\u00a0\u00bb.vc_custom_1519392503248{padding-top: 18px !important;}\u00a0\u00bb][vc_column]<div class=\"edgtf-single-image-holder   \">\n    <div class=\"edgtf-si-inner\" >\n                                    <img decoding=\"async\" src=\"https:\/\/altavia-group.com\/wp-content\/uploads\/2026\/02\/Le-SPOT-par-la-SCC-@HenriPinas-scaled-2-scaled.jpg\" class=\"attachment-full size-full\" alt=\"F\u00e9d\u00e9ration des Acteurs du Commerce dans les Territoires\" \/>                        <\/div>\n<\/div>[vc_column_text]<\/p>\n<h6><span style=\"font-weight: 400;\">Le Spot par la SCC<br \/>\n\u00a9 Henri Pinas<br \/>\n<\/span><\/h6>\n<p>[\/vc_column_text][vc_empty_space height=\u00a0\u00bb54px\u00a0\u00bb][\/vc_column][\/vc_row][vc_row][vc_column][vc_column_text]<\/p>\n<h3><b>3\u00a0<\/b><\/h3>\n<h3><b>Les 25<\/b><b>e<\/b><b> Troph\u00e9es des Acteurs du Commerce FACT ont \u00e9t\u00e9 r\u00e9cemment<\/b> <b>remis. <\/b><\/h3>\n<p>\u00a0<\/p>\n<p><span style=\"font-weight: 400;\">Objectif\u00a0: re\u0301compenser des projets immobiliers commerciaux et des initiatives innovantes porte\u0301es par des espaces commerciaux, et des projets de collectivite\u0301s du programme Action C\u0153ur de Ville pour rendre leur centre-ville plus attractif.\u00a0<\/span><\/p>\n<p><span style=\"font-weight: 400;\">Parmi les Troph\u00e9es :<\/span><\/p>\n<p><span style=\"font-weight: 400;\">&#8211; <\/span><b>Le Troph\u00e9e de l'Initiative locale Marketing<\/b><span style=\"font-weight: 400;\"> a \u00e9t\u00e9 d\u00e9cern\u00e9 \u00e0 <\/span><b>Val d'Europe<\/b><span style=\"font-weight: 400;\"> du groupe Kl\u00e9pierre pour son op\u00e9ration Micro-Folie. Le public de ce centre a pu b\u00e9n\u00e9ficier d'un mus\u00e9e num\u00e9rique le temps d'un \u00e9t\u00e9, et d\u00e9couvrir de nombreuses \u0153uvres gr\u00e2ce \u00e0 un parcours immersif et sensoriel, ainsi qu'\u00e0 des ateliers ouverts \u00e0 tous.\u00a0<\/span><\/p>\n<p><b>&#8211; Le Troph\u00e9e de l'Initiative locale RSE<\/b><span style=\"font-weight: 400;\"> a \u00e9t\u00e9 remis \u00e0 <\/span><b>Cap 3000 <\/b><span style=\"font-weight: 400;\">du groupe Altarea, qui a d\u00e9cid\u00e9 de donner de la visibilit\u00e9 aux enseignes proposant des solutions de consommation responsable dans son centre de Saint- Laurent-du-Var en cr\u00e9ant ses <\/span><b>\u00ab Troph\u00e9es des initiatives responsables \u00bb<\/b><span style=\"font-weight: 400;\"> dont le but est de mettre en lumi\u00e8re et de r\u00e9compenser les bonnes pratiques des grandes enseignes, mais \u00e9galement celles des jeunes marques ou des ind\u00e9pendants du centre.\u00a0<\/span><\/p>\n<p>\u00a0<\/p>\n<p><span style=\"font-weight: 400;\">Les Troph\u00e9es des initiatives responsables ont eux-m\u00eames remis : Le Troph\u00e9e \u00ab Impact environnemental \u00bb a \u00e9t\u00e9 remis aux enseignes : Ox6gene, pour ses v\u00e9los fabriqu\u00e9s en Europe, et Vanessa Bruno, pour son engagement en faveur d'une mode durable et \u00e9thique avec des tissus 60% fran\u00e7ais et ses sacs compos\u00e9s de fibres recycl\u00e9es certifi\u00e9es Go for Good. Le Troph\u00e9e \u00ab Impact social et territorial \u00bb a lui \u00e9t\u00e9 d\u00e9cern\u00e9 \u00e0 Nature et D\u00e9couvertes, pour sa collecte de piles usag\u00e9es et la mise en place d'actions engag\u00e9es envers ses salari\u00e9s, ainsi qu'au Comptoir de Mathilde, pour son engagement en circuit-court, notamment avec la fabrication de bougies 100% locales et faites main. Le coup de c\u0153ur du public est revenu \u00e0 Aromazone, pour sa politique de r\u00e9emploi des emballages, et \u00e0 Bartavelle Mistral Gin pour ses gins aromatis\u00e9s compos\u00e9s de mati\u00e8res premi\u00e8res en provenance d'acteurs locaux.\u00a0<\/span><\/p>\n<p>\u00a0<\/p>\n<p><b>&#8211; Le Coup de C\u0153ur du jury<\/b><span style=\"font-weight: 400;\"> est revenu \u00e0 Shop' in Pac\u00e9 du groupe Galimmo et \u00e0 <\/span><a href=\"\/?p=19338\" target=\"_blank\" rel=\"noopener\"><span style=\"font-weight: 400;\">la start-up Mains d'Argent<\/span><\/a><span style=\"font-weight: 400;\"> qui proposent, \u00e0 proximit\u00e9 de Rennes, une exp\u00e9rience de shopping interg\u00e9n\u00e9rationnel\u00a0: \u00ab les compagnons d'emplettes \u00bb, o\u00f9 des \u00e9tudiants accompagnent des seniors lors de leurs courses.\u00a0<\/span><\/p>\n<p><span style=\"font-weight: 400;\">&#8211; Dans la Cate\u0301gorie \u00ab Action C\u0153ur de Ville \u00bb, la ville de Ma\u0302con<\/span> <span style=\"font-weight: 400;\">s'est vu de\u0301cerner un prix<\/span> <span style=\"font-weight: 400;\">pour son double projet d'urbanisme mixant la requalification de la friche de l'i\u0302lot Laguiche<\/span> <span style=\"font-weight: 400;\">a\u0300 l'ame\u0301nagement d'un espace public, celui de la Place aux Herbes<\/span><b>. <\/b><span style=\"font-weight: 400;\">Deux programmes qui ont transforme\u0301 en profondeur le c\u0153ur de ville, et permis une baisse significative de la vacance commerciale. <\/span>[\/vc_column_text][vc_empty_space height=\u00a0\u00bb54px\u00a0\u00bb][\/vc_column][\/vc_row][vc_row css=\u00a0\u00bb.vc_custom_1519392503248{padding-top: 18px !important;}\u00a0\u00bb][vc_column]<div class=\"edgtf-single-image-holder   \">\n    <div class=\"edgtf-si-inner\" >\n                                    <img decoding=\"async\" src=\"https:\/\/altavia-group.com\/wp-content\/uploads\/2026\/02\/Bordeau-Village-par-la-Societe-de-la-Tour-Eiffel-scaled-2-scaled.jpg\" class=\"attachment-full size-full\" alt=\"F\u00e9d\u00e9ration des Acteurs du Commerce dans les Territoires\" \/>                        <\/div>\n<\/div>[vc_column_text]<\/p>\n<h6><span style=\"font-weight: 400;\">Bord'eau Village par la Soci\u00e9t\u00e9 de la Tour Eiffel<\/span><\/h6>\n<p>[\/vc_column_text][vc_empty_space height=\u00a0\u00bb54px\u00a0\u00bb][\/vc_column][\/vc_row][vc_row][vc_column][vc_column_text]<\/p>\n<h3><b>4<\/b><\/h3>\n<h3><b>La F\u00e9d\u00e9ration des Acteurs du Commerce dans les Territoires est \u00e0 l'initiative du Siec.<\/b><\/h3>\n<p>\u00a0<\/p>\n<p><b><\/b><span style=\"font-weight: 400;\">Le Siec est un \u00e9v\u00e9nement r\u00e9unissant les dirigeants fran\u00e7ais et europ\u00e9ens de l'Immobilier Commercial et du Retail.<\/span><\/p>\n<p><span style=\"font-weight: 400;\">L'\u00e9dition 2024 qui a eu lieu les 22 &#038; 23 mai, a r\u00e9uni 4100 participants et 100 exposants. Le fil rouge \u00e9tait\u00a0: \u00ab\u00a0Sites Commerciaux : TransformationS\u00a0\u00bb.<\/span><\/p>\n<p><span style=\"font-weight: 400;\">\u00ab\u00a0<\/span><i><span style=\"font-weight: 400;\">Le Siec a retrouv\u00e9 sa programmation habituelle au printemps, et cette \u00e9dition a confirm\u00e9 son r\u00f4le de catalyseur des discussions entre offreurs de m\u00b2 et enseignes en d\u00e9veloppement. Ces derni\u00e8res \u00e9voluent rapidement, avec notamment les services, les loisirs et toujours la restauration qui acc\u00e9l\u00e8rent leur expansion car elles b\u00e9n\u00e9ficient de l'\u00e9volution rapide des d\u00e9penses des m\u00e9nages en leur faveur\u00a0\u00bb, <\/span><\/i><span style=\"font-weight: 400;\">a<\/span> <span style=\"font-weight: 400;\">d\u00e9clar\u00e9 Christophe No\u00ebl, D\u00e9l\u00e9gu\u00e9 g\u00e9n\u00e9ral de la F\u00e9d\u00e9ration des Acteurs du Commerce dans les Territoires.<\/span>[\/vc_column_text][vc_empty_space height=\u00a0\u00bb54px\u00a0\u00bb][\/vc_column][\/vc_row][vc_row css=\u00a0\u00bb.vc_custom_1519392503248{padding-top: 18px !important;}\u00a0\u00bb][vc_column]<div class=\"edgtf-single-image-holder   \">\n    <div class=\"edgtf-si-inner\" >\n                                    <img decoding=\"async\" src=\"https:\/\/altavia-group.com\/wp-content\/uploads\/2026\/02\/Ceremonie-Siec-2024-scaled-2-scaled.jpg\" class=\"attachment-full size-full\" alt=\"F\u00e9d\u00e9ration des Acteurs du Commerce dans les Territoires\" \/>                        <\/div>\n<\/div>[vc_column_text]<\/p>\n<h6><span style=\"font-weight: 400;\">C\u00e9r\u00e9monie Siec 2024<\/span><\/h6>\n<p>[\/vc_column_text][vc_empty_space height=\u00a0\u00bb54px\u00a0\u00bb][\/vc_column][\/vc_row][vc_row][vc_column][vc_column_text]<\/p>\n<h3><b>5<\/b><\/h3>\n<h3><b>Pour la FACT, le commerce est une \u00ab\u00a0locomotive de l'emploi\u00a0\u00bb.<\/b><\/h3>\n<p>\u00a0<\/p>\n<p><span style=\"font-weight: 400;\">L'\u00e9tude \u00ab\u00a0Le commerce, locomotive de l'emploi\u00a0\u00bb, r\u00e9alis\u00e9e avec SAD Marketing et r\u00e9v\u00e9l\u00e9e en septembre 2023, a d\u00e9crypt\u00e9 l'\u00e9volution des secteurs du commerce de de\u0301tail (hors automobile), de l&rsquo;artisanat de de\u0301tail, notamment les me\u0301tiers de bouche et la coiffure, ainsi que le secteur de la restauration, qui repr\u00e9sentent pr\u00e8s de 3 millions d'emplois, soit 15% de l&rsquo;ensemble des emplois salarie\u0301s du secteur prive\u0301 en France en 2022<\/span><\/p>\n<p><span style=\"font-weight: 400;\">\u00ab\u00a0Le principal employeur, le secteur de la restauration<\/span> <span style=\"font-weight: 400;\">avec 772 000 emplois, est e\u0301galement celui qui a connu une des plus fortes progressions : +65% d'emplois entre 2006 et 2022 (\u2026). Un autre secteur qui me\u0301rite une attention particulie\u0300re est celui du petit commerce alimentaire, comptant pre\u0300s de 400 000 salarie\u0301s, et affichant une progression significative de 48% de ses effectifs entre 2006 et 2022\u00a0\u00bb.\u00a0<\/span><\/p>\n<p><span style=\"font-weight: 400;\">Dans cette pe\u0301riode, qui a \u00e9galement \u00e9t\u00e9 celle de l'av\u00e8nement du e-commerce (pass\u00e9 de 4Mds de chiffre d'affaires en vente de produits en 2006 a\u0300 62Mds en 2022)<\/span> <span style=\"font-weight: 400;\">qui a directement impact\u00e9<\/span> <span style=\"font-weight: 400;\">l'emploi dans le secteur du commerce de de\u0301tail<\/span><b>, <\/b><span style=\"font-weight: 400;\">le sport ou le livre, ont cependant enregistr\u00e9 une croissance de leurs effectifs salarie\u0301s.<\/span>[\/vc_column_text][vc_empty_space height=\u00a0\u00bb54px\u00a0\u00bb][\/vc_column][\/vc_row]<\/p>\n<\/section>","protected":false},"excerpt":{"rendered":"<p>Repr\u00e9sentant de r\u00e9f\u00e9rence de toutes les formes du commerce physique, la FACTpartage les bonnes pratiques de la profession et d\u00e9fend les int\u00e9r\u00eats des professionnels du secteur.<\/p>\n","protected":false},"author":17,"featured_media":7902,"menu_order":0,"comment_status":"closed","ping_status":"closed","template":"","meta":{"_acf_changed":false,"color_menu":"","footer_color_background":"","featured_image_url":"","footnotes":""},"categories":[292],"tags":[],"news-type-taxonomy":[],"news-topic-taxonomy":[],"class_list":["post-7901","news","type-news","status-publish","has-post-thumbnail","hentry","category-retail-culture"],"acf":[],"yoast_head":"<!-- This site is optimized with the Yoast SEO plugin v27.5 - https:\/\/yoast.com\/product\/yoast-seo-wordpress\/ -->\n<title>5 choses \u00e0 savoir sur la F\u00e9d\u00e9ration des Acteurs du Commerce dans les Territoires. - Altavia<\/title>\n<meta name=\"robots\" content=\"index, follow, max-snippet:-1, max-image-preview:large, max-video-preview:-1\" \/>\n<meta property=\"og:locale\" content=\"fr_FR\" \/>\n<meta property=\"og:type\" content=\"article\" \/>\n<meta property=\"og:title\" content=\"5 choses \u00e0 savoir sur la F\u00e9d\u00e9ration des Acteurs du Commerce dans les Territoires. - Altavia\" \/>\n<meta property=\"og:description\" content=\"Repr\u00e9sentant de r\u00e9f\u00e9rence de toutes les formes du commerce physique, la FACTpartage les bonnes pratiques de la profession et d\u00e9fend les int\u00e9r\u00eats des professionnels du secteur.\" \/>\n<meta property=\"og:url\" content=\"https:\/\/altavia-group.com\/fr\/news\/5-choses-a-savoir-sur-la-federation-des-acteurs-du-commerce-dans-les-territoires\/\" \/>\n<meta property=\"og:site_name\" content=\"Altavia\" \/>\n<meta property=\"article:modified_time\" content=\"2026-02-09T12:19:07+00:00\" \/>\n<meta property=\"og:image\" content=\"https:\/\/altavia-group.com\/wp-content\/uploads\/2026\/02\/Village-de-Marques-Paris-Giverny-par-McArthurGlen-1.jpeg\" \/>\n\t<meta property=\"og:image:width\" content=\"1\" \/>\n\t<meta property=\"og:image:height\" content=\"1\" \/>\n\t<meta property=\"og:image:type\" content=\"image\/jpeg\" \/>\n<meta name=\"twitter:card\" content=\"summary_large_image\" \/>\n<meta name=\"twitter:label1\" content=\"Est. reading time\" \/>\n\t<meta name=\"twitter:data1\" content=\"8 minutes\" \/>\n<script type=\"application\/ld+json\" class=\"yoast-schema-graph\">{\"@context\":\"https:\\\/\\\/schema.org\",\"@graph\":[{\"@type\":\"WebPage\",\"@id\":\"https:\\\/\\\/altavia-group.com\\\/fr\\\/news\\\/5-choses-a-savoir-sur-la-federation-des-acteurs-du-commerce-dans-les-territoires\\\/\",\"url\":\"https:\\\/\\\/altavia-group.com\\\/fr\\\/news\\\/5-choses-a-savoir-sur-la-federation-des-acteurs-du-commerce-dans-les-territoires\\\/\",\"name\":\"5 choses \u00e0 savoir sur la F\u00e9d\u00e9ration des Acteurs du Commerce dans les Territoires. - Altavia\",\"isPartOf\":{\"@id\":\"https:\\\/\\\/altavia-group.com\\\/#website\"},\"primaryImageOfPage\":{\"@id\":\"https:\\\/\\\/altavia-group.com\\\/fr\\\/news\\\/5-choses-a-savoir-sur-la-federation-des-acteurs-du-commerce-dans-les-territoires\\\/#primaryimage\"},\"image\":{\"@id\":\"https:\\\/\\\/altavia-group.com\\\/fr\\\/news\\\/5-choses-a-savoir-sur-la-federation-des-acteurs-du-commerce-dans-les-territoires\\\/#primaryimage\"},\"thumbnailUrl\":\"https:\\\/\\\/altavia-group.com\\\/wp-content\\\/uploads\\\/2026\\\/02\\\/Village-de-Marques-Paris-Giverny-par-McArthurGlen-1.jpeg\",\"datePublished\":\"2024-07-01T09:45:23+00:00\",\"dateModified\":\"2026-02-09T12:19:07+00:00\",\"breadcrumb\":{\"@id\":\"https:\\\/\\\/altavia-group.com\\\/fr\\\/news\\\/5-choses-a-savoir-sur-la-federation-des-acteurs-du-commerce-dans-les-territoires\\\/#breadcrumb\"},\"inLanguage\":\"fr-FR\",\"potentialAction\":[{\"@type\":\"ReadAction\",\"target\":[\"https:\\\/\\\/altavia-group.com\\\/fr\\\/news\\\/5-choses-a-savoir-sur-la-federation-des-acteurs-du-commerce-dans-les-territoires\\\/\"]}]},{\"@type\":\"ImageObject\",\"inLanguage\":\"fr-FR\",\"@id\":\"https:\\\/\\\/altavia-group.com\\\/fr\\\/news\\\/5-choses-a-savoir-sur-la-federation-des-acteurs-du-commerce-dans-les-territoires\\\/#primaryimage\",\"url\":\"https:\\\/\\\/altavia-group.com\\\/wp-content\\\/uploads\\\/2026\\\/02\\\/Village-de-Marques-Paris-Giverny-par-McArthurGlen-1.jpeg\",\"contentUrl\":\"https:\\\/\\\/altavia-group.com\\\/wp-content\\\/uploads\\\/2026\\\/02\\\/Village-de-Marques-Paris-Giverny-par-McArthurGlen-1.jpeg\",\"caption\":\"F\u00e9d\u00e9ration des Acteurs du Commerce dans les Territoires\"},{\"@type\":\"BreadcrumbList\",\"@id\":\"https:\\\/\\\/altavia-group.com\\\/fr\\\/news\\\/5-choses-a-savoir-sur-la-federation-des-acteurs-du-commerce-dans-les-territoires\\\/#breadcrumb\",\"itemListElement\":[{\"@type\":\"ListItem\",\"position\":1,\"name\":\"Home\",\"item\":\"https:\\\/\\\/altavia-group.com\\\/fr\\\/\"},{\"@type\":\"ListItem\",\"position\":2,\"name\":\"News\",\"item\":\"https:\\\/\\\/altavia-group.com\\\/fr\\\/news\\\/\"},{\"@type\":\"ListItem\",\"position\":3,\"name\":\"5 choses \u00e0 savoir sur la F\u00e9d\u00e9ration des Acteurs du Commerce dans les Territoires.\"}]},{\"@type\":\"WebSite\",\"@id\":\"https:\\\/\\\/altavia-group.com\\\/#website\",\"url\":\"https:\\\/\\\/altavia-group.com\\\/\",\"name\":\"Altavia\",\"description\":\"Let\u2019s unlock our imagination.\",\"publisher\":{\"@id\":\"https:\\\/\\\/altavia-group.com\\\/#organization\"},\"potentialAction\":[{\"@type\":\"SearchAction\",\"target\":{\"@type\":\"EntryPoint\",\"urlTemplate\":\"https:\\\/\\\/altavia-group.com\\\/?s={search_term_string}\"},\"query-input\":{\"@type\":\"PropertyValueSpecification\",\"valueRequired\":true,\"valueName\":\"search_term_string\"}}],\"inLanguage\":\"fr-FR\"},{\"@type\":\"Organization\",\"@id\":\"https:\\\/\\\/altavia-group.com\\\/#organization\",\"name\":\"Altavia\",\"url\":\"https:\\\/\\\/altavia-group.com\\\/\",\"logo\":{\"@type\":\"ImageObject\",\"inLanguage\":\"fr-FR\",\"@id\":\"https:\\\/\\\/altavia-group.com\\\/#\\\/schema\\\/logo\\\/image\\\/\",\"url\":\"http:\\\/\\\/altavia-group.com\\\/wp-content\\\/uploads\\\/2024\\\/12\\\/cropped-favicon-altavia.png\",\"contentUrl\":\"http:\\\/\\\/altavia-group.com\\\/wp-content\\\/uploads\\\/2024\\\/12\\\/cropped-favicon-altavia.png\",\"width\":512,\"height\":512,\"caption\":\"Altavia\"},\"image\":{\"@id\":\"https:\\\/\\\/altavia-group.com\\\/#\\\/schema\\\/logo\\\/image\\\/\"}}]}<\/script>\n<!-- \/ Yoast SEO plugin. -->","yoast_head_json":{"title":"5 choses \u00e0 savoir sur la F\u00e9d\u00e9ration des Acteurs du Commerce dans les Territoires. - Altavia","robots":{"index":"index","follow":"follow","max-snippet":"max-snippet:-1","max-image-preview":"max-image-preview:large","max-video-preview":"max-video-preview:-1"},"og_locale":"fr_FR","og_type":"article","og_title":"5 choses \u00e0 savoir sur la F\u00e9d\u00e9ration des Acteurs du Commerce dans les Territoires. - Altavia","og_description":"Repr\u00e9sentant de r\u00e9f\u00e9rence de toutes les formes du commerce physique, la FACTpartage les bonnes pratiques de la profession et d\u00e9fend les int\u00e9r\u00eats des professionnels du secteur.","og_url":"https:\/\/altavia-group.com\/fr\/news\/5-choses-a-savoir-sur-la-federation-des-acteurs-du-commerce-dans-les-territoires\/","og_site_name":"Altavia","article_modified_time":"2026-02-09T12:19:07+00:00","og_image":[{"url":"https:\/\/altavia-group.com\/wp-content\/uploads\/2026\/02\/Village-de-Marques-Paris-Giverny-par-McArthurGlen-1.jpeg","width":1,"height":1,"type":"image\/jpeg"}],"twitter_card":"summary_large_image","twitter_misc":{"Est. reading time":"8 minutes"},"schema":{"@context":"https:\/\/schema.org","@graph":[{"@type":"WebPage","@id":"https:\/\/altavia-group.com\/fr\/news\/5-choses-a-savoir-sur-la-federation-des-acteurs-du-commerce-dans-les-territoires\/","url":"https:\/\/altavia-group.com\/fr\/news\/5-choses-a-savoir-sur-la-federation-des-acteurs-du-commerce-dans-les-territoires\/","name":"5 choses \u00e0 savoir sur la F\u00e9d\u00e9ration des Acteurs du Commerce dans les Territoires. - Altavia","isPartOf":{"@id":"https:\/\/altavia-group.com\/#website"},"primaryImageOfPage":{"@id":"https:\/\/altavia-group.com\/fr\/news\/5-choses-a-savoir-sur-la-federation-des-acteurs-du-commerce-dans-les-territoires\/#primaryimage"},"image":{"@id":"https:\/\/altavia-group.com\/fr\/news\/5-choses-a-savoir-sur-la-federation-des-acteurs-du-commerce-dans-les-territoires\/#primaryimage"},"thumbnailUrl":"https:\/\/altavia-group.com\/wp-content\/uploads\/2026\/02\/Village-de-Marques-Paris-Giverny-par-McArthurGlen-1.jpeg","datePublished":"2024-07-01T09:45:23+00:00","dateModified":"2026-02-09T12:19:07+00:00","breadcrumb":{"@id":"https:\/\/altavia-group.com\/fr\/news\/5-choses-a-savoir-sur-la-federation-des-acteurs-du-commerce-dans-les-territoires\/#breadcrumb"},"inLanguage":"fr-FR","potentialAction":[{"@type":"ReadAction","target":["https:\/\/altavia-group.com\/fr\/news\/5-choses-a-savoir-sur-la-federation-des-acteurs-du-commerce-dans-les-territoires\/"]}]},{"@type":"ImageObject","inLanguage":"fr-FR","@id":"https:\/\/altavia-group.com\/fr\/news\/5-choses-a-savoir-sur-la-federation-des-acteurs-du-commerce-dans-les-territoires\/#primaryimage","url":"https:\/\/altavia-group.com\/wp-content\/uploads\/2026\/02\/Village-de-Marques-Paris-Giverny-par-McArthurGlen-1.jpeg","contentUrl":"https:\/\/altavia-group.com\/wp-content\/uploads\/2026\/02\/Village-de-Marques-Paris-Giverny-par-McArthurGlen-1.jpeg","caption":"F\u00e9d\u00e9ration des Acteurs du Commerce dans les Territoires"},{"@type":"BreadcrumbList","@id":"https:\/\/altavia-group.com\/fr\/news\/5-choses-a-savoir-sur-la-federation-des-acteurs-du-commerce-dans-les-territoires\/#breadcrumb","itemListElement":[{"@type":"ListItem","position":1,"name":"Home","item":"https:\/\/altavia-group.com\/fr\/"},{"@type":"ListItem","position":2,"name":"News","item":"https:\/\/altavia-group.com\/fr\/news\/"},{"@type":"ListItem","position":3,"name":"5 choses \u00e0 savoir sur la F\u00e9d\u00e9ration des Acteurs du Commerce dans les Territoires."}]},{"@type":"WebSite","@id":"https:\/\/altavia-group.com\/#website","url":"https:\/\/altavia-group.com\/","name":"Altavia","description":"Let\u2019s unlock our imagination.","publisher":{"@id":"https:\/\/altavia-group.com\/#organization"},"potentialAction":[{"@type":"SearchAction","target":{"@type":"EntryPoint","urlTemplate":"https:\/\/altavia-group.com\/?s={search_term_string}"},"query-input":{"@type":"PropertyValueSpecification","valueRequired":true,"valueName":"search_term_string"}}],"inLanguage":"fr-FR"},{"@type":"Organization","@id":"https:\/\/altavia-group.com\/#organization","name":"Altavia","url":"https:\/\/altavia-group.com\/","logo":{"@type":"ImageObject","inLanguage":"fr-FR","@id":"https:\/\/altavia-group.com\/#\/schema\/logo\/image\/","url":"http:\/\/altavia-group.com\/wp-content\/uploads\/2024\/12\/cropped-favicon-altavia.png","contentUrl":"http:\/\/altavia-group.com\/wp-content\/uploads\/2024\/12\/cropped-favicon-altavia.png","width":512,"height":512,"caption":"Altavia"},"image":{"@id":"https:\/\/altavia-group.com\/#\/schema\/logo\/image\/"}}]}},"_links":{"self":[{"href":"https:\/\/altavia-group.com\/fr\/wp-json\/wp\/v2\/news\/7901","targetHints":{"allow":["GET"]}}],"collection":[{"href":"https:\/\/altavia-group.com\/fr\/wp-json\/wp\/v2\/news"}],"about":[{"href":"https:\/\/altavia-group.com\/fr\/wp-json\/wp\/v2\/types\/news"}],"author":[{"embeddable":true,"href":"https:\/\/altavia-group.com\/fr\/wp-json\/wp\/v2\/users\/17"}],"replies":[{"embeddable":true,"href":"https:\/\/altavia-group.com\/fr\/wp-json\/wp\/v2\/comments?post=7901"}],"version-history":[{"count":0,"href":"https:\/\/altavia-group.com\/fr\/wp-json\/wp\/v2\/news\/7901\/revisions"}],"wp:featuredmedia":[{"embeddable":true,"href":"https:\/\/altavia-group.com\/fr\/wp-json\/wp\/v2\/media\/7902"}],"wp:attachment":[{"href":"https:\/\/altavia-group.com\/fr\/wp-json\/wp\/v2\/media?parent=7901"}],"wp:term":[{"taxonomy":"category","embeddable":true,"href":"https:\/\/altavia-group.com\/fr\/wp-json\/wp\/v2\/categories?post=7901"},{"taxonomy":"post_tag","embeddable":true,"href":"https:\/\/altavia-group.com\/fr\/wp-json\/wp\/v2\/tags?post=7901"},{"taxonomy":"news-type-taxonomy","embeddable":true,"href":"https:\/\/altavia-group.com\/fr\/wp-json\/wp\/v2\/news-type-taxonomy?post=7901"},{"taxonomy":"news-topic-taxonomy","embeddable":true,"href":"https:\/\/altavia-group.com\/fr\/wp-json\/wp\/v2\/news-topic-taxonomy?post=7901"}],"curies":[{"name":"wp","href":"https:\/\/api.w.org\/{rel}","templated":true}]}}