{"id":7983,"date":"2024-09-02T17:08:31","date_gmt":"2024-09-02T15:08:31","guid":{"rendered":"https:\/\/altaviagroudev.wpenginepowered.com\/news\/reseau-vrac-reemploi-accompagner-le-changement-et-creer-du-lien-entre-tous-les-acteurs\/"},"modified":"2026-02-09T13:19:52","modified_gmt":"2026-02-09T12:19:52","slug":"reseau-vrac-reemploi-accompagner-le-changement-et-creer-du-lien-entre-tous-les-acteurs","status":"publish","type":"news","link":"https:\/\/altavia-group.com\/fr\/news\/reseau-vrac-reemploi-accompagner-le-changement-et-creer-du-lien-entre-tous-les-acteurs\/","title":{"rendered":"R\u00e9seau Vrac &#038; R\u00e9emploi : accompagner le changement et cr\u00e9er du lien entre tous les acteurs."},"content":{"rendered":"<section class=\"wpb-content-wrapper\"><p>[vc_row css=\u00a0\u00bb.vc_custom_1519392503248{padding-top: 18px !important;}\u00a0\u00bb][vc_column]<div class=\"edgtf-single-image-holder   \">\n    <div class=\"edgtf-si-inner\" >\n                                    <img decoding=\"async\" src=\"https:\/\/altavia-group.com\/wp-content\/uploads\/2026\/02\/stock-image-283220314-M-1.jpg\" class=\"attachment-full size-full\" alt=\"\" \/>                        <\/div>\n<\/div>[vc_empty_space height=\u00a0\u00bb54px\u00a0\u00bb][\/vc_column][\/vc_row][vc_row][vc_column][vc_column_text]<\/p>\n<h4><span class=\"edgtf-dropcaps edgtf-normal\" style=\"color: #1b1c21\">R<\/span><span style=\"color: #778080;\"><a style=\"color: #778080;\" href=\"https:\/\/reseauvracetreemploi.org\/\" target=\"_blank\" rel=\"noopener\"><b>\u00e9seau Vrac et R\u00e9emploi<\/b><\/a><\/span><b> est l'unique r\u00e9seau national des entreprises du r\u00e9emploi des emballages et de la consommation vrac. Ses missions\u00a0: construire un cadre l\u00e9gal favorable, former et informer les professionnels pour accompagner le changement, cr\u00e9er du lien entre tous les acteurs et ancrer ce mode de vie plus durable dans les habitudes du plus grand nombre.<\/b><\/h4>\n<h4><\/h4>\n<p><span style=\"font-weight: 400;\">L'id\u00e9e de cr\u00e9er une organisation qui puisse r\u00e9unir les acteurs de la fili\u00e8re vrac est n\u00e9e en 2015 dans l'esprit de professionnels du secteur, avec le soutien de l'association Zero Waste France.\u00a0<\/span><\/p>\n<p><span style=\"font-weight: 400;\">En 2016, C\u00e9lia Rennesson accepte de prendre en main la cr\u00e9ation et la direction de cette nouvelle entit\u00e9\u00a0: R\u00e9seau Vrac. Pour elle, qui a voulu cr\u00e9er sa propre \u00e9picerie vrac en 2013 et qui, comme beaucoup d'entrepreneurs, s'est confront\u00e9e au vide \u00e0 tous les niveaux (r\u00e9glementation, hygi\u00e8ne, formations, fournisseurs\u2026), ce projet prend tout son sens. Le 10 mars 2016, avec G\u00e9rard Bellet, Laura Caniot, Johanna Le Mau, S\u00e9bastien Leflond, Didier Onraita et Ludvina Sanchez, C\u00e9lia Rennesson co-fonde donc R\u00e9seau Vrac, association interprofessionnelle de loi 1901 avec pour objectif de d\u00e9mocratiser le vrac afin d'offrir une consommation plus durable et responsable.<\/span><\/p>\n<h4><\/h4>\n<p><span style=\"font-weight: 400;\">R\u00e9seau Vrac et R\u00e9emploi f\u00e9d\u00e8re aujourd'hui un \u00e9cosyst\u00e8me dynamique port\u00e9 par une \u00e9quipe d'experts qui structure et acc\u00e9l\u00e8re une fili\u00e8re d'avenir.<\/span><\/p>\n<h4><\/h4>\n<p><span style=\"font-weight: 400;\">Depuis 6 ans l'association organise le Salon du Vrac et du R\u00e9emploi dont la prochaine \u00e9dition aura lieu en mai 2025.<\/span><\/p>\n<p><span style=\"font-weight: 400;\">2000\u00a0professionnels fran\u00e7ais et internationaux \u00e9taient r\u00e9unis \u00e0 la pr\u00e9c\u00e9dente \u00e9dition, les 13 et 14 mai 2024, \u00e0 Paris. 5 zones d'exposition repr\u00e9sentatives des fili\u00e8res vrac et r\u00e9emploi \u00e9taient propos\u00e9es\u00a0:\u00a0<\/span><span style=\"font-weight: 400;\"><br \/>\n<\/span><b>\u2013<\/b><span style=\"font-weight: 400;\">\u00a0D\u00e9velopper le vrac\u00a0;\u00a0<\/span><span style=\"font-weight: 400;\"><br \/>\n<\/span><b>\u2013<\/b><span style=\"font-weight: 400;\">\u00a0Mettre en place le r\u00e9emploi\u00a0;\u00a0<\/span><span style=\"font-weight: 400;\"><br \/>\n<\/span><b>\u2013<\/b><span style=\"font-weight: 400;\">\u00a0Accompagner la transition et le consommateur\u00a0;\u00a0<\/span><span style=\"font-weight: 400;\"><br \/>\n<\/span><b>\u2013<\/b><span style=\"font-weight: 400;\">\u00a0Le Hub Start-up\u00a0: o\u00f9 l'on pouvait d\u00e9couvrir les nouvelles start-up du secteur\u00a0;\u00a0<\/span><span style=\"font-weight: 400;\"><br \/>\n<\/span><b>\u2013<\/b><span style=\"font-weight: 400;\">\u00a0Le Village du R\u00e9emploi\u00a0: qui a regroup\u00e9 les acteurs de la r\u00e9paration, r\u00e9utilisation et r\u00e9emploi.<\/span><\/p>\n<p>\u00a0<\/p>\n<h3><b>Les troph\u00e9es du Vrac et du R\u00e9emploi<\/b><span style=\"font-weight: 400;\">\u00a0<\/span><\/h3>\n<p>\u00a0<\/p>\n<p><span style=\"font-weight: 400;\">Depuis 2020, R\u00e9seau Vrac et R\u00e9emploi organise les Troph\u00e9es du Vrac et du R\u00e9emploi\u00a0: l'\u00e9v\u00e8nement incontournable qui r\u00e9compense les derni\u00e8res\u00a0nouveaut\u00e9s\u00a0des secteurs du vrac et du r\u00e9emploi des emballages.<\/span><\/p>\n<p><span style=\"font-weight: 400;\">Cette ann\u00e9e, la c\u00e9r\u00e9monie de remise des Troph\u00e9es prend son ind\u00e9pendance et n'aura pas lieu pendant le Salon du Vrac &#038; du R\u00e9emploi\u00a0: rendez-vous le 21 novembre prochain, \u00e0 la Maison du Z\u00e9ro D\u00e9chet (Paris, 12e).<\/span><\/p>\n<p>\u00a0<\/p>\n<p><a href=\"\/?p=30014\" target=\"_blank\" rel=\"noopener\"><span style=\"font-weight: 400;\">The Naked Shop <\/span><\/a><span style=\"font-weight: 400;\">est membre de R\u00e9seau Vrac &#038; R\u00e9emploi.<\/span>[\/vc_column_text][vc_empty_space height=\u00a0\u00bb54px\u00a0\u00bb][\/vc_column][\/vc_row]<\/p>\n<\/section>","protected":false},"excerpt":{"rendered":"<p>R\u00e9seau Vrac et R\u00e9emploi est l\u2019unique r\u00e9seau national des entreprises du r\u00e9emploi des emballages et de la consommation vrac.<\/p>\n","protected":false},"author":17,"featured_media":7984,"menu_order":0,"comment_status":"closed","ping_status":"closed","template":"","meta":{"_acf_changed":false,"color_menu":"","footer_color_background":"","featured_image_url":"","footnotes":""},"categories":[278],"tags":[],"news-type-taxonomy":[],"news-topic-taxonomy":[],"class_list":["post-7983","news","type-news","status-publish","has-post-thumbnail","hentry","category-commerce-durable"],"acf":[],"yoast_head":"<!-- This site is optimized with the Yoast SEO plugin v27.5 - https:\/\/yoast.com\/product\/yoast-seo-wordpress\/ -->\n<title>R\u00e9seau Vrac &amp; R\u00e9emploi : accompagner le changement et cr\u00e9er du lien entre tous les acteurs. - Altavia<\/title>\n<meta name=\"robots\" content=\"index, follow, max-snippet:-1, max-image-preview:large, max-video-preview:-1\" \/>\n<meta property=\"og:locale\" content=\"fr_FR\" \/>\n<meta property=\"og:type\" content=\"article\" \/>\n<meta property=\"og:title\" content=\"R\u00e9seau Vrac &amp; R\u00e9emploi : accompagner le changement et cr\u00e9er du lien entre tous les acteurs. - Altavia\" \/>\n<meta property=\"og:description\" content=\"R\u00e9seau Vrac et R\u00e9emploi est l\u2019unique r\u00e9seau national des entreprises du r\u00e9emploi des emballages et de la consommation vrac.\" \/>\n<meta property=\"og:url\" content=\"https:\/\/altavia-group.com\/fr\/news\/reseau-vrac-reemploi-accompagner-le-changement-et-creer-du-lien-entre-tous-les-acteurs\/\" \/>\n<meta property=\"og:site_name\" content=\"Altavia\" \/>\n<meta property=\"article:modified_time\" content=\"2026-02-09T12:19:52+00:00\" \/>\n<meta property=\"og:image\" content=\"https:\/\/altavia-group.com\/wp-content\/uploads\/2026\/02\/stock-image-283220314-M-1.jpg\" \/>\n\t<meta property=\"og:image:width\" content=\"1\" \/>\n\t<meta property=\"og:image:height\" content=\"1\" \/>\n\t<meta property=\"og:image:type\" content=\"image\/jpeg\" \/>\n<meta name=\"twitter:card\" content=\"summary_large_image\" \/>\n<meta name=\"twitter:label1\" content=\"Est. reading time\" \/>\n\t<meta name=\"twitter:data1\" content=\"3 minutes\" \/>\n<script type=\"application\/ld+json\" class=\"yoast-schema-graph\">{\"@context\":\"https:\\\/\\\/schema.org\",\"@graph\":[{\"@type\":\"WebPage\",\"@id\":\"https:\\\/\\\/altavia-group.com\\\/fr\\\/news\\\/reseau-vrac-reemploi-accompagner-le-changement-et-creer-du-lien-entre-tous-les-acteurs\\\/\",\"url\":\"https:\\\/\\\/altavia-group.com\\\/fr\\\/news\\\/reseau-vrac-reemploi-accompagner-le-changement-et-creer-du-lien-entre-tous-les-acteurs\\\/\",\"name\":\"R\u00e9seau Vrac & R\u00e9emploi : accompagner le changement et cr\u00e9er du lien entre tous les acteurs. - Altavia\",\"isPartOf\":{\"@id\":\"https:\\\/\\\/altavia-group.com\\\/#website\"},\"primaryImageOfPage\":{\"@id\":\"https:\\\/\\\/altavia-group.com\\\/fr\\\/news\\\/reseau-vrac-reemploi-accompagner-le-changement-et-creer-du-lien-entre-tous-les-acteurs\\\/#primaryimage\"},\"image\":{\"@id\":\"https:\\\/\\\/altavia-group.com\\\/fr\\\/news\\\/reseau-vrac-reemploi-accompagner-le-changement-et-creer-du-lien-entre-tous-les-acteurs\\\/#primaryimage\"},\"thumbnailUrl\":\"https:\\\/\\\/altavia-group.com\\\/wp-content\\\/uploads\\\/2026\\\/02\\\/stock-image-283220314-M-1.jpg\",\"datePublished\":\"2024-09-02T15:08:31+00:00\",\"dateModified\":\"2026-02-09T12:19:52+00:00\",\"breadcrumb\":{\"@id\":\"https:\\\/\\\/altavia-group.com\\\/fr\\\/news\\\/reseau-vrac-reemploi-accompagner-le-changement-et-creer-du-lien-entre-tous-les-acteurs\\\/#breadcrumb\"},\"inLanguage\":\"fr-FR\",\"potentialAction\":[{\"@type\":\"ReadAction\",\"target\":[\"https:\\\/\\\/altavia-group.com\\\/fr\\\/news\\\/reseau-vrac-reemploi-accompagner-le-changement-et-creer-du-lien-entre-tous-les-acteurs\\\/\"]}]},{\"@type\":\"ImageObject\",\"inLanguage\":\"fr-FR\",\"@id\":\"https:\\\/\\\/altavia-group.com\\\/fr\\\/news\\\/reseau-vrac-reemploi-accompagner-le-changement-et-creer-du-lien-entre-tous-les-acteurs\\\/#primaryimage\",\"url\":\"https:\\\/\\\/altavia-group.com\\\/wp-content\\\/uploads\\\/2026\\\/02\\\/stock-image-283220314-M-1.jpg\",\"contentUrl\":\"https:\\\/\\\/altavia-group.com\\\/wp-content\\\/uploads\\\/2026\\\/02\\\/stock-image-283220314-M-1.jpg\"},{\"@type\":\"BreadcrumbList\",\"@id\":\"https:\\\/\\\/altavia-group.com\\\/fr\\\/news\\\/reseau-vrac-reemploi-accompagner-le-changement-et-creer-du-lien-entre-tous-les-acteurs\\\/#breadcrumb\",\"itemListElement\":[{\"@type\":\"ListItem\",\"position\":1,\"name\":\"Home\",\"item\":\"https:\\\/\\\/altavia-group.com\\\/fr\\\/\"},{\"@type\":\"ListItem\",\"position\":2,\"name\":\"News\",\"item\":\"https:\\\/\\\/altavia-group.com\\\/fr\\\/news\\\/\"},{\"@type\":\"ListItem\",\"position\":3,\"name\":\"R\u00e9seau Vrac &#038; R\u00e9emploi : accompagner le changement et cr\u00e9er du lien entre tous les acteurs.\"}]},{\"@type\":\"WebSite\",\"@id\":\"https:\\\/\\\/altavia-group.com\\\/#website\",\"url\":\"https:\\\/\\\/altavia-group.com\\\/\",\"name\":\"Altavia\",\"description\":\"Let\u2019s unlock our imagination.\",\"publisher\":{\"@id\":\"https:\\\/\\\/altavia-group.com\\\/#organization\"},\"potentialAction\":[{\"@type\":\"SearchAction\",\"target\":{\"@type\":\"EntryPoint\",\"urlTemplate\":\"https:\\\/\\\/altavia-group.com\\\/?s={search_term_string}\"},\"query-input\":{\"@type\":\"PropertyValueSpecification\",\"valueRequired\":true,\"valueName\":\"search_term_string\"}}],\"inLanguage\":\"fr-FR\"},{\"@type\":\"Organization\",\"@id\":\"https:\\\/\\\/altavia-group.com\\\/#organization\",\"name\":\"Altavia\",\"url\":\"https:\\\/\\\/altavia-group.com\\\/\",\"logo\":{\"@type\":\"ImageObject\",\"inLanguage\":\"fr-FR\",\"@id\":\"https:\\\/\\\/altavia-group.com\\\/#\\\/schema\\\/logo\\\/image\\\/\",\"url\":\"http:\\\/\\\/altavia-group.com\\\/wp-content\\\/uploads\\\/2024\\\/12\\\/cropped-favicon-altavia.png\",\"contentUrl\":\"http:\\\/\\\/altavia-group.com\\\/wp-content\\\/uploads\\\/2024\\\/12\\\/cropped-favicon-altavia.png\",\"width\":512,\"height\":512,\"caption\":\"Altavia\"},\"image\":{\"@id\":\"https:\\\/\\\/altavia-group.com\\\/#\\\/schema\\\/logo\\\/image\\\/\"}}]}<\/script>\n<!-- \/ Yoast SEO plugin. -->","yoast_head_json":{"title":"R\u00e9seau Vrac & R\u00e9emploi : accompagner le changement et cr\u00e9er du lien entre tous les acteurs. - Altavia","robots":{"index":"index","follow":"follow","max-snippet":"max-snippet:-1","max-image-preview":"max-image-preview:large","max-video-preview":"max-video-preview:-1"},"og_locale":"fr_FR","og_type":"article","og_title":"R\u00e9seau Vrac & R\u00e9emploi : accompagner le changement et cr\u00e9er du lien entre tous les acteurs. - Altavia","og_description":"R\u00e9seau Vrac et R\u00e9emploi est l\u2019unique r\u00e9seau national des entreprises du r\u00e9emploi des emballages et de la consommation vrac.","og_url":"https:\/\/altavia-group.com\/fr\/news\/reseau-vrac-reemploi-accompagner-le-changement-et-creer-du-lien-entre-tous-les-acteurs\/","og_site_name":"Altavia","article_modified_time":"2026-02-09T12:19:52+00:00","og_image":[{"url":"https:\/\/altavia-group.com\/wp-content\/uploads\/2026\/02\/stock-image-283220314-M-1.jpg","width":1,"height":1,"type":"image\/jpeg"}],"twitter_card":"summary_large_image","twitter_misc":{"Est. reading time":"3 minutes"},"schema":{"@context":"https:\/\/schema.org","@graph":[{"@type":"WebPage","@id":"https:\/\/altavia-group.com\/fr\/news\/reseau-vrac-reemploi-accompagner-le-changement-et-creer-du-lien-entre-tous-les-acteurs\/","url":"https:\/\/altavia-group.com\/fr\/news\/reseau-vrac-reemploi-accompagner-le-changement-et-creer-du-lien-entre-tous-les-acteurs\/","name":"R\u00e9seau Vrac & R\u00e9emploi : accompagner le changement et cr\u00e9er du lien entre tous les acteurs. - Altavia","isPartOf":{"@id":"https:\/\/altavia-group.com\/#website"},"primaryImageOfPage":{"@id":"https:\/\/altavia-group.com\/fr\/news\/reseau-vrac-reemploi-accompagner-le-changement-et-creer-du-lien-entre-tous-les-acteurs\/#primaryimage"},"image":{"@id":"https:\/\/altavia-group.com\/fr\/news\/reseau-vrac-reemploi-accompagner-le-changement-et-creer-du-lien-entre-tous-les-acteurs\/#primaryimage"},"thumbnailUrl":"https:\/\/altavia-group.com\/wp-content\/uploads\/2026\/02\/stock-image-283220314-M-1.jpg","datePublished":"2024-09-02T15:08:31+00:00","dateModified":"2026-02-09T12:19:52+00:00","breadcrumb":{"@id":"https:\/\/altavia-group.com\/fr\/news\/reseau-vrac-reemploi-accompagner-le-changement-et-creer-du-lien-entre-tous-les-acteurs\/#breadcrumb"},"inLanguage":"fr-FR","potentialAction":[{"@type":"ReadAction","target":["https:\/\/altavia-group.com\/fr\/news\/reseau-vrac-reemploi-accompagner-le-changement-et-creer-du-lien-entre-tous-les-acteurs\/"]}]},{"@type":"ImageObject","inLanguage":"fr-FR","@id":"https:\/\/altavia-group.com\/fr\/news\/reseau-vrac-reemploi-accompagner-le-changement-et-creer-du-lien-entre-tous-les-acteurs\/#primaryimage","url":"https:\/\/altavia-group.com\/wp-content\/uploads\/2026\/02\/stock-image-283220314-M-1.jpg","contentUrl":"https:\/\/altavia-group.com\/wp-content\/uploads\/2026\/02\/stock-image-283220314-M-1.jpg"},{"@type":"BreadcrumbList","@id":"https:\/\/altavia-group.com\/fr\/news\/reseau-vrac-reemploi-accompagner-le-changement-et-creer-du-lien-entre-tous-les-acteurs\/#breadcrumb","itemListElement":[{"@type":"ListItem","position":1,"name":"Home","item":"https:\/\/altavia-group.com\/fr\/"},{"@type":"ListItem","position":2,"name":"News","item":"https:\/\/altavia-group.com\/fr\/news\/"},{"@type":"ListItem","position":3,"name":"R\u00e9seau Vrac &#038; R\u00e9emploi : accompagner le changement et cr\u00e9er du lien entre tous les acteurs."}]},{"@type":"WebSite","@id":"https:\/\/altavia-group.com\/#website","url":"https:\/\/altavia-group.com\/","name":"Altavia","description":"Let\u2019s unlock our imagination.","publisher":{"@id":"https:\/\/altavia-group.com\/#organization"},"potentialAction":[{"@type":"SearchAction","target":{"@type":"EntryPoint","urlTemplate":"https:\/\/altavia-group.com\/?s={search_term_string}"},"query-input":{"@type":"PropertyValueSpecification","valueRequired":true,"valueName":"search_term_string"}}],"inLanguage":"fr-FR"},{"@type":"Organization","@id":"https:\/\/altavia-group.com\/#organization","name":"Altavia","url":"https:\/\/altavia-group.com\/","logo":{"@type":"ImageObject","inLanguage":"fr-FR","@id":"https:\/\/altavia-group.com\/#\/schema\/logo\/image\/","url":"http:\/\/altavia-group.com\/wp-content\/uploads\/2024\/12\/cropped-favicon-altavia.png","contentUrl":"http:\/\/altavia-group.com\/wp-content\/uploads\/2024\/12\/cropped-favicon-altavia.png","width":512,"height":512,"caption":"Altavia"},"image":{"@id":"https:\/\/altavia-group.com\/#\/schema\/logo\/image\/"}}]}},"_links":{"self":[{"href":"https:\/\/altavia-group.com\/fr\/wp-json\/wp\/v2\/news\/7983","targetHints":{"allow":["GET"]}}],"collection":[{"href":"https:\/\/altavia-group.com\/fr\/wp-json\/wp\/v2\/news"}],"about":[{"href":"https:\/\/altavia-group.com\/fr\/wp-json\/wp\/v2\/types\/news"}],"author":[{"embeddable":true,"href":"https:\/\/altavia-group.com\/fr\/wp-json\/wp\/v2\/users\/17"}],"replies":[{"embeddable":true,"href":"https:\/\/altavia-group.com\/fr\/wp-json\/wp\/v2\/comments?post=7983"}],"version-history":[{"count":0,"href":"https:\/\/altavia-group.com\/fr\/wp-json\/wp\/v2\/news\/7983\/revisions"}],"wp:featuredmedia":[{"embeddable":true,"href":"https:\/\/altavia-group.com\/fr\/wp-json\/wp\/v2\/media\/7984"}],"wp:attachment":[{"href":"https:\/\/altavia-group.com\/fr\/wp-json\/wp\/v2\/media?parent=7983"}],"wp:term":[{"taxonomy":"category","embeddable":true,"href":"https:\/\/altavia-group.com\/fr\/wp-json\/wp\/v2\/categories?post=7983"},{"taxonomy":"post_tag","embeddable":true,"href":"https:\/\/altavia-group.com\/fr\/wp-json\/wp\/v2\/tags?post=7983"},{"taxonomy":"news-type-taxonomy","embeddable":true,"href":"https:\/\/altavia-group.com\/fr\/wp-json\/wp\/v2\/news-type-taxonomy?post=7983"},{"taxonomy":"news-topic-taxonomy","embeddable":true,"href":"https:\/\/altavia-group.com\/fr\/wp-json\/wp\/v2\/news-topic-taxonomy?post=7983"}],"curies":[{"name":"wp","href":"https:\/\/api.w.org\/{rel}","templated":true}]}}