{"id":7987,"date":"2024-09-02T17:12:07","date_gmt":"2024-09-02T15:12:07","guid":{"rendered":"https:\/\/altaviagroudev.wpenginepowered.com\/news\/la-boutique-jean-chapel-a-senas-elue-meilleur-commerce-independant-de-france\/"},"modified":"2026-02-09T13:19:53","modified_gmt":"2026-02-09T12:19:53","slug":"la-boutique-jean-chapel-a-senas-elue-meilleur-commerce-independant-de-france","status":"publish","type":"news","link":"https:\/\/altavia-group.com\/fr\/news\/la-boutique-jean-chapel-a-senas-elue-meilleur-commerce-independant-de-france\/","title":{"rendered":"La boutique Jean Chapel \u00e0 S\u00e9nas, \u00e9lue Meilleur commerce ind\u00e9pendant de France."},"content":{"rendered":"<section class=\"wpb-content-wrapper\"><p>[vc_row css=\u00a0\u00bb.vc_custom_1519392503248{padding-top: 18px !important;}\u00a0\u00bb][vc_column]<div class=\"edgtf-single-image-holder   \">\n    <div class=\"edgtf-si-inner\" >\n                                    <img decoding=\"async\" src=\"https:\/\/altavia-group.com\/wp-content\/uploads\/2026\/02\/1720771023486-1.jpeg\" class=\"attachment-full size-full\" alt=\"\" \/>                        <\/div>\n<\/div>[vc_empty_space height=\u00a0\u00bb54px\u00a0\u00bb][\/vc_column][\/vc_row][vc_row][vc_column][vc_column_text]<\/p>\n<h4><span class=\"edgtf-dropcaps edgtf-normal\" style=\"color: #1b1c21\">L<\/span><b>a deuxi\u00e8me \u00e9dition du \u00ab Meilleur commerce ind\u00e9pendant de France \u00bb a d\u00e9cern\u00e9 le premier prix \u00e0 la boutique <\/b><span style=\"color: #778080;\"><a style=\"color: #778080;\" href=\"https:\/\/www.jeanchapel.com\/\"><b>Jean Chapel<\/b><\/a><\/span><b> situ\u00e9e \u00e0 S\u00e9nas dans les Bouches-du-Rh\u00f4ne.<\/b><\/h4>\n<h4><\/h4>\n<p><span style=\"font-weight: 400;\">Le 11 juillet 2024, au terme d'un match tr\u00e8s serr\u00e9, le nom du grand gagnant a \u00e9t\u00e9 annonc\u00e9\u00a0: le concept store de 500m<\/span><span style=\"font-weight: 400;\">2<\/span><span style=\"font-weight: 400;\">, fripe &#038; vintage US, Jeannerie, western lifestyle Jean Chapel a convaincu le jury avec une histoire qui trouve son origine en 1906\u00a0! Son offre de seconde main, son engagement local et <\/span><span style=\"font-weight: 400;\">sa boutique install\u00e9e dans l&rsquo;ancienne usine familiale<\/span> <span style=\"font-weight: 400;\">dans le centre-ville ont s\u00e9duit les membres du jury. <\/span><span style=\"font-weight: 400;\">\u00ab\u00a0<\/span><i><span style=\"font-weight: 400;\">Un petit commerce qui coche toutes les cases<\/span><\/i><span style=\"font-weight: 400;\">\u00a0!\u00a0\u00bb a d\u00e9clar\u00e9 Jonathan Chelet.<\/span><\/p>\n<p><span style=\"font-weight: 400;\">\u00ab\u00a0Pietro Chapel et sa femme, un couple d&rsquo;Italiens venant du Val Varaita (dans le Pi\u00e9mont), d\u00e9barquent dans la commune de S\u00e9nas, une vingtaine de kilom\u00e8tres au sud d&rsquo;Avignon, pour y trouver du travail. Comme il est de coutume \u00e0 l&rsquo;\u00e9poque, pour une meilleure int\u00e9gration, Pietro francise son nom en \u00ab\u00a0Pierre\u00a0\u00bb Chapel. Rapidement, monsieur et madame se lancent dans le tissu. La plus ancienne trace concernant cette activit\u00e9 est une facture datant d&rsquo;octobre 1906, qui confirme que les Chapel vendaient toutes sortes de v\u00eatements (gilets, pantalons, vareuses, etc..) et de tissus (draperies, velours, coutils&#8230;). Leur travail s&rsquo;effectue alors dans un petit atelier \u00e0 domicile, ce sont les pr\u00e9mices de la confection\u00a0\u00bb peut-on lire sur le site.<\/span><\/p>\n<h4><\/h4>\n<p><span style=\"font-weight: 400;\">Aujourd&rsquo;hui, la Maison Chapel est donc dirig\u00e9e par Olivier Nalin Chapel, quatri\u00e8me g\u00e9n\u00e9ration, et arri\u00e8re-petit-fils de Pierre Chapel, le p\u00e8re fondateur. \u00ab\u00a0Une lign\u00e9e, et pr\u00e8s de 120 ans d&rsquo;histoire ont donn\u00e9 envie \u00e0 Olivier Nalin de redonner vie \u00e0 une collection baptis\u00e9e \u00ab\u00a0Maison Chapel\u00a0\u00bb! La marque est totalement fabriqu\u00e9e en France, engag\u00e9e, mais aussi respectueuse de l&rsquo;humain et de l&rsquo;environnement des valeurs ch\u00e8res \u00e0 la famille Chapel\u00a0\u00bb.<\/span><\/p>\n<h4><\/h4>\n<p><span style=\"font-weight: 400;\">Cinq crit\u00e8res de s\u00e9lection ont permis au jury de d\u00e9signer le Meilleur commerce ind\u00e9pendant de France parmi les laur\u00e9ats r\u00e9gionaux : l'histoire du commerce, la qualit\u00e9 de l'offre et de l'exp\u00e9rience client, la capacit\u00e9 \u00e0 communiquer localement et \u00e0 se d\u00e9velopper, et leur engagement responsable.<\/span><\/p>\n<p><span style=\"font-weight: 400;\">En tant que grand gagnant du concours, la boutique Jean Chapel remporte un portrait digital sur petitscommerces.fr d'une valeur de 720 euros qui lui permettra d'am\u00e9liorer son r\u00e9f\u00e9rencement et de booster sa visibilit\u00e9 sur le long terme ainsi qu'une campagne m\u00e9dia sur les r\u00e9seaux sociaux d'une valeur de 3 000 euros !<\/span><\/p>\n<h4><\/h4>\n<p><span style=\"font-weight: 400;\">La 2<\/span><span style=\"font-weight: 400;\">\u00e8me <\/span><span style=\"font-weight: 400;\">\u00e9dition du Meilleur commerce ind\u00e9pendant de France \u00e9tait organis\u00e9e par Petits Commerces, en partenariat avec MAIF, Cartes Bancaires CB et Groupe RETIF.<\/span><\/p>\n<h4><\/h4>\n<p><b>Sally BERNARD, membre du jury<\/b><\/p>\n<p><b>Cheffe de projet Communication &#038; M\u00e9c\u00e9nat Altavia Foundation<\/b><\/p>\n<p><i><span style=\"font-weight: 400;\">\u00ab\u00a0En tant que membre du jury du concours Meilleur commerce ind\u00e9pendant de France 2024, ce fut une exp\u00e9rience enrichissante et inspirante. J'ai eu l'honneur de d\u00e9couvrir des commerces passionn\u00e9s, innovants et profond\u00e9ment ancr\u00e9s dans leurs communaut\u00e9s locales. Les histoires derri\u00e8re chaque commerce, leur capacit\u00e9 \u00e0 innover et \u00e0 mobiliser leur entourage ont \u00e9t\u00e9 particuli\u00e8rement touchantes.<\/span><\/i><\/p>\n<p><i><span style=\"font-weight: 400;\">Le niveau d&rsquo;engagement et de cr\u00e9ativit\u00e9 observ\u00e9 parmi les finalistes a \u00e9t\u00e9 impressionnant. Chaque commerce apportait sa touche unique, contribuant \u00e0 la vitalit\u00e9 de nos centres-villes.<\/span><\/i><\/p>\n<p><i><span style=\"font-weight: 400;\">F\u00e9licitations \u00e0 la boutique Jean Chapel \u00e0 S\u00e9nas pour avoir remport\u00e9 le titre de Meilleur commerce ind\u00e9pendant de France 2024 ! Leur histoire, d\u00e9but\u00e9e en 1906, et leur engagement envers la seconde main et la fabrication locale avec la marque Maison Chapel, ont su captiver et convaincre le jury. Olivier Nalin Chapel et son \u00e9quipe incarnent parfaitement l&rsquo;esprit d&rsquo;innovation et de tradition qui font la richesse de nos commerces de proximit\u00e9. Leur passion et leur d\u00e9vouement sont des exemples inspirants pour tous. Bravo \u00e0 eux pour cette belle r\u00e9ussite !<\/span><\/i><\/p>\n<p><i><span style=\"font-weight: 400;\">Je suis fi\u00e8re d'avoir particip\u00e9 \u00e0 ce concours qui met en lumi\u00e8re l&rsquo;importance et la richesse des commerces de proximit\u00e9. Voir l'impact positif que ce concours a eu sur les commer\u00e7ants et leurs communaut\u00e9s est extr\u00eamement gratifiant. Bravo \u00e0 tous les participants pour leur travail exceptionnel et merci \u00e0 Petitscommerces pour cette initiative inspirante\u00a0\u00bb<\/span><\/i>[\/vc_column_text][vc_empty_space height=\u00a0\u00bb54px\u00a0\u00bb][\/vc_column][\/vc_row]<\/p>\n<\/section>","protected":false},"excerpt":{"rendered":"<p>La deuxi\u00e8me \u00e9dition du \u00ab Meilleur commerce ind\u00e9pendant de France \u00bb a d\u00e9cern\u00e9 le premier prix \u00e0 la boutique Jean Chapel situ\u00e9e \u00e0 S\u00e9nas dans les Bouches-du-Rh\u00f4ne.<\/p>\n","protected":false},"author":17,"featured_media":7988,"menu_order":0,"comment_status":"closed","ping_status":"closed","template":"","meta":{"_acf_changed":false,"color_menu":"","footer_color_background":"","featured_image_url":"","footnotes":""},"categories":[284],"tags":[],"news-type-taxonomy":[],"news-topic-taxonomy":[],"class_list":["post-7987","news","type-news","status-publish","has-post-thumbnail","hentry","category-paroles-de-commercants"],"acf":[],"yoast_head":"<!-- This site is optimized with the Yoast SEO plugin v27.5 - https:\/\/yoast.com\/product\/yoast-seo-wordpress\/ -->\n<title>La boutique Jean Chapel \u00e0 S\u00e9nas, \u00e9lue Meilleur commerce ind\u00e9pendant de France. - Altavia<\/title>\n<meta name=\"robots\" content=\"index, follow, max-snippet:-1, max-image-preview:large, max-video-preview:-1\" \/>\n<meta property=\"og:locale\" content=\"fr_FR\" \/>\n<meta property=\"og:type\" content=\"article\" \/>\n<meta property=\"og:title\" content=\"La boutique Jean Chapel \u00e0 S\u00e9nas, \u00e9lue Meilleur commerce ind\u00e9pendant de France. - Altavia\" \/>\n<meta property=\"og:description\" content=\"La deuxi\u00e8me \u00e9dition du \u00ab Meilleur commerce ind\u00e9pendant de France \u00bb a d\u00e9cern\u00e9 le premier prix \u00e0 la boutique Jean Chapel situ\u00e9e \u00e0 S\u00e9nas dans les Bouches-du-Rh\u00f4ne.\" \/>\n<meta property=\"og:url\" content=\"https:\/\/altavia-group.com\/fr\/news\/la-boutique-jean-chapel-a-senas-elue-meilleur-commerce-independant-de-france\/\" \/>\n<meta property=\"og:site_name\" content=\"Altavia\" \/>\n<meta property=\"article:modified_time\" content=\"2026-02-09T12:19:53+00:00\" \/>\n<meta property=\"og:image\" content=\"https:\/\/altavia-group.com\/wp-content\/uploads\/2026\/02\/1720771023486-1.jpeg\" \/>\n\t<meta property=\"og:image:width\" content=\"1\" \/>\n\t<meta property=\"og:image:height\" content=\"1\" \/>\n\t<meta property=\"og:image:type\" content=\"image\/jpeg\" \/>\n<meta name=\"twitter:card\" content=\"summary_large_image\" \/>\n<meta name=\"twitter:label1\" content=\"Est. reading time\" \/>\n\t<meta name=\"twitter:data1\" content=\"4 minutes\" \/>\n<script type=\"application\/ld+json\" class=\"yoast-schema-graph\">{\"@context\":\"https:\\\/\\\/schema.org\",\"@graph\":[{\"@type\":\"WebPage\",\"@id\":\"https:\\\/\\\/altavia-group.com\\\/fr\\\/news\\\/la-boutique-jean-chapel-a-senas-elue-meilleur-commerce-independant-de-france\\\/\",\"url\":\"https:\\\/\\\/altavia-group.com\\\/fr\\\/news\\\/la-boutique-jean-chapel-a-senas-elue-meilleur-commerce-independant-de-france\\\/\",\"name\":\"La boutique Jean Chapel \u00e0 S\u00e9nas, \u00e9lue Meilleur commerce ind\u00e9pendant de France. - Altavia\",\"isPartOf\":{\"@id\":\"https:\\\/\\\/altavia-group.com\\\/#website\"},\"primaryImageOfPage\":{\"@id\":\"https:\\\/\\\/altavia-group.com\\\/fr\\\/news\\\/la-boutique-jean-chapel-a-senas-elue-meilleur-commerce-independant-de-france\\\/#primaryimage\"},\"image\":{\"@id\":\"https:\\\/\\\/altavia-group.com\\\/fr\\\/news\\\/la-boutique-jean-chapel-a-senas-elue-meilleur-commerce-independant-de-france\\\/#primaryimage\"},\"thumbnailUrl\":\"https:\\\/\\\/altavia-group.com\\\/wp-content\\\/uploads\\\/2026\\\/02\\\/1720771023486-1.jpeg\",\"datePublished\":\"2024-09-02T15:12:07+00:00\",\"dateModified\":\"2026-02-09T12:19:53+00:00\",\"breadcrumb\":{\"@id\":\"https:\\\/\\\/altavia-group.com\\\/fr\\\/news\\\/la-boutique-jean-chapel-a-senas-elue-meilleur-commerce-independant-de-france\\\/#breadcrumb\"},\"inLanguage\":\"fr-FR\",\"potentialAction\":[{\"@type\":\"ReadAction\",\"target\":[\"https:\\\/\\\/altavia-group.com\\\/fr\\\/news\\\/la-boutique-jean-chapel-a-senas-elue-meilleur-commerce-independant-de-france\\\/\"]}]},{\"@type\":\"ImageObject\",\"inLanguage\":\"fr-FR\",\"@id\":\"https:\\\/\\\/altavia-group.com\\\/fr\\\/news\\\/la-boutique-jean-chapel-a-senas-elue-meilleur-commerce-independant-de-france\\\/#primaryimage\",\"url\":\"https:\\\/\\\/altavia-group.com\\\/wp-content\\\/uploads\\\/2026\\\/02\\\/1720771023486-1.jpeg\",\"contentUrl\":\"https:\\\/\\\/altavia-group.com\\\/wp-content\\\/uploads\\\/2026\\\/02\\\/1720771023486-1.jpeg\"},{\"@type\":\"BreadcrumbList\",\"@id\":\"https:\\\/\\\/altavia-group.com\\\/fr\\\/news\\\/la-boutique-jean-chapel-a-senas-elue-meilleur-commerce-independant-de-france\\\/#breadcrumb\",\"itemListElement\":[{\"@type\":\"ListItem\",\"position\":1,\"name\":\"Home\",\"item\":\"https:\\\/\\\/altavia-group.com\\\/fr\\\/\"},{\"@type\":\"ListItem\",\"position\":2,\"name\":\"News\",\"item\":\"https:\\\/\\\/altavia-group.com\\\/fr\\\/news\\\/\"},{\"@type\":\"ListItem\",\"position\":3,\"name\":\"La boutique Jean Chapel \u00e0 S\u00e9nas, \u00e9lue Meilleur commerce ind\u00e9pendant de France.\"}]},{\"@type\":\"WebSite\",\"@id\":\"https:\\\/\\\/altavia-group.com\\\/#website\",\"url\":\"https:\\\/\\\/altavia-group.com\\\/\",\"name\":\"Altavia\",\"description\":\"Let\u2019s unlock our imagination.\",\"publisher\":{\"@id\":\"https:\\\/\\\/altavia-group.com\\\/#organization\"},\"potentialAction\":[{\"@type\":\"SearchAction\",\"target\":{\"@type\":\"EntryPoint\",\"urlTemplate\":\"https:\\\/\\\/altavia-group.com\\\/?s={search_term_string}\"},\"query-input\":{\"@type\":\"PropertyValueSpecification\",\"valueRequired\":true,\"valueName\":\"search_term_string\"}}],\"inLanguage\":\"fr-FR\"},{\"@type\":\"Organization\",\"@id\":\"https:\\\/\\\/altavia-group.com\\\/#organization\",\"name\":\"Altavia\",\"url\":\"https:\\\/\\\/altavia-group.com\\\/\",\"logo\":{\"@type\":\"ImageObject\",\"inLanguage\":\"fr-FR\",\"@id\":\"https:\\\/\\\/altavia-group.com\\\/#\\\/schema\\\/logo\\\/image\\\/\",\"url\":\"http:\\\/\\\/altavia-group.com\\\/wp-content\\\/uploads\\\/2024\\\/12\\\/cropped-favicon-altavia.png\",\"contentUrl\":\"http:\\\/\\\/altavia-group.com\\\/wp-content\\\/uploads\\\/2024\\\/12\\\/cropped-favicon-altavia.png\",\"width\":512,\"height\":512,\"caption\":\"Altavia\"},\"image\":{\"@id\":\"https:\\\/\\\/altavia-group.com\\\/#\\\/schema\\\/logo\\\/image\\\/\"}}]}<\/script>\n<!-- \/ Yoast SEO plugin. -->","yoast_head_json":{"title":"La boutique Jean Chapel \u00e0 S\u00e9nas, \u00e9lue Meilleur commerce ind\u00e9pendant de France. - Altavia","robots":{"index":"index","follow":"follow","max-snippet":"max-snippet:-1","max-image-preview":"max-image-preview:large","max-video-preview":"max-video-preview:-1"},"og_locale":"fr_FR","og_type":"article","og_title":"La boutique Jean Chapel \u00e0 S\u00e9nas, \u00e9lue Meilleur commerce ind\u00e9pendant de France. - Altavia","og_description":"La deuxi\u00e8me \u00e9dition du \u00ab Meilleur commerce ind\u00e9pendant de France \u00bb a d\u00e9cern\u00e9 le premier prix \u00e0 la boutique Jean Chapel situ\u00e9e \u00e0 S\u00e9nas dans les Bouches-du-Rh\u00f4ne.","og_url":"https:\/\/altavia-group.com\/fr\/news\/la-boutique-jean-chapel-a-senas-elue-meilleur-commerce-independant-de-france\/","og_site_name":"Altavia","article_modified_time":"2026-02-09T12:19:53+00:00","og_image":[{"url":"https:\/\/altavia-group.com\/wp-content\/uploads\/2026\/02\/1720771023486-1.jpeg","width":1,"height":1,"type":"image\/jpeg"}],"twitter_card":"summary_large_image","twitter_misc":{"Est. reading time":"4 minutes"},"schema":{"@context":"https:\/\/schema.org","@graph":[{"@type":"WebPage","@id":"https:\/\/altavia-group.com\/fr\/news\/la-boutique-jean-chapel-a-senas-elue-meilleur-commerce-independant-de-france\/","url":"https:\/\/altavia-group.com\/fr\/news\/la-boutique-jean-chapel-a-senas-elue-meilleur-commerce-independant-de-france\/","name":"La boutique Jean Chapel \u00e0 S\u00e9nas, \u00e9lue Meilleur commerce ind\u00e9pendant de France. - Altavia","isPartOf":{"@id":"https:\/\/altavia-group.com\/#website"},"primaryImageOfPage":{"@id":"https:\/\/altavia-group.com\/fr\/news\/la-boutique-jean-chapel-a-senas-elue-meilleur-commerce-independant-de-france\/#primaryimage"},"image":{"@id":"https:\/\/altavia-group.com\/fr\/news\/la-boutique-jean-chapel-a-senas-elue-meilleur-commerce-independant-de-france\/#primaryimage"},"thumbnailUrl":"https:\/\/altavia-group.com\/wp-content\/uploads\/2026\/02\/1720771023486-1.jpeg","datePublished":"2024-09-02T15:12:07+00:00","dateModified":"2026-02-09T12:19:53+00:00","breadcrumb":{"@id":"https:\/\/altavia-group.com\/fr\/news\/la-boutique-jean-chapel-a-senas-elue-meilleur-commerce-independant-de-france\/#breadcrumb"},"inLanguage":"fr-FR","potentialAction":[{"@type":"ReadAction","target":["https:\/\/altavia-group.com\/fr\/news\/la-boutique-jean-chapel-a-senas-elue-meilleur-commerce-independant-de-france\/"]}]},{"@type":"ImageObject","inLanguage":"fr-FR","@id":"https:\/\/altavia-group.com\/fr\/news\/la-boutique-jean-chapel-a-senas-elue-meilleur-commerce-independant-de-france\/#primaryimage","url":"https:\/\/altavia-group.com\/wp-content\/uploads\/2026\/02\/1720771023486-1.jpeg","contentUrl":"https:\/\/altavia-group.com\/wp-content\/uploads\/2026\/02\/1720771023486-1.jpeg"},{"@type":"BreadcrumbList","@id":"https:\/\/altavia-group.com\/fr\/news\/la-boutique-jean-chapel-a-senas-elue-meilleur-commerce-independant-de-france\/#breadcrumb","itemListElement":[{"@type":"ListItem","position":1,"name":"Home","item":"https:\/\/altavia-group.com\/fr\/"},{"@type":"ListItem","position":2,"name":"News","item":"https:\/\/altavia-group.com\/fr\/news\/"},{"@type":"ListItem","position":3,"name":"La boutique Jean Chapel \u00e0 S\u00e9nas, \u00e9lue Meilleur commerce ind\u00e9pendant de France."}]},{"@type":"WebSite","@id":"https:\/\/altavia-group.com\/#website","url":"https:\/\/altavia-group.com\/","name":"Altavia","description":"Let\u2019s unlock our imagination.","publisher":{"@id":"https:\/\/altavia-group.com\/#organization"},"potentialAction":[{"@type":"SearchAction","target":{"@type":"EntryPoint","urlTemplate":"https:\/\/altavia-group.com\/?s={search_term_string}"},"query-input":{"@type":"PropertyValueSpecification","valueRequired":true,"valueName":"search_term_string"}}],"inLanguage":"fr-FR"},{"@type":"Organization","@id":"https:\/\/altavia-group.com\/#organization","name":"Altavia","url":"https:\/\/altavia-group.com\/","logo":{"@type":"ImageObject","inLanguage":"fr-FR","@id":"https:\/\/altavia-group.com\/#\/schema\/logo\/image\/","url":"http:\/\/altavia-group.com\/wp-content\/uploads\/2024\/12\/cropped-favicon-altavia.png","contentUrl":"http:\/\/altavia-group.com\/wp-content\/uploads\/2024\/12\/cropped-favicon-altavia.png","width":512,"height":512,"caption":"Altavia"},"image":{"@id":"https:\/\/altavia-group.com\/#\/schema\/logo\/image\/"}}]}},"_links":{"self":[{"href":"https:\/\/altavia-group.com\/fr\/wp-json\/wp\/v2\/news\/7987","targetHints":{"allow":["GET"]}}],"collection":[{"href":"https:\/\/altavia-group.com\/fr\/wp-json\/wp\/v2\/news"}],"about":[{"href":"https:\/\/altavia-group.com\/fr\/wp-json\/wp\/v2\/types\/news"}],"author":[{"embeddable":true,"href":"https:\/\/altavia-group.com\/fr\/wp-json\/wp\/v2\/users\/17"}],"replies":[{"embeddable":true,"href":"https:\/\/altavia-group.com\/fr\/wp-json\/wp\/v2\/comments?post=7987"}],"version-history":[{"count":0,"href":"https:\/\/altavia-group.com\/fr\/wp-json\/wp\/v2\/news\/7987\/revisions"}],"wp:featuredmedia":[{"embeddable":true,"href":"https:\/\/altavia-group.com\/fr\/wp-json\/wp\/v2\/media\/7988"}],"wp:attachment":[{"href":"https:\/\/altavia-group.com\/fr\/wp-json\/wp\/v2\/media?parent=7987"}],"wp:term":[{"taxonomy":"category","embeddable":true,"href":"https:\/\/altavia-group.com\/fr\/wp-json\/wp\/v2\/categories?post=7987"},{"taxonomy":"post_tag","embeddable":true,"href":"https:\/\/altavia-group.com\/fr\/wp-json\/wp\/v2\/tags?post=7987"},{"taxonomy":"news-type-taxonomy","embeddable":true,"href":"https:\/\/altavia-group.com\/fr\/wp-json\/wp\/v2\/news-type-taxonomy?post=7987"},{"taxonomy":"news-topic-taxonomy","embeddable":true,"href":"https:\/\/altavia-group.com\/fr\/wp-json\/wp\/v2\/news-topic-taxonomy?post=7987"}],"curies":[{"name":"wp","href":"https:\/\/api.w.org\/{rel}","templated":true}]}}